{"id":406906,"date":"2026-03-12T04:00:00","date_gmt":"2026-03-12T07:00:00","guid":{"rendered":"https:\/\/portaltela.pt\/noticias\/2026\/03\/12\/cubanos-protestam-contra-apagoes-com-caceroladas-nas-varandas\/"},"modified":"2026-03-12T04:00:00","modified_gmt":"2026-03-12T07:00:00","slug":"cubanos-protestam-contra-apagoes-com-caceroladas-nas-varandas","status":"publish","type":"post","link":"https:\/\/portaltela.pt\/noticias\/politica\/2026\/03\/12\/cubanos-protestam-contra-apagoes-com-caceroladas-nas-varandas\/","title":{"rendered":"Cubanos protestam contra apag\u00f5es com caceroladas nas varandas"},"content":{"rendered":"<p>Havana, Cuba \u2013 H\u00e1 cinco noites consecutivas que os habitantes se fazem ouvir com protestos e caceroladas nas portas e varandas, contra a crise energ\u00e9tica que afeta o funcionamento quotidiano. As queixas centram-se na dura\u00e7\u00e3o das falhas de energia.<\/p>\n<p>Moradores dos bairros da capital participam de a\u00e7\u00f5es pac\u00edficas, sinalizando descontentamento com o servi\u00e7o p\u00fablico. Em alguns bairros, as a\u00e7\u00f5es t\u00eam sido di\u00e1rias, com as fam\u00edlias a exigir solu\u00e7\u00f5es r\u00e1pidas para a interrup\u00e7\u00e3o do fornecimento.<\/p>\n<p>Os protestos contam com a participa\u00e7\u00e3o de estudantes da Universidade de Havana, que se juntam \u00e0s a\u00e7\u00f5es de rua para reivindicar melhorias no acesso \u00e0 energia e \u00e0 internet, ambas severamente limitadas pela atual crise.<\/p>\n<p>A\u00e7\u00f5es de rua ocorrem num contexto em que a falta de energia impede atividades de trabalho, estudo e conserva\u00e7\u00e3o de alimentos, afectando sobretudo fam\u00edlias com recursos limitados e institui\u00e7\u00f5es educativas.<\/p>\n<p>Antes de qualquer mudan\u00e7a significativa de tema, os protestos evolu\u00edram para um padr\u00e3o de manifesta\u00e7\u00f5es noturnas, com foco na cr\u00edtica \u00e0 gest\u00e3o da crise energ\u00e9tica e no impacto direto sobre a vida di\u00e1ria.<\/p>\n","protected":false},"excerpt":{"rendered":"<ul>\n<li>H\u00e1 cinco noites consecutivas de protestos em Havana, com caceroladas nas varandas e portas das casas.<\/li>\n<li>Os habitantes denunciam a crise energ\u00e9tica que provoca apag\u00f5es longos, com at\u00e9 15 horas sem energia.<\/li>\n<li>Estudantes universit\u00e1rios tamb\u00e9m participam, reunindo-se na Universidade de Havana para reclamar da falta de energia e de Internet.<\/li>\n<li>As a\u00e7\u00f5es refletem o descontentamento popular com a situa\u00e7\u00e3o que impede trabalhar, estudar e conservar alimentos.<\/li>\n<li>Os protestos ocorrem nos bairros de Havana, evidenciando o aumento da insatisfa\u00e7\u00e3o com a crise energ\u00e9tica.<\/li>\n<\/ul>\n","protected":false},"author":2,"featured_media":406913,"comment_status":"closed","ping_status":"closed","sticky":false,"template":"","format":"standard","meta":{"footnotes":""},"categories":[6912,5],"tags":[2950,6636,174,39,2857],"class_list":["post-406906","post","type-post","status-publish","format-standard","has-post-thumbnail","hentry","category-internacionais","category-politica","tag-apagoes","tag-cuba","tag-energia","tag-internet","tag-protestos"],"yoast_head":"<!-- This site is optimized with the Yoast SEO plugin v27.2 - https:\/\/yoast.com\/product\/yoast-seo-wordpress\/ -->\n<title>Cubanos protestam contra apag\u00f5es com caceroladas nas varandas - Portal Tela Portugal<\/title>\n<meta name=\"robots\" content=\"index, follow, max-snippet:-1, max-image-preview:large, max-video-preview:-1\" \/>\n<meta property=\"og:locale\" content=\"pt_PT\" \/>\n<meta property=\"og:type\" content=\"article\" \/>\n<meta property=\"og:title\" content=\"Cubanos protestam contra apag\u00f5es com caceroladas nas varandas - Portal Tela Portugal\" \/>\n<meta property=\"og:description\" content=\"H\u00e1 cinco noites consecutivas de protestos em Havana, com caceroladas nas varandas e portas das casas. Os habitantes denunciam a crise energ\u00e9tica que provoca apag\u00f5es longos, com at\u00e9 15 horas sem energia. Estudantes universit\u00e1rios tamb\u00e9m participam, reunindo-se na Universidade de Havana para reclamar da falta de energia e de Internet. As a\u00e7\u00f5es refletem o descontentamento popular com a situa\u00e7\u00e3o que impede trabalhar, estudar e conservar alimentos. Os protestos ocorrem nos bairros de Havana, evidenciando o aumento da insatisfa\u00e7\u00e3o com a crise energ\u00e9tica.\" \/>\n<meta property=\"og:url\" content=\"https:\/\/portaltela.pt\/noticias\/2026\/03\/12\/cubanos-protestam-contra-apagoes-com-caceroladas-nas-varandas\/\" \/>\n<meta property=\"og:site_name\" content=\"Portal Tela Portugal\" \/>\n<meta property=\"article:published_time\" content=\"2026-03-12T07:00:00+00:00\" \/>\n<meta name=\"author\" content=\"Telinha\" \/>\n<meta name=\"twitter:card\" content=\"summary_large_image\" \/>\n<meta name=\"twitter:label1\" content=\"Escrito por\" \/>\n\t<meta name=\"twitter:data1\" content=\"Telinha\" \/>\n\t<meta name=\"twitter:label2\" content=\"Tempo estimado de leitura\" \/>\n\t<meta name=\"twitter:data2\" content=\"1 minuto\" \/>\n<script type=\"application\/ld+json\" class=\"yoast-schema-graph\">{\"@context\":\"https:\/\/schema.org\",\"@graph\":[{\"@type\":\"Article\",\"@id\":\"https:\/\/portaltela.pt\/noticias\/2026\/03\/12\/cubanos-protestam-contra-apagoes-com-caceroladas-nas-varandas\/#article\",\"isPartOf\":{\"@id\":\"https:\/\/portaltela.pt\/noticias\/2026\/03\/12\/cubanos-protestam-contra-apagoes-com-caceroladas-nas-varandas\/\"},\"author\":{\"name\":\"Telinha\",\"@id\":\"https:\/\/portaltela.pt\/#\/schema\/person\/c4278d4a6028830caff9ee44b42d32ed\"},\"headline\":\"Cubanos protestam contra apag\u00f5es com caceroladas nas varandas\",\"datePublished\":\"2026-03-12T07:00:00+00:00\",\"mainEntityOfPage\":{\"@id\":\"https:\/\/portaltela.pt\/noticias\/2026\/03\/12\/cubanos-protestam-contra-apagoes-com-caceroladas-nas-varandas\/\"},\"wordCount\":204,\"image\":{\"@id\":\"https:\/\/portaltela.pt\/noticias\/2026\/03\/12\/cubanos-protestam-contra-apagoes-com-caceroladas-nas-varandas\/#primaryimage\"},\"thumbnailUrl\":\"https:\/\/portaltela.pt\/s.01k8rhncp4jt1\/2026\/03\/2073390.jpg\",\"keywords\":[\"apag\u00f5es\",\"Cuba\",\"energia\",\"internet\",\"protestos\"],\"articleSection\":[\"Internacionais\",\"Pol\u00edtica\"],\"inLanguage\":\"pt-PT\"},{\"@type\":\"WebPage\",\"@id\":\"https:\/\/portaltela.pt\/noticias\/2026\/03\/12\/cubanos-protestam-contra-apagoes-com-caceroladas-nas-varandas\/\",\"url\":\"https:\/\/portaltela.pt\/noticias\/2026\/03\/12\/cubanos-protestam-contra-apagoes-com-caceroladas-nas-varandas\/\",\"name\":\"Cubanos protestam contra apag\u00f5es com caceroladas nas varandas - Portal Tela Portugal\",\"isPartOf\":{\"@id\":\"https:\/\/portaltela.pt\/#website\"},\"primaryImageOfPage\":{\"@id\":\"https:\/\/portaltela.pt\/noticias\/2026\/03\/12\/cubanos-protestam-contra-apagoes-com-caceroladas-nas-varandas\/#primaryimage\"},\"image\":{\"@id\":\"https:\/\/portaltela.pt\/noticias\/2026\/03\/12\/cubanos-protestam-contra-apagoes-com-caceroladas-nas-varandas\/#primaryimage\"},\"thumbnailUrl\":\"https:\/\/portaltela.pt\/s.01k8rhncp4jt1\/2026\/03\/2073390.jpg\",\"datePublished\":\"2026-03-12T07:00:00+00:00\",\"author\":{\"@id\":\"https:\/\/portaltela.pt\/#\/schema\/person\/c4278d4a6028830caff9ee44b42d32ed\"},\"breadcrumb\":{\"@id\":\"https:\/\/portaltela.pt\/noticias\/2026\/03\/12\/cubanos-protestam-contra-apagoes-com-caceroladas-nas-varandas\/#breadcrumb\"},\"inLanguage\":\"pt-PT\",\"potentialAction\":[{\"@type\":\"ReadAction\",\"target\":[\"https:\/\/portaltela.pt\/noticias\/2026\/03\/12\/cubanos-protestam-contra-apagoes-com-caceroladas-nas-varandas\/\"]}]},{\"@type\":\"ImageObject\",\"inLanguage\":\"pt-PT\",\"@id\":\"https:\/\/portaltela.pt\/noticias\/2026\/03\/12\/cubanos-protestam-contra-apagoes-com-caceroladas-nas-varandas\/#primaryimage\",\"url\":\"https:\/\/portaltela.pt\/s.01k8rhncp4jt1\/2026\/03\/2073390.jpg\",\"contentUrl\":\"https:\/\/portaltela.pt\/s.01k8rhncp4jt1\/2026\/03\/2073390.jpg\",\"width\":796,\"height\":448,\"caption\":\"Os cubanos t\u00eam protestado todas as noites contra a falta de energia, que pode durar 15 horas\"},{\"@type\":\"BreadcrumbList\",\"@id\":\"https:\/\/portaltela.pt\/noticias\/2026\/03\/12\/cubanos-protestam-contra-apagoes-com-caceroladas-nas-varandas\/#breadcrumb\",\"itemListElement\":[{\"@type\":\"ListItem\",\"position\":1,\"name\":\"In\u00edcio\",\"item\":\"https:\/\/portaltela.pt\/\"},{\"@type\":\"ListItem\",\"position\":2,\"name\":\"Cubanos protestam contra apag\u00f5es com caceroladas nas varandas\"}]},{\"@type\":\"WebSite\",\"@id\":\"https:\/\/portaltela.pt\/#website\",\"url\":\"https:\/\/portaltela.pt\/\",\"name\":\"Portal Tela Portugal\",\"description\":\"\",\"potentialAction\":[{\"@type\":\"SearchAction\",\"target\":{\"@type\":\"EntryPoint\",\"urlTemplate\":\"https:\/\/portaltela.pt\/?s={search_term_string}\"},\"query-input\":{\"@type\":\"PropertyValueSpecification\",\"valueRequired\":true,\"valueName\":\"search_term_string\"}}],\"inLanguage\":\"pt-PT\"},{\"@type\":\"Person\",\"@id\":\"https:\/\/portaltela.pt\/#\/schema\/person\/c4278d4a6028830caff9ee44b42d32ed\",\"name\":\"Telinha\",\"image\":{\"@type\":\"ImageObject\",\"inLanguage\":\"pt-PT\",\"@id\":\"https:\/\/portaltela.pt\/s.01k8rhncp4jt1\/2025\/11\/talking-bot-125x125.png\",\"url\":\"https:\/\/portaltela.pt\/s.01k8rhncp4jt1\/2025\/11\/talking-bot-125x125.png\",\"contentUrl\":\"https:\/\/portaltela.pt\/s.01k8rhncp4jt1\/2025\/11\/talking-bot-125x125.png\",\"caption\":\"Telinha\"},\"sameAs\":[\"https:\/\/portaltela.pt\/\"],\"url\":\"https:\/\/portaltela.pt\/por\/367410592786\/\"}]}<\/script>\n<!-- \/ Yoast SEO plugin. -->","yoast_head_json":{"title":"Cubanos protestam contra apag\u00f5es com caceroladas nas varandas - Portal Tela Portugal","robots":{"index":"index","follow":"follow","max-snippet":"max-snippet:-1","max-image-preview":"max-image-preview:large","max-video-preview":"max-video-preview:-1"},"og_locale":"pt_PT","og_type":"article","og_title":"Cubanos protestam contra apag\u00f5es com caceroladas nas varandas - Portal Tela Portugal","og_description":"H\u00e1 cinco noites consecutivas de protestos em Havana, com caceroladas nas varandas e portas das casas. Os habitantes denunciam a crise energ\u00e9tica que provoca apag\u00f5es longos, com at\u00e9 15 horas sem energia. Estudantes universit\u00e1rios tamb\u00e9m participam, reunindo-se na Universidade de Havana para reclamar da falta de energia e de Internet. As a\u00e7\u00f5es refletem o descontentamento popular com a situa\u00e7\u00e3o que impede trabalhar, estudar e conservar alimentos. Os protestos ocorrem nos bairros de Havana, evidenciando o aumento da insatisfa\u00e7\u00e3o com a crise energ\u00e9tica.","og_url":"https:\/\/portaltela.pt\/noticias\/2026\/03\/12\/cubanos-protestam-contra-apagoes-com-caceroladas-nas-varandas\/","og_site_name":"Portal Tela Portugal","article_published_time":"2026-03-12T07:00:00+00:00","author":"Telinha","twitter_card":"summary_large_image","twitter_misc":{"Escrito por":"Telinha","Tempo estimado de leitura":"1 minuto"},"schema":{"@context":"https:\/\/schema.org","@graph":[{"@type":"Article","@id":"https:\/\/portaltela.pt\/noticias\/2026\/03\/12\/cubanos-protestam-contra-apagoes-com-caceroladas-nas-varandas\/#article","isPartOf":{"@id":"https:\/\/portaltela.pt\/noticias\/2026\/03\/12\/cubanos-protestam-contra-apagoes-com-caceroladas-nas-varandas\/"},"author":{"name":"Telinha","@id":"https:\/\/portaltela.pt\/#\/schema\/person\/c4278d4a6028830caff9ee44b42d32ed"},"headline":"Cubanos protestam contra apag\u00f5es com caceroladas nas varandas","datePublished":"2026-03-12T07:00:00+00:00","mainEntityOfPage":{"@id":"https:\/\/portaltela.pt\/noticias\/2026\/03\/12\/cubanos-protestam-contra-apagoes-com-caceroladas-nas-varandas\/"},"wordCount":204,"image":{"@id":"https:\/\/portaltela.pt\/noticias\/2026\/03\/12\/cubanos-protestam-contra-apagoes-com-caceroladas-nas-varandas\/#primaryimage"},"thumbnailUrl":"https:\/\/portaltela.pt\/s.01k8rhncp4jt1\/2026\/03\/2073390.jpg","keywords":["apag\u00f5es","Cuba","energia","internet","protestos"],"articleSection":["Internacionais","Pol\u00edtica"],"inLanguage":"pt-PT"},{"@type":"WebPage","@id":"https:\/\/portaltela.pt\/noticias\/2026\/03\/12\/cubanos-protestam-contra-apagoes-com-caceroladas-nas-varandas\/","url":"https:\/\/portaltela.pt\/noticias\/2026\/03\/12\/cubanos-protestam-contra-apagoes-com-caceroladas-nas-varandas\/","name":"Cubanos protestam contra apag\u00f5es com caceroladas nas varandas - Portal Tela Portugal","isPartOf":{"@id":"https:\/\/portaltela.pt\/#website"},"primaryImageOfPage":{"@id":"https:\/\/portaltela.pt\/noticias\/2026\/03\/12\/cubanos-protestam-contra-apagoes-com-caceroladas-nas-varandas\/#primaryimage"},"image":{"@id":"https:\/\/portaltela.pt\/noticias\/2026\/03\/12\/cubanos-protestam-contra-apagoes-com-caceroladas-nas-varandas\/#primaryimage"},"thumbnailUrl":"https:\/\/portaltela.pt\/s.01k8rhncp4jt1\/2026\/03\/2073390.jpg","datePublished":"2026-03-12T07:00:00+00:00","author":{"@id":"https:\/\/portaltela.pt\/#\/schema\/person\/c4278d4a6028830caff9ee44b42d32ed"},"breadcrumb":{"@id":"https:\/\/portaltela.pt\/noticias\/2026\/03\/12\/cubanos-protestam-contra-apagoes-com-caceroladas-nas-varandas\/#breadcrumb"},"inLanguage":"pt-PT","potentialAction":[{"@type":"ReadAction","target":["https:\/\/portaltela.pt\/noticias\/2026\/03\/12\/cubanos-protestam-contra-apagoes-com-caceroladas-nas-varandas\/"]}]},{"@type":"ImageObject","inLanguage":"pt-PT","@id":"https:\/\/portaltela.pt\/noticias\/2026\/03\/12\/cubanos-protestam-contra-apagoes-com-caceroladas-nas-varandas\/#primaryimage","url":"https:\/\/portaltela.pt\/s.01k8rhncp4jt1\/2026\/03\/2073390.jpg","contentUrl":"https:\/\/portaltela.pt\/s.01k8rhncp4jt1\/2026\/03\/2073390.jpg","width":796,"height":448,"caption":"Os cubanos t\u00eam protestado todas as noites contra a falta de energia, que pode durar 15 horas"},{"@type":"BreadcrumbList","@id":"https:\/\/portaltela.pt\/noticias\/2026\/03\/12\/cubanos-protestam-contra-apagoes-com-caceroladas-nas-varandas\/#breadcrumb","itemListElement":[{"@type":"ListItem","position":1,"name":"In\u00edcio","item":"https:\/\/portaltela.pt\/"},{"@type":"ListItem","position":2,"name":"Cubanos protestam contra apag\u00f5es com caceroladas nas varandas"}]},{"@type":"WebSite","@id":"https:\/\/portaltela.pt\/#website","url":"https:\/\/portaltela.pt\/","name":"Portal Tela Portugal","description":"","potentialAction":[{"@type":"SearchAction","target":{"@type":"EntryPoint","urlTemplate":"https:\/\/portaltela.pt\/?s={search_term_string}"},"query-input":{"@type":"PropertyValueSpecification","valueRequired":true,"valueName":"search_term_string"}}],"inLanguage":"pt-PT"},{"@type":"Person","@id":"https:\/\/portaltela.pt\/#\/schema\/person\/c4278d4a6028830caff9ee44b42d32ed","name":"Telinha","image":{"@type":"ImageObject","inLanguage":"pt-PT","@id":"https:\/\/portaltela.pt\/s.01k8rhncp4jt1\/2025\/11\/talking-bot-125x125.png","url":"https:\/\/portaltela.pt\/s.01k8rhncp4jt1\/2025\/11\/talking-bot-125x125.png","contentUrl":"https:\/\/portaltela.pt\/s.01k8rhncp4jt1\/2025\/11\/talking-bot-125x125.png","caption":"Telinha"},"sameAs":["https:\/\/portaltela.pt\/"],"url":"https:\/\/portaltela.pt\/por\/367410592786\/"}]}},"_links":{"self":[{"href":"https:\/\/portaltela.pt\/api\/wp\/v2\/posts\/406906","targetHints":{"allow":["GET"]}}],"collection":[{"href":"https:\/\/portaltela.pt\/api\/wp\/v2\/posts"}],"about":[{"href":"https:\/\/portaltela.pt\/api\/wp\/v2\/types\/post"}],"author":[{"embeddable":true,"href":"https:\/\/portaltela.pt\/api\/wp\/v2\/users\/2"}],"replies":[{"embeddable":true,"href":"https:\/\/portaltela.pt\/api\/wp\/v2\/comments?post=406906"}],"version-history":[{"count":0,"href":"https:\/\/portaltela.pt\/api\/wp\/v2\/posts\/406906\/revisions"}],"wp:featuredmedia":[{"embeddable":true,"href":"https:\/\/portaltela.pt\/api\/wp\/v2\/media\/406913"}],"wp:attachment":[{"href":"https:\/\/portaltela.pt\/api\/wp\/v2\/media?parent=406906"}],"wp:term":[{"taxonomy":"category","embeddable":true,"href":"https:\/\/portaltela.pt\/api\/wp\/v2\/categories?post=406906"},{"taxonomy":"post_tag","embeddable":true,"href":"https:\/\/portaltela.pt\/api\/wp\/v2\/tags?post=406906"}],"curies":[{"name":"wp","href":"https:\/\/api.w.org\/{rel}","templated":true}]}}