{"id":406895,"date":"2026-03-12T03:32:09","date_gmt":"2026-03-12T06:32:09","guid":{"rendered":"https:\/\/portaltela.pt\/noticias\/2026\/03\/12\/inquerito-preliminar-aponta-eua-responsaveis-por-ataque-a-escola-primaria-iraniana\/"},"modified":"2026-03-12T03:32:09","modified_gmt":"2026-03-12T06:32:09","slug":"inquerito-preliminar-aponta-eua-responsaveis-por-ataque-a-escola-primaria-iraniana","status":"publish","type":"post","link":"https:\/\/portaltela.pt\/noticias\/2026\/03\/12\/inquerito-preliminar-aponta-eua-responsaveis-por-ataque-a-escola-primaria-iraniana\/","title":{"rendered":"Inqu\u00e9rito preliminar aponta EUA respons\u00e1veis por ataque a escola prim\u00e1ria iraniana"},"content":{"rendered":"<p>O inqu\u00e9rito preliminar indica que informa\u00e7\u00f5es desatualizadas podem ter levado a um ataque mortal dos EUA a uma escola prim\u00e1ria iraniana, com uso de um m\u00edssil Tomahawk. A not\u00edcia surge num contexto de conflito regional em curso.<\/p>\n<p>Segundo o inqu\u00e9rito, os militares americanos estavam a bombardear uma base iraniana adjacente ao edif\u00edcio da escola, e as coordenadas do alvo teriam sido definidas com dados desatualizados. A informa\u00e7\u00e3o foi avan\u00e7ada pelo New York Times, citando fontes oficiais.<\/p>\n<p>Em 28 de fevereiro, uma explos\u00e3o com m\u00edsseis atingiu a escola prim\u00e1ria na cidade de Minab, no sul do Ir\u00e3o, resultando em 165 mortos, entre eles v\u00e1rias crian\u00e7as. O ataque ocorre nos primeiros dias de uma guerra marcada por a\u00e7\u00f5es entre EUA e Israel contra o Ir\u00e3o.<\/p>\n<h3>Provas e contexto<\/h3>\n<p>Imagens de sat\u00e9lite, an\u00e1lises t\u00e9cnicas e informa\u00e7\u00f5es p\u00fablicas de for\u00e7as norte-americanas apontam para um ataque prov\u00e1vel dos EUA, com foco no complexo militar pr\u00f3ximo. Documentos visuais mostram o edif\u00edcio escolar ligado ao complexo at\u00e9 2017, quando foi cercado por novo muro.<\/p>\n<p>A evolu\u00e7\u00e3o das evid\u00eancias tamb\u00e9m aponta para mudan\u00e7as na \u00e1rea, incluindo a remo\u00e7\u00e3o de uma torre de vigia e altera\u00e7\u00f5es visuais ao redor do pr\u00e9dio. A escola era identificada como unidade educativa em mapas e sites oficiais.<\/p>\n<h3>Quest\u00f5es legais e \u00e9ticas<\/h3>\n<p>O direito internacional de guerra pro\u00edbe ataques a estruturas civis isoladas de alvos militares. Organismos independentes destacam que a proximidade de uma escola n\u00e3o altera o estatuto de local civil. Perguntas sobre regras de participa\u00e7\u00e3o e prote\u00e7\u00e3o de civis t\u00eam sido levantadas por especialistas.<\/p>\n<p>A divulga\u00e7\u00e3o do caso gerou reac\u00e7\u00e3o de pol\u00edticos e analistas. Alguns lembraram a import\u00e2ncia de manter padr\u00f5es de prote\u00e7\u00e3o a civis, enquanto outros pediram clareza sobre as responsabilidades e as falhas de avalia\u00e7\u00e3o que possam ter ocorrido durante o planejamento.<\/p>\n<h3>Pr\u00f3ximos passos<\/h3>\n<p>O Pent\u00e1gono solicitou informa\u00e7\u00f5es adicionais e a Casa Branca reiterou que a investiga\u00e7\u00e3o ainda decorre. O desenvolvimento do inqu\u00e9rito dever\u00e1 esclarecer a origem das falhas de dados e o eventual impacto sobre a trajet\u00f3ria do conflito.<\/p>\n","protected":false},"excerpt":{"rendered":"<ul>\n<li>Um inqu\u00e9rito preliminar dos EUA indica prov\u00e1vel responsabilidade dos Estados Unidos por um ataque com m\u00edssil Tomahawk a uma escola prim\u00e1ria iraniana, baseado em dados desatualizados.<\/li>\n<li>O ataque ocorreu a 28 de fevereiro, em Minab, no sul do Ir\u00e3o, e causou 165 mortos, a maioria crian\u00e7as, nos primeros dias da guerra.<\/li>\n<li>Imagens de sat\u00e9lite e informa\u00e7\u00f5es militares sugerem que a escola integrava um complexo militar adjacente, com o alvo definido por coordenadas desatualizadas.<\/li>\n<li>O direito internacional protege escolas contra ataques; especialistas salientam que a proximidade de um alvo militar n\u00e3o retira o estatuto civil da institui\u00e7\u00e3o.<\/li>\n<li>O presidente Donald Trump chegou a insinuar que o Ir\u00e3o era respons\u00e1vel, mas disse n\u00e3o ter conhecimento do relat\u00f3rio; autoridades da Casa Branca afirmam que a investiga\u00e7\u00e3o ainda decorre.<\/li>\n<\/ul>\n","protected":false},"author":2,"featured_media":406896,"comment_status":"closed","ping_status":"closed","sticky":false,"template":"","format":"standard","meta":{"footnotes":""},"categories":[6912,1],"tags":[5267,2198,2819,101,62,3153],"class_list":["post-406895","post","type-post","status-publish","format-standard","has-post-thumbnail","hentry","category-internacionais","category-noticias","tag-ataques","tag-conflitos-internacionais","tag-crimes-de-guerra","tag-escolas","tag-guerra","tag-ira"],"yoast_head":"<!-- This site is optimized with the Yoast SEO plugin v27.2 - https:\/\/yoast.com\/product\/yoast-seo-wordpress\/ -->\n<title>Inqu\u00e9rito preliminar aponta EUA respons\u00e1veis por ataque a escola prim\u00e1ria iraniana - Portal Tela Portugal<\/title>\n<meta name=\"robots\" content=\"index, follow, max-snippet:-1, max-image-preview:large, max-video-preview:-1\" \/>\n<meta property=\"og:locale\" content=\"pt_PT\" \/>\n<meta property=\"og:type\" content=\"article\" \/>\n<meta property=\"og:title\" content=\"Inqu\u00e9rito preliminar aponta EUA respons\u00e1veis por ataque a escola prim\u00e1ria iraniana - Portal Tela Portugal\" \/>\n<meta property=\"og:description\" content=\"Um inqu\u00e9rito preliminar dos EUA indica prov\u00e1vel responsabilidade dos Estados Unidos por um ataque com m\u00edssil Tomahawk a uma escola prim\u00e1ria iraniana, baseado em dados desatualizados. O ataque ocorreu a 28 de fevereiro, em Minab, no sul do Ir\u00e3o, e causou 165 mortos, a maioria crian\u00e7as, nos primeros dias da guerra. Imagens de sat\u00e9lite e informa\u00e7\u00f5es militares sugerem que a escola integrava um complexo militar adjacente, com o alvo definido por coordenadas desatualizadas. O direito internacional protege escolas contra ataques; especialistas salientam que a proximidade de um alvo militar n\u00e3o retira o estatuto civil da institui\u00e7\u00e3o. O presidente Donald Trump chegou a insinuar que o Ir\u00e3o era respons\u00e1vel, mas disse n\u00e3o ter conhecimento do relat\u00f3rio; autoridades da Casa Branca afirmam que a investiga\u00e7\u00e3o ainda decorre.\" \/>\n<meta property=\"og:url\" content=\"https:\/\/portaltela.pt\/noticias\/2026\/03\/12\/inquerito-preliminar-aponta-eua-responsaveis-por-ataque-a-escola-primaria-iraniana\/\" \/>\n<meta property=\"og:site_name\" content=\"Portal Tela Portugal\" \/>\n<meta property=\"article:published_time\" content=\"2026-03-12T06:32:09+00:00\" \/>\n<meta name=\"author\" content=\"Telinha\" \/>\n<meta name=\"twitter:card\" content=\"summary_large_image\" \/>\n<meta name=\"twitter:label1\" content=\"Escrito por\" \/>\n\t<meta name=\"twitter:data1\" content=\"Telinha\" \/>\n\t<meta name=\"twitter:label2\" content=\"Tempo estimado de leitura\" \/>\n\t<meta name=\"twitter:data2\" content=\"2 minutos\" \/>\n<script type=\"application\/ld+json\" class=\"yoast-schema-graph\">{\"@context\":\"https:\/\/schema.org\",\"@graph\":[{\"@type\":\"Article\",\"@id\":\"https:\/\/portaltela.pt\/noticias\/2026\/03\/12\/inquerito-preliminar-aponta-eua-responsaveis-por-ataque-a-escola-primaria-iraniana\/#article\",\"isPartOf\":{\"@id\":\"https:\/\/portaltela.pt\/noticias\/2026\/03\/12\/inquerito-preliminar-aponta-eua-responsaveis-por-ataque-a-escola-primaria-iraniana\/\"},\"author\":{\"name\":\"Telinha\",\"@id\":\"https:\/\/portaltela.pt\/#\/schema\/person\/c4278d4a6028830caff9ee44b42d32ed\"},\"headline\":\"Inqu\u00e9rito preliminar aponta EUA respons\u00e1veis por ataque a escola prim\u00e1ria iraniana\",\"datePublished\":\"2026-03-12T06:32:09+00:00\",\"mainEntityOfPage\":{\"@id\":\"https:\/\/portaltela.pt\/noticias\/2026\/03\/12\/inquerito-preliminar-aponta-eua-responsaveis-por-ataque-a-escola-primaria-iraniana\/\"},\"wordCount\":393,\"image\":{\"@id\":\"https:\/\/portaltela.pt\/noticias\/2026\/03\/12\/inquerito-preliminar-aponta-eua-responsaveis-por-ataque-a-escola-primaria-iraniana\/#primaryimage\"},\"thumbnailUrl\":\"https:\/\/portaltela.pt\/s.01k8rhncp4jt1\/2026\/03\/1536x864_cmsv2_9539c7ee-7642-5a1c-a5a9-d70221845090-9682651.jpg\",\"keywords\":[\"ataques\",\"conflitos internacionais\",\"crimes de guerra\",\"escolas\",\"guerra\",\"Ir\u00e3\"],\"articleSection\":[\"Internacionais\",\"Not\u00edcias\"],\"inLanguage\":\"pt-PT\"},{\"@type\":\"WebPage\",\"@id\":\"https:\/\/portaltela.pt\/noticias\/2026\/03\/12\/inquerito-preliminar-aponta-eua-responsaveis-por-ataque-a-escola-primaria-iraniana\/\",\"url\":\"https:\/\/portaltela.pt\/noticias\/2026\/03\/12\/inquerito-preliminar-aponta-eua-responsaveis-por-ataque-a-escola-primaria-iraniana\/\",\"name\":\"Inqu\u00e9rito preliminar aponta EUA respons\u00e1veis por ataque a escola prim\u00e1ria iraniana - Portal Tela Portugal\",\"isPartOf\":{\"@id\":\"https:\/\/portaltela.pt\/#website\"},\"primaryImageOfPage\":{\"@id\":\"https:\/\/portaltela.pt\/noticias\/2026\/03\/12\/inquerito-preliminar-aponta-eua-responsaveis-por-ataque-a-escola-primaria-iraniana\/#primaryimage\"},\"image\":{\"@id\":\"https:\/\/portaltela.pt\/noticias\/2026\/03\/12\/inquerito-preliminar-aponta-eua-responsaveis-por-ataque-a-escola-primaria-iraniana\/#primaryimage\"},\"thumbnailUrl\":\"https:\/\/portaltela.pt\/s.01k8rhncp4jt1\/2026\/03\/1536x864_cmsv2_9539c7ee-7642-5a1c-a5a9-d70221845090-9682651.jpg\",\"datePublished\":\"2026-03-12T06:32:09+00:00\",\"author\":{\"@id\":\"https:\/\/portaltela.pt\/#\/schema\/person\/c4278d4a6028830caff9ee44b42d32ed\"},\"breadcrumb\":{\"@id\":\"https:\/\/portaltela.pt\/noticias\/2026\/03\/12\/inquerito-preliminar-aponta-eua-responsaveis-por-ataque-a-escola-primaria-iraniana\/#breadcrumb\"},\"inLanguage\":\"pt-PT\",\"potentialAction\":[{\"@type\":\"ReadAction\",\"target\":[\"https:\/\/portaltela.pt\/noticias\/2026\/03\/12\/inquerito-preliminar-aponta-eua-responsaveis-por-ataque-a-escola-primaria-iraniana\/\"]}]},{\"@type\":\"ImageObject\",\"inLanguage\":\"pt-PT\",\"@id\":\"https:\/\/portaltela.pt\/noticias\/2026\/03\/12\/inquerito-preliminar-aponta-eua-responsaveis-por-ataque-a-escola-primaria-iraniana\/#primaryimage\",\"url\":\"https:\/\/portaltela.pt\/s.01k8rhncp4jt1\/2026\/03\/1536x864_cmsv2_9539c7ee-7642-5a1c-a5a9-d70221845090-9682651.jpg\",\"contentUrl\":\"https:\/\/portaltela.pt\/s.01k8rhncp4jt1\/2026\/03\/1536x864_cmsv2_9539c7ee-7642-5a1c-a5a9-d70221845090-9682651.jpg\",\"width\":796,\"height\":448,\"caption\":\"Trabalhadores de resgate e residentes procuram entre os escombros ap\u00f3s um ataque a uma escola prim\u00e1ria feminina em Minab, Ir\u00e3o, s\u00e1bado, 28 de fevereiro de 2026.\"},{\"@type\":\"BreadcrumbList\",\"@id\":\"https:\/\/portaltela.pt\/noticias\/2026\/03\/12\/inquerito-preliminar-aponta-eua-responsaveis-por-ataque-a-escola-primaria-iraniana\/#breadcrumb\",\"itemListElement\":[{\"@type\":\"ListItem\",\"position\":1,\"name\":\"In\u00edcio\",\"item\":\"https:\/\/portaltela.pt\/\"},{\"@type\":\"ListItem\",\"position\":2,\"name\":\"Inqu\u00e9rito preliminar aponta EUA respons\u00e1veis por ataque a escola prim\u00e1ria iraniana\"}]},{\"@type\":\"WebSite\",\"@id\":\"https:\/\/portaltela.pt\/#website\",\"url\":\"https:\/\/portaltela.pt\/\",\"name\":\"Portal Tela Portugal\",\"description\":\"\",\"potentialAction\":[{\"@type\":\"SearchAction\",\"target\":{\"@type\":\"EntryPoint\",\"urlTemplate\":\"https:\/\/portaltela.pt\/?s={search_term_string}\"},\"query-input\":{\"@type\":\"PropertyValueSpecification\",\"valueRequired\":true,\"valueName\":\"search_term_string\"}}],\"inLanguage\":\"pt-PT\"},{\"@type\":\"Person\",\"@id\":\"https:\/\/portaltela.pt\/#\/schema\/person\/c4278d4a6028830caff9ee44b42d32ed\",\"name\":\"Telinha\",\"image\":{\"@type\":\"ImageObject\",\"inLanguage\":\"pt-PT\",\"@id\":\"https:\/\/portaltela.pt\/s.01k8rhncp4jt1\/2025\/11\/talking-bot-125x125.png\",\"url\":\"https:\/\/portaltela.pt\/s.01k8rhncp4jt1\/2025\/11\/talking-bot-125x125.png\",\"contentUrl\":\"https:\/\/portaltela.pt\/s.01k8rhncp4jt1\/2025\/11\/talking-bot-125x125.png\",\"caption\":\"Telinha\"},\"sameAs\":[\"https:\/\/portaltela.pt\/\"],\"url\":\"https:\/\/portaltela.pt\/por\/367410592786\/\"}]}<\/script>\n<!-- \/ Yoast SEO plugin. -->","yoast_head_json":{"title":"Inqu\u00e9rito preliminar aponta EUA respons\u00e1veis por ataque a escola prim\u00e1ria iraniana - Portal Tela Portugal","robots":{"index":"index","follow":"follow","max-snippet":"max-snippet:-1","max-image-preview":"max-image-preview:large","max-video-preview":"max-video-preview:-1"},"og_locale":"pt_PT","og_type":"article","og_title":"Inqu\u00e9rito preliminar aponta EUA respons\u00e1veis por ataque a escola prim\u00e1ria iraniana - Portal Tela Portugal","og_description":"Um inqu\u00e9rito preliminar dos EUA indica prov\u00e1vel responsabilidade dos Estados Unidos por um ataque com m\u00edssil Tomahawk a uma escola prim\u00e1ria iraniana, baseado em dados desatualizados. O ataque ocorreu a 28 de fevereiro, em Minab, no sul do Ir\u00e3o, e causou 165 mortos, a maioria crian\u00e7as, nos primeros dias da guerra. Imagens de sat\u00e9lite e informa\u00e7\u00f5es militares sugerem que a escola integrava um complexo militar adjacente, com o alvo definido por coordenadas desatualizadas. O direito internacional protege escolas contra ataques; especialistas salientam que a proximidade de um alvo militar n\u00e3o retira o estatuto civil da institui\u00e7\u00e3o. O presidente Donald Trump chegou a insinuar que o Ir\u00e3o era respons\u00e1vel, mas disse n\u00e3o ter conhecimento do relat\u00f3rio; autoridades da Casa Branca afirmam que a investiga\u00e7\u00e3o ainda decorre.","og_url":"https:\/\/portaltela.pt\/noticias\/2026\/03\/12\/inquerito-preliminar-aponta-eua-responsaveis-por-ataque-a-escola-primaria-iraniana\/","og_site_name":"Portal Tela Portugal","article_published_time":"2026-03-12T06:32:09+00:00","author":"Telinha","twitter_card":"summary_large_image","twitter_misc":{"Escrito por":"Telinha","Tempo estimado de leitura":"2 minutos"},"schema":{"@context":"https:\/\/schema.org","@graph":[{"@type":"Article","@id":"https:\/\/portaltela.pt\/noticias\/2026\/03\/12\/inquerito-preliminar-aponta-eua-responsaveis-por-ataque-a-escola-primaria-iraniana\/#article","isPartOf":{"@id":"https:\/\/portaltela.pt\/noticias\/2026\/03\/12\/inquerito-preliminar-aponta-eua-responsaveis-por-ataque-a-escola-primaria-iraniana\/"},"author":{"name":"Telinha","@id":"https:\/\/portaltela.pt\/#\/schema\/person\/c4278d4a6028830caff9ee44b42d32ed"},"headline":"Inqu\u00e9rito preliminar aponta EUA respons\u00e1veis por ataque a escola prim\u00e1ria iraniana","datePublished":"2026-03-12T06:32:09+00:00","mainEntityOfPage":{"@id":"https:\/\/portaltela.pt\/noticias\/2026\/03\/12\/inquerito-preliminar-aponta-eua-responsaveis-por-ataque-a-escola-primaria-iraniana\/"},"wordCount":393,"image":{"@id":"https:\/\/portaltela.pt\/noticias\/2026\/03\/12\/inquerito-preliminar-aponta-eua-responsaveis-por-ataque-a-escola-primaria-iraniana\/#primaryimage"},"thumbnailUrl":"https:\/\/portaltela.pt\/s.01k8rhncp4jt1\/2026\/03\/1536x864_cmsv2_9539c7ee-7642-5a1c-a5a9-d70221845090-9682651.jpg","keywords":["ataques","conflitos internacionais","crimes de guerra","escolas","guerra","Ir\u00e3"],"articleSection":["Internacionais","Not\u00edcias"],"inLanguage":"pt-PT"},{"@type":"WebPage","@id":"https:\/\/portaltela.pt\/noticias\/2026\/03\/12\/inquerito-preliminar-aponta-eua-responsaveis-por-ataque-a-escola-primaria-iraniana\/","url":"https:\/\/portaltela.pt\/noticias\/2026\/03\/12\/inquerito-preliminar-aponta-eua-responsaveis-por-ataque-a-escola-primaria-iraniana\/","name":"Inqu\u00e9rito preliminar aponta EUA respons\u00e1veis por ataque a escola prim\u00e1ria iraniana - Portal Tela Portugal","isPartOf":{"@id":"https:\/\/portaltela.pt\/#website"},"primaryImageOfPage":{"@id":"https:\/\/portaltela.pt\/noticias\/2026\/03\/12\/inquerito-preliminar-aponta-eua-responsaveis-por-ataque-a-escola-primaria-iraniana\/#primaryimage"},"image":{"@id":"https:\/\/portaltela.pt\/noticias\/2026\/03\/12\/inquerito-preliminar-aponta-eua-responsaveis-por-ataque-a-escola-primaria-iraniana\/#primaryimage"},"thumbnailUrl":"https:\/\/portaltela.pt\/s.01k8rhncp4jt1\/2026\/03\/1536x864_cmsv2_9539c7ee-7642-5a1c-a5a9-d70221845090-9682651.jpg","datePublished":"2026-03-12T06:32:09+00:00","author":{"@id":"https:\/\/portaltela.pt\/#\/schema\/person\/c4278d4a6028830caff9ee44b42d32ed"},"breadcrumb":{"@id":"https:\/\/portaltela.pt\/noticias\/2026\/03\/12\/inquerito-preliminar-aponta-eua-responsaveis-por-ataque-a-escola-primaria-iraniana\/#breadcrumb"},"inLanguage":"pt-PT","potentialAction":[{"@type":"ReadAction","target":["https:\/\/portaltela.pt\/noticias\/2026\/03\/12\/inquerito-preliminar-aponta-eua-responsaveis-por-ataque-a-escola-primaria-iraniana\/"]}]},{"@type":"ImageObject","inLanguage":"pt-PT","@id":"https:\/\/portaltela.pt\/noticias\/2026\/03\/12\/inquerito-preliminar-aponta-eua-responsaveis-por-ataque-a-escola-primaria-iraniana\/#primaryimage","url":"https:\/\/portaltela.pt\/s.01k8rhncp4jt1\/2026\/03\/1536x864_cmsv2_9539c7ee-7642-5a1c-a5a9-d70221845090-9682651.jpg","contentUrl":"https:\/\/portaltela.pt\/s.01k8rhncp4jt1\/2026\/03\/1536x864_cmsv2_9539c7ee-7642-5a1c-a5a9-d70221845090-9682651.jpg","width":796,"height":448,"caption":"Trabalhadores de resgate e residentes procuram entre os escombros ap\u00f3s um ataque a uma escola prim\u00e1ria feminina em Minab, Ir\u00e3o, s\u00e1bado, 28 de fevereiro de 2026."},{"@type":"BreadcrumbList","@id":"https:\/\/portaltela.pt\/noticias\/2026\/03\/12\/inquerito-preliminar-aponta-eua-responsaveis-por-ataque-a-escola-primaria-iraniana\/#breadcrumb","itemListElement":[{"@type":"ListItem","position":1,"name":"In\u00edcio","item":"https:\/\/portaltela.pt\/"},{"@type":"ListItem","position":2,"name":"Inqu\u00e9rito preliminar aponta EUA respons\u00e1veis por ataque a escola prim\u00e1ria iraniana"}]},{"@type":"WebSite","@id":"https:\/\/portaltela.pt\/#website","url":"https:\/\/portaltela.pt\/","name":"Portal Tela Portugal","description":"","potentialAction":[{"@type":"SearchAction","target":{"@type":"EntryPoint","urlTemplate":"https:\/\/portaltela.pt\/?s={search_term_string}"},"query-input":{"@type":"PropertyValueSpecification","valueRequired":true,"valueName":"search_term_string"}}],"inLanguage":"pt-PT"},{"@type":"Person","@id":"https:\/\/portaltela.pt\/#\/schema\/person\/c4278d4a6028830caff9ee44b42d32ed","name":"Telinha","image":{"@type":"ImageObject","inLanguage":"pt-PT","@id":"https:\/\/portaltela.pt\/s.01k8rhncp4jt1\/2025\/11\/talking-bot-125x125.png","url":"https:\/\/portaltela.pt\/s.01k8rhncp4jt1\/2025\/11\/talking-bot-125x125.png","contentUrl":"https:\/\/portaltela.pt\/s.01k8rhncp4jt1\/2025\/11\/talking-bot-125x125.png","caption":"Telinha"},"sameAs":["https:\/\/portaltela.pt\/"],"url":"https:\/\/portaltela.pt\/por\/367410592786\/"}]}},"_links":{"self":[{"href":"https:\/\/portaltela.pt\/api\/wp\/v2\/posts\/406895","targetHints":{"allow":["GET"]}}],"collection":[{"href":"https:\/\/portaltela.pt\/api\/wp\/v2\/posts"}],"about":[{"href":"https:\/\/portaltela.pt\/api\/wp\/v2\/types\/post"}],"author":[{"embeddable":true,"href":"https:\/\/portaltela.pt\/api\/wp\/v2\/users\/2"}],"replies":[{"embeddable":true,"href":"https:\/\/portaltela.pt\/api\/wp\/v2\/comments?post=406895"}],"version-history":[{"count":0,"href":"https:\/\/portaltela.pt\/api\/wp\/v2\/posts\/406895\/revisions"}],"wp:featuredmedia":[{"embeddable":true,"href":"https:\/\/portaltela.pt\/api\/wp\/v2\/media\/406896"}],"wp:attachment":[{"href":"https:\/\/portaltela.pt\/api\/wp\/v2\/media?parent=406895"}],"wp:term":[{"taxonomy":"category","embeddable":true,"href":"https:\/\/portaltela.pt\/api\/wp\/v2\/categories?post=406895"},{"taxonomy":"post_tag","embeddable":true,"href":"https:\/\/portaltela.pt\/api\/wp\/v2\/tags?post=406895"}],"curies":[{"name":"wp","href":"https:\/\/api.w.org\/{rel}","templated":true}]}}