{"id":406889,"date":"2026-03-11T23:12:00","date_gmt":"2026-03-12T02:12:00","guid":{"rendered":"https:\/\/portaltela.pt\/noticias\/2026\/03\/11\/ong-contabiliza-508-presos-politicos-na-venezuela-apos-libertacoes\/"},"modified":"2026-03-11T23:12:00","modified_gmt":"2026-03-12T02:12:00","slug":"ong-contabiliza-508-presos-politicos-na-venezuela-apos-libertacoes","status":"publish","type":"post","link":"https:\/\/portaltela.pt\/noticias\/2026\/03\/11\/ong-contabiliza-508-presos-politicos-na-venezuela-apos-libertacoes\/","title":{"rendered":"ONG contabiliza 508 presos pol\u00edticos na Venezuela ap\u00f3s liberta\u00e7\u00f5es"},"content":{"rendered":"<p>Uma ONG de direitos humanos contabiliza 508 presos pol\u00edticos na Venezuela, ap\u00f3s liberta\u00e7\u00f5es recentes entre detidos. A organiza\u00e7\u00e3o apresenta a contagem com base em casos verificados no terreno.<\/p>\n<p>Segundo o relat\u00f3rio, liberta\u00e7\u00f5es individuais n\u00e3o alteraram significativamente o total, mantendo um n\u00famero elevado de casos de presos pol\u00edticos divulgados pela ONG.<\/p>\n<p>N\u00e3o foram tornadas p\u00fablicas, neste material, as identidades oficiais nem as datas espec\u00edficas das liberta\u00e7\u00f5es, nem a metodologia completa usada para chegar ao total de 508 casos.<\/p>\n","protected":false},"excerpt":{"rendered":"<ul>\n<li>Uma ONG afirma ter contado 508 presos pol\u00edticos na Venezuela ap\u00f3s liberta\u00e7\u00f5es recentes.<\/li>\n<li>O total resulta das liberta\u00e7\u00f5es ocorridas nos \u00faltimos meses, segundo a organiza\u00e7\u00e3o.<\/li>\n<li>A informa\u00e7\u00e3o \u00e9 apresentada pela ONG como parte de um relat\u00f3rio sobre situa\u00e7\u00e3o dos presos pol\u00edticos no pa\u00eds.<\/li>\n<li>O conte\u00fado completo da not\u00edcia est\u00e1 dispon\u00edvel apenas para subscritores, com acesso restrito.<\/li>\n<\/ul>\n","protected":false},"author":2,"featured_media":406893,"comment_status":"closed","ping_status":"closed","sticky":false,"template":"","format":"standard","meta":{"footnotes":""},"categories":[1],"tags":[2633,5547,81,136,5088,2758],"class_list":["post-406889","post","type-post","status-publish","format-standard","has-post-thumbnail","hentry","category-noticias","tag-direitos-humanos","tag-informacao-internacional","tag-internacionais","tag-organizacoes","tag-presos","tag-venezuela"],"yoast_head":"<!-- This site is optimized with the Yoast SEO plugin v27.2 - https:\/\/yoast.com\/product\/yoast-seo-wordpress\/ -->\n<title>ONG contabiliza 508 presos pol\u00edticos na Venezuela ap\u00f3s liberta\u00e7\u00f5es - Portal Tela Portugal<\/title>\n<meta name=\"robots\" content=\"index, follow, max-snippet:-1, max-image-preview:large, max-video-preview:-1\" \/>\n<meta property=\"og:locale\" content=\"pt_PT\" \/>\n<meta property=\"og:type\" content=\"article\" \/>\n<meta property=\"og:title\" content=\"ONG contabiliza 508 presos pol\u00edticos na Venezuela ap\u00f3s liberta\u00e7\u00f5es - Portal Tela Portugal\" \/>\n<meta property=\"og:description\" content=\"Uma ONG afirma ter contado 508 presos pol\u00edticos na Venezuela ap\u00f3s liberta\u00e7\u00f5es recentes. O total resulta das liberta\u00e7\u00f5es ocorridas nos \u00faltimos meses, segundo a organiza\u00e7\u00e3o. A informa\u00e7\u00e3o \u00e9 apresentada pela ONG como parte de um relat\u00f3rio sobre situa\u00e7\u00e3o dos presos pol\u00edticos no pa\u00eds. O conte\u00fado completo da not\u00edcia est\u00e1 dispon\u00edvel apenas para subscritores, com acesso restrito.\" \/>\n<meta property=\"og:url\" content=\"https:\/\/portaltela.pt\/noticias\/2026\/03\/11\/ong-contabiliza-508-presos-politicos-na-venezuela-apos-libertacoes\/\" \/>\n<meta property=\"og:site_name\" content=\"Portal Tela Portugal\" \/>\n<meta property=\"article:published_time\" content=\"2026-03-12T02:12:00+00:00\" \/>\n<meta name=\"author\" content=\"Telinha\" \/>\n<meta name=\"twitter:card\" content=\"summary_large_image\" \/>\n<meta name=\"twitter:label1\" content=\"Escrito por\" \/>\n\t<meta name=\"twitter:data1\" content=\"Telinha\" \/>\n<script type=\"application\/ld+json\" class=\"yoast-schema-graph\">{\"@context\":\"https:\/\/schema.org\",\"@graph\":[{\"@type\":\"Article\",\"@id\":\"https:\/\/portaltela.pt\/noticias\/2026\/03\/11\/ong-contabiliza-508-presos-politicos-na-venezuela-apos-libertacoes\/#article\",\"isPartOf\":{\"@id\":\"https:\/\/portaltela.pt\/noticias\/2026\/03\/11\/ong-contabiliza-508-presos-politicos-na-venezuela-apos-libertacoes\/\"},\"author\":{\"name\":\"Telinha\",\"@id\":\"https:\/\/portaltela.pt\/#\/schema\/person\/c4278d4a6028830caff9ee44b42d32ed\"},\"headline\":\"ONG contabiliza 508 presos pol\u00edticos na Venezuela ap\u00f3s liberta\u00e7\u00f5es\",\"datePublished\":\"2026-03-12T02:12:00+00:00\",\"mainEntityOfPage\":{\"@id\":\"https:\/\/portaltela.pt\/noticias\/2026\/03\/11\/ong-contabiliza-508-presos-politicos-na-venezuela-apos-libertacoes\/\"},\"wordCount\":99,\"image\":{\"@id\":\"https:\/\/portaltela.pt\/noticias\/2026\/03\/11\/ong-contabiliza-508-presos-politicos-na-venezuela-apos-libertacoes\/#primaryimage\"},\"thumbnailUrl\":\"https:\/\/portaltela.pt\/s.01k8rhncp4jt1\/2026\/03\/CACHE_780X1200_ANALOG_WATERMARKED_46709140_688874513683697.jpg\",\"keywords\":[\"direitos humanos\",\"informa\u00e7\u00e3o internacional\",\"internacionais\",\"organiza\u00e7\u00f5es\",\"presos\",\"Venezuela\"],\"articleSection\":[\"Not\u00edcias\"],\"inLanguage\":\"pt-PT\"},{\"@type\":\"WebPage\",\"@id\":\"https:\/\/portaltela.pt\/noticias\/2026\/03\/11\/ong-contabiliza-508-presos-politicos-na-venezuela-apos-libertacoes\/\",\"url\":\"https:\/\/portaltela.pt\/noticias\/2026\/03\/11\/ong-contabiliza-508-presos-politicos-na-venezuela-apos-libertacoes\/\",\"name\":\"ONG contabiliza 508 presos pol\u00edticos na Venezuela ap\u00f3s liberta\u00e7\u00f5es - Portal Tela Portugal\",\"isPartOf\":{\"@id\":\"https:\/\/portaltela.pt\/#website\"},\"primaryImageOfPage\":{\"@id\":\"https:\/\/portaltela.pt\/noticias\/2026\/03\/11\/ong-contabiliza-508-presos-politicos-na-venezuela-apos-libertacoes\/#primaryimage\"},\"image\":{\"@id\":\"https:\/\/portaltela.pt\/noticias\/2026\/03\/11\/ong-contabiliza-508-presos-politicos-na-venezuela-apos-libertacoes\/#primaryimage\"},\"thumbnailUrl\":\"https:\/\/portaltela.pt\/s.01k8rhncp4jt1\/2026\/03\/CACHE_780X1200_ANALOG_WATERMARKED_46709140_688874513683697.jpg\",\"datePublished\":\"2026-03-12T02:12:00+00:00\",\"author\":{\"@id\":\"https:\/\/portaltela.pt\/#\/schema\/person\/c4278d4a6028830caff9ee44b42d32ed\"},\"breadcrumb\":{\"@id\":\"https:\/\/portaltela.pt\/noticias\/2026\/03\/11\/ong-contabiliza-508-presos-politicos-na-venezuela-apos-libertacoes\/#breadcrumb\"},\"inLanguage\":\"pt-PT\",\"potentialAction\":[{\"@type\":\"ReadAction\",\"target\":[\"https:\/\/portaltela.pt\/noticias\/2026\/03\/11\/ong-contabiliza-508-presos-politicos-na-venezuela-apos-libertacoes\/\"]}]},{\"@type\":\"ImageObject\",\"inLanguage\":\"pt-PT\",\"@id\":\"https:\/\/portaltela.pt\/noticias\/2026\/03\/11\/ong-contabiliza-508-presos-politicos-na-venezuela-apos-libertacoes\/#primaryimage\",\"url\":\"https:\/\/portaltela.pt\/s.01k8rhncp4jt1\/2026\/03\/CACHE_780X1200_ANALOG_WATERMARKED_46709140_688874513683697.jpg\",\"contentUrl\":\"https:\/\/portaltela.pt\/s.01k8rhncp4jt1\/2026\/03\/CACHE_780X1200_ANALOG_WATERMARKED_46709140_688874513683697.jpg\",\"width\":796,\"height\":448,\"caption\":\"ONG contabiliza 508 presos pol\u00edticos na Venezuela ap\u00f3s recentes liberta\u00e7\u00f5es\"},{\"@type\":\"BreadcrumbList\",\"@id\":\"https:\/\/portaltela.pt\/noticias\/2026\/03\/11\/ong-contabiliza-508-presos-politicos-na-venezuela-apos-libertacoes\/#breadcrumb\",\"itemListElement\":[{\"@type\":\"ListItem\",\"position\":1,\"name\":\"In\u00edcio\",\"item\":\"https:\/\/portaltela.pt\/\"},{\"@type\":\"ListItem\",\"position\":2,\"name\":\"ONG contabiliza 508 presos pol\u00edticos na Venezuela ap\u00f3s liberta\u00e7\u00f5es\"}]},{\"@type\":\"WebSite\",\"@id\":\"https:\/\/portaltela.pt\/#website\",\"url\":\"https:\/\/portaltela.pt\/\",\"name\":\"Portal Tela Portugal\",\"description\":\"\",\"potentialAction\":[{\"@type\":\"SearchAction\",\"target\":{\"@type\":\"EntryPoint\",\"urlTemplate\":\"https:\/\/portaltela.pt\/?s={search_term_string}\"},\"query-input\":{\"@type\":\"PropertyValueSpecification\",\"valueRequired\":true,\"valueName\":\"search_term_string\"}}],\"inLanguage\":\"pt-PT\"},{\"@type\":\"Person\",\"@id\":\"https:\/\/portaltela.pt\/#\/schema\/person\/c4278d4a6028830caff9ee44b42d32ed\",\"name\":\"Telinha\",\"image\":{\"@type\":\"ImageObject\",\"inLanguage\":\"pt-PT\",\"@id\":\"https:\/\/portaltela.pt\/s.01k8rhncp4jt1\/2025\/11\/talking-bot-125x125.png\",\"url\":\"https:\/\/portaltela.pt\/s.01k8rhncp4jt1\/2025\/11\/talking-bot-125x125.png\",\"contentUrl\":\"https:\/\/portaltela.pt\/s.01k8rhncp4jt1\/2025\/11\/talking-bot-125x125.png\",\"caption\":\"Telinha\"},\"sameAs\":[\"https:\/\/portaltela.pt\/\"],\"url\":\"https:\/\/portaltela.pt\/por\/367410592786\/\"}]}<\/script>\n<!-- \/ Yoast SEO plugin. -->","yoast_head_json":{"title":"ONG contabiliza 508 presos pol\u00edticos na Venezuela ap\u00f3s liberta\u00e7\u00f5es - Portal Tela Portugal","robots":{"index":"index","follow":"follow","max-snippet":"max-snippet:-1","max-image-preview":"max-image-preview:large","max-video-preview":"max-video-preview:-1"},"og_locale":"pt_PT","og_type":"article","og_title":"ONG contabiliza 508 presos pol\u00edticos na Venezuela ap\u00f3s liberta\u00e7\u00f5es - Portal Tela Portugal","og_description":"Uma ONG afirma ter contado 508 presos pol\u00edticos na Venezuela ap\u00f3s liberta\u00e7\u00f5es recentes. O total resulta das liberta\u00e7\u00f5es ocorridas nos \u00faltimos meses, segundo a organiza\u00e7\u00e3o. A informa\u00e7\u00e3o \u00e9 apresentada pela ONG como parte de um relat\u00f3rio sobre situa\u00e7\u00e3o dos presos pol\u00edticos no pa\u00eds. O conte\u00fado completo da not\u00edcia est\u00e1 dispon\u00edvel apenas para subscritores, com acesso restrito.","og_url":"https:\/\/portaltela.pt\/noticias\/2026\/03\/11\/ong-contabiliza-508-presos-politicos-na-venezuela-apos-libertacoes\/","og_site_name":"Portal Tela Portugal","article_published_time":"2026-03-12T02:12:00+00:00","author":"Telinha","twitter_card":"summary_large_image","twitter_misc":{"Escrito por":"Telinha"},"schema":{"@context":"https:\/\/schema.org","@graph":[{"@type":"Article","@id":"https:\/\/portaltela.pt\/noticias\/2026\/03\/11\/ong-contabiliza-508-presos-politicos-na-venezuela-apos-libertacoes\/#article","isPartOf":{"@id":"https:\/\/portaltela.pt\/noticias\/2026\/03\/11\/ong-contabiliza-508-presos-politicos-na-venezuela-apos-libertacoes\/"},"author":{"name":"Telinha","@id":"https:\/\/portaltela.pt\/#\/schema\/person\/c4278d4a6028830caff9ee44b42d32ed"},"headline":"ONG contabiliza 508 presos pol\u00edticos na Venezuela ap\u00f3s liberta\u00e7\u00f5es","datePublished":"2026-03-12T02:12:00+00:00","mainEntityOfPage":{"@id":"https:\/\/portaltela.pt\/noticias\/2026\/03\/11\/ong-contabiliza-508-presos-politicos-na-venezuela-apos-libertacoes\/"},"wordCount":99,"image":{"@id":"https:\/\/portaltela.pt\/noticias\/2026\/03\/11\/ong-contabiliza-508-presos-politicos-na-venezuela-apos-libertacoes\/#primaryimage"},"thumbnailUrl":"https:\/\/portaltela.pt\/s.01k8rhncp4jt1\/2026\/03\/CACHE_780X1200_ANALOG_WATERMARKED_46709140_688874513683697.jpg","keywords":["direitos humanos","informa\u00e7\u00e3o internacional","internacionais","organiza\u00e7\u00f5es","presos","Venezuela"],"articleSection":["Not\u00edcias"],"inLanguage":"pt-PT"},{"@type":"WebPage","@id":"https:\/\/portaltela.pt\/noticias\/2026\/03\/11\/ong-contabiliza-508-presos-politicos-na-venezuela-apos-libertacoes\/","url":"https:\/\/portaltela.pt\/noticias\/2026\/03\/11\/ong-contabiliza-508-presos-politicos-na-venezuela-apos-libertacoes\/","name":"ONG contabiliza 508 presos pol\u00edticos na Venezuela ap\u00f3s liberta\u00e7\u00f5es - Portal Tela Portugal","isPartOf":{"@id":"https:\/\/portaltela.pt\/#website"},"primaryImageOfPage":{"@id":"https:\/\/portaltela.pt\/noticias\/2026\/03\/11\/ong-contabiliza-508-presos-politicos-na-venezuela-apos-libertacoes\/#primaryimage"},"image":{"@id":"https:\/\/portaltela.pt\/noticias\/2026\/03\/11\/ong-contabiliza-508-presos-politicos-na-venezuela-apos-libertacoes\/#primaryimage"},"thumbnailUrl":"https:\/\/portaltela.pt\/s.01k8rhncp4jt1\/2026\/03\/CACHE_780X1200_ANALOG_WATERMARKED_46709140_688874513683697.jpg","datePublished":"2026-03-12T02:12:00+00:00","author":{"@id":"https:\/\/portaltela.pt\/#\/schema\/person\/c4278d4a6028830caff9ee44b42d32ed"},"breadcrumb":{"@id":"https:\/\/portaltela.pt\/noticias\/2026\/03\/11\/ong-contabiliza-508-presos-politicos-na-venezuela-apos-libertacoes\/#breadcrumb"},"inLanguage":"pt-PT","potentialAction":[{"@type":"ReadAction","target":["https:\/\/portaltela.pt\/noticias\/2026\/03\/11\/ong-contabiliza-508-presos-politicos-na-venezuela-apos-libertacoes\/"]}]},{"@type":"ImageObject","inLanguage":"pt-PT","@id":"https:\/\/portaltela.pt\/noticias\/2026\/03\/11\/ong-contabiliza-508-presos-politicos-na-venezuela-apos-libertacoes\/#primaryimage","url":"https:\/\/portaltela.pt\/s.01k8rhncp4jt1\/2026\/03\/CACHE_780X1200_ANALOG_WATERMARKED_46709140_688874513683697.jpg","contentUrl":"https:\/\/portaltela.pt\/s.01k8rhncp4jt1\/2026\/03\/CACHE_780X1200_ANALOG_WATERMARKED_46709140_688874513683697.jpg","width":796,"height":448,"caption":"ONG contabiliza 508 presos pol\u00edticos na Venezuela ap\u00f3s recentes liberta\u00e7\u00f5es"},{"@type":"BreadcrumbList","@id":"https:\/\/portaltela.pt\/noticias\/2026\/03\/11\/ong-contabiliza-508-presos-politicos-na-venezuela-apos-libertacoes\/#breadcrumb","itemListElement":[{"@type":"ListItem","position":1,"name":"In\u00edcio","item":"https:\/\/portaltela.pt\/"},{"@type":"ListItem","position":2,"name":"ONG contabiliza 508 presos pol\u00edticos na Venezuela ap\u00f3s liberta\u00e7\u00f5es"}]},{"@type":"WebSite","@id":"https:\/\/portaltela.pt\/#website","url":"https:\/\/portaltela.pt\/","name":"Portal Tela Portugal","description":"","potentialAction":[{"@type":"SearchAction","target":{"@type":"EntryPoint","urlTemplate":"https:\/\/portaltela.pt\/?s={search_term_string}"},"query-input":{"@type":"PropertyValueSpecification","valueRequired":true,"valueName":"search_term_string"}}],"inLanguage":"pt-PT"},{"@type":"Person","@id":"https:\/\/portaltela.pt\/#\/schema\/person\/c4278d4a6028830caff9ee44b42d32ed","name":"Telinha","image":{"@type":"ImageObject","inLanguage":"pt-PT","@id":"https:\/\/portaltela.pt\/s.01k8rhncp4jt1\/2025\/11\/talking-bot-125x125.png","url":"https:\/\/portaltela.pt\/s.01k8rhncp4jt1\/2025\/11\/talking-bot-125x125.png","contentUrl":"https:\/\/portaltela.pt\/s.01k8rhncp4jt1\/2025\/11\/talking-bot-125x125.png","caption":"Telinha"},"sameAs":["https:\/\/portaltela.pt\/"],"url":"https:\/\/portaltela.pt\/por\/367410592786\/"}]}},"_links":{"self":[{"href":"https:\/\/portaltela.pt\/api\/wp\/v2\/posts\/406889","targetHints":{"allow":["GET"]}}],"collection":[{"href":"https:\/\/portaltela.pt\/api\/wp\/v2\/posts"}],"about":[{"href":"https:\/\/portaltela.pt\/api\/wp\/v2\/types\/post"}],"author":[{"embeddable":true,"href":"https:\/\/portaltela.pt\/api\/wp\/v2\/users\/2"}],"replies":[{"embeddable":true,"href":"https:\/\/portaltela.pt\/api\/wp\/v2\/comments?post=406889"}],"version-history":[{"count":0,"href":"https:\/\/portaltela.pt\/api\/wp\/v2\/posts\/406889\/revisions"}],"wp:featuredmedia":[{"embeddable":true,"href":"https:\/\/portaltela.pt\/api\/wp\/v2\/media\/406893"}],"wp:attachment":[{"href":"https:\/\/portaltela.pt\/api\/wp\/v2\/media?parent=406889"}],"wp:term":[{"taxonomy":"category","embeddable":true,"href":"https:\/\/portaltela.pt\/api\/wp\/v2\/categories?post=406889"},{"taxonomy":"post_tag","embeddable":true,"href":"https:\/\/portaltela.pt\/api\/wp\/v2\/tags?post=406889"}],"curies":[{"name":"wp","href":"https:\/\/api.w.org\/{rel}","templated":true}]}}