{"id":406887,"date":"2026-03-12T03:22:00","date_gmt":"2026-03-12T06:22:00","guid":{"rendered":"https:\/\/portaltela.pt\/noticias\/2026\/03\/12\/massa-critica-em-crescimento-ganha-impulso-na-cidade\/"},"modified":"2026-03-12T03:22:00","modified_gmt":"2026-03-12T06:22:00","slug":"massa-critica-em-crescimento-ganha-impulso-na-cidade","status":"publish","type":"post","link":"https:\/\/portaltela.pt\/desporto\/futebol\/2026\/03\/12\/massa-critica-em-crescimento-ganha-impulso-na-cidade\/","title":{"rendered":"Massa cr\u00edtica em crescimento ganha impulso na cidade"},"content":{"rendered":"<p>O Moreirense viu o seu crescimento competitivo na temporada 2025\/26 ir acompanhado de um aumento do p\u00fablico nas bancadas do Est\u00e1dio Comendador Joaquim de Almeida Freitas. A apresenta\u00e7\u00e3o do clube tem sido marcada por uma posi\u00e7\u00e3o de destaque na primeira metade da tabela.<\/p>\n<p>Segundo fontes oficiais do clube, o desempenho em campo tem mantido a equipa entre os primeiros lugares, o que coincide com o incremento de assist\u00eancia nas partidas caseiras. O aumento de espectadores \u00e9 descrito como parte de um ciclo de afirma\u00e7\u00e3o do clube na liga.<\/p>\n<p>O que est\u00e1 a ocorrer no est\u00e1dio revela dinamismo no apoio ao Moreirense, com enchentes em noites de jogo e novas ades\u00f5es entre s\u00f3cios. A tend\u00eancia, observada ao longo da \u00e9poca, refor\u00e7a o objetivo de consolidar posi\u00e7\u00f5es competitivas a meio da tabela.<\/p>\n<p>A equipa t\u00e9cnica e a dire\u00e7\u00e3o n\u00e3o explicam apenas os resultados, mas tamb\u00e9m o envolvimento da massa adepta nesse crescimento. O foco continua em manter o rendimento desportivo est\u00e1vel e ampliar o conforto e a experi\u00eancia de presen\u00e7a no est\u00e1dio.<\/p>\n","protected":false},"excerpt":{"rendered":"<ul>\n<li>O Moreirense est\u00e1 na primeira metade da tabela na temporada 2025\/26.<\/li>\n<li>O n\u00famero de espectadores nas bancadas do Est\u00e1dio Comendador Joaquim de Almeida Freitas tem aumentado.<\/li>\n<li>O crescimento competitivo do clube em campo acompanha o maior apoio do p\u00fablico.<\/li>\n<li>A evolu\u00e7\u00e3o destina-se a consolidar o crescimento da equipa durante a \u00e9poca.<\/li>\n<\/ul>\n","protected":false},"author":2,"featured_media":406890,"comment_status":"closed","ping_status":"closed","sticky":false,"template":"","format":"standard","meta":{"footnotes":""},"categories":[21,24],"tags":[4059,152,32,1786,6168],"class_list":["post-406887","post","type-post","status-publish","format-standard","has-post-thumbnail","hentry","category-desporto","category-futebol","tag-1-a-liga","tag-desporto","tag-futebol","tag-liga","tag-moreira-de-conegos"],"yoast_head":"<!-- This site is optimized with the Yoast SEO plugin v27.2 - https:\/\/yoast.com\/product\/yoast-seo-wordpress\/ -->\n<title>Massa cr\u00edtica em crescimento ganha impulso na cidade - Portal Tela Portugal<\/title>\n<meta name=\"robots\" content=\"index, follow, max-snippet:-1, max-image-preview:large, max-video-preview:-1\" \/>\n<meta property=\"og:locale\" content=\"pt_PT\" \/>\n<meta property=\"og:type\" content=\"article\" \/>\n<meta property=\"og:title\" content=\"Massa cr\u00edtica em crescimento ganha impulso na cidade - Portal Tela Portugal\" \/>\n<meta property=\"og:description\" content=\"O Moreirense est\u00e1 na primeira metade da tabela na temporada 2025\/26. O n\u00famero de espectadores nas bancadas do Est\u00e1dio Comendador Joaquim de Almeida Freitas tem aumentado. O crescimento competitivo do clube em campo acompanha o maior apoio do p\u00fablico. A evolu\u00e7\u00e3o destina-se a consolidar o crescimento da equipa durante a \u00e9poca.\" \/>\n<meta property=\"og:url\" content=\"https:\/\/portaltela.pt\/noticias\/2026\/03\/12\/massa-critica-em-crescimento-ganha-impulso-na-cidade\/\" \/>\n<meta property=\"og:site_name\" content=\"Portal Tela Portugal\" \/>\n<meta property=\"article:published_time\" content=\"2026-03-12T06:22:00+00:00\" \/>\n<meta name=\"author\" content=\"Telinha\" \/>\n<meta name=\"twitter:card\" content=\"summary_large_image\" \/>\n<meta name=\"twitter:label1\" content=\"Escrito por\" \/>\n\t<meta name=\"twitter:data1\" content=\"Telinha\" \/>\n\t<meta name=\"twitter:label2\" content=\"Tempo estimado de leitura\" \/>\n\t<meta name=\"twitter:data2\" content=\"1 minuto\" \/>\n<script type=\"application\/ld+json\" class=\"yoast-schema-graph\">{\"@context\":\"https:\/\/schema.org\",\"@graph\":[{\"@type\":\"Article\",\"@id\":\"https:\/\/portaltela.pt\/noticias\/2026\/03\/12\/massa-critica-em-crescimento-ganha-impulso-na-cidade\/#article\",\"isPartOf\":{\"@id\":\"https:\/\/portaltela.pt\/noticias\/2026\/03\/12\/massa-critica-em-crescimento-ganha-impulso-na-cidade\/\"},\"author\":{\"name\":\"Telinha\",\"@id\":\"https:\/\/portaltela.pt\/#\/schema\/person\/c4278d4a6028830caff9ee44b42d32ed\"},\"headline\":\"Massa cr\u00edtica em crescimento ganha impulso na cidade\",\"datePublished\":\"2026-03-12T06:22:00+00:00\",\"mainEntityOfPage\":{\"@id\":\"https:\/\/portaltela.pt\/noticias\/2026\/03\/12\/massa-critica-em-crescimento-ganha-impulso-na-cidade\/\"},\"wordCount\":197,\"image\":{\"@id\":\"https:\/\/portaltela.pt\/noticias\/2026\/03\/12\/massa-critica-em-crescimento-ganha-impulso-na-cidade\/#primaryimage\"},\"thumbnailUrl\":\"https:\/\/portaltela.pt\/s.01k8rhncp4jt1\/2026\/03\/img_920x518uu2026-03-12-00-11-06-2426375.jpg\",\"keywords\":[\"1.\u00aa Liga\",\"desporto\",\"futebol\",\"Liga\",\"Moreira de C\u00f3negos\"],\"articleSection\":[\"Desporto\",\"Futebol\"],\"inLanguage\":\"pt-PT\"},{\"@type\":\"WebPage\",\"@id\":\"https:\/\/portaltela.pt\/noticias\/2026\/03\/12\/massa-critica-em-crescimento-ganha-impulso-na-cidade\/\",\"url\":\"https:\/\/portaltela.pt\/noticias\/2026\/03\/12\/massa-critica-em-crescimento-ganha-impulso-na-cidade\/\",\"name\":\"Massa cr\u00edtica em crescimento ganha impulso na cidade - Portal Tela Portugal\",\"isPartOf\":{\"@id\":\"https:\/\/portaltela.pt\/#website\"},\"primaryImageOfPage\":{\"@id\":\"https:\/\/portaltela.pt\/noticias\/2026\/03\/12\/massa-critica-em-crescimento-ganha-impulso-na-cidade\/#primaryimage\"},\"image\":{\"@id\":\"https:\/\/portaltela.pt\/noticias\/2026\/03\/12\/massa-critica-em-crescimento-ganha-impulso-na-cidade\/#primaryimage\"},\"thumbnailUrl\":\"https:\/\/portaltela.pt\/s.01k8rhncp4jt1\/2026\/03\/img_920x518uu2026-03-12-00-11-06-2426375.jpg\",\"datePublished\":\"2026-03-12T06:22:00+00:00\",\"author\":{\"@id\":\"https:\/\/portaltela.pt\/#\/schema\/person\/c4278d4a6028830caff9ee44b42d32ed\"},\"breadcrumb\":{\"@id\":\"https:\/\/portaltela.pt\/noticias\/2026\/03\/12\/massa-critica-em-crescimento-ganha-impulso-na-cidade\/#breadcrumb\"},\"inLanguage\":\"pt-PT\",\"potentialAction\":[{\"@type\":\"ReadAction\",\"target\":[\"https:\/\/portaltela.pt\/noticias\/2026\/03\/12\/massa-critica-em-crescimento-ganha-impulso-na-cidade\/\"]}]},{\"@type\":\"ImageObject\",\"inLanguage\":\"pt-PT\",\"@id\":\"https:\/\/portaltela.pt\/noticias\/2026\/03\/12\/massa-critica-em-crescimento-ganha-impulso-na-cidade\/#primaryimage\",\"url\":\"https:\/\/portaltela.pt\/s.01k8rhncp4jt1\/2026\/03\/img_920x518uu2026-03-12-00-11-06-2426375.jpg\",\"contentUrl\":\"https:\/\/portaltela.pt\/s.01k8rhncp4jt1\/2026\/03\/img_920x518uu2026-03-12-00-11-06-2426375.jpg\",\"width\":796,\"height\":448,\"caption\":\"Photo\"},{\"@type\":\"BreadcrumbList\",\"@id\":\"https:\/\/portaltela.pt\/noticias\/2026\/03\/12\/massa-critica-em-crescimento-ganha-impulso-na-cidade\/#breadcrumb\",\"itemListElement\":[{\"@type\":\"ListItem\",\"position\":1,\"name\":\"In\u00edcio\",\"item\":\"https:\/\/portaltela.pt\/\"},{\"@type\":\"ListItem\",\"position\":2,\"name\":\"Massa cr\u00edtica em crescimento ganha impulso na cidade\"}]},{\"@type\":\"WebSite\",\"@id\":\"https:\/\/portaltela.pt\/#website\",\"url\":\"https:\/\/portaltela.pt\/\",\"name\":\"Portal Tela Portugal\",\"description\":\"\",\"potentialAction\":[{\"@type\":\"SearchAction\",\"target\":{\"@type\":\"EntryPoint\",\"urlTemplate\":\"https:\/\/portaltela.pt\/?s={search_term_string}\"},\"query-input\":{\"@type\":\"PropertyValueSpecification\",\"valueRequired\":true,\"valueName\":\"search_term_string\"}}],\"inLanguage\":\"pt-PT\"},{\"@type\":\"Person\",\"@id\":\"https:\/\/portaltela.pt\/#\/schema\/person\/c4278d4a6028830caff9ee44b42d32ed\",\"name\":\"Telinha\",\"image\":{\"@type\":\"ImageObject\",\"inLanguage\":\"pt-PT\",\"@id\":\"https:\/\/portaltela.pt\/s.01k8rhncp4jt1\/2025\/11\/talking-bot-125x125.png\",\"url\":\"https:\/\/portaltela.pt\/s.01k8rhncp4jt1\/2025\/11\/talking-bot-125x125.png\",\"contentUrl\":\"https:\/\/portaltela.pt\/s.01k8rhncp4jt1\/2025\/11\/talking-bot-125x125.png\",\"caption\":\"Telinha\"},\"sameAs\":[\"https:\/\/portaltela.pt\/\"],\"url\":\"https:\/\/portaltela.pt\/por\/367410592786\/\"}]}<\/script>\n<!-- \/ Yoast SEO plugin. -->","yoast_head_json":{"title":"Massa cr\u00edtica em crescimento ganha impulso na cidade - Portal Tela Portugal","robots":{"index":"index","follow":"follow","max-snippet":"max-snippet:-1","max-image-preview":"max-image-preview:large","max-video-preview":"max-video-preview:-1"},"og_locale":"pt_PT","og_type":"article","og_title":"Massa cr\u00edtica em crescimento ganha impulso na cidade - Portal Tela Portugal","og_description":"O Moreirense est\u00e1 na primeira metade da tabela na temporada 2025\/26. O n\u00famero de espectadores nas bancadas do Est\u00e1dio Comendador Joaquim de Almeida Freitas tem aumentado. O crescimento competitivo do clube em campo acompanha o maior apoio do p\u00fablico. A evolu\u00e7\u00e3o destina-se a consolidar o crescimento da equipa durante a \u00e9poca.","og_url":"https:\/\/portaltela.pt\/noticias\/2026\/03\/12\/massa-critica-em-crescimento-ganha-impulso-na-cidade\/","og_site_name":"Portal Tela Portugal","article_published_time":"2026-03-12T06:22:00+00:00","author":"Telinha","twitter_card":"summary_large_image","twitter_misc":{"Escrito por":"Telinha","Tempo estimado de leitura":"1 minuto"},"schema":{"@context":"https:\/\/schema.org","@graph":[{"@type":"Article","@id":"https:\/\/portaltela.pt\/noticias\/2026\/03\/12\/massa-critica-em-crescimento-ganha-impulso-na-cidade\/#article","isPartOf":{"@id":"https:\/\/portaltela.pt\/noticias\/2026\/03\/12\/massa-critica-em-crescimento-ganha-impulso-na-cidade\/"},"author":{"name":"Telinha","@id":"https:\/\/portaltela.pt\/#\/schema\/person\/c4278d4a6028830caff9ee44b42d32ed"},"headline":"Massa cr\u00edtica em crescimento ganha impulso na cidade","datePublished":"2026-03-12T06:22:00+00:00","mainEntityOfPage":{"@id":"https:\/\/portaltela.pt\/noticias\/2026\/03\/12\/massa-critica-em-crescimento-ganha-impulso-na-cidade\/"},"wordCount":197,"image":{"@id":"https:\/\/portaltela.pt\/noticias\/2026\/03\/12\/massa-critica-em-crescimento-ganha-impulso-na-cidade\/#primaryimage"},"thumbnailUrl":"https:\/\/portaltela.pt\/s.01k8rhncp4jt1\/2026\/03\/img_920x518uu2026-03-12-00-11-06-2426375.jpg","keywords":["1.\u00aa Liga","desporto","futebol","Liga","Moreira de C\u00f3negos"],"articleSection":["Desporto","Futebol"],"inLanguage":"pt-PT"},{"@type":"WebPage","@id":"https:\/\/portaltela.pt\/noticias\/2026\/03\/12\/massa-critica-em-crescimento-ganha-impulso-na-cidade\/","url":"https:\/\/portaltela.pt\/noticias\/2026\/03\/12\/massa-critica-em-crescimento-ganha-impulso-na-cidade\/","name":"Massa cr\u00edtica em crescimento ganha impulso na cidade - Portal Tela Portugal","isPartOf":{"@id":"https:\/\/portaltela.pt\/#website"},"primaryImageOfPage":{"@id":"https:\/\/portaltela.pt\/noticias\/2026\/03\/12\/massa-critica-em-crescimento-ganha-impulso-na-cidade\/#primaryimage"},"image":{"@id":"https:\/\/portaltela.pt\/noticias\/2026\/03\/12\/massa-critica-em-crescimento-ganha-impulso-na-cidade\/#primaryimage"},"thumbnailUrl":"https:\/\/portaltela.pt\/s.01k8rhncp4jt1\/2026\/03\/img_920x518uu2026-03-12-00-11-06-2426375.jpg","datePublished":"2026-03-12T06:22:00+00:00","author":{"@id":"https:\/\/portaltela.pt\/#\/schema\/person\/c4278d4a6028830caff9ee44b42d32ed"},"breadcrumb":{"@id":"https:\/\/portaltela.pt\/noticias\/2026\/03\/12\/massa-critica-em-crescimento-ganha-impulso-na-cidade\/#breadcrumb"},"inLanguage":"pt-PT","potentialAction":[{"@type":"ReadAction","target":["https:\/\/portaltela.pt\/noticias\/2026\/03\/12\/massa-critica-em-crescimento-ganha-impulso-na-cidade\/"]}]},{"@type":"ImageObject","inLanguage":"pt-PT","@id":"https:\/\/portaltela.pt\/noticias\/2026\/03\/12\/massa-critica-em-crescimento-ganha-impulso-na-cidade\/#primaryimage","url":"https:\/\/portaltela.pt\/s.01k8rhncp4jt1\/2026\/03\/img_920x518uu2026-03-12-00-11-06-2426375.jpg","contentUrl":"https:\/\/portaltela.pt\/s.01k8rhncp4jt1\/2026\/03\/img_920x518uu2026-03-12-00-11-06-2426375.jpg","width":796,"height":448,"caption":"Photo"},{"@type":"BreadcrumbList","@id":"https:\/\/portaltela.pt\/noticias\/2026\/03\/12\/massa-critica-em-crescimento-ganha-impulso-na-cidade\/#breadcrumb","itemListElement":[{"@type":"ListItem","position":1,"name":"In\u00edcio","item":"https:\/\/portaltela.pt\/"},{"@type":"ListItem","position":2,"name":"Massa cr\u00edtica em crescimento ganha impulso na cidade"}]},{"@type":"WebSite","@id":"https:\/\/portaltela.pt\/#website","url":"https:\/\/portaltela.pt\/","name":"Portal Tela Portugal","description":"","potentialAction":[{"@type":"SearchAction","target":{"@type":"EntryPoint","urlTemplate":"https:\/\/portaltela.pt\/?s={search_term_string}"},"query-input":{"@type":"PropertyValueSpecification","valueRequired":true,"valueName":"search_term_string"}}],"inLanguage":"pt-PT"},{"@type":"Person","@id":"https:\/\/portaltela.pt\/#\/schema\/person\/c4278d4a6028830caff9ee44b42d32ed","name":"Telinha","image":{"@type":"ImageObject","inLanguage":"pt-PT","@id":"https:\/\/portaltela.pt\/s.01k8rhncp4jt1\/2025\/11\/talking-bot-125x125.png","url":"https:\/\/portaltela.pt\/s.01k8rhncp4jt1\/2025\/11\/talking-bot-125x125.png","contentUrl":"https:\/\/portaltela.pt\/s.01k8rhncp4jt1\/2025\/11\/talking-bot-125x125.png","caption":"Telinha"},"sameAs":["https:\/\/portaltela.pt\/"],"url":"https:\/\/portaltela.pt\/por\/367410592786\/"}]}},"_links":{"self":[{"href":"https:\/\/portaltela.pt\/api\/wp\/v2\/posts\/406887","targetHints":{"allow":["GET"]}}],"collection":[{"href":"https:\/\/portaltela.pt\/api\/wp\/v2\/posts"}],"about":[{"href":"https:\/\/portaltela.pt\/api\/wp\/v2\/types\/post"}],"author":[{"embeddable":true,"href":"https:\/\/portaltela.pt\/api\/wp\/v2\/users\/2"}],"replies":[{"embeddable":true,"href":"https:\/\/portaltela.pt\/api\/wp\/v2\/comments?post=406887"}],"version-history":[{"count":0,"href":"https:\/\/portaltela.pt\/api\/wp\/v2\/posts\/406887\/revisions"}],"wp:featuredmedia":[{"embeddable":true,"href":"https:\/\/portaltela.pt\/api\/wp\/v2\/media\/406890"}],"wp:attachment":[{"href":"https:\/\/portaltela.pt\/api\/wp\/v2\/media?parent=406887"}],"wp:term":[{"taxonomy":"category","embeddable":true,"href":"https:\/\/portaltela.pt\/api\/wp\/v2\/categories?post=406887"},{"taxonomy":"post_tag","embeddable":true,"href":"https:\/\/portaltela.pt\/api\/wp\/v2\/tags?post=406887"}],"curies":[{"name":"wp","href":"https:\/\/api.w.org\/{rel}","templated":true}]}}