{"id":406879,"date":"2026-03-12T03:16:54","date_gmt":"2026-03-12T06:16:54","guid":{"rendered":"https:\/\/portaltela.pt\/noticias\/2026\/03\/12\/irao-centros-de-dados-tornam-se-novo-alvo-da-guerra-moderna\/"},"modified":"2026-03-12T03:16:54","modified_gmt":"2026-03-12T06:16:54","slug":"irao-centros-de-dados-tornam-se-novo-alvo-da-guerra-moderna","status":"publish","type":"post","link":"https:\/\/portaltela.pt\/tecnologia\/2026\/03\/12\/irao-centros-de-dados-tornam-se-novo-alvo-da-guerra-moderna\/","title":{"rendered":"Ir\u00e3o: centros de dados tornam-se novo alvo da guerra moderna"},"content":{"rendered":"<p>No Ir\u00e3o, centros de dados tornam-se alvo de ataques enquanto a guerra moderna alarga o seu per\u00edmetro. Dois centros da Amazon nos Emirados \u00c1rabes Unidos foram atingidos por drones em 1 de mar\u00e7o, e um terceiro, no Bar\u00e9m, sofreu danos por detritos de uma explos\u00e3o nas proximidades. A reivindica\u00e7\u00e3o veio do IRGC, que afirmou visar o papel destas infraestruturas no apoio \u00e0s atividades militares do inimigo.<\/p>\n<p>A not\u00edcia aponta para uma poss\u00edvel escalada, com especialistas a destacar que estes podem ser alguns dos primeiros ataques f\u00edsicos a este tipo de instala\u00e7\u00e3o. Os centros de dados sustentam desde servi\u00e7os banc\u00e1rios at\u00e9 nuvens e plataformas de IA, tornando-os alvos estrat\u00e9gicos por causa da capacidade de processamento que oferecem.<\/p>\n<p>Em 11 de mar\u00e7o, decorreram perturba\u00e7\u00f5es para servi\u00e7os da AWS nos Emirados \u00c1rabes Unidos e no Bar\u00e9m, ap\u00f3s os incidentes. A Amazon n\u00e3o comentou de forma adicional, remetendo para um comunicado anterior e para a Euronews Next.<\/p>\n<h3>Contexto e implica\u00e7\u00f5es<\/h3>\n<p>Vincent Boulanin, do SIPRI, diz que \u00e9 prov\u00e1vel que estes centros venham a ser visados no futuro, dada a import\u00e2ncia para IA, computa\u00e7\u00e3o e liga\u00e7\u00f5es de alta velocidade. Listados como infraestruturas cr\u00edticas, pesam pela sua presen\u00e7a em opera\u00e7\u00f5es nacionais de IA e defesa.<\/p>\n<p>Analistas apontam que grandes tecnol\u00f3gicas com hiperscala, como Microsoft, Google Cloud e AWS, poder\u00e3o ser mais vulner\u00e1veis a ataques a\u00e9reos. Centros de dados com milhares de servidores ocupam vastas \u00e1reas e respondem por significativas capacidades de processamento de dados.<\/p>\n<h3>Prote\u00e7\u00e3o e medidas<\/h3>\n<p>A prote\u00e7\u00e3o f\u00edsica das grandes unidades \u00e9 robusta em solo, com vigil\u00e2ncia, cercas e sistemas de dete\u00e7\u00e3o. No entanto, o risco de ataques a\u00e9reos por parte de estados n\u00e3o era totalmente considerado anteriormente, segundo especialistas.<\/p>\n<p>A Amazon descreve zonas de disponibilidade para reduzir o impacto de desastres. Mesmo diante de um ataque com drones, a ideia \u00e9 migrar parte do processamento para outras infraestruturas da regi\u00e3o, mantendo a continuidade de servi\u00e7os.<\/p>\n<h3>Reformas e cen\u00e1rios futuros<\/h3>\n<p>Especialistas sugerem refor\u00e7ar defesas, incluindo a possibilidade de classificar centros de dados como infraestrutura cr\u00edtica sob prote\u00e7\u00e3o de defesa antim\u00edssil. Outra via \u00e9 instalar recetores antia\u00e9reos estrat\u00e9gicos junto \u00e0s instala\u00e7\u00f5es.<\/p>\n<p>O debate inclui tamb\u00e9m a possibilidade de a\u00e7\u00f5es legais entre Estados, em caso de ataques em contexto de conflito, e o estudo de medidas transversais para manter a resili\u00eancia de redes de IA e nuvens no M\u00e9dio Oriente.<\/p>\n<h3>Perspetivas para o mercado<\/h3>\n<p>Antes dos ataques, o mercado de centros de dados nos Emirados \u00c1rabes Unidos previa crescimento expressivo, com investimentos de IA norte-americana a impulsionar o setor. Cerca de 35 centros operavam na regi\u00e3o, com uma quota significativa de grandes instala\u00e7\u00f5es.<\/p>\n<p>O impacto a longo prazo poder\u00e1 incluir maior cautela de investidores e poss\u00edveis altera\u00e7\u00f5es nas prioridades de implementa\u00e7\u00e3o de IA e computa\u00e7\u00e3o em nuvem na regi\u00e3o, conforme avaliadas por analistas. As empresas de IA n\u00e3o comentaram de imediato sobre altera\u00e7\u00f5es de estrat\u00e9gia.<\/p>\n<p>As autoridades e as empresas continuam sem coment\u00e1rios adicionais sobre os incidentes, mantendo o foco na prote\u00e7\u00e3o de infraestruturas cr\u00edticas e na continuidade dos servi\u00e7os de dados essenciais.<\/p>\n","protected":false},"excerpt":{"rendered":"<ul>\n<li>Centros de dados nos Emirados \u00c1rabes Unidos foram atingidos por ataques com drones em um de mar\u00e7o; um terceiro centro, no Bar\u00e9m, foi danificado por detritos de explos\u00f5es nas proximidades.<\/li>\n<li>O Corpo de Guardas Revolucion\u00e1ria Isl\u00e2mica do Ir\u00e3o reivindicou a responsabilidade, dizendo que visavam identificar o papel destes centros no apoio a atividades militares e de informa\u00e7\u00f5es do inimigo.<\/li>\n<li>Analistas dizem que estes podem ser alguns dos primeiros ataques f\u00edsicos a centros de dados, que suportam aplica\u00e7\u00f5es banc\u00e1rias, servi\u00e7os na cloud e plataformas de IA.<\/li>\n<li>A Amazon indicou que, em um de mar\u00e7o, v\u00e1rios servi\u00e7os nos Emirados \u00c1rabes Unidos e no Bar\u00e9m estavam indispon\u00edveis ou com perturba\u00e7\u00f5es.<\/li>\n<li>Especialistas defendem que os centros de dados s\u00e3o infraestruturas cr\u00edticas para IA e tecnologia, e discutem formas de refor\u00e7ar defesas ou estabelecer acordos legais para proteg\u00ea-los em contextos de guerra.<\/li>\n<\/ul>\n","protected":false},"author":2,"featured_media":406883,"comment_status":"closed","ping_status":"closed","sticky":false,"template":"","format":"standard","meta":{"footnotes":""},"categories":[6716],"tags":[2085,28,258,51,4536,153],"class_list":["post-406879","post","type-post","status-publish","format-standard","has-post-thumbnail","hentry","category-tecnologia","tag-computacao-em-nuvem","tag-economia","tag-infraestruturas","tag-inteligencia-artificial","tag-seguranca","tag-tecnologia"],"yoast_head":"<!-- This site is optimized with the Yoast SEO plugin v27.2 - https:\/\/yoast.com\/product\/yoast-seo-wordpress\/ -->\n<title>Ir\u00e3o: centros de dados tornam-se novo alvo da guerra moderna - Portal Tela Portugal<\/title>\n<meta name=\"robots\" content=\"index, follow, max-snippet:-1, max-image-preview:large, max-video-preview:-1\" \/>\n<meta property=\"og:locale\" content=\"pt_PT\" \/>\n<meta property=\"og:type\" content=\"article\" \/>\n<meta property=\"og:title\" content=\"Ir\u00e3o: centros de dados tornam-se novo alvo da guerra moderna - Portal Tela Portugal\" \/>\n<meta property=\"og:description\" content=\"Centros de dados nos Emirados \u00c1rabes Unidos foram atingidos por ataques com drones em um de mar\u00e7o; um terceiro centro, no Bar\u00e9m, foi danificado por detritos de explos\u00f5es nas proximidades. O Corpo de Guardas Revolucion\u00e1ria Isl\u00e2mica do Ir\u00e3o reivindicou a responsabilidade, dizendo que visavam identificar o papel destes centros no apoio a atividades militares e de informa\u00e7\u00f5es do inimigo. Analistas dizem que estes podem ser alguns dos primeiros ataques f\u00edsicos a centros de dados, que suportam aplica\u00e7\u00f5es banc\u00e1rias, servi\u00e7os na cloud e plataformas de IA. A Amazon indicou que, em um de mar\u00e7o, v\u00e1rios servi\u00e7os nos Emirados \u00c1rabes Unidos e no Bar\u00e9m estavam indispon\u00edveis ou com perturba\u00e7\u00f5es. Especialistas defendem que os centros de dados s\u00e3o infraestruturas cr\u00edticas para IA e tecnologia, e discutem formas de refor\u00e7ar defesas ou estabelecer acordos legais para proteg\u00ea-los em contextos de guerra.\" \/>\n<meta property=\"og:url\" content=\"https:\/\/portaltela.pt\/noticias\/2026\/03\/12\/irao-centros-de-dados-tornam-se-novo-alvo-da-guerra-moderna\/\" \/>\n<meta property=\"og:site_name\" content=\"Portal Tela Portugal\" \/>\n<meta property=\"article:published_time\" content=\"2026-03-12T06:16:54+00:00\" \/>\n<meta name=\"author\" content=\"Telinha\" \/>\n<meta name=\"twitter:card\" content=\"summary_large_image\" \/>\n<meta name=\"twitter:label1\" content=\"Escrito por\" \/>\n\t<meta name=\"twitter:data1\" content=\"Telinha\" \/>\n\t<meta name=\"twitter:label2\" content=\"Tempo estimado de leitura\" \/>\n\t<meta name=\"twitter:data2\" content=\"3 minutos\" \/>\n<script type=\"application\/ld+json\" class=\"yoast-schema-graph\">{\"@context\":\"https:\/\/schema.org\",\"@graph\":[{\"@type\":\"Article\",\"@id\":\"https:\/\/portaltela.pt\/noticias\/2026\/03\/12\/irao-centros-de-dados-tornam-se-novo-alvo-da-guerra-moderna\/#article\",\"isPartOf\":{\"@id\":\"https:\/\/portaltela.pt\/noticias\/2026\/03\/12\/irao-centros-de-dados-tornam-se-novo-alvo-da-guerra-moderna\/\"},\"author\":{\"name\":\"Telinha\",\"@id\":\"https:\/\/portaltela.pt\/#\/schema\/person\/c4278d4a6028830caff9ee44b42d32ed\"},\"headline\":\"Ir\u00e3o: centros de dados tornam-se novo alvo da guerra moderna\",\"datePublished\":\"2026-03-12T06:16:54+00:00\",\"mainEntityOfPage\":{\"@id\":\"https:\/\/portaltela.pt\/noticias\/2026\/03\/12\/irao-centros-de-dados-tornam-se-novo-alvo-da-guerra-moderna\/\"},\"wordCount\":567,\"image\":{\"@id\":\"https:\/\/portaltela.pt\/noticias\/2026\/03\/12\/irao-centros-de-dados-tornam-se-novo-alvo-da-guerra-moderna\/#primaryimage\"},\"thumbnailUrl\":\"https:\/\/portaltela.pt\/s.01k8rhncp4jt1\/2026\/03\/1536x864_cmsv2_4bf559ed-c934-53f6-8a76-f0ccc3c97d8a-9682297.jpg\",\"keywords\":[\"computa\u00e7\u00e3o em nuvem\",\"economia\",\"infraestruturas\",\"intelig\u00eancia artificial\",\"seguran\u00e7a\",\"tecnologia\"],\"articleSection\":[\"Tecnologia\"],\"inLanguage\":\"pt-PT\"},{\"@type\":\"WebPage\",\"@id\":\"https:\/\/portaltela.pt\/noticias\/2026\/03\/12\/irao-centros-de-dados-tornam-se-novo-alvo-da-guerra-moderna\/\",\"url\":\"https:\/\/portaltela.pt\/noticias\/2026\/03\/12\/irao-centros-de-dados-tornam-se-novo-alvo-da-guerra-moderna\/\",\"name\":\"Ir\u00e3o: centros de dados tornam-se novo alvo da guerra moderna - Portal Tela Portugal\",\"isPartOf\":{\"@id\":\"https:\/\/portaltela.pt\/#website\"},\"primaryImageOfPage\":{\"@id\":\"https:\/\/portaltela.pt\/noticias\/2026\/03\/12\/irao-centros-de-dados-tornam-se-novo-alvo-da-guerra-moderna\/#primaryimage\"},\"image\":{\"@id\":\"https:\/\/portaltela.pt\/noticias\/2026\/03\/12\/irao-centros-de-dados-tornam-se-novo-alvo-da-guerra-moderna\/#primaryimage\"},\"thumbnailUrl\":\"https:\/\/portaltela.pt\/s.01k8rhncp4jt1\/2026\/03\/1536x864_cmsv2_4bf559ed-c934-53f6-8a76-f0ccc3c97d8a-9682297.jpg\",\"datePublished\":\"2026-03-12T06:16:54+00:00\",\"author\":{\"@id\":\"https:\/\/portaltela.pt\/#\/schema\/person\/c4278d4a6028830caff9ee44b42d32ed\"},\"breadcrumb\":{\"@id\":\"https:\/\/portaltela.pt\/noticias\/2026\/03\/12\/irao-centros-de-dados-tornam-se-novo-alvo-da-guerra-moderna\/#breadcrumb\"},\"inLanguage\":\"pt-PT\",\"potentialAction\":[{\"@type\":\"ReadAction\",\"target\":[\"https:\/\/portaltela.pt\/noticias\/2026\/03\/12\/irao-centros-de-dados-tornam-se-novo-alvo-da-guerra-moderna\/\"]}]},{\"@type\":\"ImageObject\",\"inLanguage\":\"pt-PT\",\"@id\":\"https:\/\/portaltela.pt\/noticias\/2026\/03\/12\/irao-centros-de-dados-tornam-se-novo-alvo-da-guerra-moderna\/#primaryimage\",\"url\":\"https:\/\/portaltela.pt\/s.01k8rhncp4jt1\/2026\/03\/1536x864_cmsv2_4bf559ed-c934-53f6-8a76-f0ccc3c97d8a-9682297.jpg\",\"contentUrl\":\"https:\/\/portaltela.pt\/s.01k8rhncp4jt1\/2026\/03\/1536x864_cmsv2_4bf559ed-c934-53f6-8a76-f0ccc3c97d8a-9682297.jpg\",\"width\":796,\"height\":448,\"caption\":\"P\u00f4r do sol atr\u00e1s de uma coluna de fumo que se ergue ap\u00f3s ataque militar dos EUA e de Israel em Teer\u00e3o, Ir\u00e3o, ter\u00e7a-feira, 3 de mar\u00e7o de 2026\"},{\"@type\":\"BreadcrumbList\",\"@id\":\"https:\/\/portaltela.pt\/noticias\/2026\/03\/12\/irao-centros-de-dados-tornam-se-novo-alvo-da-guerra-moderna\/#breadcrumb\",\"itemListElement\":[{\"@type\":\"ListItem\",\"position\":1,\"name\":\"In\u00edcio\",\"item\":\"https:\/\/portaltela.pt\/\"},{\"@type\":\"ListItem\",\"position\":2,\"name\":\"Ir\u00e3o: centros de dados tornam-se novo alvo da guerra moderna\"}]},{\"@type\":\"WebSite\",\"@id\":\"https:\/\/portaltela.pt\/#website\",\"url\":\"https:\/\/portaltela.pt\/\",\"name\":\"Portal Tela Portugal\",\"description\":\"\",\"potentialAction\":[{\"@type\":\"SearchAction\",\"target\":{\"@type\":\"EntryPoint\",\"urlTemplate\":\"https:\/\/portaltela.pt\/?s={search_term_string}\"},\"query-input\":{\"@type\":\"PropertyValueSpecification\",\"valueRequired\":true,\"valueName\":\"search_term_string\"}}],\"inLanguage\":\"pt-PT\"},{\"@type\":\"Person\",\"@id\":\"https:\/\/portaltela.pt\/#\/schema\/person\/c4278d4a6028830caff9ee44b42d32ed\",\"name\":\"Telinha\",\"image\":{\"@type\":\"ImageObject\",\"inLanguage\":\"pt-PT\",\"@id\":\"https:\/\/portaltela.pt\/s.01k8rhncp4jt1\/2025\/11\/talking-bot-125x125.png\",\"url\":\"https:\/\/portaltela.pt\/s.01k8rhncp4jt1\/2025\/11\/talking-bot-125x125.png\",\"contentUrl\":\"https:\/\/portaltela.pt\/s.01k8rhncp4jt1\/2025\/11\/talking-bot-125x125.png\",\"caption\":\"Telinha\"},\"sameAs\":[\"https:\/\/portaltela.pt\/\"],\"url\":\"https:\/\/portaltela.pt\/por\/367410592786\/\"}]}<\/script>\n<!-- \/ Yoast SEO plugin. -->","yoast_head_json":{"title":"Ir\u00e3o: centros de dados tornam-se novo alvo da guerra moderna - Portal Tela Portugal","robots":{"index":"index","follow":"follow","max-snippet":"max-snippet:-1","max-image-preview":"max-image-preview:large","max-video-preview":"max-video-preview:-1"},"og_locale":"pt_PT","og_type":"article","og_title":"Ir\u00e3o: centros de dados tornam-se novo alvo da guerra moderna - Portal Tela Portugal","og_description":"Centros de dados nos Emirados \u00c1rabes Unidos foram atingidos por ataques com drones em um de mar\u00e7o; um terceiro centro, no Bar\u00e9m, foi danificado por detritos de explos\u00f5es nas proximidades. O Corpo de Guardas Revolucion\u00e1ria Isl\u00e2mica do Ir\u00e3o reivindicou a responsabilidade, dizendo que visavam identificar o papel destes centros no apoio a atividades militares e de informa\u00e7\u00f5es do inimigo. Analistas dizem que estes podem ser alguns dos primeiros ataques f\u00edsicos a centros de dados, que suportam aplica\u00e7\u00f5es banc\u00e1rias, servi\u00e7os na cloud e plataformas de IA. A Amazon indicou que, em um de mar\u00e7o, v\u00e1rios servi\u00e7os nos Emirados \u00c1rabes Unidos e no Bar\u00e9m estavam indispon\u00edveis ou com perturba\u00e7\u00f5es. Especialistas defendem que os centros de dados s\u00e3o infraestruturas cr\u00edticas para IA e tecnologia, e discutem formas de refor\u00e7ar defesas ou estabelecer acordos legais para proteg\u00ea-los em contextos de guerra.","og_url":"https:\/\/portaltela.pt\/noticias\/2026\/03\/12\/irao-centros-de-dados-tornam-se-novo-alvo-da-guerra-moderna\/","og_site_name":"Portal Tela Portugal","article_published_time":"2026-03-12T06:16:54+00:00","author":"Telinha","twitter_card":"summary_large_image","twitter_misc":{"Escrito por":"Telinha","Tempo estimado de leitura":"3 minutos"},"schema":{"@context":"https:\/\/schema.org","@graph":[{"@type":"Article","@id":"https:\/\/portaltela.pt\/noticias\/2026\/03\/12\/irao-centros-de-dados-tornam-se-novo-alvo-da-guerra-moderna\/#article","isPartOf":{"@id":"https:\/\/portaltela.pt\/noticias\/2026\/03\/12\/irao-centros-de-dados-tornam-se-novo-alvo-da-guerra-moderna\/"},"author":{"name":"Telinha","@id":"https:\/\/portaltela.pt\/#\/schema\/person\/c4278d4a6028830caff9ee44b42d32ed"},"headline":"Ir\u00e3o: centros de dados tornam-se novo alvo da guerra moderna","datePublished":"2026-03-12T06:16:54+00:00","mainEntityOfPage":{"@id":"https:\/\/portaltela.pt\/noticias\/2026\/03\/12\/irao-centros-de-dados-tornam-se-novo-alvo-da-guerra-moderna\/"},"wordCount":567,"image":{"@id":"https:\/\/portaltela.pt\/noticias\/2026\/03\/12\/irao-centros-de-dados-tornam-se-novo-alvo-da-guerra-moderna\/#primaryimage"},"thumbnailUrl":"https:\/\/portaltela.pt\/s.01k8rhncp4jt1\/2026\/03\/1536x864_cmsv2_4bf559ed-c934-53f6-8a76-f0ccc3c97d8a-9682297.jpg","keywords":["computa\u00e7\u00e3o em nuvem","economia","infraestruturas","intelig\u00eancia artificial","seguran\u00e7a","tecnologia"],"articleSection":["Tecnologia"],"inLanguage":"pt-PT"},{"@type":"WebPage","@id":"https:\/\/portaltela.pt\/noticias\/2026\/03\/12\/irao-centros-de-dados-tornam-se-novo-alvo-da-guerra-moderna\/","url":"https:\/\/portaltela.pt\/noticias\/2026\/03\/12\/irao-centros-de-dados-tornam-se-novo-alvo-da-guerra-moderna\/","name":"Ir\u00e3o: centros de dados tornam-se novo alvo da guerra moderna - Portal Tela Portugal","isPartOf":{"@id":"https:\/\/portaltela.pt\/#website"},"primaryImageOfPage":{"@id":"https:\/\/portaltela.pt\/noticias\/2026\/03\/12\/irao-centros-de-dados-tornam-se-novo-alvo-da-guerra-moderna\/#primaryimage"},"image":{"@id":"https:\/\/portaltela.pt\/noticias\/2026\/03\/12\/irao-centros-de-dados-tornam-se-novo-alvo-da-guerra-moderna\/#primaryimage"},"thumbnailUrl":"https:\/\/portaltela.pt\/s.01k8rhncp4jt1\/2026\/03\/1536x864_cmsv2_4bf559ed-c934-53f6-8a76-f0ccc3c97d8a-9682297.jpg","datePublished":"2026-03-12T06:16:54+00:00","author":{"@id":"https:\/\/portaltela.pt\/#\/schema\/person\/c4278d4a6028830caff9ee44b42d32ed"},"breadcrumb":{"@id":"https:\/\/portaltela.pt\/noticias\/2026\/03\/12\/irao-centros-de-dados-tornam-se-novo-alvo-da-guerra-moderna\/#breadcrumb"},"inLanguage":"pt-PT","potentialAction":[{"@type":"ReadAction","target":["https:\/\/portaltela.pt\/noticias\/2026\/03\/12\/irao-centros-de-dados-tornam-se-novo-alvo-da-guerra-moderna\/"]}]},{"@type":"ImageObject","inLanguage":"pt-PT","@id":"https:\/\/portaltela.pt\/noticias\/2026\/03\/12\/irao-centros-de-dados-tornam-se-novo-alvo-da-guerra-moderna\/#primaryimage","url":"https:\/\/portaltela.pt\/s.01k8rhncp4jt1\/2026\/03\/1536x864_cmsv2_4bf559ed-c934-53f6-8a76-f0ccc3c97d8a-9682297.jpg","contentUrl":"https:\/\/portaltela.pt\/s.01k8rhncp4jt1\/2026\/03\/1536x864_cmsv2_4bf559ed-c934-53f6-8a76-f0ccc3c97d8a-9682297.jpg","width":796,"height":448,"caption":"P\u00f4r do sol atr\u00e1s de uma coluna de fumo que se ergue ap\u00f3s ataque militar dos EUA e de Israel em Teer\u00e3o, Ir\u00e3o, ter\u00e7a-feira, 3 de mar\u00e7o de 2026"},{"@type":"BreadcrumbList","@id":"https:\/\/portaltela.pt\/noticias\/2026\/03\/12\/irao-centros-de-dados-tornam-se-novo-alvo-da-guerra-moderna\/#breadcrumb","itemListElement":[{"@type":"ListItem","position":1,"name":"In\u00edcio","item":"https:\/\/portaltela.pt\/"},{"@type":"ListItem","position":2,"name":"Ir\u00e3o: centros de dados tornam-se novo alvo da guerra moderna"}]},{"@type":"WebSite","@id":"https:\/\/portaltela.pt\/#website","url":"https:\/\/portaltela.pt\/","name":"Portal Tela Portugal","description":"","potentialAction":[{"@type":"SearchAction","target":{"@type":"EntryPoint","urlTemplate":"https:\/\/portaltela.pt\/?s={search_term_string}"},"query-input":{"@type":"PropertyValueSpecification","valueRequired":true,"valueName":"search_term_string"}}],"inLanguage":"pt-PT"},{"@type":"Person","@id":"https:\/\/portaltela.pt\/#\/schema\/person\/c4278d4a6028830caff9ee44b42d32ed","name":"Telinha","image":{"@type":"ImageObject","inLanguage":"pt-PT","@id":"https:\/\/portaltela.pt\/s.01k8rhncp4jt1\/2025\/11\/talking-bot-125x125.png","url":"https:\/\/portaltela.pt\/s.01k8rhncp4jt1\/2025\/11\/talking-bot-125x125.png","contentUrl":"https:\/\/portaltela.pt\/s.01k8rhncp4jt1\/2025\/11\/talking-bot-125x125.png","caption":"Telinha"},"sameAs":["https:\/\/portaltela.pt\/"],"url":"https:\/\/portaltela.pt\/por\/367410592786\/"}]}},"_links":{"self":[{"href":"https:\/\/portaltela.pt\/api\/wp\/v2\/posts\/406879","targetHints":{"allow":["GET"]}}],"collection":[{"href":"https:\/\/portaltela.pt\/api\/wp\/v2\/posts"}],"about":[{"href":"https:\/\/portaltela.pt\/api\/wp\/v2\/types\/post"}],"author":[{"embeddable":true,"href":"https:\/\/portaltela.pt\/api\/wp\/v2\/users\/2"}],"replies":[{"embeddable":true,"href":"https:\/\/portaltela.pt\/api\/wp\/v2\/comments?post=406879"}],"version-history":[{"count":0,"href":"https:\/\/portaltela.pt\/api\/wp\/v2\/posts\/406879\/revisions"}],"wp:featuredmedia":[{"embeddable":true,"href":"https:\/\/portaltela.pt\/api\/wp\/v2\/media\/406883"}],"wp:attachment":[{"href":"https:\/\/portaltela.pt\/api\/wp\/v2\/media?parent=406879"}],"wp:term":[{"taxonomy":"category","embeddable":true,"href":"https:\/\/portaltela.pt\/api\/wp\/v2\/categories?post=406879"},{"taxonomy":"post_tag","embeddable":true,"href":"https:\/\/portaltela.pt\/api\/wp\/v2\/tags?post=406879"}],"curies":[{"name":"wp","href":"https:\/\/api.w.org\/{rel}","templated":true}]}}