{"id":406830,"date":"2026-03-11T22:30:00","date_gmt":"2026-03-12T01:30:00","guid":{"rendered":"https:\/\/portaltela.pt\/noticias\/2026\/03\/11\/mulher-fica-com-compressa-medica-esquecida-no-corpo-apos-parto\/"},"modified":"2026-03-11T22:30:00","modified_gmt":"2026-03-12T01:30:00","slug":"mulher-fica-com-compressa-medica-esquecida-no-corpo-apos-parto","status":"publish","type":"post","link":"https:\/\/portaltela.pt\/saude\/2026\/03\/11\/mulher-fica-com-compressa-medica-esquecida-no-corpo-apos-parto\/","title":{"rendered":"Mulher fica com compressa m\u00e9dica esquecida no corpo ap\u00f3s parto"},"content":{"rendered":"<p>Durante o parto, Neydjane Pinto, 25 anos, teve uma compressa vaginal deixada dentro do corpo por quatro dias. O nascimento ocorreu na sexta-feira passada, no Hospital Distrital de Santar\u00e9m, sem intercorr\u00eancias graves com o beb\u00e9.<\/p>\n<p>A paciente sofreu dores intensas, n\u00e3o se conseguia sentar nem urinar e teve febre. O parto ocorreu com a interven\u00e7\u00e3o de uma m\u00e9dica estagi\u00e1ria, sob supervis\u00e3o de um m\u00e9dico, e a sutura foi conclu\u00edda apenas pela manh\u00e3 por uma enfermeira que entrou na altura adequada.<\/p>\n<p>Foi-lhe prescrito apenas paracetamol e teve alta no domingo, dia 8, sem realiza\u00e7\u00e3o de exames. Em casa, no Cartaxo, as dores aumentaram e a febre manteve-se, dificultando tamb\u00e9m a amamenta\u00e7\u00e3o.<\/p>\n<p>Na ter\u00e7a-feira, 10, por volta das 14h, a mulher sentiu que ao fazer for\u00e7a para urinar saiu parte da compressa, que apresentava odor. O marido contactou o 112. Um socorrista aconselhou deslocar-se ao hospital por suspeita de infe\u00e7\u00e3o.<\/p>\n<p>O Hospital Distrital de Santar\u00e9m abriu um inqu\u00e9rito interno sobre o sucedido. A institui\u00e7\u00e3o n\u00e3o forneceu mais detalhes no momento sobre as causas ou medidas disciplinares. Neydjane reside em Portugal h\u00e1 tr\u00eas anos e \u00e9 brasileira.<\/p>\n","protected":false},"excerpt":{"rendered":"<ul>\n<li>Neydjane Pinto, 25 anos, deu \u00e0 luz no Hospital Distrital de Santar\u00e9m no dia seis, parto atribulado em que ficou uma compressa vaginal dentro do corpo durante quatro dias.<\/li>\n<li>Ap\u00f3s o parto, contou que sentia dores, n\u00e3o conseguia sentar e teve febre; recebeu alta no domingo oito apenas com prescri\u00e7\u00e3o de paracetamol, sem realiza\u00e7\u00e3o de exames.<\/li>\n<li>Em casa, no Cartaxo, as dores e a febre intensificaram-se; dificuldade para urinar e alimenta\u00e7\u00e3o afetada pelo atraso de leite foram relatadas.<\/li>\n<li>Na ter\u00e7a-feira, dia dez, por volta das 14h, ao fazer for\u00e7a para urinar saiu parte da compressa, com cheiro forte; o marido ligou para o 112 e o socorrista recomendou ir ao hospital por suspeita de infe\u00e7\u00e3o.<\/li>\n<li>A unidade de sa\u00fade abriu um inqu\u00e9rito sobre o caso.<\/li>\n<\/ul>\n","protected":false},"author":2,"featured_media":406833,"comment_status":"closed","ping_status":"closed","sticky":false,"template":"","format":"standard","meta":{"footnotes":""},"categories":[1,6745],"tags":[2696,3255,633,3166,2701,898],"class_list":["post-406830","post","type-post","status-publish","format-standard","has-post-thumbnail","hentry","category-noticias","category-saude","tag-cartaxo","tag-falhas-no-procedimento-de-alta-do-doente","tag-hospital","tag-infecao","tag-mulheres","tag-santarem"],"yoast_head":"<!-- This site is optimized with the Yoast SEO plugin v27.2 - https:\/\/yoast.com\/product\/yoast-seo-wordpress\/ -->\n<title>Mulher fica com compressa m\u00e9dica esquecida no corpo ap\u00f3s parto - Portal Tela Portugal<\/title>\n<meta name=\"robots\" content=\"index, follow, max-snippet:-1, max-image-preview:large, max-video-preview:-1\" \/>\n<meta property=\"og:locale\" content=\"pt_PT\" \/>\n<meta property=\"og:type\" content=\"article\" \/>\n<meta property=\"og:title\" content=\"Mulher fica com compressa m\u00e9dica esquecida no corpo ap\u00f3s parto - Portal Tela Portugal\" \/>\n<meta property=\"og:description\" content=\"Neydjane Pinto, 25 anos, deu \u00e0 luz no Hospital Distrital de Santar\u00e9m no dia seis, parto atribulado em que ficou uma compressa vaginal dentro do corpo durante quatro dias. Ap\u00f3s o parto, contou que sentia dores, n\u00e3o conseguia sentar e teve febre; recebeu alta no domingo oito apenas com prescri\u00e7\u00e3o de paracetamol, sem realiza\u00e7\u00e3o de exames. Em casa, no Cartaxo, as dores e a febre intensificaram-se; dificuldade para urinar e alimenta\u00e7\u00e3o afetada pelo atraso de leite foram relatadas. Na ter\u00e7a-feira, dia dez, por volta das 14h, ao fazer for\u00e7a para urinar saiu parte da compressa, com cheiro forte; o marido ligou para o 112 e o socorrista recomendou ir ao hospital por suspeita de infe\u00e7\u00e3o. A unidade de sa\u00fade abriu um inqu\u00e9rito sobre o caso.\" \/>\n<meta property=\"og:url\" content=\"https:\/\/portaltela.pt\/noticias\/2026\/03\/11\/mulher-fica-com-compressa-medica-esquecida-no-corpo-apos-parto\/\" \/>\n<meta property=\"og:site_name\" content=\"Portal Tela Portugal\" \/>\n<meta property=\"article:published_time\" content=\"2026-03-12T01:30:00+00:00\" \/>\n<meta name=\"author\" content=\"Telinha\" \/>\n<meta name=\"twitter:card\" content=\"summary_large_image\" \/>\n<meta name=\"twitter:label1\" content=\"Escrito por\" \/>\n\t<meta name=\"twitter:data1\" content=\"Telinha\" \/>\n\t<meta name=\"twitter:label2\" content=\"Tempo estimado de leitura\" \/>\n\t<meta name=\"twitter:data2\" content=\"1 minuto\" \/>\n<script type=\"application\/ld+json\" class=\"yoast-schema-graph\">{\"@context\":\"https:\/\/schema.org\",\"@graph\":[{\"@type\":\"Article\",\"@id\":\"https:\/\/portaltela.pt\/noticias\/2026\/03\/11\/mulher-fica-com-compressa-medica-esquecida-no-corpo-apos-parto\/#article\",\"isPartOf\":{\"@id\":\"https:\/\/portaltela.pt\/noticias\/2026\/03\/11\/mulher-fica-com-compressa-medica-esquecida-no-corpo-apos-parto\/\"},\"author\":{\"name\":\"Telinha\",\"@id\":\"https:\/\/portaltela.pt\/#\/schema\/person\/c4278d4a6028830caff9ee44b42d32ed\"},\"headline\":\"Mulher fica com compressa m\u00e9dica esquecida no corpo ap\u00f3s parto\",\"datePublished\":\"2026-03-12T01:30:00+00:00\",\"mainEntityOfPage\":{\"@id\":\"https:\/\/portaltela.pt\/noticias\/2026\/03\/11\/mulher-fica-com-compressa-medica-esquecida-no-corpo-apos-parto\/\"},\"wordCount\":211,\"image\":{\"@id\":\"https:\/\/portaltela.pt\/noticias\/2026\/03\/11\/mulher-fica-com-compressa-medica-esquecida-no-corpo-apos-parto\/#primaryimage\"},\"thumbnailUrl\":\"https:\/\/portaltela.pt\/s.01k8rhncp4jt1\/2026\/03\/img_1500x1000uu2026-03-11-19-29-47-2271805-im-639088613064314037.jpg\",\"keywords\":[\"Cartaxo\",\"falhas no procedimento de alta do doente\",\"hospital\",\"infe\u00e7\u00e3o\",\"Mulheres\",\"Santar\u00e9m\"],\"articleSection\":[\"Not\u00edcias\",\"Sa\u00fade\"],\"inLanguage\":\"pt-PT\"},{\"@type\":\"WebPage\",\"@id\":\"https:\/\/portaltela.pt\/noticias\/2026\/03\/11\/mulher-fica-com-compressa-medica-esquecida-no-corpo-apos-parto\/\",\"url\":\"https:\/\/portaltela.pt\/noticias\/2026\/03\/11\/mulher-fica-com-compressa-medica-esquecida-no-corpo-apos-parto\/\",\"name\":\"Mulher fica com compressa m\u00e9dica esquecida no corpo ap\u00f3s parto - Portal Tela Portugal\",\"isPartOf\":{\"@id\":\"https:\/\/portaltela.pt\/#website\"},\"primaryImageOfPage\":{\"@id\":\"https:\/\/portaltela.pt\/noticias\/2026\/03\/11\/mulher-fica-com-compressa-medica-esquecida-no-corpo-apos-parto\/#primaryimage\"},\"image\":{\"@id\":\"https:\/\/portaltela.pt\/noticias\/2026\/03\/11\/mulher-fica-com-compressa-medica-esquecida-no-corpo-apos-parto\/#primaryimage\"},\"thumbnailUrl\":\"https:\/\/portaltela.pt\/s.01k8rhncp4jt1\/2026\/03\/img_1500x1000uu2026-03-11-19-29-47-2271805-im-639088613064314037.jpg\",\"datePublished\":\"2026-03-12T01:30:00+00:00\",\"author\":{\"@id\":\"https:\/\/portaltela.pt\/#\/schema\/person\/c4278d4a6028830caff9ee44b42d32ed\"},\"breadcrumb\":{\"@id\":\"https:\/\/portaltela.pt\/noticias\/2026\/03\/11\/mulher-fica-com-compressa-medica-esquecida-no-corpo-apos-parto\/#breadcrumb\"},\"inLanguage\":\"pt-PT\",\"potentialAction\":[{\"@type\":\"ReadAction\",\"target\":[\"https:\/\/portaltela.pt\/noticias\/2026\/03\/11\/mulher-fica-com-compressa-medica-esquecida-no-corpo-apos-parto\/\"]}]},{\"@type\":\"ImageObject\",\"inLanguage\":\"pt-PT\",\"@id\":\"https:\/\/portaltela.pt\/noticias\/2026\/03\/11\/mulher-fica-com-compressa-medica-esquecida-no-corpo-apos-parto\/#primaryimage\",\"url\":\"https:\/\/portaltela.pt\/s.01k8rhncp4jt1\/2026\/03\/img_1500x1000uu2026-03-11-19-29-47-2271805-im-639088613064314037.jpg\",\"contentUrl\":\"https:\/\/portaltela.pt\/s.01k8rhncp4jt1\/2026\/03\/img_1500x1000uu2026-03-11-19-29-47-2271805-im-639088613064314037.jpg\",\"width\":796,\"height\":448,\"caption\":\"Neydjane ficou quatro dias com compressa no interior do corpo\"},{\"@type\":\"BreadcrumbList\",\"@id\":\"https:\/\/portaltela.pt\/noticias\/2026\/03\/11\/mulher-fica-com-compressa-medica-esquecida-no-corpo-apos-parto\/#breadcrumb\",\"itemListElement\":[{\"@type\":\"ListItem\",\"position\":1,\"name\":\"In\u00edcio\",\"item\":\"https:\/\/portaltela.pt\/\"},{\"@type\":\"ListItem\",\"position\":2,\"name\":\"Mulher fica com compressa m\u00e9dica esquecida no corpo ap\u00f3s parto\"}]},{\"@type\":\"WebSite\",\"@id\":\"https:\/\/portaltela.pt\/#website\",\"url\":\"https:\/\/portaltela.pt\/\",\"name\":\"Portal Tela Portugal\",\"description\":\"\",\"potentialAction\":[{\"@type\":\"SearchAction\",\"target\":{\"@type\":\"EntryPoint\",\"urlTemplate\":\"https:\/\/portaltela.pt\/?s={search_term_string}\"},\"query-input\":{\"@type\":\"PropertyValueSpecification\",\"valueRequired\":true,\"valueName\":\"search_term_string\"}}],\"inLanguage\":\"pt-PT\"},{\"@type\":\"Person\",\"@id\":\"https:\/\/portaltela.pt\/#\/schema\/person\/c4278d4a6028830caff9ee44b42d32ed\",\"name\":\"Telinha\",\"image\":{\"@type\":\"ImageObject\",\"inLanguage\":\"pt-PT\",\"@id\":\"https:\/\/portaltela.pt\/s.01k8rhncp4jt1\/2025\/11\/talking-bot-125x125.png\",\"url\":\"https:\/\/portaltela.pt\/s.01k8rhncp4jt1\/2025\/11\/talking-bot-125x125.png\",\"contentUrl\":\"https:\/\/portaltela.pt\/s.01k8rhncp4jt1\/2025\/11\/talking-bot-125x125.png\",\"caption\":\"Telinha\"},\"sameAs\":[\"https:\/\/portaltela.pt\/\"],\"url\":\"https:\/\/portaltela.pt\/por\/367410592786\/\"}]}<\/script>\n<!-- \/ Yoast SEO plugin. -->","yoast_head_json":{"title":"Mulher fica com compressa m\u00e9dica esquecida no corpo ap\u00f3s parto - Portal Tela Portugal","robots":{"index":"index","follow":"follow","max-snippet":"max-snippet:-1","max-image-preview":"max-image-preview:large","max-video-preview":"max-video-preview:-1"},"og_locale":"pt_PT","og_type":"article","og_title":"Mulher fica com compressa m\u00e9dica esquecida no corpo ap\u00f3s parto - Portal Tela Portugal","og_description":"Neydjane Pinto, 25 anos, deu \u00e0 luz no Hospital Distrital de Santar\u00e9m no dia seis, parto atribulado em que ficou uma compressa vaginal dentro do corpo durante quatro dias. Ap\u00f3s o parto, contou que sentia dores, n\u00e3o conseguia sentar e teve febre; recebeu alta no domingo oito apenas com prescri\u00e7\u00e3o de paracetamol, sem realiza\u00e7\u00e3o de exames. Em casa, no Cartaxo, as dores e a febre intensificaram-se; dificuldade para urinar e alimenta\u00e7\u00e3o afetada pelo atraso de leite foram relatadas. Na ter\u00e7a-feira, dia dez, por volta das 14h, ao fazer for\u00e7a para urinar saiu parte da compressa, com cheiro forte; o marido ligou para o 112 e o socorrista recomendou ir ao hospital por suspeita de infe\u00e7\u00e3o. A unidade de sa\u00fade abriu um inqu\u00e9rito sobre o caso.","og_url":"https:\/\/portaltela.pt\/noticias\/2026\/03\/11\/mulher-fica-com-compressa-medica-esquecida-no-corpo-apos-parto\/","og_site_name":"Portal Tela Portugal","article_published_time":"2026-03-12T01:30:00+00:00","author":"Telinha","twitter_card":"summary_large_image","twitter_misc":{"Escrito por":"Telinha","Tempo estimado de leitura":"1 minuto"},"schema":{"@context":"https:\/\/schema.org","@graph":[{"@type":"Article","@id":"https:\/\/portaltela.pt\/noticias\/2026\/03\/11\/mulher-fica-com-compressa-medica-esquecida-no-corpo-apos-parto\/#article","isPartOf":{"@id":"https:\/\/portaltela.pt\/noticias\/2026\/03\/11\/mulher-fica-com-compressa-medica-esquecida-no-corpo-apos-parto\/"},"author":{"name":"Telinha","@id":"https:\/\/portaltela.pt\/#\/schema\/person\/c4278d4a6028830caff9ee44b42d32ed"},"headline":"Mulher fica com compressa m\u00e9dica esquecida no corpo ap\u00f3s parto","datePublished":"2026-03-12T01:30:00+00:00","mainEntityOfPage":{"@id":"https:\/\/portaltela.pt\/noticias\/2026\/03\/11\/mulher-fica-com-compressa-medica-esquecida-no-corpo-apos-parto\/"},"wordCount":211,"image":{"@id":"https:\/\/portaltela.pt\/noticias\/2026\/03\/11\/mulher-fica-com-compressa-medica-esquecida-no-corpo-apos-parto\/#primaryimage"},"thumbnailUrl":"https:\/\/portaltela.pt\/s.01k8rhncp4jt1\/2026\/03\/img_1500x1000uu2026-03-11-19-29-47-2271805-im-639088613064314037.jpg","keywords":["Cartaxo","falhas no procedimento de alta do doente","hospital","infe\u00e7\u00e3o","Mulheres","Santar\u00e9m"],"articleSection":["Not\u00edcias","Sa\u00fade"],"inLanguage":"pt-PT"},{"@type":"WebPage","@id":"https:\/\/portaltela.pt\/noticias\/2026\/03\/11\/mulher-fica-com-compressa-medica-esquecida-no-corpo-apos-parto\/","url":"https:\/\/portaltela.pt\/noticias\/2026\/03\/11\/mulher-fica-com-compressa-medica-esquecida-no-corpo-apos-parto\/","name":"Mulher fica com compressa m\u00e9dica esquecida no corpo ap\u00f3s parto - Portal Tela Portugal","isPartOf":{"@id":"https:\/\/portaltela.pt\/#website"},"primaryImageOfPage":{"@id":"https:\/\/portaltela.pt\/noticias\/2026\/03\/11\/mulher-fica-com-compressa-medica-esquecida-no-corpo-apos-parto\/#primaryimage"},"image":{"@id":"https:\/\/portaltela.pt\/noticias\/2026\/03\/11\/mulher-fica-com-compressa-medica-esquecida-no-corpo-apos-parto\/#primaryimage"},"thumbnailUrl":"https:\/\/portaltela.pt\/s.01k8rhncp4jt1\/2026\/03\/img_1500x1000uu2026-03-11-19-29-47-2271805-im-639088613064314037.jpg","datePublished":"2026-03-12T01:30:00+00:00","author":{"@id":"https:\/\/portaltela.pt\/#\/schema\/person\/c4278d4a6028830caff9ee44b42d32ed"},"breadcrumb":{"@id":"https:\/\/portaltela.pt\/noticias\/2026\/03\/11\/mulher-fica-com-compressa-medica-esquecida-no-corpo-apos-parto\/#breadcrumb"},"inLanguage":"pt-PT","potentialAction":[{"@type":"ReadAction","target":["https:\/\/portaltela.pt\/noticias\/2026\/03\/11\/mulher-fica-com-compressa-medica-esquecida-no-corpo-apos-parto\/"]}]},{"@type":"ImageObject","inLanguage":"pt-PT","@id":"https:\/\/portaltela.pt\/noticias\/2026\/03\/11\/mulher-fica-com-compressa-medica-esquecida-no-corpo-apos-parto\/#primaryimage","url":"https:\/\/portaltela.pt\/s.01k8rhncp4jt1\/2026\/03\/img_1500x1000uu2026-03-11-19-29-47-2271805-im-639088613064314037.jpg","contentUrl":"https:\/\/portaltela.pt\/s.01k8rhncp4jt1\/2026\/03\/img_1500x1000uu2026-03-11-19-29-47-2271805-im-639088613064314037.jpg","width":796,"height":448,"caption":"Neydjane ficou quatro dias com compressa no interior do corpo"},{"@type":"BreadcrumbList","@id":"https:\/\/portaltela.pt\/noticias\/2026\/03\/11\/mulher-fica-com-compressa-medica-esquecida-no-corpo-apos-parto\/#breadcrumb","itemListElement":[{"@type":"ListItem","position":1,"name":"In\u00edcio","item":"https:\/\/portaltela.pt\/"},{"@type":"ListItem","position":2,"name":"Mulher fica com compressa m\u00e9dica esquecida no corpo ap\u00f3s parto"}]},{"@type":"WebSite","@id":"https:\/\/portaltela.pt\/#website","url":"https:\/\/portaltela.pt\/","name":"Portal Tela Portugal","description":"","potentialAction":[{"@type":"SearchAction","target":{"@type":"EntryPoint","urlTemplate":"https:\/\/portaltela.pt\/?s={search_term_string}"},"query-input":{"@type":"PropertyValueSpecification","valueRequired":true,"valueName":"search_term_string"}}],"inLanguage":"pt-PT"},{"@type":"Person","@id":"https:\/\/portaltela.pt\/#\/schema\/person\/c4278d4a6028830caff9ee44b42d32ed","name":"Telinha","image":{"@type":"ImageObject","inLanguage":"pt-PT","@id":"https:\/\/portaltela.pt\/s.01k8rhncp4jt1\/2025\/11\/talking-bot-125x125.png","url":"https:\/\/portaltela.pt\/s.01k8rhncp4jt1\/2025\/11\/talking-bot-125x125.png","contentUrl":"https:\/\/portaltela.pt\/s.01k8rhncp4jt1\/2025\/11\/talking-bot-125x125.png","caption":"Telinha"},"sameAs":["https:\/\/portaltela.pt\/"],"url":"https:\/\/portaltela.pt\/por\/367410592786\/"}]}},"_links":{"self":[{"href":"https:\/\/portaltela.pt\/api\/wp\/v2\/posts\/406830","targetHints":{"allow":["GET"]}}],"collection":[{"href":"https:\/\/portaltela.pt\/api\/wp\/v2\/posts"}],"about":[{"href":"https:\/\/portaltela.pt\/api\/wp\/v2\/types\/post"}],"author":[{"embeddable":true,"href":"https:\/\/portaltela.pt\/api\/wp\/v2\/users\/2"}],"replies":[{"embeddable":true,"href":"https:\/\/portaltela.pt\/api\/wp\/v2\/comments?post=406830"}],"version-history":[{"count":0,"href":"https:\/\/portaltela.pt\/api\/wp\/v2\/posts\/406830\/revisions"}],"wp:featuredmedia":[{"embeddable":true,"href":"https:\/\/portaltela.pt\/api\/wp\/v2\/media\/406833"}],"wp:attachment":[{"href":"https:\/\/portaltela.pt\/api\/wp\/v2\/media?parent=406830"}],"wp:term":[{"taxonomy":"category","embeddable":true,"href":"https:\/\/portaltela.pt\/api\/wp\/v2\/categories?post=406830"},{"taxonomy":"post_tag","embeddable":true,"href":"https:\/\/portaltela.pt\/api\/wp\/v2\/tags?post=406830"}],"curies":[{"name":"wp","href":"https:\/\/api.w.org\/{rel}","templated":true}]}}