{"id":406827,"date":"2026-03-11T22:30:00","date_gmt":"2026-03-12T01:30:00","guid":{"rendered":"https:\/\/portaltela.pt\/noticias\/2026\/03\/11\/europa-pretende-regular-ia-na-criacao-autoral\/"},"modified":"2026-03-11T22:30:00","modified_gmt":"2026-03-12T01:30:00","slug":"europa-pretende-regular-ia-na-criacao-autoral","status":"publish","type":"post","link":"https:\/\/portaltela.pt\/noticias\/2026\/03\/11\/europa-pretende-regular-ia-na-criacao-autoral\/","title":{"rendered":"Europa pretende regular IA na cria\u00e7\u00e3o autoral"},"content":{"rendered":"<p>O Parlamento Europeu aprovou um pacote de medidas para proteger o setor criativo na Uni\u00e3o Europeia do uso de obras protegidas por sistemas de intelig\u00eancia artificial (IA). A decis\u00e3o visa assegurar remunera\u00e7\u00e3o justa pelos conte\u00fados usados para treinar IA e aumentar a transpar\u00eancia no processamento de dados.<\/p>\n<p>O grupo de eurodeputados defende que o treino de IA com conte\u00fados protegidos deve envolver pagamento aos titulares de direitos. O objetivo \u00e9 salvaguardar o setor criativo, respons\u00e1vel por 6,9% do PIB da UE, atrav\u00e9s de regras claras de licenciamento e de registos de dados.<\/p>\n<p>Tamb\u00e9m se prev\u00ea a cria\u00e7\u00e3o de um novo mercado de licenciamento. O mecanismo de presun\u00e7\u00e3o dever\u00e1 garantir remunera\u00e7\u00e3o adequada e resolver efeitos de substitui\u00e7\u00e3o injusta decorrentes de obras geradas por IA.<\/p>\n<p>Em Portugal, o presidente da Sociedade Portuguesa de Autores, Jos\u00e9 Jorge Letria, reagiu positivamente. Afirmou que a proposta alinha-se com solicita\u00e7\u00f5es anteriores e pediu \u00e0 Comiss\u00e3o Europeia que atue para travar abusos da IA e integre as normas no ordenamento jur\u00eddico portugu\u00eas.<\/p>\n<p>Os eurodeputados aprovam uma delibera\u00e7\u00e3o com 460 votos a favor, 71 contra e 88 absten\u00e7\u00f5es. Mant\u00eam ainda que conte\u00fados inteiramente gerados por IA n\u00e3o devem ser protegidos por direitos de autor e que \u00e9 essencial proteger cidad\u00e3os contra conte\u00fados manipulados ou falsos criados pela IA.<\/p>\n<h3>Contexto e pr\u00f3ximos passos<\/h3>\n<p>O Parlamento Europeu prop\u00f5e regras que se aplicariam independentemente de onde os sistemas de IA tenham sido treinados. A transpar\u00eancia passaria por listas detalhadas de obras usadas no treino e registos de atividades de recolha de dados. O cumprimento pode envolver a\u00e7\u00f5es judiciais e medidas punitivas.<\/p>\n","protected":false},"excerpt":{"rendered":"<ul>\n<li>O Parlamento Europeu aprovou um conjunto de medidas para proteger o setor criativo da Uni\u00e3o Europeia do uso de obras protegidas por sistemas de intelig\u00eancia artificial.<\/li>\n<li>Os eurodeputados defendem que o treino de IA com conte\u00fados protegidos por direitos de autor seja remunerado de forma justa, apontando para a import\u00e2ncia do setor criativo, que representa seis v\u00edrgula nove por cento do PIB da UE.<\/li>\n<li>Prop\u00f5em transpar\u00eancia total, com listas detalhadas de obras usadas no treino e registos de recolha de dados, independentemente de onde os sistemas foram treinados.<\/li>\n<li>A falta dessas informa\u00e7\u00f5es pode ser considerada viola\u00e7\u00e3o de direitos de autor, sujeita a a\u00e7\u00e3o jur\u00eddica e medidas punitivas; visam criar um novo mercado de licenciamento atrav\u00e9s de um mecanismo de presun\u00e7\u00e3o.<\/li>\n<li>Conte\u00fados gerados exclusivamente por IA n\u00e3o deveriam ter prote\u00e7\u00e3o de direitos de autor, e os cidad\u00e3os devem estar protegidos contra conte\u00fados manipulados ou falsos criados por IA; o resultado da vota\u00e7\u00e3o foi de 460 votos a favor, 71 contra e 88 absten\u00e7\u00f5es.<\/li>\n<\/ul>\n","protected":false},"author":2,"featured_media":406832,"comment_status":"closed","ping_status":"closed","sticky":false,"template":"","format":"standard","meta":{"footnotes":""},"categories":[1],"tags":[6177,51,5706,3562,240,6641],"class_list":["post-406827","post","type-post","status-publish","format-standard","has-post-thumbnail","hentry","category-noticias","tag-direitos-de-propriedade","tag-inteligencia-artificial","tag-licenciamentos","tag-privacidade","tag-propriedade-intelectual","tag-protecao-de-dados"],"yoast_head":"<!-- This site is optimized with the Yoast SEO plugin v27.2 - https:\/\/yoast.com\/product\/yoast-seo-wordpress\/ -->\n<title>Europa pretende regular IA na cria\u00e7\u00e3o autoral - Portal Tela Portugal<\/title>\n<meta name=\"robots\" content=\"index, follow, max-snippet:-1, max-image-preview:large, max-video-preview:-1\" \/>\n<meta property=\"og:locale\" content=\"pt_PT\" \/>\n<meta property=\"og:type\" content=\"article\" \/>\n<meta property=\"og:title\" content=\"Europa pretende regular IA na cria\u00e7\u00e3o autoral - Portal Tela Portugal\" \/>\n<meta property=\"og:description\" content=\"O Parlamento Europeu aprovou um conjunto de medidas para proteger o setor criativo da Uni\u00e3o Europeia do uso de obras protegidas por sistemas de intelig\u00eancia artificial. Os eurodeputados defendem que o treino de IA com conte\u00fados protegidos por direitos de autor seja remunerado de forma justa, apontando para a import\u00e2ncia do setor criativo, que representa seis v\u00edrgula nove por cento do PIB da UE. Prop\u00f5em transpar\u00eancia total, com listas detalhadas de obras usadas no treino e registos de recolha de dados, independentemente de onde os sistemas foram treinados. A falta dessas informa\u00e7\u00f5es pode ser considerada viola\u00e7\u00e3o de direitos de autor, sujeita a a\u00e7\u00e3o jur\u00eddica e medidas punitivas; visam criar um novo mercado de licenciamento atrav\u00e9s de um mecanismo de presun\u00e7\u00e3o. Conte\u00fados gerados exclusivamente por IA n\u00e3o deveriam ter prote\u00e7\u00e3o de direitos de autor, e os cidad\u00e3os devem estar protegidos contra conte\u00fados manipulados ou falsos criados por IA; o resultado da vota\u00e7\u00e3o foi de 460 votos a favor, 71 contra e 88 absten\u00e7\u00f5es.\" \/>\n<meta property=\"og:url\" content=\"https:\/\/portaltela.pt\/noticias\/2026\/03\/11\/europa-pretende-regular-ia-na-criacao-autoral\/\" \/>\n<meta property=\"og:site_name\" content=\"Portal Tela Portugal\" \/>\n<meta property=\"article:published_time\" content=\"2026-03-12T01:30:00+00:00\" \/>\n<meta name=\"author\" content=\"Telinha\" \/>\n<meta name=\"twitter:card\" content=\"summary_large_image\" \/>\n<meta name=\"twitter:label1\" content=\"Escrito por\" \/>\n\t<meta name=\"twitter:data1\" content=\"Telinha\" \/>\n\t<meta name=\"twitter:label2\" content=\"Tempo estimado de leitura\" \/>\n\t<meta name=\"twitter:data2\" content=\"1 minuto\" \/>\n<script type=\"application\/ld+json\" class=\"yoast-schema-graph\">{\"@context\":\"https:\/\/schema.org\",\"@graph\":[{\"@type\":\"Article\",\"@id\":\"https:\/\/portaltela.pt\/noticias\/2026\/03\/11\/europa-pretende-regular-ia-na-criacao-autoral\/#article\",\"isPartOf\":{\"@id\":\"https:\/\/portaltela.pt\/noticias\/2026\/03\/11\/europa-pretende-regular-ia-na-criacao-autoral\/\"},\"author\":{\"name\":\"Telinha\",\"@id\":\"https:\/\/portaltela.pt\/#\/schema\/person\/c4278d4a6028830caff9ee44b42d32ed\"},\"headline\":\"Europa pretende regular IA na cria\u00e7\u00e3o autoral\",\"datePublished\":\"2026-03-12T01:30:00+00:00\",\"mainEntityOfPage\":{\"@id\":\"https:\/\/portaltela.pt\/noticias\/2026\/03\/11\/europa-pretende-regular-ia-na-criacao-autoral\/\"},\"wordCount\":290,\"image\":{\"@id\":\"https:\/\/portaltela.pt\/noticias\/2026\/03\/11\/europa-pretende-regular-ia-na-criacao-autoral\/#primaryimage\"},\"thumbnailUrl\":\"https:\/\/portaltela.pt\/s.01k8rhncp4jt1\/2026\/03\/img_1500x1000uu2026-03-11-23-43-26-2271867.jpg\",\"keywords\":[\"direitos de propriedade\",\"intelig\u00eancia artificial\",\"licenciamentos\",\"privacidade\",\"propriedade intelectual\",\"prote\u00e7\u00e3o de dados\"],\"articleSection\":[\"Not\u00edcias\"],\"inLanguage\":\"pt-PT\"},{\"@type\":\"WebPage\",\"@id\":\"https:\/\/portaltela.pt\/noticias\/2026\/03\/11\/europa-pretende-regular-ia-na-criacao-autoral\/\",\"url\":\"https:\/\/portaltela.pt\/noticias\/2026\/03\/11\/europa-pretende-regular-ia-na-criacao-autoral\/\",\"name\":\"Europa pretende regular IA na cria\u00e7\u00e3o autoral - Portal Tela Portugal\",\"isPartOf\":{\"@id\":\"https:\/\/portaltela.pt\/#website\"},\"primaryImageOfPage\":{\"@id\":\"https:\/\/portaltela.pt\/noticias\/2026\/03\/11\/europa-pretende-regular-ia-na-criacao-autoral\/#primaryimage\"},\"image\":{\"@id\":\"https:\/\/portaltela.pt\/noticias\/2026\/03\/11\/europa-pretende-regular-ia-na-criacao-autoral\/#primaryimage\"},\"thumbnailUrl\":\"https:\/\/portaltela.pt\/s.01k8rhncp4jt1\/2026\/03\/img_1500x1000uu2026-03-11-23-43-26-2271867.jpg\",\"datePublished\":\"2026-03-12T01:30:00+00:00\",\"author\":{\"@id\":\"https:\/\/portaltela.pt\/#\/schema\/person\/c4278d4a6028830caff9ee44b42d32ed\"},\"breadcrumb\":{\"@id\":\"https:\/\/portaltela.pt\/noticias\/2026\/03\/11\/europa-pretende-regular-ia-na-criacao-autoral\/#breadcrumb\"},\"inLanguage\":\"pt-PT\",\"potentialAction\":[{\"@type\":\"ReadAction\",\"target\":[\"https:\/\/portaltela.pt\/noticias\/2026\/03\/11\/europa-pretende-regular-ia-na-criacao-autoral\/\"]}]},{\"@type\":\"ImageObject\",\"inLanguage\":\"pt-PT\",\"@id\":\"https:\/\/portaltela.pt\/noticias\/2026\/03\/11\/europa-pretende-regular-ia-na-criacao-autoral\/#primaryimage\",\"url\":\"https:\/\/portaltela.pt\/s.01k8rhncp4jt1\/2026\/03\/img_1500x1000uu2026-03-11-23-43-26-2271867.jpg\",\"contentUrl\":\"https:\/\/portaltela.pt\/s.01k8rhncp4jt1\/2026\/03\/img_1500x1000uu2026-03-11-23-43-26-2271867.jpg\",\"width\":796,\"height\":448,\"caption\":\"Aprovado pacote de medidas para proteger setor criativo na Uni\u00e3o Europeia do uso de obras protegidas por sistemas de IA\"},{\"@type\":\"BreadcrumbList\",\"@id\":\"https:\/\/portaltela.pt\/noticias\/2026\/03\/11\/europa-pretende-regular-ia-na-criacao-autoral\/#breadcrumb\",\"itemListElement\":[{\"@type\":\"ListItem\",\"position\":1,\"name\":\"In\u00edcio\",\"item\":\"https:\/\/portaltela.pt\/\"},{\"@type\":\"ListItem\",\"position\":2,\"name\":\"Europa pretende regular IA na cria\u00e7\u00e3o autoral\"}]},{\"@type\":\"WebSite\",\"@id\":\"https:\/\/portaltela.pt\/#website\",\"url\":\"https:\/\/portaltela.pt\/\",\"name\":\"Portal Tela Portugal\",\"description\":\"\",\"potentialAction\":[{\"@type\":\"SearchAction\",\"target\":{\"@type\":\"EntryPoint\",\"urlTemplate\":\"https:\/\/portaltela.pt\/?s={search_term_string}\"},\"query-input\":{\"@type\":\"PropertyValueSpecification\",\"valueRequired\":true,\"valueName\":\"search_term_string\"}}],\"inLanguage\":\"pt-PT\"},{\"@type\":\"Person\",\"@id\":\"https:\/\/portaltela.pt\/#\/schema\/person\/c4278d4a6028830caff9ee44b42d32ed\",\"name\":\"Telinha\",\"image\":{\"@type\":\"ImageObject\",\"inLanguage\":\"pt-PT\",\"@id\":\"https:\/\/portaltela.pt\/s.01k8rhncp4jt1\/2025\/11\/talking-bot-125x125.png\",\"url\":\"https:\/\/portaltela.pt\/s.01k8rhncp4jt1\/2025\/11\/talking-bot-125x125.png\",\"contentUrl\":\"https:\/\/portaltela.pt\/s.01k8rhncp4jt1\/2025\/11\/talking-bot-125x125.png\",\"caption\":\"Telinha\"},\"sameAs\":[\"https:\/\/portaltela.pt\/\"],\"url\":\"https:\/\/portaltela.pt\/por\/367410592786\/\"}]}<\/script>\n<!-- \/ Yoast SEO plugin. -->","yoast_head_json":{"title":"Europa pretende regular IA na cria\u00e7\u00e3o autoral - Portal Tela Portugal","robots":{"index":"index","follow":"follow","max-snippet":"max-snippet:-1","max-image-preview":"max-image-preview:large","max-video-preview":"max-video-preview:-1"},"og_locale":"pt_PT","og_type":"article","og_title":"Europa pretende regular IA na cria\u00e7\u00e3o autoral - Portal Tela Portugal","og_description":"O Parlamento Europeu aprovou um conjunto de medidas para proteger o setor criativo da Uni\u00e3o Europeia do uso de obras protegidas por sistemas de intelig\u00eancia artificial. Os eurodeputados defendem que o treino de IA com conte\u00fados protegidos por direitos de autor seja remunerado de forma justa, apontando para a import\u00e2ncia do setor criativo, que representa seis v\u00edrgula nove por cento do PIB da UE. Prop\u00f5em transpar\u00eancia total, com listas detalhadas de obras usadas no treino e registos de recolha de dados, independentemente de onde os sistemas foram treinados. A falta dessas informa\u00e7\u00f5es pode ser considerada viola\u00e7\u00e3o de direitos de autor, sujeita a a\u00e7\u00e3o jur\u00eddica e medidas punitivas; visam criar um novo mercado de licenciamento atrav\u00e9s de um mecanismo de presun\u00e7\u00e3o. Conte\u00fados gerados exclusivamente por IA n\u00e3o deveriam ter prote\u00e7\u00e3o de direitos de autor, e os cidad\u00e3os devem estar protegidos contra conte\u00fados manipulados ou falsos criados por IA; o resultado da vota\u00e7\u00e3o foi de 460 votos a favor, 71 contra e 88 absten\u00e7\u00f5es.","og_url":"https:\/\/portaltela.pt\/noticias\/2026\/03\/11\/europa-pretende-regular-ia-na-criacao-autoral\/","og_site_name":"Portal Tela Portugal","article_published_time":"2026-03-12T01:30:00+00:00","author":"Telinha","twitter_card":"summary_large_image","twitter_misc":{"Escrito por":"Telinha","Tempo estimado de leitura":"1 minuto"},"schema":{"@context":"https:\/\/schema.org","@graph":[{"@type":"Article","@id":"https:\/\/portaltela.pt\/noticias\/2026\/03\/11\/europa-pretende-regular-ia-na-criacao-autoral\/#article","isPartOf":{"@id":"https:\/\/portaltela.pt\/noticias\/2026\/03\/11\/europa-pretende-regular-ia-na-criacao-autoral\/"},"author":{"name":"Telinha","@id":"https:\/\/portaltela.pt\/#\/schema\/person\/c4278d4a6028830caff9ee44b42d32ed"},"headline":"Europa pretende regular IA na cria\u00e7\u00e3o autoral","datePublished":"2026-03-12T01:30:00+00:00","mainEntityOfPage":{"@id":"https:\/\/portaltela.pt\/noticias\/2026\/03\/11\/europa-pretende-regular-ia-na-criacao-autoral\/"},"wordCount":290,"image":{"@id":"https:\/\/portaltela.pt\/noticias\/2026\/03\/11\/europa-pretende-regular-ia-na-criacao-autoral\/#primaryimage"},"thumbnailUrl":"https:\/\/portaltela.pt\/s.01k8rhncp4jt1\/2026\/03\/img_1500x1000uu2026-03-11-23-43-26-2271867.jpg","keywords":["direitos de propriedade","intelig\u00eancia artificial","licenciamentos","privacidade","propriedade intelectual","prote\u00e7\u00e3o de dados"],"articleSection":["Not\u00edcias"],"inLanguage":"pt-PT"},{"@type":"WebPage","@id":"https:\/\/portaltela.pt\/noticias\/2026\/03\/11\/europa-pretende-regular-ia-na-criacao-autoral\/","url":"https:\/\/portaltela.pt\/noticias\/2026\/03\/11\/europa-pretende-regular-ia-na-criacao-autoral\/","name":"Europa pretende regular IA na cria\u00e7\u00e3o autoral - Portal Tela Portugal","isPartOf":{"@id":"https:\/\/portaltela.pt\/#website"},"primaryImageOfPage":{"@id":"https:\/\/portaltela.pt\/noticias\/2026\/03\/11\/europa-pretende-regular-ia-na-criacao-autoral\/#primaryimage"},"image":{"@id":"https:\/\/portaltela.pt\/noticias\/2026\/03\/11\/europa-pretende-regular-ia-na-criacao-autoral\/#primaryimage"},"thumbnailUrl":"https:\/\/portaltela.pt\/s.01k8rhncp4jt1\/2026\/03\/img_1500x1000uu2026-03-11-23-43-26-2271867.jpg","datePublished":"2026-03-12T01:30:00+00:00","author":{"@id":"https:\/\/portaltela.pt\/#\/schema\/person\/c4278d4a6028830caff9ee44b42d32ed"},"breadcrumb":{"@id":"https:\/\/portaltela.pt\/noticias\/2026\/03\/11\/europa-pretende-regular-ia-na-criacao-autoral\/#breadcrumb"},"inLanguage":"pt-PT","potentialAction":[{"@type":"ReadAction","target":["https:\/\/portaltela.pt\/noticias\/2026\/03\/11\/europa-pretende-regular-ia-na-criacao-autoral\/"]}]},{"@type":"ImageObject","inLanguage":"pt-PT","@id":"https:\/\/portaltela.pt\/noticias\/2026\/03\/11\/europa-pretende-regular-ia-na-criacao-autoral\/#primaryimage","url":"https:\/\/portaltela.pt\/s.01k8rhncp4jt1\/2026\/03\/img_1500x1000uu2026-03-11-23-43-26-2271867.jpg","contentUrl":"https:\/\/portaltela.pt\/s.01k8rhncp4jt1\/2026\/03\/img_1500x1000uu2026-03-11-23-43-26-2271867.jpg","width":796,"height":448,"caption":"Aprovado pacote de medidas para proteger setor criativo na Uni\u00e3o Europeia do uso de obras protegidas por sistemas de IA"},{"@type":"BreadcrumbList","@id":"https:\/\/portaltela.pt\/noticias\/2026\/03\/11\/europa-pretende-regular-ia-na-criacao-autoral\/#breadcrumb","itemListElement":[{"@type":"ListItem","position":1,"name":"In\u00edcio","item":"https:\/\/portaltela.pt\/"},{"@type":"ListItem","position":2,"name":"Europa pretende regular IA na cria\u00e7\u00e3o autoral"}]},{"@type":"WebSite","@id":"https:\/\/portaltela.pt\/#website","url":"https:\/\/portaltela.pt\/","name":"Portal Tela Portugal","description":"","potentialAction":[{"@type":"SearchAction","target":{"@type":"EntryPoint","urlTemplate":"https:\/\/portaltela.pt\/?s={search_term_string}"},"query-input":{"@type":"PropertyValueSpecification","valueRequired":true,"valueName":"search_term_string"}}],"inLanguage":"pt-PT"},{"@type":"Person","@id":"https:\/\/portaltela.pt\/#\/schema\/person\/c4278d4a6028830caff9ee44b42d32ed","name":"Telinha","image":{"@type":"ImageObject","inLanguage":"pt-PT","@id":"https:\/\/portaltela.pt\/s.01k8rhncp4jt1\/2025\/11\/talking-bot-125x125.png","url":"https:\/\/portaltela.pt\/s.01k8rhncp4jt1\/2025\/11\/talking-bot-125x125.png","contentUrl":"https:\/\/portaltela.pt\/s.01k8rhncp4jt1\/2025\/11\/talking-bot-125x125.png","caption":"Telinha"},"sameAs":["https:\/\/portaltela.pt\/"],"url":"https:\/\/portaltela.pt\/por\/367410592786\/"}]}},"_links":{"self":[{"href":"https:\/\/portaltela.pt\/api\/wp\/v2\/posts\/406827","targetHints":{"allow":["GET"]}}],"collection":[{"href":"https:\/\/portaltela.pt\/api\/wp\/v2\/posts"}],"about":[{"href":"https:\/\/portaltela.pt\/api\/wp\/v2\/types\/post"}],"author":[{"embeddable":true,"href":"https:\/\/portaltela.pt\/api\/wp\/v2\/users\/2"}],"replies":[{"embeddable":true,"href":"https:\/\/portaltela.pt\/api\/wp\/v2\/comments?post=406827"}],"version-history":[{"count":0,"href":"https:\/\/portaltela.pt\/api\/wp\/v2\/posts\/406827\/revisions"}],"wp:featuredmedia":[{"embeddable":true,"href":"https:\/\/portaltela.pt\/api\/wp\/v2\/media\/406832"}],"wp:attachment":[{"href":"https:\/\/portaltela.pt\/api\/wp\/v2\/media?parent=406827"}],"wp:term":[{"taxonomy":"category","embeddable":true,"href":"https:\/\/portaltela.pt\/api\/wp\/v2\/categories?post=406827"},{"taxonomy":"post_tag","embeddable":true,"href":"https:\/\/portaltela.pt\/api\/wp\/v2\/tags?post=406827"}],"curies":[{"name":"wp","href":"https:\/\/api.w.org\/{rel}","templated":true}]}}