{"id":406811,"date":"2026-03-11T22:30:00","date_gmt":"2026-03-12T01:30:00","guid":{"rendered":"https:\/\/portaltela.pt\/noticias\/2026\/03\/11\/reparacao-do-litoral-ate-a-epoca-balnear-custa-15-milhoes-de-euros\/"},"modified":"2026-03-11T22:30:00","modified_gmt":"2026-03-12T01:30:00","slug":"reparacao-do-litoral-ate-a-epoca-balnear-custa-15-milhoes-de-euros","status":"publish","type":"post","link":"https:\/\/portaltela.pt\/noticias\/2026\/03\/11\/reparacao-do-litoral-ate-a-epoca-balnear-custa-15-milhoes-de-euros\/","title":{"rendered":"Repara\u00e7\u00e3o do litoral at\u00e9 \u00e0 \u00e9poca balnear custa 15 milh\u00f5es de euros"},"content":{"rendered":"<p>A Ag\u00eancia Portuguesa do Ambiente (APA) anunciou um plano de repara\u00e7\u00e3o da orla costeira ap\u00f3s os estragos do mau tempo. Ser\u00e3o investidos 15 milh\u00f5es de euros com car\u00e1cter de urg\u00eancia at\u00e9 maio, a prop\u00f3sito da \u00e9poca balnear. Ao todo, a APA prev\u00ea gastar 111 milh\u00f5es de euros para reparar toda a costa continental at\u00e9 2028.<\/p>\n<p>A informa\u00e7\u00e3o foi apresentada numa sess\u00e3o realizada no Porto, com o presidente da APA, Jos\u00e9 Pimenta Machado, a explicar que as obras v\u00e3o decorrer em v\u00e1rias vertentes. As interven\u00e7\u00f5es mais urgentes concentram-se na regi\u00e3o centro (Ovar, Vagos e Figueira da Foz), para reparar acessos e limpar detritos. Mais a sul, na zona do Tejo e Oeste, ser\u00e3o reabilitadas as obras de prote\u00e7\u00e3o costeira.<\/p>\n<p>A linha de a\u00e7\u00e3o atual inclui 18 interven\u00e7\u00f5es j\u00e1 avaliadas em 63 milh\u00f5es de euros. Segundo a APA, o conjunto de tempestades entre 22 de janeiro e 8 de fevereiro provocou 749 ocorr\u00eancias ao longo da orla costeira, com recuos da linha de costa entre 10 e 20 metros em alguns locais. Destas situa\u00e7\u00f5es, 571 danos foram registados em 147 pontos.<\/p>\n<p>Celso Aleixo Pinto, chefe da divis\u00e3o de Monitoriza\u00e7\u00e3o Costeira e Risco da APA, alertou para o risco de novas tempestades piorarem a situa\u00e7\u00e3o. O processo de recupera\u00e7\u00e3o morfol\u00f3gica das praias dever\u00e1 decorrer de forma lenta e gradual.<\/p>\n","protected":false},"excerpt":{"rendered":"<ul>\n<li>A APA apresentou um plano de repara\u00e7\u00e3o da orla costeira com 15 milh\u00f5es de euros at\u00e9 maio, em car\u00e1ter de urg\u00eancia, e um total de 111 milh\u00f5es de euros at\u00e9 2028.<\/li>\n<li>As obras v\u00e3o ser executadas em v\u00e1rias frentes: no centro (Ovar, Vagos e Figueira da Foz) com interven\u00e7\u00f5es de acesso e limpeza de detritos, e no Tejo e Oeste com refor\u00e7o de obras de prote\u00e7\u00e3o costeira.<\/li>\n<li>Atualmente est\u00e3o em curso dezoito interven\u00e7\u00f5es avaliadas em 63 milh\u00f5es de euros.<\/li>\n<li>Entre 22 de janeiro e 8 de fevereiro, o mau tempo provocou 749 ocorr\u00eancias na orla costeira, com recuos de costa de 10 a 20 metros em alguns locais e 571 danos repartidos por 147 locais.<\/li>\n<li>A APA avisa que novas tempestades podem agravar a situa\u00e7\u00e3o, e a recupera\u00e7\u00e3o morfol\u00f3gica das praias dever\u00e1 ser lenta e gradual.<\/li>\n<\/ul>\n","protected":false},"author":2,"featured_media":406812,"comment_status":"closed","ping_status":"closed","sticky":false,"template":"","format":"standard","meta":{"footnotes":""},"categories":[6725,1],"tags":[167,1417,45,3210,2408,4900],"class_list":["post-406811","post","type-post","status-publish","format-standard","has-post-thumbnail","hentry","category-meio-ambiente","category-noticias","tag-ambiente","tag-figueira-da-foz","tag-meio-ambiente","tag-ovar","tag-tejo","tag-vagos"],"yoast_head":"<!-- This site is optimized with the Yoast SEO plugin v27.2 - https:\/\/yoast.com\/product\/yoast-seo-wordpress\/ -->\n<title>Repara\u00e7\u00e3o do litoral at\u00e9 \u00e0 \u00e9poca balnear custa 15 milh\u00f5es de euros - Portal Tela Portugal<\/title>\n<meta name=\"robots\" content=\"index, follow, max-snippet:-1, max-image-preview:large, max-video-preview:-1\" \/>\n<meta property=\"og:locale\" content=\"pt_PT\" \/>\n<meta property=\"og:type\" content=\"article\" \/>\n<meta property=\"og:title\" content=\"Repara\u00e7\u00e3o do litoral at\u00e9 \u00e0 \u00e9poca balnear custa 15 milh\u00f5es de euros - Portal Tela Portugal\" \/>\n<meta property=\"og:description\" content=\"A APA apresentou um plano de repara\u00e7\u00e3o da orla costeira com 15 milh\u00f5es de euros at\u00e9 maio, em car\u00e1ter de urg\u00eancia, e um total de 111 milh\u00f5es de euros at\u00e9 2028. As obras v\u00e3o ser executadas em v\u00e1rias frentes: no centro (Ovar, Vagos e Figueira da Foz) com interven\u00e7\u00f5es de acesso e limpeza de detritos, e no Tejo e Oeste com refor\u00e7o de obras de prote\u00e7\u00e3o costeira. Atualmente est\u00e3o em curso dezoito interven\u00e7\u00f5es avaliadas em 63 milh\u00f5es de euros. Entre 22 de janeiro e 8 de fevereiro, o mau tempo provocou 749 ocorr\u00eancias na orla costeira, com recuos de costa de 10 a 20 metros em alguns locais e 571 danos repartidos por 147 locais. A APA avisa que novas tempestades podem agravar a situa\u00e7\u00e3o, e a recupera\u00e7\u00e3o morfol\u00f3gica das praias dever\u00e1 ser lenta e gradual.\" \/>\n<meta property=\"og:url\" content=\"https:\/\/portaltela.pt\/noticias\/2026\/03\/11\/reparacao-do-litoral-ate-a-epoca-balnear-custa-15-milhoes-de-euros\/\" \/>\n<meta property=\"og:site_name\" content=\"Portal Tela Portugal\" \/>\n<meta property=\"article:published_time\" content=\"2026-03-12T01:30:00+00:00\" \/>\n<meta name=\"author\" content=\"Telinha\" \/>\n<meta name=\"twitter:card\" content=\"summary_large_image\" \/>\n<meta name=\"twitter:label1\" content=\"Escrito por\" \/>\n\t<meta name=\"twitter:data1\" content=\"Telinha\" \/>\n\t<meta name=\"twitter:label2\" content=\"Tempo estimado de leitura\" \/>\n\t<meta name=\"twitter:data2\" content=\"1 minuto\" \/>\n<script type=\"application\/ld+json\" class=\"yoast-schema-graph\">{\"@context\":\"https:\/\/schema.org\",\"@graph\":[{\"@type\":\"Article\",\"@id\":\"https:\/\/portaltela.pt\/noticias\/2026\/03\/11\/reparacao-do-litoral-ate-a-epoca-balnear-custa-15-milhoes-de-euros\/#article\",\"isPartOf\":{\"@id\":\"https:\/\/portaltela.pt\/noticias\/2026\/03\/11\/reparacao-do-litoral-ate-a-epoca-balnear-custa-15-milhoes-de-euros\/\"},\"author\":{\"name\":\"Telinha\",\"@id\":\"https:\/\/portaltela.pt\/#\/schema\/person\/c4278d4a6028830caff9ee44b42d32ed\"},\"headline\":\"Repara\u00e7\u00e3o do litoral at\u00e9 \u00e0 \u00e9poca balnear custa 15 milh\u00f5es de euros\",\"datePublished\":\"2026-03-12T01:30:00+00:00\",\"mainEntityOfPage\":{\"@id\":\"https:\/\/portaltela.pt\/noticias\/2026\/03\/11\/reparacao-do-litoral-ate-a-epoca-balnear-custa-15-milhoes-de-euros\/\"},\"wordCount\":243,\"image\":{\"@id\":\"https:\/\/portaltela.pt\/noticias\/2026\/03\/11\/reparacao-do-litoral-ate-a-epoca-balnear-custa-15-milhoes-de-euros\/#primaryimage\"},\"thumbnailUrl\":\"https:\/\/portaltela.pt\/s.01k8rhncp4jt1\/2026\/03\/img_1500x1000uu2026-03-11-18-36-45-2271781.jpg\",\"keywords\":[\"ambiente\",\"Figueira da Foz\",\"meio-ambiente\",\"Ovar\",\"Tejo\",\"Vagos\"],\"articleSection\":[\"Meio Ambiente\",\"Not\u00edcias\"],\"inLanguage\":\"pt-PT\"},{\"@type\":\"WebPage\",\"@id\":\"https:\/\/portaltela.pt\/noticias\/2026\/03\/11\/reparacao-do-litoral-ate-a-epoca-balnear-custa-15-milhoes-de-euros\/\",\"url\":\"https:\/\/portaltela.pt\/noticias\/2026\/03\/11\/reparacao-do-litoral-ate-a-epoca-balnear-custa-15-milhoes-de-euros\/\",\"name\":\"Repara\u00e7\u00e3o do litoral at\u00e9 \u00e0 \u00e9poca balnear custa 15 milh\u00f5es de euros - Portal Tela Portugal\",\"isPartOf\":{\"@id\":\"https:\/\/portaltela.pt\/#website\"},\"primaryImageOfPage\":{\"@id\":\"https:\/\/portaltela.pt\/noticias\/2026\/03\/11\/reparacao-do-litoral-ate-a-epoca-balnear-custa-15-milhoes-de-euros\/#primaryimage\"},\"image\":{\"@id\":\"https:\/\/portaltela.pt\/noticias\/2026\/03\/11\/reparacao-do-litoral-ate-a-epoca-balnear-custa-15-milhoes-de-euros\/#primaryimage\"},\"thumbnailUrl\":\"https:\/\/portaltela.pt\/s.01k8rhncp4jt1\/2026\/03\/img_1500x1000uu2026-03-11-18-36-45-2271781.jpg\",\"datePublished\":\"2026-03-12T01:30:00+00:00\",\"author\":{\"@id\":\"https:\/\/portaltela.pt\/#\/schema\/person\/c4278d4a6028830caff9ee44b42d32ed\"},\"breadcrumb\":{\"@id\":\"https:\/\/portaltela.pt\/noticias\/2026\/03\/11\/reparacao-do-litoral-ate-a-epoca-balnear-custa-15-milhoes-de-euros\/#breadcrumb\"},\"inLanguage\":\"pt-PT\",\"potentialAction\":[{\"@type\":\"ReadAction\",\"target\":[\"https:\/\/portaltela.pt\/noticias\/2026\/03\/11\/reparacao-do-litoral-ate-a-epoca-balnear-custa-15-milhoes-de-euros\/\"]}]},{\"@type\":\"ImageObject\",\"inLanguage\":\"pt-PT\",\"@id\":\"https:\/\/portaltela.pt\/noticias\/2026\/03\/11\/reparacao-do-litoral-ate-a-epoca-balnear-custa-15-milhoes-de-euros\/#primaryimage\",\"url\":\"https:\/\/portaltela.pt\/s.01k8rhncp4jt1\/2026\/03\/img_1500x1000uu2026-03-11-18-36-45-2271781.jpg\",\"contentUrl\":\"https:\/\/portaltela.pt\/s.01k8rhncp4jt1\/2026\/03\/img_1500x1000uu2026-03-11-18-36-45-2271781.jpg\",\"width\":796,\"height\":448,\"caption\":\"Tempestades danificam edif\u00edcios e praias, com custos de repara\u00e7\u00e3o estimados em milh\u00f5es de euros\"},{\"@type\":\"BreadcrumbList\",\"@id\":\"https:\/\/portaltela.pt\/noticias\/2026\/03\/11\/reparacao-do-litoral-ate-a-epoca-balnear-custa-15-milhoes-de-euros\/#breadcrumb\",\"itemListElement\":[{\"@type\":\"ListItem\",\"position\":1,\"name\":\"In\u00edcio\",\"item\":\"https:\/\/portaltela.pt\/\"},{\"@type\":\"ListItem\",\"position\":2,\"name\":\"Repara\u00e7\u00e3o do litoral at\u00e9 \u00e0 \u00e9poca balnear custa 15 milh\u00f5es de euros\"}]},{\"@type\":\"WebSite\",\"@id\":\"https:\/\/portaltela.pt\/#website\",\"url\":\"https:\/\/portaltela.pt\/\",\"name\":\"Portal Tela Portugal\",\"description\":\"\",\"potentialAction\":[{\"@type\":\"SearchAction\",\"target\":{\"@type\":\"EntryPoint\",\"urlTemplate\":\"https:\/\/portaltela.pt\/?s={search_term_string}\"},\"query-input\":{\"@type\":\"PropertyValueSpecification\",\"valueRequired\":true,\"valueName\":\"search_term_string\"}}],\"inLanguage\":\"pt-PT\"},{\"@type\":\"Person\",\"@id\":\"https:\/\/portaltela.pt\/#\/schema\/person\/c4278d4a6028830caff9ee44b42d32ed\",\"name\":\"Telinha\",\"image\":{\"@type\":\"ImageObject\",\"inLanguage\":\"pt-PT\",\"@id\":\"https:\/\/portaltela.pt\/s.01k8rhncp4jt1\/2025\/11\/talking-bot-125x125.png\",\"url\":\"https:\/\/portaltela.pt\/s.01k8rhncp4jt1\/2025\/11\/talking-bot-125x125.png\",\"contentUrl\":\"https:\/\/portaltela.pt\/s.01k8rhncp4jt1\/2025\/11\/talking-bot-125x125.png\",\"caption\":\"Telinha\"},\"sameAs\":[\"https:\/\/portaltela.pt\/\"],\"url\":\"https:\/\/portaltela.pt\/por\/367410592786\/\"}]}<\/script>\n<!-- \/ Yoast SEO plugin. -->","yoast_head_json":{"title":"Repara\u00e7\u00e3o do litoral at\u00e9 \u00e0 \u00e9poca balnear custa 15 milh\u00f5es de euros - Portal Tela Portugal","robots":{"index":"index","follow":"follow","max-snippet":"max-snippet:-1","max-image-preview":"max-image-preview:large","max-video-preview":"max-video-preview:-1"},"og_locale":"pt_PT","og_type":"article","og_title":"Repara\u00e7\u00e3o do litoral at\u00e9 \u00e0 \u00e9poca balnear custa 15 milh\u00f5es de euros - Portal Tela Portugal","og_description":"A APA apresentou um plano de repara\u00e7\u00e3o da orla costeira com 15 milh\u00f5es de euros at\u00e9 maio, em car\u00e1ter de urg\u00eancia, e um total de 111 milh\u00f5es de euros at\u00e9 2028. As obras v\u00e3o ser executadas em v\u00e1rias frentes: no centro (Ovar, Vagos e Figueira da Foz) com interven\u00e7\u00f5es de acesso e limpeza de detritos, e no Tejo e Oeste com refor\u00e7o de obras de prote\u00e7\u00e3o costeira. Atualmente est\u00e3o em curso dezoito interven\u00e7\u00f5es avaliadas em 63 milh\u00f5es de euros. Entre 22 de janeiro e 8 de fevereiro, o mau tempo provocou 749 ocorr\u00eancias na orla costeira, com recuos de costa de 10 a 20 metros em alguns locais e 571 danos repartidos por 147 locais. A APA avisa que novas tempestades podem agravar a situa\u00e7\u00e3o, e a recupera\u00e7\u00e3o morfol\u00f3gica das praias dever\u00e1 ser lenta e gradual.","og_url":"https:\/\/portaltela.pt\/noticias\/2026\/03\/11\/reparacao-do-litoral-ate-a-epoca-balnear-custa-15-milhoes-de-euros\/","og_site_name":"Portal Tela Portugal","article_published_time":"2026-03-12T01:30:00+00:00","author":"Telinha","twitter_card":"summary_large_image","twitter_misc":{"Escrito por":"Telinha","Tempo estimado de leitura":"1 minuto"},"schema":{"@context":"https:\/\/schema.org","@graph":[{"@type":"Article","@id":"https:\/\/portaltela.pt\/noticias\/2026\/03\/11\/reparacao-do-litoral-ate-a-epoca-balnear-custa-15-milhoes-de-euros\/#article","isPartOf":{"@id":"https:\/\/portaltela.pt\/noticias\/2026\/03\/11\/reparacao-do-litoral-ate-a-epoca-balnear-custa-15-milhoes-de-euros\/"},"author":{"name":"Telinha","@id":"https:\/\/portaltela.pt\/#\/schema\/person\/c4278d4a6028830caff9ee44b42d32ed"},"headline":"Repara\u00e7\u00e3o do litoral at\u00e9 \u00e0 \u00e9poca balnear custa 15 milh\u00f5es de euros","datePublished":"2026-03-12T01:30:00+00:00","mainEntityOfPage":{"@id":"https:\/\/portaltela.pt\/noticias\/2026\/03\/11\/reparacao-do-litoral-ate-a-epoca-balnear-custa-15-milhoes-de-euros\/"},"wordCount":243,"image":{"@id":"https:\/\/portaltela.pt\/noticias\/2026\/03\/11\/reparacao-do-litoral-ate-a-epoca-balnear-custa-15-milhoes-de-euros\/#primaryimage"},"thumbnailUrl":"https:\/\/portaltela.pt\/s.01k8rhncp4jt1\/2026\/03\/img_1500x1000uu2026-03-11-18-36-45-2271781.jpg","keywords":["ambiente","Figueira da Foz","meio-ambiente","Ovar","Tejo","Vagos"],"articleSection":["Meio Ambiente","Not\u00edcias"],"inLanguage":"pt-PT"},{"@type":"WebPage","@id":"https:\/\/portaltela.pt\/noticias\/2026\/03\/11\/reparacao-do-litoral-ate-a-epoca-balnear-custa-15-milhoes-de-euros\/","url":"https:\/\/portaltela.pt\/noticias\/2026\/03\/11\/reparacao-do-litoral-ate-a-epoca-balnear-custa-15-milhoes-de-euros\/","name":"Repara\u00e7\u00e3o do litoral at\u00e9 \u00e0 \u00e9poca balnear custa 15 milh\u00f5es de euros - Portal Tela Portugal","isPartOf":{"@id":"https:\/\/portaltela.pt\/#website"},"primaryImageOfPage":{"@id":"https:\/\/portaltela.pt\/noticias\/2026\/03\/11\/reparacao-do-litoral-ate-a-epoca-balnear-custa-15-milhoes-de-euros\/#primaryimage"},"image":{"@id":"https:\/\/portaltela.pt\/noticias\/2026\/03\/11\/reparacao-do-litoral-ate-a-epoca-balnear-custa-15-milhoes-de-euros\/#primaryimage"},"thumbnailUrl":"https:\/\/portaltela.pt\/s.01k8rhncp4jt1\/2026\/03\/img_1500x1000uu2026-03-11-18-36-45-2271781.jpg","datePublished":"2026-03-12T01:30:00+00:00","author":{"@id":"https:\/\/portaltela.pt\/#\/schema\/person\/c4278d4a6028830caff9ee44b42d32ed"},"breadcrumb":{"@id":"https:\/\/portaltela.pt\/noticias\/2026\/03\/11\/reparacao-do-litoral-ate-a-epoca-balnear-custa-15-milhoes-de-euros\/#breadcrumb"},"inLanguage":"pt-PT","potentialAction":[{"@type":"ReadAction","target":["https:\/\/portaltela.pt\/noticias\/2026\/03\/11\/reparacao-do-litoral-ate-a-epoca-balnear-custa-15-milhoes-de-euros\/"]}]},{"@type":"ImageObject","inLanguage":"pt-PT","@id":"https:\/\/portaltela.pt\/noticias\/2026\/03\/11\/reparacao-do-litoral-ate-a-epoca-balnear-custa-15-milhoes-de-euros\/#primaryimage","url":"https:\/\/portaltela.pt\/s.01k8rhncp4jt1\/2026\/03\/img_1500x1000uu2026-03-11-18-36-45-2271781.jpg","contentUrl":"https:\/\/portaltela.pt\/s.01k8rhncp4jt1\/2026\/03\/img_1500x1000uu2026-03-11-18-36-45-2271781.jpg","width":796,"height":448,"caption":"Tempestades danificam edif\u00edcios e praias, com custos de repara\u00e7\u00e3o estimados em milh\u00f5es de euros"},{"@type":"BreadcrumbList","@id":"https:\/\/portaltela.pt\/noticias\/2026\/03\/11\/reparacao-do-litoral-ate-a-epoca-balnear-custa-15-milhoes-de-euros\/#breadcrumb","itemListElement":[{"@type":"ListItem","position":1,"name":"In\u00edcio","item":"https:\/\/portaltela.pt\/"},{"@type":"ListItem","position":2,"name":"Repara\u00e7\u00e3o do litoral at\u00e9 \u00e0 \u00e9poca balnear custa 15 milh\u00f5es de euros"}]},{"@type":"WebSite","@id":"https:\/\/portaltela.pt\/#website","url":"https:\/\/portaltela.pt\/","name":"Portal Tela Portugal","description":"","potentialAction":[{"@type":"SearchAction","target":{"@type":"EntryPoint","urlTemplate":"https:\/\/portaltela.pt\/?s={search_term_string}"},"query-input":{"@type":"PropertyValueSpecification","valueRequired":true,"valueName":"search_term_string"}}],"inLanguage":"pt-PT"},{"@type":"Person","@id":"https:\/\/portaltela.pt\/#\/schema\/person\/c4278d4a6028830caff9ee44b42d32ed","name":"Telinha","image":{"@type":"ImageObject","inLanguage":"pt-PT","@id":"https:\/\/portaltela.pt\/s.01k8rhncp4jt1\/2025\/11\/talking-bot-125x125.png","url":"https:\/\/portaltela.pt\/s.01k8rhncp4jt1\/2025\/11\/talking-bot-125x125.png","contentUrl":"https:\/\/portaltela.pt\/s.01k8rhncp4jt1\/2025\/11\/talking-bot-125x125.png","caption":"Telinha"},"sameAs":["https:\/\/portaltela.pt\/"],"url":"https:\/\/portaltela.pt\/por\/367410592786\/"}]}},"_links":{"self":[{"href":"https:\/\/portaltela.pt\/api\/wp\/v2\/posts\/406811","targetHints":{"allow":["GET"]}}],"collection":[{"href":"https:\/\/portaltela.pt\/api\/wp\/v2\/posts"}],"about":[{"href":"https:\/\/portaltela.pt\/api\/wp\/v2\/types\/post"}],"author":[{"embeddable":true,"href":"https:\/\/portaltela.pt\/api\/wp\/v2\/users\/2"}],"replies":[{"embeddable":true,"href":"https:\/\/portaltela.pt\/api\/wp\/v2\/comments?post=406811"}],"version-history":[{"count":0,"href":"https:\/\/portaltela.pt\/api\/wp\/v2\/posts\/406811\/revisions"}],"wp:featuredmedia":[{"embeddable":true,"href":"https:\/\/portaltela.pt\/api\/wp\/v2\/media\/406812"}],"wp:attachment":[{"href":"https:\/\/portaltela.pt\/api\/wp\/v2\/media?parent=406811"}],"wp:term":[{"taxonomy":"category","embeddable":true,"href":"https:\/\/portaltela.pt\/api\/wp\/v2\/categories?post=406811"},{"taxonomy":"post_tag","embeddable":true,"href":"https:\/\/portaltela.pt\/api\/wp\/v2\/tags?post=406811"}],"curies":[{"name":"wp","href":"https:\/\/api.w.org\/{rel}","templated":true}]}}