{"id":406806,"date":"2026-03-11T22:30:00","date_gmt":"2026-03-12T01:30:00","guid":{"rendered":"https:\/\/portaltela.pt\/noticias\/2026\/03\/11\/curdos-do-irao-prontos-para-enfrentar-o-regime\/"},"modified":"2026-03-11T22:30:00","modified_gmt":"2026-03-12T01:30:00","slug":"curdos-do-irao-prontos-para-enfrentar-o-regime","status":"publish","type":"post","link":"https:\/\/portaltela.pt\/noticias\/2026\/03\/11\/curdos-do-irao-prontos-para-enfrentar-o-regime\/","title":{"rendered":"Curdos do Ir\u00e3o prontos para enfrentar o regime"},"content":{"rendered":"<p>O que aconteceu: um ataque com drones atingiu uma base de um movimento curdo iraniano refugiado no Iraque. O alvo fica numa aldeia no distrito de Erbil, junto a uma \u00e1rea controlada por mil\u00edcias oposicionistas. O grupo diz estar pronto para uma ofensiva terrestre contra o regime de Teer\u00e3o, ainda sem data definida.<\/p>\n<p>Quem est\u00e1 envolvido: a base pertence \u00e0 Organiza\u00e7\u00e3o da Luta do Curdist\u00e3o Iraniano (CM). O ataque foi atribu\u00eddo ao Ir\u00e3o, com o uso de drones de origem iraniana. Do lado do CM, combatentes conhecidos como peshmerga estiveram no local durante o regresso \u00e0 \u00e1rea central da base.<\/p>\n<p>Quando e onde: o incidente ocorreu j\u00e1 ao fim da tarde, num espa\u00e7o no interior de uma aldeia no Erbil, territ\u00f3rio iraquiano onde o movimento se estabelece ap\u00f3s ter sa\u00eddo do Ir\u00e3o. O ataque \u00e9 descrito como cir\u00fargico, mirando instala\u00e7\u00f5es e munici\u00f5es da base.<\/p>\n<p>Porqu\u00ea: o CM afirma preparar uma ofensiva contra o regime iraniano, citando d\u00e9cadas de luta por autonomia. O movimento diz estar alinhado com interesses norte-americanos, esperando um acordo com os EUA para avan\u00e7ar. O contexto envolve retalia\u00e7\u00f5es regionais e uma estrat\u00e9gia de longo prazo.<\/p>\n<p>Como ficou: foram reportados danos estruturais em edif\u00edcios brancos da base e inc\u00eandios em parte da instala\u00e7\u00e3o. Dois milicianos ficaram feridos de forma n\u00e3o grave, segundo testemunhos de combatentes presentes no local.<\/p>\n<p>Impacto e perspetivas: a opera\u00e7\u00e3o evidencia uma continuidade de ataques a\u00e9reos de precis\u00e3o na regi\u00e3o, com recep\u00e7\u00e3o variada entre as for\u00e7as locais. As autoridades iranianas n\u00e3o divulgaram coment\u00e1rios oficiais sobre o ataque. O CM mant\u00e9m a promessa de retomar a\u00e7\u00f5es estrat\u00e9gicas, caso haja acordo internacional.<\/p>\n","protected":false},"excerpt":{"rendered":"<ul>\n<li>O CM \u2014 Organiza\u00e7\u00e3o da Luta do Curdist\u00e3o Iraniano \u2014 entrou numa base de uma mil\u00edcia oposicionista iraniana refugiada no Iraque e l\u00e1 sofreu um ataque com drones oriundos do Ir\u00e3o.<\/li>\n<li>O ataque, descrito como cir\u00fargico, deixou dois peshmerga feridos sem gravidade; houve marcas de fragmenta\u00e7\u00e3o nas paredes e inc\u00eandios em habita\u00e7\u00f5es pr\u00f3ximas.<\/li>\n<li>A base permanece radicada no interior do Curdist\u00e3o iraquiano, onde o grupo diz estar pronto para iniciar uma ofensiva terrestre contra o regime de Teer\u00e3o.<\/li>\n<li>Baba Shekh, l\u00edder pol\u00edtico-militar do movimento, afirmou estar dispon\u00edvel para alinhar as suas a\u00e7\u00f5es com os Estados Unidos, contando com for\u00e7a militar significativa no interior e no exterior.<\/li>\n<li>O grupo foi for\u00e7ado a recuar do Ir\u00e3o para o Curdist\u00e3o iraquiano desde o in\u00edcio da guerra, com a ofensiva prevista ainda adiada por ora.<\/li>\n<\/ul>\n","protected":false},"author":2,"featured_media":406808,"comment_status":"closed","ping_status":"closed","sticky":false,"template":"","format":"standard","meta":{"footnotes":""},"categories":[6790,1],"tags":[5267,3399,81,3153,6634,6700],"class_list":["post-406806","post","type-post","status-publish","format-standard","has-post-thumbnail","hentry","category-conflitos","category-noticias","tag-ataques","tag-erbil","tag-internacionais","tag-ira","tag-iraque","tag-milicias"],"yoast_head":"<!-- This site is optimized with the Yoast SEO plugin v27.2 - https:\/\/yoast.com\/product\/yoast-seo-wordpress\/ -->\n<title>Curdos do Ir\u00e3o prontos para enfrentar o regime - Portal Tela Portugal<\/title>\n<meta name=\"robots\" content=\"index, follow, max-snippet:-1, max-image-preview:large, max-video-preview:-1\" \/>\n<meta property=\"og:locale\" content=\"pt_PT\" \/>\n<meta property=\"og:type\" content=\"article\" \/>\n<meta property=\"og:title\" content=\"Curdos do Ir\u00e3o prontos para enfrentar o regime - Portal Tela Portugal\" \/>\n<meta property=\"og:description\" content=\"O CM \u2014 Organiza\u00e7\u00e3o da Luta do Curdist\u00e3o Iraniano \u2014 entrou numa base de uma mil\u00edcia oposicionista iraniana refugiada no Iraque e l\u00e1 sofreu um ataque com drones oriundos do Ir\u00e3o. O ataque, descrito como cir\u00fargico, deixou dois peshmerga feridos sem gravidade; houve marcas de fragmenta\u00e7\u00e3o nas paredes e inc\u00eandios em habita\u00e7\u00f5es pr\u00f3ximas. A base permanece radicada no interior do Curdist\u00e3o iraquiano, onde o grupo diz estar pronto para iniciar uma ofensiva terrestre contra o regime de Teer\u00e3o. Baba Shekh, l\u00edder pol\u00edtico-militar do movimento, afirmou estar dispon\u00edvel para alinhar as suas a\u00e7\u00f5es com os Estados Unidos, contando com for\u00e7a militar significativa no interior e no exterior. O grupo foi for\u00e7ado a recuar do Ir\u00e3o para o Curdist\u00e3o iraquiano desde o in\u00edcio da guerra, com a ofensiva prevista ainda adiada por ora.\" \/>\n<meta property=\"og:url\" content=\"https:\/\/portaltela.pt\/noticias\/2026\/03\/11\/curdos-do-irao-prontos-para-enfrentar-o-regime\/\" \/>\n<meta property=\"og:site_name\" content=\"Portal Tela Portugal\" \/>\n<meta property=\"article:published_time\" content=\"2026-03-12T01:30:00+00:00\" \/>\n<meta name=\"author\" content=\"Telinha\" \/>\n<meta name=\"twitter:card\" content=\"summary_large_image\" \/>\n<meta name=\"twitter:label1\" content=\"Escrito por\" \/>\n\t<meta name=\"twitter:data1\" content=\"Telinha\" \/>\n\t<meta name=\"twitter:label2\" content=\"Tempo estimado de leitura\" \/>\n\t<meta name=\"twitter:data2\" content=\"1 minuto\" \/>\n<script type=\"application\/ld+json\" class=\"yoast-schema-graph\">{\"@context\":\"https:\/\/schema.org\",\"@graph\":[{\"@type\":\"Article\",\"@id\":\"https:\/\/portaltela.pt\/noticias\/2026\/03\/11\/curdos-do-irao-prontos-para-enfrentar-o-regime\/#article\",\"isPartOf\":{\"@id\":\"https:\/\/portaltela.pt\/noticias\/2026\/03\/11\/curdos-do-irao-prontos-para-enfrentar-o-regime\/\"},\"author\":{\"name\":\"Telinha\",\"@id\":\"https:\/\/portaltela.pt\/#\/schema\/person\/c4278d4a6028830caff9ee44b42d32ed\"},\"headline\":\"Curdos do Ir\u00e3o prontos para enfrentar o regime\",\"datePublished\":\"2026-03-12T01:30:00+00:00\",\"mainEntityOfPage\":{\"@id\":\"https:\/\/portaltela.pt\/noticias\/2026\/03\/11\/curdos-do-irao-prontos-para-enfrentar-o-regime\/\"},\"wordCount\":304,\"image\":{\"@id\":\"https:\/\/portaltela.pt\/noticias\/2026\/03\/11\/curdos-do-irao-prontos-para-enfrentar-o-regime\/#primaryimage\"},\"thumbnailUrl\":\"https:\/\/portaltela.pt\/s.01k8rhncp4jt1\/2026\/03\/img_1280x721uu2026-03-11-23-34-02-2271864.jpg\",\"keywords\":[\"ataques\",\"Erbil\",\"internacionais\",\"Ir\u00e3\",\"Iraque\",\"mil\u00edcias\"],\"articleSection\":[\"Conflitos\",\"Not\u00edcias\"],\"inLanguage\":\"pt-PT\"},{\"@type\":\"WebPage\",\"@id\":\"https:\/\/portaltela.pt\/noticias\/2026\/03\/11\/curdos-do-irao-prontos-para-enfrentar-o-regime\/\",\"url\":\"https:\/\/portaltela.pt\/noticias\/2026\/03\/11\/curdos-do-irao-prontos-para-enfrentar-o-regime\/\",\"name\":\"Curdos do Ir\u00e3o prontos para enfrentar o regime - Portal Tela Portugal\",\"isPartOf\":{\"@id\":\"https:\/\/portaltela.pt\/#website\"},\"primaryImageOfPage\":{\"@id\":\"https:\/\/portaltela.pt\/noticias\/2026\/03\/11\/curdos-do-irao-prontos-para-enfrentar-o-regime\/#primaryimage\"},\"image\":{\"@id\":\"https:\/\/portaltela.pt\/noticias\/2026\/03\/11\/curdos-do-irao-prontos-para-enfrentar-o-regime\/#primaryimage\"},\"thumbnailUrl\":\"https:\/\/portaltela.pt\/s.01k8rhncp4jt1\/2026\/03\/img_1280x721uu2026-03-11-23-34-02-2271864.jpg\",\"datePublished\":\"2026-03-12T01:30:00+00:00\",\"author\":{\"@id\":\"https:\/\/portaltela.pt\/#\/schema\/person\/c4278d4a6028830caff9ee44b42d32ed\"},\"breadcrumb\":{\"@id\":\"https:\/\/portaltela.pt\/noticias\/2026\/03\/11\/curdos-do-irao-prontos-para-enfrentar-o-regime\/#breadcrumb\"},\"inLanguage\":\"pt-PT\",\"potentialAction\":[{\"@type\":\"ReadAction\",\"target\":[\"https:\/\/portaltela.pt\/noticias\/2026\/03\/11\/curdos-do-irao-prontos-para-enfrentar-o-regime\/\"]}]},{\"@type\":\"ImageObject\",\"inLanguage\":\"pt-PT\",\"@id\":\"https:\/\/portaltela.pt\/noticias\/2026\/03\/11\/curdos-do-irao-prontos-para-enfrentar-o-regime\/#primaryimage\",\"url\":\"https:\/\/portaltela.pt\/s.01k8rhncp4jt1\/2026\/03\/img_1280x721uu2026-03-11-23-34-02-2271864.jpg\",\"contentUrl\":\"https:\/\/portaltela.pt\/s.01k8rhncp4jt1\/2026\/03\/img_1280x721uu2026-03-11-23-34-02-2271864.jpg\",\"width\":796,\"height\":448,\"caption\":\"Milicianos curdos do Ir\u00e3o numa base iraquiana atacada com drones\"},{\"@type\":\"BreadcrumbList\",\"@id\":\"https:\/\/portaltela.pt\/noticias\/2026\/03\/11\/curdos-do-irao-prontos-para-enfrentar-o-regime\/#breadcrumb\",\"itemListElement\":[{\"@type\":\"ListItem\",\"position\":1,\"name\":\"In\u00edcio\",\"item\":\"https:\/\/portaltela.pt\/\"},{\"@type\":\"ListItem\",\"position\":2,\"name\":\"Curdos do Ir\u00e3o prontos para enfrentar o regime\"}]},{\"@type\":\"WebSite\",\"@id\":\"https:\/\/portaltela.pt\/#website\",\"url\":\"https:\/\/portaltela.pt\/\",\"name\":\"Portal Tela Portugal\",\"description\":\"\",\"potentialAction\":[{\"@type\":\"SearchAction\",\"target\":{\"@type\":\"EntryPoint\",\"urlTemplate\":\"https:\/\/portaltela.pt\/?s={search_term_string}\"},\"query-input\":{\"@type\":\"PropertyValueSpecification\",\"valueRequired\":true,\"valueName\":\"search_term_string\"}}],\"inLanguage\":\"pt-PT\"},{\"@type\":\"Person\",\"@id\":\"https:\/\/portaltela.pt\/#\/schema\/person\/c4278d4a6028830caff9ee44b42d32ed\",\"name\":\"Telinha\",\"image\":{\"@type\":\"ImageObject\",\"inLanguage\":\"pt-PT\",\"@id\":\"https:\/\/portaltela.pt\/s.01k8rhncp4jt1\/2025\/11\/talking-bot-125x125.png\",\"url\":\"https:\/\/portaltela.pt\/s.01k8rhncp4jt1\/2025\/11\/talking-bot-125x125.png\",\"contentUrl\":\"https:\/\/portaltela.pt\/s.01k8rhncp4jt1\/2025\/11\/talking-bot-125x125.png\",\"caption\":\"Telinha\"},\"sameAs\":[\"https:\/\/portaltela.pt\/\"],\"url\":\"https:\/\/portaltela.pt\/por\/367410592786\/\"}]}<\/script>\n<!-- \/ Yoast SEO plugin. -->","yoast_head_json":{"title":"Curdos do Ir\u00e3o prontos para enfrentar o regime - Portal Tela Portugal","robots":{"index":"index","follow":"follow","max-snippet":"max-snippet:-1","max-image-preview":"max-image-preview:large","max-video-preview":"max-video-preview:-1"},"og_locale":"pt_PT","og_type":"article","og_title":"Curdos do Ir\u00e3o prontos para enfrentar o regime - Portal Tela Portugal","og_description":"O CM \u2014 Organiza\u00e7\u00e3o da Luta do Curdist\u00e3o Iraniano \u2014 entrou numa base de uma mil\u00edcia oposicionista iraniana refugiada no Iraque e l\u00e1 sofreu um ataque com drones oriundos do Ir\u00e3o. O ataque, descrito como cir\u00fargico, deixou dois peshmerga feridos sem gravidade; houve marcas de fragmenta\u00e7\u00e3o nas paredes e inc\u00eandios em habita\u00e7\u00f5es pr\u00f3ximas. A base permanece radicada no interior do Curdist\u00e3o iraquiano, onde o grupo diz estar pronto para iniciar uma ofensiva terrestre contra o regime de Teer\u00e3o. Baba Shekh, l\u00edder pol\u00edtico-militar do movimento, afirmou estar dispon\u00edvel para alinhar as suas a\u00e7\u00f5es com os Estados Unidos, contando com for\u00e7a militar significativa no interior e no exterior. O grupo foi for\u00e7ado a recuar do Ir\u00e3o para o Curdist\u00e3o iraquiano desde o in\u00edcio da guerra, com a ofensiva prevista ainda adiada por ora.","og_url":"https:\/\/portaltela.pt\/noticias\/2026\/03\/11\/curdos-do-irao-prontos-para-enfrentar-o-regime\/","og_site_name":"Portal Tela Portugal","article_published_time":"2026-03-12T01:30:00+00:00","author":"Telinha","twitter_card":"summary_large_image","twitter_misc":{"Escrito por":"Telinha","Tempo estimado de leitura":"1 minuto"},"schema":{"@context":"https:\/\/schema.org","@graph":[{"@type":"Article","@id":"https:\/\/portaltela.pt\/noticias\/2026\/03\/11\/curdos-do-irao-prontos-para-enfrentar-o-regime\/#article","isPartOf":{"@id":"https:\/\/portaltela.pt\/noticias\/2026\/03\/11\/curdos-do-irao-prontos-para-enfrentar-o-regime\/"},"author":{"name":"Telinha","@id":"https:\/\/portaltela.pt\/#\/schema\/person\/c4278d4a6028830caff9ee44b42d32ed"},"headline":"Curdos do Ir\u00e3o prontos para enfrentar o regime","datePublished":"2026-03-12T01:30:00+00:00","mainEntityOfPage":{"@id":"https:\/\/portaltela.pt\/noticias\/2026\/03\/11\/curdos-do-irao-prontos-para-enfrentar-o-regime\/"},"wordCount":304,"image":{"@id":"https:\/\/portaltela.pt\/noticias\/2026\/03\/11\/curdos-do-irao-prontos-para-enfrentar-o-regime\/#primaryimage"},"thumbnailUrl":"https:\/\/portaltela.pt\/s.01k8rhncp4jt1\/2026\/03\/img_1280x721uu2026-03-11-23-34-02-2271864.jpg","keywords":["ataques","Erbil","internacionais","Ir\u00e3","Iraque","mil\u00edcias"],"articleSection":["Conflitos","Not\u00edcias"],"inLanguage":"pt-PT"},{"@type":"WebPage","@id":"https:\/\/portaltela.pt\/noticias\/2026\/03\/11\/curdos-do-irao-prontos-para-enfrentar-o-regime\/","url":"https:\/\/portaltela.pt\/noticias\/2026\/03\/11\/curdos-do-irao-prontos-para-enfrentar-o-regime\/","name":"Curdos do Ir\u00e3o prontos para enfrentar o regime - Portal Tela Portugal","isPartOf":{"@id":"https:\/\/portaltela.pt\/#website"},"primaryImageOfPage":{"@id":"https:\/\/portaltela.pt\/noticias\/2026\/03\/11\/curdos-do-irao-prontos-para-enfrentar-o-regime\/#primaryimage"},"image":{"@id":"https:\/\/portaltela.pt\/noticias\/2026\/03\/11\/curdos-do-irao-prontos-para-enfrentar-o-regime\/#primaryimage"},"thumbnailUrl":"https:\/\/portaltela.pt\/s.01k8rhncp4jt1\/2026\/03\/img_1280x721uu2026-03-11-23-34-02-2271864.jpg","datePublished":"2026-03-12T01:30:00+00:00","author":{"@id":"https:\/\/portaltela.pt\/#\/schema\/person\/c4278d4a6028830caff9ee44b42d32ed"},"breadcrumb":{"@id":"https:\/\/portaltela.pt\/noticias\/2026\/03\/11\/curdos-do-irao-prontos-para-enfrentar-o-regime\/#breadcrumb"},"inLanguage":"pt-PT","potentialAction":[{"@type":"ReadAction","target":["https:\/\/portaltela.pt\/noticias\/2026\/03\/11\/curdos-do-irao-prontos-para-enfrentar-o-regime\/"]}]},{"@type":"ImageObject","inLanguage":"pt-PT","@id":"https:\/\/portaltela.pt\/noticias\/2026\/03\/11\/curdos-do-irao-prontos-para-enfrentar-o-regime\/#primaryimage","url":"https:\/\/portaltela.pt\/s.01k8rhncp4jt1\/2026\/03\/img_1280x721uu2026-03-11-23-34-02-2271864.jpg","contentUrl":"https:\/\/portaltela.pt\/s.01k8rhncp4jt1\/2026\/03\/img_1280x721uu2026-03-11-23-34-02-2271864.jpg","width":796,"height":448,"caption":"Milicianos curdos do Ir\u00e3o numa base iraquiana atacada com drones"},{"@type":"BreadcrumbList","@id":"https:\/\/portaltela.pt\/noticias\/2026\/03\/11\/curdos-do-irao-prontos-para-enfrentar-o-regime\/#breadcrumb","itemListElement":[{"@type":"ListItem","position":1,"name":"In\u00edcio","item":"https:\/\/portaltela.pt\/"},{"@type":"ListItem","position":2,"name":"Curdos do Ir\u00e3o prontos para enfrentar o regime"}]},{"@type":"WebSite","@id":"https:\/\/portaltela.pt\/#website","url":"https:\/\/portaltela.pt\/","name":"Portal Tela Portugal","description":"","potentialAction":[{"@type":"SearchAction","target":{"@type":"EntryPoint","urlTemplate":"https:\/\/portaltela.pt\/?s={search_term_string}"},"query-input":{"@type":"PropertyValueSpecification","valueRequired":true,"valueName":"search_term_string"}}],"inLanguage":"pt-PT"},{"@type":"Person","@id":"https:\/\/portaltela.pt\/#\/schema\/person\/c4278d4a6028830caff9ee44b42d32ed","name":"Telinha","image":{"@type":"ImageObject","inLanguage":"pt-PT","@id":"https:\/\/portaltela.pt\/s.01k8rhncp4jt1\/2025\/11\/talking-bot-125x125.png","url":"https:\/\/portaltela.pt\/s.01k8rhncp4jt1\/2025\/11\/talking-bot-125x125.png","contentUrl":"https:\/\/portaltela.pt\/s.01k8rhncp4jt1\/2025\/11\/talking-bot-125x125.png","caption":"Telinha"},"sameAs":["https:\/\/portaltela.pt\/"],"url":"https:\/\/portaltela.pt\/por\/367410592786\/"}]}},"_links":{"self":[{"href":"https:\/\/portaltela.pt\/api\/wp\/v2\/posts\/406806","targetHints":{"allow":["GET"]}}],"collection":[{"href":"https:\/\/portaltela.pt\/api\/wp\/v2\/posts"}],"about":[{"href":"https:\/\/portaltela.pt\/api\/wp\/v2\/types\/post"}],"author":[{"embeddable":true,"href":"https:\/\/portaltela.pt\/api\/wp\/v2\/users\/2"}],"replies":[{"embeddable":true,"href":"https:\/\/portaltela.pt\/api\/wp\/v2\/comments?post=406806"}],"version-history":[{"count":0,"href":"https:\/\/portaltela.pt\/api\/wp\/v2\/posts\/406806\/revisions"}],"wp:featuredmedia":[{"embeddable":true,"href":"https:\/\/portaltela.pt\/api\/wp\/v2\/media\/406808"}],"wp:attachment":[{"href":"https:\/\/portaltela.pt\/api\/wp\/v2\/media?parent=406806"}],"wp:term":[{"taxonomy":"category","embeddable":true,"href":"https:\/\/portaltela.pt\/api\/wp\/v2\/categories?post=406806"},{"taxonomy":"post_tag","embeddable":true,"href":"https:\/\/portaltela.pt\/api\/wp\/v2\/tags?post=406806"}],"curies":[{"name":"wp","href":"https:\/\/api.w.org\/{rel}","templated":true}]}}