{"id":406789,"date":"2026-03-11T21:30:00","date_gmt":"2026-03-12T00:30:00","guid":{"rendered":"https:\/\/portaltela.pt\/noticias\/2026\/03\/11\/portugues-esta-entre-vitimas-mortais-de-incendio-em-autocarro-na-suica\/"},"modified":"2026-03-11T21:30:00","modified_gmt":"2026-03-12T00:30:00","slug":"portugues-esta-entre-vitimas-mortais-de-incendio-em-autocarro-na-suica","status":"publish","type":"post","link":"https:\/\/portaltela.pt\/noticias\/2026\/03\/11\/portugues-esta-entre-vitimas-mortais-de-incendio-em-autocarro-na-suica\/","title":{"rendered":"Portugu\u00eas est\u00e1 entre v\u00edtimas mortais de inc\u00eandio em autocarro na Su\u00ed\u00e7a"},"content":{"rendered":"<p>Um inc\u00eandio num autocarro perto de Friburgo, na Su\u00ed\u00e7a, provocou seis mortos e cinco feridos na noite de ter\u00e7a-feira. Entre as v\u00edtimas est\u00e1 um cidad\u00e3o portugu\u00eas. O Minist\u00e9rio dos Neg\u00f3cios Estrangeiros afirmou que o incidente n\u00e3o teve motiva\u00e7\u00f5es terroristas.<\/p>\n<p>A pol\u00edcia iniciou uma investiga\u00e7\u00e3o criminal ap\u00f3s detectar ind\u00edcios de um acto deliberado de uma pessoa no interior do autocarro. Uma testemunha descreveu um homem su\u00ed\u00e7o, de 60 anos, que entrou no ve\u00edculo com sacos, espalhou inflam\u00e1vel e incendiou-se. H\u00e1 d\u00favidas sobre se o suspeito \u00e9 tamb\u00e9m uma das v\u00edtimas mortais.<\/p>\n<p>O autocarro \u00e9 um servi\u00e7o p\u00fablico tradicionalmente ligado a zonas rurais e montanhosas. O procurador do cant\u00e3o de Friburgo, Raphael Bourquin, revelou detalhes da ocorr\u00eancia numa confer\u00eancia em Granges-Paccot, perto da cidade.<\/p>\n<p>O MNE informou que o cidad\u00e3o portugu\u00eas faleceu no tr\u00e1gico inc\u00eandio em Kerzers e transmitiu condol\u00eancias \u00e0 fam\u00edlia. A nota tamb\u00e9m expressou solidariedade \u00e0s autoridades su\u00ed\u00e7as e \u00e0s demais v\u00edtimas. A fam\u00edlia do suspeito tinha j\u00e1 comunicado o seu desaparecimento.<\/p>\n","protected":false},"excerpt":{"rendered":"<ul>\n<li>Um cidad\u00e3o portugu\u00eas est\u00e1 entre as seis pessoas mortas no inc\u00eandio num autocarro perto de Friburgo, Su\u00ed\u00e7a, na noite de ter\u00e7a-feira.<\/li>\n<li>O Minist\u00e9rio dos Neg\u00f3cios Estrangeiros (MNE) emitiu uma nota de condol\u00eancias pela morte do cidad\u00e3o portugu\u00eas e expressou solidariedade \u00e0s fam\u00edlias e \u00e0s autoridades.<\/li>\n<li>A pol\u00edcia su\u00ed\u00e7a originalmente apontou para um poss\u00edvel ato deliberado dentro do autocarro, levando a uma investiga\u00e7\u00e3o criminal.<\/li>\n<li>Nesta quarta-feira, as autoridades afirmaram que o inc\u00eandio foi provocado por um homem com problemas mentais, afastando motiva\u00e7\u00f5es terroristas; o suspeito pode estar entre as v\u00edtimas.<\/li>\n<li>O homem, de 60 anos, \u00e9 de nacionalidade su\u00ed\u00e7a e residia no cant\u00e3o de Berna; a fam\u00edlia do suspeito tinha j\u00e1 comunicado o seu desaparecimento. O autocarro \u00e9 um autocarro postal tradicional na Su\u00ed\u00e7a.<\/li>\n<\/ul>\n","protected":false},"author":2,"featured_media":406790,"comment_status":"closed","ping_status":"closed","sticky":false,"template":"","format":"standard","meta":{"footnotes":""},"categories":[1],"tags":[3769,147,1438,6429,1014,2991],"class_list":["post-406789","post","type-post","status-publish","format-standard","has-post-thumbnail","hentry","category-noticias","tag-autocarros","tag-crime","tag-incendio","tag-mortes","tag-portugal","tag-suica"],"yoast_head":"<!-- This site is optimized with the Yoast SEO plugin v27.2 - https:\/\/yoast.com\/product\/yoast-seo-wordpress\/ -->\n<title>Portugu\u00eas est\u00e1 entre v\u00edtimas mortais de inc\u00eandio em autocarro na Su\u00ed\u00e7a - Portal Tela Portugal<\/title>\n<meta name=\"robots\" content=\"index, follow, max-snippet:-1, max-image-preview:large, max-video-preview:-1\" \/>\n<meta property=\"og:locale\" content=\"pt_PT\" \/>\n<meta property=\"og:type\" content=\"article\" \/>\n<meta property=\"og:title\" content=\"Portugu\u00eas est\u00e1 entre v\u00edtimas mortais de inc\u00eandio em autocarro na Su\u00ed\u00e7a - Portal Tela Portugal\" \/>\n<meta property=\"og:description\" content=\"Um cidad\u00e3o portugu\u00eas est\u00e1 entre as seis pessoas mortas no inc\u00eandio num autocarro perto de Friburgo, Su\u00ed\u00e7a, na noite de ter\u00e7a-feira. O Minist\u00e9rio dos Neg\u00f3cios Estrangeiros (MNE) emitiu uma nota de condol\u00eancias pela morte do cidad\u00e3o portugu\u00eas e expressou solidariedade \u00e0s fam\u00edlias e \u00e0s autoridades. A pol\u00edcia su\u00ed\u00e7a originalmente apontou para um poss\u00edvel ato deliberado dentro do autocarro, levando a uma investiga\u00e7\u00e3o criminal. Nesta quarta-feira, as autoridades afirmaram que o inc\u00eandio foi provocado por um homem com problemas mentais, afastando motiva\u00e7\u00f5es terroristas; o suspeito pode estar entre as v\u00edtimas. O homem, de 60 anos, \u00e9 de nacionalidade su\u00ed\u00e7a e residia no cant\u00e3o de Berna; a fam\u00edlia do suspeito tinha j\u00e1 comunicado o seu desaparecimento. O autocarro \u00e9 um autocarro postal tradicional na Su\u00ed\u00e7a.\" \/>\n<meta property=\"og:url\" content=\"https:\/\/portaltela.pt\/noticias\/2026\/03\/11\/portugues-esta-entre-vitimas-mortais-de-incendio-em-autocarro-na-suica\/\" \/>\n<meta property=\"og:site_name\" content=\"Portal Tela Portugal\" \/>\n<meta property=\"article:published_time\" content=\"2026-03-12T00:30:00+00:00\" \/>\n<meta name=\"author\" content=\"Telinha\" \/>\n<meta name=\"twitter:card\" content=\"summary_large_image\" \/>\n<meta name=\"twitter:label1\" content=\"Escrito por\" \/>\n\t<meta name=\"twitter:data1\" content=\"Telinha\" \/>\n\t<meta name=\"twitter:label2\" content=\"Tempo estimado de leitura\" \/>\n\t<meta name=\"twitter:data2\" content=\"1 minuto\" \/>\n<script type=\"application\/ld+json\" class=\"yoast-schema-graph\">{\"@context\":\"https:\/\/schema.org\",\"@graph\":[{\"@type\":\"Article\",\"@id\":\"https:\/\/portaltela.pt\/noticias\/2026\/03\/11\/portugues-esta-entre-vitimas-mortais-de-incendio-em-autocarro-na-suica\/#article\",\"isPartOf\":{\"@id\":\"https:\/\/portaltela.pt\/noticias\/2026\/03\/11\/portugues-esta-entre-vitimas-mortais-de-incendio-em-autocarro-na-suica\/\"},\"author\":{\"name\":\"Telinha\",\"@id\":\"https:\/\/portaltela.pt\/#\/schema\/person\/c4278d4a6028830caff9ee44b42d32ed\"},\"headline\":\"Portugu\u00eas est\u00e1 entre v\u00edtimas mortais de inc\u00eandio em autocarro na Su\u00ed\u00e7a\",\"datePublished\":\"2026-03-12T00:30:00+00:00\",\"mainEntityOfPage\":{\"@id\":\"https:\/\/portaltela.pt\/noticias\/2026\/03\/11\/portugues-esta-entre-vitimas-mortais-de-incendio-em-autocarro-na-suica\/\"},\"wordCount\":208,\"image\":{\"@id\":\"https:\/\/portaltela.pt\/noticias\/2026\/03\/11\/portugues-esta-entre-vitimas-mortais-de-incendio-em-autocarro-na-suica\/#primaryimage\"},\"thumbnailUrl\":\"https:\/\/portaltela.pt\/s.01k8rhncp4jt1\/2026\/03\/2073514-1.jpg\",\"keywords\":[\"autocarros\",\"crime\",\"inc\u00eandio\",\"mortes\",\"Portugal\",\"Su\u00ed\u00e7a\"],\"articleSection\":[\"Not\u00edcias\"],\"inLanguage\":\"pt-PT\"},{\"@type\":\"WebPage\",\"@id\":\"https:\/\/portaltela.pt\/noticias\/2026\/03\/11\/portugues-esta-entre-vitimas-mortais-de-incendio-em-autocarro-na-suica\/\",\"url\":\"https:\/\/portaltela.pt\/noticias\/2026\/03\/11\/portugues-esta-entre-vitimas-mortais-de-incendio-em-autocarro-na-suica\/\",\"name\":\"Portugu\u00eas est\u00e1 entre v\u00edtimas mortais de inc\u00eandio em autocarro na Su\u00ed\u00e7a - Portal Tela Portugal\",\"isPartOf\":{\"@id\":\"https:\/\/portaltela.pt\/#website\"},\"primaryImageOfPage\":{\"@id\":\"https:\/\/portaltela.pt\/noticias\/2026\/03\/11\/portugues-esta-entre-vitimas-mortais-de-incendio-em-autocarro-na-suica\/#primaryimage\"},\"image\":{\"@id\":\"https:\/\/portaltela.pt\/noticias\/2026\/03\/11\/portugues-esta-entre-vitimas-mortais-de-incendio-em-autocarro-na-suica\/#primaryimage\"},\"thumbnailUrl\":\"https:\/\/portaltela.pt\/s.01k8rhncp4jt1\/2026\/03\/2073514-1.jpg\",\"datePublished\":\"2026-03-12T00:30:00+00:00\",\"author\":{\"@id\":\"https:\/\/portaltela.pt\/#\/schema\/person\/c4278d4a6028830caff9ee44b42d32ed\"},\"breadcrumb\":{\"@id\":\"https:\/\/portaltela.pt\/noticias\/2026\/03\/11\/portugues-esta-entre-vitimas-mortais-de-incendio-em-autocarro-na-suica\/#breadcrumb\"},\"inLanguage\":\"pt-PT\",\"potentialAction\":[{\"@type\":\"ReadAction\",\"target\":[\"https:\/\/portaltela.pt\/noticias\/2026\/03\/11\/portugues-esta-entre-vitimas-mortais-de-incendio-em-autocarro-na-suica\/\"]}]},{\"@type\":\"ImageObject\",\"inLanguage\":\"pt-PT\",\"@id\":\"https:\/\/portaltela.pt\/noticias\/2026\/03\/11\/portugues-esta-entre-vitimas-mortais-de-incendio-em-autocarro-na-suica\/#primaryimage\",\"url\":\"https:\/\/portaltela.pt\/s.01k8rhncp4jt1\/2026\/03\/2073514-1.jpg\",\"contentUrl\":\"https:\/\/portaltela.pt\/s.01k8rhncp4jt1\/2026\/03\/2073514-1.jpg\",\"width\":796,\"height\":448,\"caption\":\"Uma foto divulgada pela Pol\u00edcia de Friburgo mostra investigadores a examinarem os destro\u00e7os carbonizados de um autocarro postal ap\u00f3s um inc\u00eandio em Kerzers, Su\u00ed\u00e7a\"},{\"@type\":\"BreadcrumbList\",\"@id\":\"https:\/\/portaltela.pt\/noticias\/2026\/03\/11\/portugues-esta-entre-vitimas-mortais-de-incendio-em-autocarro-na-suica\/#breadcrumb\",\"itemListElement\":[{\"@type\":\"ListItem\",\"position\":1,\"name\":\"In\u00edcio\",\"item\":\"https:\/\/portaltela.pt\/\"},{\"@type\":\"ListItem\",\"position\":2,\"name\":\"Portugu\u00eas est\u00e1 entre v\u00edtimas mortais de inc\u00eandio em autocarro na Su\u00ed\u00e7a\"}]},{\"@type\":\"WebSite\",\"@id\":\"https:\/\/portaltela.pt\/#website\",\"url\":\"https:\/\/portaltela.pt\/\",\"name\":\"Portal Tela Portugal\",\"description\":\"\",\"potentialAction\":[{\"@type\":\"SearchAction\",\"target\":{\"@type\":\"EntryPoint\",\"urlTemplate\":\"https:\/\/portaltela.pt\/?s={search_term_string}\"},\"query-input\":{\"@type\":\"PropertyValueSpecification\",\"valueRequired\":true,\"valueName\":\"search_term_string\"}}],\"inLanguage\":\"pt-PT\"},{\"@type\":\"Person\",\"@id\":\"https:\/\/portaltela.pt\/#\/schema\/person\/c4278d4a6028830caff9ee44b42d32ed\",\"name\":\"Telinha\",\"image\":{\"@type\":\"ImageObject\",\"inLanguage\":\"pt-PT\",\"@id\":\"https:\/\/portaltela.pt\/s.01k8rhncp4jt1\/2025\/11\/talking-bot-125x125.png\",\"url\":\"https:\/\/portaltela.pt\/s.01k8rhncp4jt1\/2025\/11\/talking-bot-125x125.png\",\"contentUrl\":\"https:\/\/portaltela.pt\/s.01k8rhncp4jt1\/2025\/11\/talking-bot-125x125.png\",\"caption\":\"Telinha\"},\"sameAs\":[\"https:\/\/portaltela.pt\/\"],\"url\":\"https:\/\/portaltela.pt\/por\/367410592786\/\"}]}<\/script>\n<!-- \/ Yoast SEO plugin. -->","yoast_head_json":{"title":"Portugu\u00eas est\u00e1 entre v\u00edtimas mortais de inc\u00eandio em autocarro na Su\u00ed\u00e7a - Portal Tela Portugal","robots":{"index":"index","follow":"follow","max-snippet":"max-snippet:-1","max-image-preview":"max-image-preview:large","max-video-preview":"max-video-preview:-1"},"og_locale":"pt_PT","og_type":"article","og_title":"Portugu\u00eas est\u00e1 entre v\u00edtimas mortais de inc\u00eandio em autocarro na Su\u00ed\u00e7a - Portal Tela Portugal","og_description":"Um cidad\u00e3o portugu\u00eas est\u00e1 entre as seis pessoas mortas no inc\u00eandio num autocarro perto de Friburgo, Su\u00ed\u00e7a, na noite de ter\u00e7a-feira. O Minist\u00e9rio dos Neg\u00f3cios Estrangeiros (MNE) emitiu uma nota de condol\u00eancias pela morte do cidad\u00e3o portugu\u00eas e expressou solidariedade \u00e0s fam\u00edlias e \u00e0s autoridades. A pol\u00edcia su\u00ed\u00e7a originalmente apontou para um poss\u00edvel ato deliberado dentro do autocarro, levando a uma investiga\u00e7\u00e3o criminal. Nesta quarta-feira, as autoridades afirmaram que o inc\u00eandio foi provocado por um homem com problemas mentais, afastando motiva\u00e7\u00f5es terroristas; o suspeito pode estar entre as v\u00edtimas. O homem, de 60 anos, \u00e9 de nacionalidade su\u00ed\u00e7a e residia no cant\u00e3o de Berna; a fam\u00edlia do suspeito tinha j\u00e1 comunicado o seu desaparecimento. O autocarro \u00e9 um autocarro postal tradicional na Su\u00ed\u00e7a.","og_url":"https:\/\/portaltela.pt\/noticias\/2026\/03\/11\/portugues-esta-entre-vitimas-mortais-de-incendio-em-autocarro-na-suica\/","og_site_name":"Portal Tela Portugal","article_published_time":"2026-03-12T00:30:00+00:00","author":"Telinha","twitter_card":"summary_large_image","twitter_misc":{"Escrito por":"Telinha","Tempo estimado de leitura":"1 minuto"},"schema":{"@context":"https:\/\/schema.org","@graph":[{"@type":"Article","@id":"https:\/\/portaltela.pt\/noticias\/2026\/03\/11\/portugues-esta-entre-vitimas-mortais-de-incendio-em-autocarro-na-suica\/#article","isPartOf":{"@id":"https:\/\/portaltela.pt\/noticias\/2026\/03\/11\/portugues-esta-entre-vitimas-mortais-de-incendio-em-autocarro-na-suica\/"},"author":{"name":"Telinha","@id":"https:\/\/portaltela.pt\/#\/schema\/person\/c4278d4a6028830caff9ee44b42d32ed"},"headline":"Portugu\u00eas est\u00e1 entre v\u00edtimas mortais de inc\u00eandio em autocarro na Su\u00ed\u00e7a","datePublished":"2026-03-12T00:30:00+00:00","mainEntityOfPage":{"@id":"https:\/\/portaltela.pt\/noticias\/2026\/03\/11\/portugues-esta-entre-vitimas-mortais-de-incendio-em-autocarro-na-suica\/"},"wordCount":208,"image":{"@id":"https:\/\/portaltela.pt\/noticias\/2026\/03\/11\/portugues-esta-entre-vitimas-mortais-de-incendio-em-autocarro-na-suica\/#primaryimage"},"thumbnailUrl":"https:\/\/portaltela.pt\/s.01k8rhncp4jt1\/2026\/03\/2073514-1.jpg","keywords":["autocarros","crime","inc\u00eandio","mortes","Portugal","Su\u00ed\u00e7a"],"articleSection":["Not\u00edcias"],"inLanguage":"pt-PT"},{"@type":"WebPage","@id":"https:\/\/portaltela.pt\/noticias\/2026\/03\/11\/portugues-esta-entre-vitimas-mortais-de-incendio-em-autocarro-na-suica\/","url":"https:\/\/portaltela.pt\/noticias\/2026\/03\/11\/portugues-esta-entre-vitimas-mortais-de-incendio-em-autocarro-na-suica\/","name":"Portugu\u00eas est\u00e1 entre v\u00edtimas mortais de inc\u00eandio em autocarro na Su\u00ed\u00e7a - Portal Tela Portugal","isPartOf":{"@id":"https:\/\/portaltela.pt\/#website"},"primaryImageOfPage":{"@id":"https:\/\/portaltela.pt\/noticias\/2026\/03\/11\/portugues-esta-entre-vitimas-mortais-de-incendio-em-autocarro-na-suica\/#primaryimage"},"image":{"@id":"https:\/\/portaltela.pt\/noticias\/2026\/03\/11\/portugues-esta-entre-vitimas-mortais-de-incendio-em-autocarro-na-suica\/#primaryimage"},"thumbnailUrl":"https:\/\/portaltela.pt\/s.01k8rhncp4jt1\/2026\/03\/2073514-1.jpg","datePublished":"2026-03-12T00:30:00+00:00","author":{"@id":"https:\/\/portaltela.pt\/#\/schema\/person\/c4278d4a6028830caff9ee44b42d32ed"},"breadcrumb":{"@id":"https:\/\/portaltela.pt\/noticias\/2026\/03\/11\/portugues-esta-entre-vitimas-mortais-de-incendio-em-autocarro-na-suica\/#breadcrumb"},"inLanguage":"pt-PT","potentialAction":[{"@type":"ReadAction","target":["https:\/\/portaltela.pt\/noticias\/2026\/03\/11\/portugues-esta-entre-vitimas-mortais-de-incendio-em-autocarro-na-suica\/"]}]},{"@type":"ImageObject","inLanguage":"pt-PT","@id":"https:\/\/portaltela.pt\/noticias\/2026\/03\/11\/portugues-esta-entre-vitimas-mortais-de-incendio-em-autocarro-na-suica\/#primaryimage","url":"https:\/\/portaltela.pt\/s.01k8rhncp4jt1\/2026\/03\/2073514-1.jpg","contentUrl":"https:\/\/portaltela.pt\/s.01k8rhncp4jt1\/2026\/03\/2073514-1.jpg","width":796,"height":448,"caption":"Uma foto divulgada pela Pol\u00edcia de Friburgo mostra investigadores a examinarem os destro\u00e7os carbonizados de um autocarro postal ap\u00f3s um inc\u00eandio em Kerzers, Su\u00ed\u00e7a"},{"@type":"BreadcrumbList","@id":"https:\/\/portaltela.pt\/noticias\/2026\/03\/11\/portugues-esta-entre-vitimas-mortais-de-incendio-em-autocarro-na-suica\/#breadcrumb","itemListElement":[{"@type":"ListItem","position":1,"name":"In\u00edcio","item":"https:\/\/portaltela.pt\/"},{"@type":"ListItem","position":2,"name":"Portugu\u00eas est\u00e1 entre v\u00edtimas mortais de inc\u00eandio em autocarro na Su\u00ed\u00e7a"}]},{"@type":"WebSite","@id":"https:\/\/portaltela.pt\/#website","url":"https:\/\/portaltela.pt\/","name":"Portal Tela Portugal","description":"","potentialAction":[{"@type":"SearchAction","target":{"@type":"EntryPoint","urlTemplate":"https:\/\/portaltela.pt\/?s={search_term_string}"},"query-input":{"@type":"PropertyValueSpecification","valueRequired":true,"valueName":"search_term_string"}}],"inLanguage":"pt-PT"},{"@type":"Person","@id":"https:\/\/portaltela.pt\/#\/schema\/person\/c4278d4a6028830caff9ee44b42d32ed","name":"Telinha","image":{"@type":"ImageObject","inLanguage":"pt-PT","@id":"https:\/\/portaltela.pt\/s.01k8rhncp4jt1\/2025\/11\/talking-bot-125x125.png","url":"https:\/\/portaltela.pt\/s.01k8rhncp4jt1\/2025\/11\/talking-bot-125x125.png","contentUrl":"https:\/\/portaltela.pt\/s.01k8rhncp4jt1\/2025\/11\/talking-bot-125x125.png","caption":"Telinha"},"sameAs":["https:\/\/portaltela.pt\/"],"url":"https:\/\/portaltela.pt\/por\/367410592786\/"}]}},"_links":{"self":[{"href":"https:\/\/portaltela.pt\/api\/wp\/v2\/posts\/406789","targetHints":{"allow":["GET"]}}],"collection":[{"href":"https:\/\/portaltela.pt\/api\/wp\/v2\/posts"}],"about":[{"href":"https:\/\/portaltela.pt\/api\/wp\/v2\/types\/post"}],"author":[{"embeddable":true,"href":"https:\/\/portaltela.pt\/api\/wp\/v2\/users\/2"}],"replies":[{"embeddable":true,"href":"https:\/\/portaltela.pt\/api\/wp\/v2\/comments?post=406789"}],"version-history":[{"count":0,"href":"https:\/\/portaltela.pt\/api\/wp\/v2\/posts\/406789\/revisions"}],"wp:featuredmedia":[{"embeddable":true,"href":"https:\/\/portaltela.pt\/api\/wp\/v2\/media\/406790"}],"wp:attachment":[{"href":"https:\/\/portaltela.pt\/api\/wp\/v2\/media?parent=406789"}],"wp:term":[{"taxonomy":"category","embeddable":true,"href":"https:\/\/portaltela.pt\/api\/wp\/v2\/categories?post=406789"},{"taxonomy":"post_tag","embeddable":true,"href":"https:\/\/portaltela.pt\/api\/wp\/v2\/tags?post=406789"}],"curies":[{"name":"wp","href":"https:\/\/api.w.org\/{rel}","templated":true}]}}