{"id":406753,"date":"2026-03-11T20:34:00","date_gmt":"2026-03-11T23:34:00","guid":{"rendered":"https:\/\/portaltela.pt\/noticias\/2026\/03\/11\/polonia-abre-investigacao-por-trafico-de-pessoas-ligado-ao-caso-epstein\/"},"modified":"2026-03-11T20:34:00","modified_gmt":"2026-03-11T23:34:00","slug":"polonia-abre-investigacao-por-trafico-de-pessoas-ligado-ao-caso-epstein","status":"publish","type":"post","link":"https:\/\/portaltela.pt\/noticias\/2026\/03\/11\/polonia-abre-investigacao-por-trafico-de-pessoas-ligado-ao-caso-epstein\/","title":{"rendered":"Pol\u00f3nia abre investiga\u00e7\u00e3o por tr\u00e1fico de pessoas ligado ao caso Epstein"},"content":{"rendered":"<p>O Minist\u00e9rio P\u00fablico da Pol\u00f3nia abriu uma investiga\u00e7\u00e3o por tr\u00e1fico de seres humanos relacionada com uma rede polaca ligada a Jeffrey Epstein. A medida foi anunciada nesta quarta-feira e prev\u00ea dilig\u00eancias probat\u00f3rias completas, incluindo pedidos de informa\u00e7\u00e3o via a Ordem Europeia de Investiga\u00e7\u00e3o.<\/p>\n<p>A a\u00e7\u00e3o foi iniciada no dia 23 de fevereiro pelo procurador Dariusz Korneluk, com uma equipa dedicada a investigar atividades de um grupo internacional entre 2009 e 2019. O objetivo \u00e9 esclarecer alegadas atividades de recrutamento enganoso.<\/p>\n<p>A investiga\u00e7\u00e3o preliminar foca uma conspira\u00e7\u00e3o atribu\u00edda a cidad\u00e3os polacos que recrutavam adultos e menores com promessas de emprego no estrangeiro, para depois os enviar para fora do pa\u00eds e entreg\u00e1-los a terceiros para explora\u00e7\u00e3o sexual.<\/p>\n<p>Procuradores analisaram documentos do Departamento de Justi\u00e7a dos EUA sobre Epstein. Os elementos dispon\u00edveis indicam uma suspeita razo\u00e1vel de tr\u00e1fico de pessoas, incluindo no territ\u00f3rio da Pol\u00f3nia.<\/p>\n<p>O comunicado acrescenta que a investiga\u00e7\u00e3o pode exigir coopera\u00e7\u00e3o internacional, com pedidos de informa\u00e7\u00e3o a dois pa\u00edses europeus ao abrigo da OEI. A liga\u00e7\u00e3o a Epstein refor\u00e7a o interesse p\u00fablico na mat\u00e9ria.<\/p>\n<p>O primeiro-ministro polaco, Donald Tusk, referiu relatos sobre uma poss\u00edvel rede de tr\u00e1fico ligada a Epstein em Crac\u00f3via. At\u00e9 agora, nenhum v\u00ednculo com figuras da elite polaca foi confirmado nos documentos, exceto o tenista Wojciech Fibak.<\/p>\n","protected":false},"excerpt":{"rendered":"<ul>\n<li>O Minist\u00e9rio P\u00fablico da Pol\u00f3nia abriu uma investiga\u00e7\u00e3o por tr\u00e1fico de seres humanos ligado a uma rede polaca associada a Jeffrey Epstein.<\/li>\n<li>O inqu\u00e9rito, iniciado nesta quarta-feira, prev\u00ea dilig\u00eancias probat\u00f3rias completas e inclui o envio de pedidos de informa\u00e7\u00e3o e provas a dois pa\u00edses europeus, sob a Ordem Europeia de Investiga\u00e7\u00e3o (OEI).<\/li>\n<li>A investiga\u00e7\u00e3o remonta a 23 de fevereiro, quando o procurador Dariusz Korneluk designou uma equipa para averiguar alegadas atividades de um grupo criminoso internacional que recrutava adultos e menores com promessas de emprego, para os entregar posteriormente a terceiros para explora\u00e7\u00e3o sexual.<\/li>\n<li>Durante a fase preliminar, os procuradores analisaram materiais do Departamento de Justi\u00e7a dos Estados Unidos publicados no \u00e2mbito da Lei de Transpar\u00eancia dos Arquivos Epstein, que indicam uma suspeita razo\u00e1vel de tr\u00e1fico de pessoas, incluindo no territ\u00f3rio polaco.<\/li>\n<li>O primeiro-ministro polaco, Donald Tusk, referiu relatos sobre uma rede ligada a Epstein em Crac\u00f3via; at\u00e9 ao momento, n\u00e3o h\u00e1 refer\u00eancias a personalidades da elite polaca nos documentos, exceto o tenista Wojciech Fibak.<\/li>\n<\/ul>\n","protected":false},"author":2,"featured_media":406754,"comment_status":"closed","ping_status":"closed","sticky":false,"template":"","format":"standard","meta":{"footnotes":""},"categories":[6815,1],"tags":[256,2487,215,352,1488,3475],"class_list":["post-406753","post","type-post","status-publish","format-standard","has-post-thumbnail","hentry","category-justica","category-noticias","tag-cooperacao-internacional","tag-europa","tag-investigacao","tag-organizacao-criminosa","tag-polonia","tag-trafico-de-seres-humanos"],"yoast_head":"<!-- This site is optimized with the Yoast SEO plugin v27.2 - https:\/\/yoast.com\/product\/yoast-seo-wordpress\/ -->\n<title>Pol\u00f3nia abre investiga\u00e7\u00e3o por tr\u00e1fico de pessoas ligado ao caso Epstein - Portal Tela Portugal<\/title>\n<meta name=\"robots\" content=\"index, follow, max-snippet:-1, max-image-preview:large, max-video-preview:-1\" \/>\n<meta property=\"og:locale\" content=\"pt_PT\" \/>\n<meta property=\"og:type\" content=\"article\" \/>\n<meta property=\"og:title\" content=\"Pol\u00f3nia abre investiga\u00e7\u00e3o por tr\u00e1fico de pessoas ligado ao caso Epstein - Portal Tela Portugal\" \/>\n<meta property=\"og:description\" content=\"O Minist\u00e9rio P\u00fablico da Pol\u00f3nia abriu uma investiga\u00e7\u00e3o por tr\u00e1fico de seres humanos ligado a uma rede polaca associada a Jeffrey Epstein. O inqu\u00e9rito, iniciado nesta quarta-feira, prev\u00ea dilig\u00eancias probat\u00f3rias completas e inclui o envio de pedidos de informa\u00e7\u00e3o e provas a dois pa\u00edses europeus, sob a Ordem Europeia de Investiga\u00e7\u00e3o (OEI). A investiga\u00e7\u00e3o remonta a 23 de fevereiro, quando o procurador Dariusz Korneluk designou uma equipa para averiguar alegadas atividades de um grupo criminoso internacional que recrutava adultos e menores com promessas de emprego, para os entregar posteriormente a terceiros para explora\u00e7\u00e3o sexual. Durante a fase preliminar, os procuradores analisaram materiais do Departamento de Justi\u00e7a dos Estados Unidos publicados no \u00e2mbito da Lei de Transpar\u00eancia dos Arquivos Epstein, que indicam uma suspeita razo\u00e1vel de tr\u00e1fico de pessoas, incluindo no territ\u00f3rio polaco. O primeiro-ministro polaco, Donald Tusk, referiu relatos sobre uma rede ligada a Epstein em Crac\u00f3via; at\u00e9 ao momento, n\u00e3o h\u00e1 refer\u00eancias a personalidades da elite polaca nos documentos, exceto o tenista Wojciech Fibak.\" \/>\n<meta property=\"og:url\" content=\"https:\/\/portaltela.pt\/noticias\/2026\/03\/11\/polonia-abre-investigacao-por-trafico-de-pessoas-ligado-ao-caso-epstein\/\" \/>\n<meta property=\"og:site_name\" content=\"Portal Tela Portugal\" \/>\n<meta property=\"article:published_time\" content=\"2026-03-11T23:34:00+00:00\" \/>\n<meta name=\"author\" content=\"Telinha\" \/>\n<meta name=\"twitter:card\" content=\"summary_large_image\" \/>\n<meta name=\"twitter:label1\" content=\"Escrito por\" \/>\n\t<meta name=\"twitter:data1\" content=\"Telinha\" \/>\n\t<meta name=\"twitter:label2\" content=\"Tempo estimado de leitura\" \/>\n\t<meta name=\"twitter:data2\" content=\"1 minuto\" \/>\n<script type=\"application\/ld+json\" class=\"yoast-schema-graph\">{\"@context\":\"https:\/\/schema.org\",\"@graph\":[{\"@type\":\"Article\",\"@id\":\"https:\/\/portaltela.pt\/noticias\/2026\/03\/11\/polonia-abre-investigacao-por-trafico-de-pessoas-ligado-ao-caso-epstein\/#article\",\"isPartOf\":{\"@id\":\"https:\/\/portaltela.pt\/noticias\/2026\/03\/11\/polonia-abre-investigacao-por-trafico-de-pessoas-ligado-ao-caso-epstein\/\"},\"author\":{\"name\":\"Telinha\",\"@id\":\"https:\/\/portaltela.pt\/#\/schema\/person\/c4278d4a6028830caff9ee44b42d32ed\"},\"headline\":\"Pol\u00f3nia abre investiga\u00e7\u00e3o por tr\u00e1fico de pessoas ligado ao caso Epstein\",\"datePublished\":\"2026-03-11T23:34:00+00:00\",\"mainEntityOfPage\":{\"@id\":\"https:\/\/portaltela.pt\/noticias\/2026\/03\/11\/polonia-abre-investigacao-por-trafico-de-pessoas-ligado-ao-caso-epstein\/\"},\"wordCount\":256,\"image\":{\"@id\":\"https:\/\/portaltela.pt\/noticias\/2026\/03\/11\/polonia-abre-investigacao-por-trafico-de-pessoas-ligado-ao-caso-epstein\/#primaryimage\"},\"thumbnailUrl\":\"https:\/\/portaltela.pt\/s.01k8rhncp4jt1\/2026\/03\/image-744.jpg\",\"keywords\":[\"coopera\u00e7\u00e3o internacional\",\"Europa\",\"investiga\u00e7\u00e3o\",\"organiza\u00e7\u00e3o criminosa\",\"Pol\u00f3nia\",\"tr\u00e1fico de seres humanos\"],\"articleSection\":[\"Justi\u00e7a\",\"Not\u00edcias\"],\"inLanguage\":\"pt-PT\"},{\"@type\":\"WebPage\",\"@id\":\"https:\/\/portaltela.pt\/noticias\/2026\/03\/11\/polonia-abre-investigacao-por-trafico-de-pessoas-ligado-ao-caso-epstein\/\",\"url\":\"https:\/\/portaltela.pt\/noticias\/2026\/03\/11\/polonia-abre-investigacao-por-trafico-de-pessoas-ligado-ao-caso-epstein\/\",\"name\":\"Pol\u00f3nia abre investiga\u00e7\u00e3o por tr\u00e1fico de pessoas ligado ao caso Epstein - Portal Tela Portugal\",\"isPartOf\":{\"@id\":\"https:\/\/portaltela.pt\/#website\"},\"primaryImageOfPage\":{\"@id\":\"https:\/\/portaltela.pt\/noticias\/2026\/03\/11\/polonia-abre-investigacao-por-trafico-de-pessoas-ligado-ao-caso-epstein\/#primaryimage\"},\"image\":{\"@id\":\"https:\/\/portaltela.pt\/noticias\/2026\/03\/11\/polonia-abre-investigacao-por-trafico-de-pessoas-ligado-ao-caso-epstein\/#primaryimage\"},\"thumbnailUrl\":\"https:\/\/portaltela.pt\/s.01k8rhncp4jt1\/2026\/03\/image-744.jpg\",\"datePublished\":\"2026-03-11T23:34:00+00:00\",\"author\":{\"@id\":\"https:\/\/portaltela.pt\/#\/schema\/person\/c4278d4a6028830caff9ee44b42d32ed\"},\"breadcrumb\":{\"@id\":\"https:\/\/portaltela.pt\/noticias\/2026\/03\/11\/polonia-abre-investigacao-por-trafico-de-pessoas-ligado-ao-caso-epstein\/#breadcrumb\"},\"inLanguage\":\"pt-PT\",\"potentialAction\":[{\"@type\":\"ReadAction\",\"target\":[\"https:\/\/portaltela.pt\/noticias\/2026\/03\/11\/polonia-abre-investigacao-por-trafico-de-pessoas-ligado-ao-caso-epstein\/\"]}]},{\"@type\":\"ImageObject\",\"inLanguage\":\"pt-PT\",\"@id\":\"https:\/\/portaltela.pt\/noticias\/2026\/03\/11\/polonia-abre-investigacao-por-trafico-de-pessoas-ligado-ao-caso-epstein\/#primaryimage\",\"url\":\"https:\/\/portaltela.pt\/s.01k8rhncp4jt1\/2026\/03\/image-744.jpg\",\"contentUrl\":\"https:\/\/portaltela.pt\/s.01k8rhncp4jt1\/2026\/03\/image-744.jpg\",\"width\":796,\"height\":448,\"caption\":\"Imagem de contexto do artigo Minist\u00e9rio P\u00fablico da Pol\u00f3nia abre investiga\u00e7\u00e3o por tr\u00e1fico de pessoas e relacionada com caso Epstein\"},{\"@type\":\"BreadcrumbList\",\"@id\":\"https:\/\/portaltela.pt\/noticias\/2026\/03\/11\/polonia-abre-investigacao-por-trafico-de-pessoas-ligado-ao-caso-epstein\/#breadcrumb\",\"itemListElement\":[{\"@type\":\"ListItem\",\"position\":1,\"name\":\"In\u00edcio\",\"item\":\"https:\/\/portaltela.pt\/\"},{\"@type\":\"ListItem\",\"position\":2,\"name\":\"Pol\u00f3nia abre investiga\u00e7\u00e3o por tr\u00e1fico de pessoas ligado ao caso Epstein\"}]},{\"@type\":\"WebSite\",\"@id\":\"https:\/\/portaltela.pt\/#website\",\"url\":\"https:\/\/portaltela.pt\/\",\"name\":\"Portal Tela Portugal\",\"description\":\"\",\"potentialAction\":[{\"@type\":\"SearchAction\",\"target\":{\"@type\":\"EntryPoint\",\"urlTemplate\":\"https:\/\/portaltela.pt\/?s={search_term_string}\"},\"query-input\":{\"@type\":\"PropertyValueSpecification\",\"valueRequired\":true,\"valueName\":\"search_term_string\"}}],\"inLanguage\":\"pt-PT\"},{\"@type\":\"Person\",\"@id\":\"https:\/\/portaltela.pt\/#\/schema\/person\/c4278d4a6028830caff9ee44b42d32ed\",\"name\":\"Telinha\",\"image\":{\"@type\":\"ImageObject\",\"inLanguage\":\"pt-PT\",\"@id\":\"https:\/\/portaltela.pt\/s.01k8rhncp4jt1\/2025\/11\/talking-bot-125x125.png\",\"url\":\"https:\/\/portaltela.pt\/s.01k8rhncp4jt1\/2025\/11\/talking-bot-125x125.png\",\"contentUrl\":\"https:\/\/portaltela.pt\/s.01k8rhncp4jt1\/2025\/11\/talking-bot-125x125.png\",\"caption\":\"Telinha\"},\"sameAs\":[\"https:\/\/portaltela.pt\/\"],\"url\":\"https:\/\/portaltela.pt\/por\/367410592786\/\"}]}<\/script>\n<!-- \/ Yoast SEO plugin. -->","yoast_head_json":{"title":"Pol\u00f3nia abre investiga\u00e7\u00e3o por tr\u00e1fico de pessoas ligado ao caso Epstein - Portal Tela Portugal","robots":{"index":"index","follow":"follow","max-snippet":"max-snippet:-1","max-image-preview":"max-image-preview:large","max-video-preview":"max-video-preview:-1"},"og_locale":"pt_PT","og_type":"article","og_title":"Pol\u00f3nia abre investiga\u00e7\u00e3o por tr\u00e1fico de pessoas ligado ao caso Epstein - Portal Tela Portugal","og_description":"O Minist\u00e9rio P\u00fablico da Pol\u00f3nia abriu uma investiga\u00e7\u00e3o por tr\u00e1fico de seres humanos ligado a uma rede polaca associada a Jeffrey Epstein. O inqu\u00e9rito, iniciado nesta quarta-feira, prev\u00ea dilig\u00eancias probat\u00f3rias completas e inclui o envio de pedidos de informa\u00e7\u00e3o e provas a dois pa\u00edses europeus, sob a Ordem Europeia de Investiga\u00e7\u00e3o (OEI). A investiga\u00e7\u00e3o remonta a 23 de fevereiro, quando o procurador Dariusz Korneluk designou uma equipa para averiguar alegadas atividades de um grupo criminoso internacional que recrutava adultos e menores com promessas de emprego, para os entregar posteriormente a terceiros para explora\u00e7\u00e3o sexual. Durante a fase preliminar, os procuradores analisaram materiais do Departamento de Justi\u00e7a dos Estados Unidos publicados no \u00e2mbito da Lei de Transpar\u00eancia dos Arquivos Epstein, que indicam uma suspeita razo\u00e1vel de tr\u00e1fico de pessoas, incluindo no territ\u00f3rio polaco. O primeiro-ministro polaco, Donald Tusk, referiu relatos sobre uma rede ligada a Epstein em Crac\u00f3via; at\u00e9 ao momento, n\u00e3o h\u00e1 refer\u00eancias a personalidades da elite polaca nos documentos, exceto o tenista Wojciech Fibak.","og_url":"https:\/\/portaltela.pt\/noticias\/2026\/03\/11\/polonia-abre-investigacao-por-trafico-de-pessoas-ligado-ao-caso-epstein\/","og_site_name":"Portal Tela Portugal","article_published_time":"2026-03-11T23:34:00+00:00","author":"Telinha","twitter_card":"summary_large_image","twitter_misc":{"Escrito por":"Telinha","Tempo estimado de leitura":"1 minuto"},"schema":{"@context":"https:\/\/schema.org","@graph":[{"@type":"Article","@id":"https:\/\/portaltela.pt\/noticias\/2026\/03\/11\/polonia-abre-investigacao-por-trafico-de-pessoas-ligado-ao-caso-epstein\/#article","isPartOf":{"@id":"https:\/\/portaltela.pt\/noticias\/2026\/03\/11\/polonia-abre-investigacao-por-trafico-de-pessoas-ligado-ao-caso-epstein\/"},"author":{"name":"Telinha","@id":"https:\/\/portaltela.pt\/#\/schema\/person\/c4278d4a6028830caff9ee44b42d32ed"},"headline":"Pol\u00f3nia abre investiga\u00e7\u00e3o por tr\u00e1fico de pessoas ligado ao caso Epstein","datePublished":"2026-03-11T23:34:00+00:00","mainEntityOfPage":{"@id":"https:\/\/portaltela.pt\/noticias\/2026\/03\/11\/polonia-abre-investigacao-por-trafico-de-pessoas-ligado-ao-caso-epstein\/"},"wordCount":256,"image":{"@id":"https:\/\/portaltela.pt\/noticias\/2026\/03\/11\/polonia-abre-investigacao-por-trafico-de-pessoas-ligado-ao-caso-epstein\/#primaryimage"},"thumbnailUrl":"https:\/\/portaltela.pt\/s.01k8rhncp4jt1\/2026\/03\/image-744.jpg","keywords":["coopera\u00e7\u00e3o internacional","Europa","investiga\u00e7\u00e3o","organiza\u00e7\u00e3o criminosa","Pol\u00f3nia","tr\u00e1fico de seres humanos"],"articleSection":["Justi\u00e7a","Not\u00edcias"],"inLanguage":"pt-PT"},{"@type":"WebPage","@id":"https:\/\/portaltela.pt\/noticias\/2026\/03\/11\/polonia-abre-investigacao-por-trafico-de-pessoas-ligado-ao-caso-epstein\/","url":"https:\/\/portaltela.pt\/noticias\/2026\/03\/11\/polonia-abre-investigacao-por-trafico-de-pessoas-ligado-ao-caso-epstein\/","name":"Pol\u00f3nia abre investiga\u00e7\u00e3o por tr\u00e1fico de pessoas ligado ao caso Epstein - Portal Tela Portugal","isPartOf":{"@id":"https:\/\/portaltela.pt\/#website"},"primaryImageOfPage":{"@id":"https:\/\/portaltela.pt\/noticias\/2026\/03\/11\/polonia-abre-investigacao-por-trafico-de-pessoas-ligado-ao-caso-epstein\/#primaryimage"},"image":{"@id":"https:\/\/portaltela.pt\/noticias\/2026\/03\/11\/polonia-abre-investigacao-por-trafico-de-pessoas-ligado-ao-caso-epstein\/#primaryimage"},"thumbnailUrl":"https:\/\/portaltela.pt\/s.01k8rhncp4jt1\/2026\/03\/image-744.jpg","datePublished":"2026-03-11T23:34:00+00:00","author":{"@id":"https:\/\/portaltela.pt\/#\/schema\/person\/c4278d4a6028830caff9ee44b42d32ed"},"breadcrumb":{"@id":"https:\/\/portaltela.pt\/noticias\/2026\/03\/11\/polonia-abre-investigacao-por-trafico-de-pessoas-ligado-ao-caso-epstein\/#breadcrumb"},"inLanguage":"pt-PT","potentialAction":[{"@type":"ReadAction","target":["https:\/\/portaltela.pt\/noticias\/2026\/03\/11\/polonia-abre-investigacao-por-trafico-de-pessoas-ligado-ao-caso-epstein\/"]}]},{"@type":"ImageObject","inLanguage":"pt-PT","@id":"https:\/\/portaltela.pt\/noticias\/2026\/03\/11\/polonia-abre-investigacao-por-trafico-de-pessoas-ligado-ao-caso-epstein\/#primaryimage","url":"https:\/\/portaltela.pt\/s.01k8rhncp4jt1\/2026\/03\/image-744.jpg","contentUrl":"https:\/\/portaltela.pt\/s.01k8rhncp4jt1\/2026\/03\/image-744.jpg","width":796,"height":448,"caption":"Imagem de contexto do artigo Minist\u00e9rio P\u00fablico da Pol\u00f3nia abre investiga\u00e7\u00e3o por tr\u00e1fico de pessoas e relacionada com caso Epstein"},{"@type":"BreadcrumbList","@id":"https:\/\/portaltela.pt\/noticias\/2026\/03\/11\/polonia-abre-investigacao-por-trafico-de-pessoas-ligado-ao-caso-epstein\/#breadcrumb","itemListElement":[{"@type":"ListItem","position":1,"name":"In\u00edcio","item":"https:\/\/portaltela.pt\/"},{"@type":"ListItem","position":2,"name":"Pol\u00f3nia abre investiga\u00e7\u00e3o por tr\u00e1fico de pessoas ligado ao caso Epstein"}]},{"@type":"WebSite","@id":"https:\/\/portaltela.pt\/#website","url":"https:\/\/portaltela.pt\/","name":"Portal Tela Portugal","description":"","potentialAction":[{"@type":"SearchAction","target":{"@type":"EntryPoint","urlTemplate":"https:\/\/portaltela.pt\/?s={search_term_string}"},"query-input":{"@type":"PropertyValueSpecification","valueRequired":true,"valueName":"search_term_string"}}],"inLanguage":"pt-PT"},{"@type":"Person","@id":"https:\/\/portaltela.pt\/#\/schema\/person\/c4278d4a6028830caff9ee44b42d32ed","name":"Telinha","image":{"@type":"ImageObject","inLanguage":"pt-PT","@id":"https:\/\/portaltela.pt\/s.01k8rhncp4jt1\/2025\/11\/talking-bot-125x125.png","url":"https:\/\/portaltela.pt\/s.01k8rhncp4jt1\/2025\/11\/talking-bot-125x125.png","contentUrl":"https:\/\/portaltela.pt\/s.01k8rhncp4jt1\/2025\/11\/talking-bot-125x125.png","caption":"Telinha"},"sameAs":["https:\/\/portaltela.pt\/"],"url":"https:\/\/portaltela.pt\/por\/367410592786\/"}]}},"_links":{"self":[{"href":"https:\/\/portaltela.pt\/api\/wp\/v2\/posts\/406753","targetHints":{"allow":["GET"]}}],"collection":[{"href":"https:\/\/portaltela.pt\/api\/wp\/v2\/posts"}],"about":[{"href":"https:\/\/portaltela.pt\/api\/wp\/v2\/types\/post"}],"author":[{"embeddable":true,"href":"https:\/\/portaltela.pt\/api\/wp\/v2\/users\/2"}],"replies":[{"embeddable":true,"href":"https:\/\/portaltela.pt\/api\/wp\/v2\/comments?post=406753"}],"version-history":[{"count":0,"href":"https:\/\/portaltela.pt\/api\/wp\/v2\/posts\/406753\/revisions"}],"wp:featuredmedia":[{"embeddable":true,"href":"https:\/\/portaltela.pt\/api\/wp\/v2\/media\/406754"}],"wp:attachment":[{"href":"https:\/\/portaltela.pt\/api\/wp\/v2\/media?parent=406753"}],"wp:term":[{"taxonomy":"category","embeddable":true,"href":"https:\/\/portaltela.pt\/api\/wp\/v2\/categories?post=406753"},{"taxonomy":"post_tag","embeddable":true,"href":"https:\/\/portaltela.pt\/api\/wp\/v2\/tags?post=406753"}],"curies":[{"name":"wp","href":"https:\/\/api.w.org\/{rel}","templated":true}]}}