{"id":406699,"date":"2026-03-11T19:02:00","date_gmt":"2026-03-11T22:02:00","guid":{"rendered":"https:\/\/portaltela.pt\/noticias\/2026\/03\/11\/real-madrid-e-city-aparecem-pela-metade-valverde-surge-inteiro\/"},"modified":"2026-03-11T19:02:00","modified_gmt":"2026-03-11T22:02:00","slug":"real-madrid-e-city-aparecem-pela-metade-valverde-surge-inteiro","status":"publish","type":"post","link":"https:\/\/portaltela.pt\/desporto\/futebol\/2026\/03\/11\/real-madrid-e-city-aparecem-pela-metade-valverde-surge-inteiro\/","title":{"rendered":"Real Madrid e City aparecem pela metade; Valverde surge inteiro"},"content":{"rendered":"<p>O Real Madrid venceu o Manchester City por 3-0 na primeira m\u00e3o dos oitavos de final da Liga dos Campe\u00f5es, em Madrid. Valverde destacou-se com um hat-trick, num desempenho hist\u00f3rico do m\u00e9dio-ala uruguaio. City ficou a ver o Real depender de transi\u00e7\u00f5es r\u00e1pidas.<\/p>\n<p>Sem Bellingham, Mbapp\u00e9, Rodrygo e Carreras, o Real revelou-se funcional apesar das aus\u00eancias. Vin\u00edcius, Diaz e Valverde trocaram posi\u00e7\u00f5es constantemente, dando ao ataque mais imprevisibilidade. Courtois manteve a baliza a zero, evitando problemas maiores.<\/p>\n<p>Valverde foi o jogador fulcral da noite: aos 20 minutos abriu o marcador numa arrancada, aos 27 fez o segundo com remate cruzado, e aos 41 finalizou ap\u00f3s desvio de passe de Diaz. O trio de golos consolidou a vantagem para a segunda m\u00e3o em Manchester.<\/p>\n<h3>Desempenho e contexto<\/h3>\n<p>O Real mostrou ajuste t\u00e1ctico com Valverde em plena escala, a cobrir o flanco direito e a desequilibrar em contra-ataque. O equil\u00edbrio entre ataque e defesa ficou marcado pela adapta\u00e7\u00e3o dos estreantes em campo e pela gest\u00e3o de Courtois.<\/p>\n<p>A organiza\u00e7\u00e3o defensiva permitiu controlar o \u00edmpeto do City, que tentou pressionar alto mas falhou na defini\u00e7\u00e3o. O encontro situou-se num ritmo intenso, com o Real a explorar espa\u00e7os na frente e a responder com efic\u00e1cia.<\/p>\n<h3>Outro jogo da noite<\/h3>\n<p>No mesmo lote de encontros, o PSG goleou o Chelsea por 5-2, depois de manter vantagem ao longo da partida. Kvaratskhelia entrou a apresentar influ\u00eancia decisiva, contribuindo com dois golos e uma assist\u00eancia para Vitinha.<\/p>\n<p>Vitinha j\u00e1 tinha inaugurado o marcador, seguido de Demb\u00e9l\u00e9, Barcola, Malo Gusto e Enzo Fern\u00e1ndez. A vit\u00f3ria coloca o PSG numa posi\u00e7\u00e3o favor\u00e1vel para a eliminat\u00f3ria de regresso.<\/p>\n","protected":false},"excerpt":{"rendered":"<ul>\n<li>Na primeira m\u00e3o dos oitavos de final da Liga dos Campe\u00f5es, o Real Madrid venceu o Manchester City por 3-0 em Madrid, com Federico Valverde a marcar tr\u00eas golos.<\/li>\n<li>Valverde apresentou-se em v\u00e1rias posi\u00e7\u00f5es, destacando-se como ala-direito, meio-campo e avan\u00e7ado, e atravessou v\u00e1rias zonas da ofensiva merengue.<\/li>\n<li>Oito minutos depois do in\u00edcio, Valverde abriu o marcador, numa jogada de velocidade e arrancada pelo meio.<\/li>\n<li>Aos 28 minutos, voltou a marcar com remate cruzado de p\u00e9 esquerdo, e aos 41 minutos finalizou de cabe\u00e7a numa jogada de combina\u00e7\u00e3o.<\/li>\n<li>No outro jogo da noite, o Paris Saint\u2011Germain venceu o Chelsea por 5-2, com Khvicha Kvaratskhelia a assinalar dois golos e uma assist\u00eancia para Vitinha.<\/li>\n<\/ul>\n","protected":false},"author":2,"featured_media":406706,"comment_status":"closed","ping_status":"closed","sticky":false,"template":"","format":"standard","meta":{"footnotes":""},"categories":[21,24],"tags":[3577,2164,3492,32,1982,2752],"class_list":["post-406699","post","type-post","status-publish","format-standard","has-post-thumbnail","hentry","category-desporto","category-futebol","tag-champions-league","tag-chelsea","tag-dembele","tag-futebol","tag-paris-saint-germain","tag-vitinha"],"yoast_head":"<!-- This site is optimized with the Yoast SEO plugin v27.2 - https:\/\/yoast.com\/product\/yoast-seo-wordpress\/ -->\n<title>Real Madrid e City aparecem pela metade; Valverde surge inteiro - Portal Tela Portugal<\/title>\n<meta name=\"robots\" content=\"index, follow, max-snippet:-1, max-image-preview:large, max-video-preview:-1\" \/>\n<meta property=\"og:locale\" content=\"pt_PT\" \/>\n<meta property=\"og:type\" content=\"article\" \/>\n<meta property=\"og:title\" content=\"Real Madrid e City aparecem pela metade; Valverde surge inteiro - Portal Tela Portugal\" \/>\n<meta property=\"og:description\" content=\"Na primeira m\u00e3o dos oitavos de final da Liga dos Campe\u00f5es, o Real Madrid venceu o Manchester City por 3-0 em Madrid, com Federico Valverde a marcar tr\u00eas golos. Valverde apresentou-se em v\u00e1rias posi\u00e7\u00f5es, destacando-se como ala-direito, meio-campo e avan\u00e7ado, e atravessou v\u00e1rias zonas da ofensiva merengue. Oito minutos depois do in\u00edcio, Valverde abriu o marcador, numa jogada de velocidade e arrancada pelo meio. Aos 28 minutos, voltou a marcar com remate cruzado de p\u00e9 esquerdo, e aos 41 minutos finalizou de cabe\u00e7a numa jogada de combina\u00e7\u00e3o. No outro jogo da noite, o Paris Saint\u2011Germain venceu o Chelsea por 5-2, com Khvicha Kvaratskhelia a assinalar dois golos e uma assist\u00eancia para Vitinha.\" \/>\n<meta property=\"og:url\" content=\"https:\/\/portaltela.pt\/noticias\/2026\/03\/11\/real-madrid-e-city-aparecem-pela-metade-valverde-surge-inteiro\/\" \/>\n<meta property=\"og:site_name\" content=\"Portal Tela Portugal\" \/>\n<meta property=\"article:published_time\" content=\"2026-03-11T22:02:00+00:00\" \/>\n<meta name=\"author\" content=\"Telinha\" \/>\n<meta name=\"twitter:card\" content=\"summary_large_image\" \/>\n<meta name=\"twitter:label1\" content=\"Escrito por\" \/>\n\t<meta name=\"twitter:data1\" content=\"Telinha\" \/>\n\t<meta name=\"twitter:label2\" content=\"Tempo estimado de leitura\" \/>\n\t<meta name=\"twitter:data2\" content=\"1 minuto\" \/>\n<script type=\"application\/ld+json\" class=\"yoast-schema-graph\">{\"@context\":\"https:\/\/schema.org\",\"@graph\":[{\"@type\":\"Article\",\"@id\":\"https:\/\/portaltela.pt\/noticias\/2026\/03\/11\/real-madrid-e-city-aparecem-pela-metade-valverde-surge-inteiro\/#article\",\"isPartOf\":{\"@id\":\"https:\/\/portaltela.pt\/noticias\/2026\/03\/11\/real-madrid-e-city-aparecem-pela-metade-valverde-surge-inteiro\/\"},\"author\":{\"name\":\"Telinha\",\"@id\":\"https:\/\/portaltela.pt\/#\/schema\/person\/c4278d4a6028830caff9ee44b42d32ed\"},\"headline\":\"Real Madrid e City aparecem pela metade; Valverde surge inteiro\",\"datePublished\":\"2026-03-11T22:02:00+00:00\",\"mainEntityOfPage\":{\"@id\":\"https:\/\/portaltela.pt\/noticias\/2026\/03\/11\/real-madrid-e-city-aparecem-pela-metade-valverde-surge-inteiro\/\"},\"wordCount\":302,\"image\":{\"@id\":\"https:\/\/portaltela.pt\/noticias\/2026\/03\/11\/real-madrid-e-city-aparecem-pela-metade-valverde-surge-inteiro\/#primaryimage\"},\"thumbnailUrl\":\"https:\/\/portaltela.pt\/s.01k8rhncp4jt1\/2026\/03\/2073503.jpg\",\"keywords\":[\"Champions League\",\"Chelsea\",\"Demb\u00e9l\u00e9\",\"futebol\",\"Paris Saint-Germain\",\"Vitinha\"],\"articleSection\":[\"Desporto\",\"Futebol\"],\"inLanguage\":\"pt-PT\"},{\"@type\":\"WebPage\",\"@id\":\"https:\/\/portaltela.pt\/noticias\/2026\/03\/11\/real-madrid-e-city-aparecem-pela-metade-valverde-surge-inteiro\/\",\"url\":\"https:\/\/portaltela.pt\/noticias\/2026\/03\/11\/real-madrid-e-city-aparecem-pela-metade-valverde-surge-inteiro\/\",\"name\":\"Real Madrid e City aparecem pela metade; Valverde surge inteiro - Portal Tela Portugal\",\"isPartOf\":{\"@id\":\"https:\/\/portaltela.pt\/#website\"},\"primaryImageOfPage\":{\"@id\":\"https:\/\/portaltela.pt\/noticias\/2026\/03\/11\/real-madrid-e-city-aparecem-pela-metade-valverde-surge-inteiro\/#primaryimage\"},\"image\":{\"@id\":\"https:\/\/portaltela.pt\/noticias\/2026\/03\/11\/real-madrid-e-city-aparecem-pela-metade-valverde-surge-inteiro\/#primaryimage\"},\"thumbnailUrl\":\"https:\/\/portaltela.pt\/s.01k8rhncp4jt1\/2026\/03\/2073503.jpg\",\"datePublished\":\"2026-03-11T22:02:00+00:00\",\"author\":{\"@id\":\"https:\/\/portaltela.pt\/#\/schema\/person\/c4278d4a6028830caff9ee44b42d32ed\"},\"breadcrumb\":{\"@id\":\"https:\/\/portaltela.pt\/noticias\/2026\/03\/11\/real-madrid-e-city-aparecem-pela-metade-valverde-surge-inteiro\/#breadcrumb\"},\"inLanguage\":\"pt-PT\",\"potentialAction\":[{\"@type\":\"ReadAction\",\"target\":[\"https:\/\/portaltela.pt\/noticias\/2026\/03\/11\/real-madrid-e-city-aparecem-pela-metade-valverde-surge-inteiro\/\"]}]},{\"@type\":\"ImageObject\",\"inLanguage\":\"pt-PT\",\"@id\":\"https:\/\/portaltela.pt\/noticias\/2026\/03\/11\/real-madrid-e-city-aparecem-pela-metade-valverde-surge-inteiro\/#primaryimage\",\"url\":\"https:\/\/portaltela.pt\/s.01k8rhncp4jt1\/2026\/03\/2073503.jpg\",\"contentUrl\":\"https:\/\/portaltela.pt\/s.01k8rhncp4jt1\/2026\/03\/2073503.jpg\",\"width\":796,\"height\":448,\"caption\":\"Jogadores do Real Madrid celebram na Liga dos Campe\u00f5es\"},{\"@type\":\"BreadcrumbList\",\"@id\":\"https:\/\/portaltela.pt\/noticias\/2026\/03\/11\/real-madrid-e-city-aparecem-pela-metade-valverde-surge-inteiro\/#breadcrumb\",\"itemListElement\":[{\"@type\":\"ListItem\",\"position\":1,\"name\":\"In\u00edcio\",\"item\":\"https:\/\/portaltela.pt\/\"},{\"@type\":\"ListItem\",\"position\":2,\"name\":\"Real Madrid e City aparecem pela metade; Valverde surge inteiro\"}]},{\"@type\":\"WebSite\",\"@id\":\"https:\/\/portaltela.pt\/#website\",\"url\":\"https:\/\/portaltela.pt\/\",\"name\":\"Portal Tela Portugal\",\"description\":\"\",\"potentialAction\":[{\"@type\":\"SearchAction\",\"target\":{\"@type\":\"EntryPoint\",\"urlTemplate\":\"https:\/\/portaltela.pt\/?s={search_term_string}\"},\"query-input\":{\"@type\":\"PropertyValueSpecification\",\"valueRequired\":true,\"valueName\":\"search_term_string\"}}],\"inLanguage\":\"pt-PT\"},{\"@type\":\"Person\",\"@id\":\"https:\/\/portaltela.pt\/#\/schema\/person\/c4278d4a6028830caff9ee44b42d32ed\",\"name\":\"Telinha\",\"image\":{\"@type\":\"ImageObject\",\"inLanguage\":\"pt-PT\",\"@id\":\"https:\/\/portaltela.pt\/s.01k8rhncp4jt1\/2025\/11\/talking-bot-125x125.png\",\"url\":\"https:\/\/portaltela.pt\/s.01k8rhncp4jt1\/2025\/11\/talking-bot-125x125.png\",\"contentUrl\":\"https:\/\/portaltela.pt\/s.01k8rhncp4jt1\/2025\/11\/talking-bot-125x125.png\",\"caption\":\"Telinha\"},\"sameAs\":[\"https:\/\/portaltela.pt\/\"],\"url\":\"https:\/\/portaltela.pt\/por\/367410592786\/\"}]}<\/script>\n<!-- \/ Yoast SEO plugin. -->","yoast_head_json":{"title":"Real Madrid e City aparecem pela metade; Valverde surge inteiro - Portal Tela Portugal","robots":{"index":"index","follow":"follow","max-snippet":"max-snippet:-1","max-image-preview":"max-image-preview:large","max-video-preview":"max-video-preview:-1"},"og_locale":"pt_PT","og_type":"article","og_title":"Real Madrid e City aparecem pela metade; Valverde surge inteiro - Portal Tela Portugal","og_description":"Na primeira m\u00e3o dos oitavos de final da Liga dos Campe\u00f5es, o Real Madrid venceu o Manchester City por 3-0 em Madrid, com Federico Valverde a marcar tr\u00eas golos. Valverde apresentou-se em v\u00e1rias posi\u00e7\u00f5es, destacando-se como ala-direito, meio-campo e avan\u00e7ado, e atravessou v\u00e1rias zonas da ofensiva merengue. Oito minutos depois do in\u00edcio, Valverde abriu o marcador, numa jogada de velocidade e arrancada pelo meio. Aos 28 minutos, voltou a marcar com remate cruzado de p\u00e9 esquerdo, e aos 41 minutos finalizou de cabe\u00e7a numa jogada de combina\u00e7\u00e3o. No outro jogo da noite, o Paris Saint\u2011Germain venceu o Chelsea por 5-2, com Khvicha Kvaratskhelia a assinalar dois golos e uma assist\u00eancia para Vitinha.","og_url":"https:\/\/portaltela.pt\/noticias\/2026\/03\/11\/real-madrid-e-city-aparecem-pela-metade-valverde-surge-inteiro\/","og_site_name":"Portal Tela Portugal","article_published_time":"2026-03-11T22:02:00+00:00","author":"Telinha","twitter_card":"summary_large_image","twitter_misc":{"Escrito por":"Telinha","Tempo estimado de leitura":"1 minuto"},"schema":{"@context":"https:\/\/schema.org","@graph":[{"@type":"Article","@id":"https:\/\/portaltela.pt\/noticias\/2026\/03\/11\/real-madrid-e-city-aparecem-pela-metade-valverde-surge-inteiro\/#article","isPartOf":{"@id":"https:\/\/portaltela.pt\/noticias\/2026\/03\/11\/real-madrid-e-city-aparecem-pela-metade-valverde-surge-inteiro\/"},"author":{"name":"Telinha","@id":"https:\/\/portaltela.pt\/#\/schema\/person\/c4278d4a6028830caff9ee44b42d32ed"},"headline":"Real Madrid e City aparecem pela metade; Valverde surge inteiro","datePublished":"2026-03-11T22:02:00+00:00","mainEntityOfPage":{"@id":"https:\/\/portaltela.pt\/noticias\/2026\/03\/11\/real-madrid-e-city-aparecem-pela-metade-valverde-surge-inteiro\/"},"wordCount":302,"image":{"@id":"https:\/\/portaltela.pt\/noticias\/2026\/03\/11\/real-madrid-e-city-aparecem-pela-metade-valverde-surge-inteiro\/#primaryimage"},"thumbnailUrl":"https:\/\/portaltela.pt\/s.01k8rhncp4jt1\/2026\/03\/2073503.jpg","keywords":["Champions League","Chelsea","Demb\u00e9l\u00e9","futebol","Paris Saint-Germain","Vitinha"],"articleSection":["Desporto","Futebol"],"inLanguage":"pt-PT"},{"@type":"WebPage","@id":"https:\/\/portaltela.pt\/noticias\/2026\/03\/11\/real-madrid-e-city-aparecem-pela-metade-valverde-surge-inteiro\/","url":"https:\/\/portaltela.pt\/noticias\/2026\/03\/11\/real-madrid-e-city-aparecem-pela-metade-valverde-surge-inteiro\/","name":"Real Madrid e City aparecem pela metade; Valverde surge inteiro - Portal Tela Portugal","isPartOf":{"@id":"https:\/\/portaltela.pt\/#website"},"primaryImageOfPage":{"@id":"https:\/\/portaltela.pt\/noticias\/2026\/03\/11\/real-madrid-e-city-aparecem-pela-metade-valverde-surge-inteiro\/#primaryimage"},"image":{"@id":"https:\/\/portaltela.pt\/noticias\/2026\/03\/11\/real-madrid-e-city-aparecem-pela-metade-valverde-surge-inteiro\/#primaryimage"},"thumbnailUrl":"https:\/\/portaltela.pt\/s.01k8rhncp4jt1\/2026\/03\/2073503.jpg","datePublished":"2026-03-11T22:02:00+00:00","author":{"@id":"https:\/\/portaltela.pt\/#\/schema\/person\/c4278d4a6028830caff9ee44b42d32ed"},"breadcrumb":{"@id":"https:\/\/portaltela.pt\/noticias\/2026\/03\/11\/real-madrid-e-city-aparecem-pela-metade-valverde-surge-inteiro\/#breadcrumb"},"inLanguage":"pt-PT","potentialAction":[{"@type":"ReadAction","target":["https:\/\/portaltela.pt\/noticias\/2026\/03\/11\/real-madrid-e-city-aparecem-pela-metade-valverde-surge-inteiro\/"]}]},{"@type":"ImageObject","inLanguage":"pt-PT","@id":"https:\/\/portaltela.pt\/noticias\/2026\/03\/11\/real-madrid-e-city-aparecem-pela-metade-valverde-surge-inteiro\/#primaryimage","url":"https:\/\/portaltela.pt\/s.01k8rhncp4jt1\/2026\/03\/2073503.jpg","contentUrl":"https:\/\/portaltela.pt\/s.01k8rhncp4jt1\/2026\/03\/2073503.jpg","width":796,"height":448,"caption":"Jogadores do Real Madrid celebram na Liga dos Campe\u00f5es"},{"@type":"BreadcrumbList","@id":"https:\/\/portaltela.pt\/noticias\/2026\/03\/11\/real-madrid-e-city-aparecem-pela-metade-valverde-surge-inteiro\/#breadcrumb","itemListElement":[{"@type":"ListItem","position":1,"name":"In\u00edcio","item":"https:\/\/portaltela.pt\/"},{"@type":"ListItem","position":2,"name":"Real Madrid e City aparecem pela metade; Valverde surge inteiro"}]},{"@type":"WebSite","@id":"https:\/\/portaltela.pt\/#website","url":"https:\/\/portaltela.pt\/","name":"Portal Tela Portugal","description":"","potentialAction":[{"@type":"SearchAction","target":{"@type":"EntryPoint","urlTemplate":"https:\/\/portaltela.pt\/?s={search_term_string}"},"query-input":{"@type":"PropertyValueSpecification","valueRequired":true,"valueName":"search_term_string"}}],"inLanguage":"pt-PT"},{"@type":"Person","@id":"https:\/\/portaltela.pt\/#\/schema\/person\/c4278d4a6028830caff9ee44b42d32ed","name":"Telinha","image":{"@type":"ImageObject","inLanguage":"pt-PT","@id":"https:\/\/portaltela.pt\/s.01k8rhncp4jt1\/2025\/11\/talking-bot-125x125.png","url":"https:\/\/portaltela.pt\/s.01k8rhncp4jt1\/2025\/11\/talking-bot-125x125.png","contentUrl":"https:\/\/portaltela.pt\/s.01k8rhncp4jt1\/2025\/11\/talking-bot-125x125.png","caption":"Telinha"},"sameAs":["https:\/\/portaltela.pt\/"],"url":"https:\/\/portaltela.pt\/por\/367410592786\/"}]}},"_links":{"self":[{"href":"https:\/\/portaltela.pt\/api\/wp\/v2\/posts\/406699","targetHints":{"allow":["GET"]}}],"collection":[{"href":"https:\/\/portaltela.pt\/api\/wp\/v2\/posts"}],"about":[{"href":"https:\/\/portaltela.pt\/api\/wp\/v2\/types\/post"}],"author":[{"embeddable":true,"href":"https:\/\/portaltela.pt\/api\/wp\/v2\/users\/2"}],"replies":[{"embeddable":true,"href":"https:\/\/portaltela.pt\/api\/wp\/v2\/comments?post=406699"}],"version-history":[{"count":0,"href":"https:\/\/portaltela.pt\/api\/wp\/v2\/posts\/406699\/revisions"}],"wp:featuredmedia":[{"embeddable":true,"href":"https:\/\/portaltela.pt\/api\/wp\/v2\/media\/406706"}],"wp:attachment":[{"href":"https:\/\/portaltela.pt\/api\/wp\/v2\/media?parent=406699"}],"wp:term":[{"taxonomy":"category","embeddable":true,"href":"https:\/\/portaltela.pt\/api\/wp\/v2\/categories?post=406699"},{"taxonomy":"post_tag","embeddable":true,"href":"https:\/\/portaltela.pt\/api\/wp\/v2\/tags?post=406699"}],"curies":[{"name":"wp","href":"https:\/\/api.w.org\/{rel}","templated":true}]}}