{"id":406689,"date":"2026-03-11T18:46:54","date_gmt":"2026-03-11T21:46:54","guid":{"rendered":"https:\/\/portaltela.pt\/noticias\/2026\/03\/11\/jose-mourinho-assiste-ao-jogo-de-iniciados-do-benfica\/"},"modified":"2026-03-11T18:46:54","modified_gmt":"2026-03-11T21:46:54","slug":"jose-mourinho-assiste-ao-jogo-de-iniciados-do-benfica","status":"publish","type":"post","link":"https:\/\/portaltela.pt\/desporto\/futebol\/2026\/03\/11\/jose-mourinho-assiste-ao-jogo-de-iniciados-do-benfica\/","title":{"rendered":"Jos\u00e9 Mourinho assiste ao jogo de iniciados do Benfica"},"content":{"rendered":"<p>Jos\u00e9 Mourinho esteve hoje no Seixal para acompanhar o encontro entre Benfica e Estoril, v\u00e1lido pela fase de apuramento de campe\u00e3o da competi\u00e7\u00e3o Nacional de iniciados. A presen\u00e7a foi de observa\u00e7\u00e3o t\u00e9cnica, sem participa\u00e7\u00e3o no jogo.<\/p>\n<p>O treinador foi acompanhado pelo adjunto Pedro Machado, numa visita que se concentrou na observa\u00e7\u00e3o dos jovens atletas das duas equipas. N\u00e3o houve declara\u00e7\u00f5es oficiais imediatas.<\/p>\n<p>O encontro teve lugar no \u00e2mbito da competi\u00e7\u00e3o de iniciados e insere-se na fase a determinar o campe\u00e3o da norma nacional da categoria. A presen\u00e7a de figuras de renome refor\u00e7a o interesse do evento.<\/p>\n<p>A visita de Mourinho acontece numa altura em que as camadas de forma\u00e7\u00e3o do Benfica est\u00e3o a ser avaliadas para o planeamento competitivo da temporada. O jogo manteve o ritmo habitual da fase final da prova.<\/p>\n","protected":false},"excerpt":{"rendered":"<ul>\n<li>Jos\u00e9 Mourinho assistiu ao encontro de iniciados entre Benfica e Estoril, a contar para a fase de apuramento de campe\u00e3o do Nacional da categoria, no Seixal.<\/li>\n<li>O treinador estava acompanhado do adjunto Pedro Machado.<\/li>\n<\/ul>\n","protected":false},"author":2,"featured_media":406693,"comment_status":"closed","ping_status":"closed","sticky":false,"template":"","format":"standard","meta":{"footnotes":""},"categories":[21,24],"tags":[1946,999,1290,3549,787,1064],"class_list":["post-406689","post","type-post","status-publish","format-standard","has-post-thumbnail","hentry","category-desporto","category-futebol","tag-benfica","tag-estoril","tag-formacao","tag-iniciados","tag-observacao","tag-seixal"],"yoast_head":"<!-- This site is optimized with the Yoast SEO plugin v27.2 - https:\/\/yoast.com\/product\/yoast-seo-wordpress\/ -->\n<title>Jos\u00e9 Mourinho assiste ao jogo de iniciados do Benfica - Portal Tela Portugal<\/title>\n<meta name=\"robots\" content=\"index, follow, max-snippet:-1, max-image-preview:large, max-video-preview:-1\" \/>\n<meta property=\"og:locale\" content=\"pt_PT\" \/>\n<meta property=\"og:type\" content=\"article\" \/>\n<meta property=\"og:title\" content=\"Jos\u00e9 Mourinho assiste ao jogo de iniciados do Benfica - Portal Tela Portugal\" \/>\n<meta property=\"og:description\" content=\"Jos\u00e9 Mourinho assistiu ao encontro de iniciados entre Benfica e Estoril, a contar para a fase de apuramento de campe\u00e3o do Nacional da categoria, no Seixal. O treinador estava acompanhado do adjunto Pedro Machado.\" \/>\n<meta property=\"og:url\" content=\"https:\/\/portaltela.pt\/noticias\/2026\/03\/11\/jose-mourinho-assiste-ao-jogo-de-iniciados-do-benfica\/\" \/>\n<meta property=\"og:site_name\" content=\"Portal Tela Portugal\" \/>\n<meta property=\"article:published_time\" content=\"2026-03-11T21:46:54+00:00\" \/>\n<meta name=\"author\" content=\"Telinha\" \/>\n<meta name=\"twitter:card\" content=\"summary_large_image\" \/>\n<meta name=\"twitter:label1\" content=\"Escrito por\" \/>\n\t<meta name=\"twitter:data1\" content=\"Telinha\" \/>\n\t<meta name=\"twitter:label2\" content=\"Tempo estimado de leitura\" \/>\n\t<meta name=\"twitter:data2\" content=\"1 minuto\" \/>\n<script type=\"application\/ld+json\" class=\"yoast-schema-graph\">{\"@context\":\"https:\/\/schema.org\",\"@graph\":[{\"@type\":\"Article\",\"@id\":\"https:\/\/portaltela.pt\/noticias\/2026\/03\/11\/jose-mourinho-assiste-ao-jogo-de-iniciados-do-benfica\/#article\",\"isPartOf\":{\"@id\":\"https:\/\/portaltela.pt\/noticias\/2026\/03\/11\/jose-mourinho-assiste-ao-jogo-de-iniciados-do-benfica\/\"},\"author\":{\"name\":\"Telinha\",\"@id\":\"https:\/\/portaltela.pt\/#\/schema\/person\/c4278d4a6028830caff9ee44b42d32ed\"},\"headline\":\"Jos\u00e9 Mourinho assiste ao jogo de iniciados do Benfica\",\"datePublished\":\"2026-03-11T21:46:54+00:00\",\"mainEntityOfPage\":{\"@id\":\"https:\/\/portaltela.pt\/noticias\/2026\/03\/11\/jose-mourinho-assiste-ao-jogo-de-iniciados-do-benfica\/\"},\"wordCount\":157,\"image\":{\"@id\":\"https:\/\/portaltela.pt\/noticias\/2026\/03\/11\/jose-mourinho-assiste-ao-jogo-de-iniciados-do-benfica\/#primaryimage\"},\"thumbnailUrl\":\"https:\/\/portaltela.pt\/s.01k8rhncp4jt1\/2026\/03\/img_1200x721uu2026-03-11-21-46-33-2426334.jpg\",\"keywords\":[\"Benfica\",\"Estoril\",\"forma\u00e7\u00e3o\",\"iniciados\",\"observa\u00e7\u00e3o\",\"Seixal\"],\"articleSection\":[\"Desporto\",\"Futebol\"],\"inLanguage\":\"pt-PT\"},{\"@type\":\"WebPage\",\"@id\":\"https:\/\/portaltela.pt\/noticias\/2026\/03\/11\/jose-mourinho-assiste-ao-jogo-de-iniciados-do-benfica\/\",\"url\":\"https:\/\/portaltela.pt\/noticias\/2026\/03\/11\/jose-mourinho-assiste-ao-jogo-de-iniciados-do-benfica\/\",\"name\":\"Jos\u00e9 Mourinho assiste ao jogo de iniciados do Benfica - Portal Tela Portugal\",\"isPartOf\":{\"@id\":\"https:\/\/portaltela.pt\/#website\"},\"primaryImageOfPage\":{\"@id\":\"https:\/\/portaltela.pt\/noticias\/2026\/03\/11\/jose-mourinho-assiste-ao-jogo-de-iniciados-do-benfica\/#primaryimage\"},\"image\":{\"@id\":\"https:\/\/portaltela.pt\/noticias\/2026\/03\/11\/jose-mourinho-assiste-ao-jogo-de-iniciados-do-benfica\/#primaryimage\"},\"thumbnailUrl\":\"https:\/\/portaltela.pt\/s.01k8rhncp4jt1\/2026\/03\/img_1200x721uu2026-03-11-21-46-33-2426334.jpg\",\"datePublished\":\"2026-03-11T21:46:54+00:00\",\"author\":{\"@id\":\"https:\/\/portaltela.pt\/#\/schema\/person\/c4278d4a6028830caff9ee44b42d32ed\"},\"breadcrumb\":{\"@id\":\"https:\/\/portaltela.pt\/noticias\/2026\/03\/11\/jose-mourinho-assiste-ao-jogo-de-iniciados-do-benfica\/#breadcrumb\"},\"inLanguage\":\"pt-PT\",\"potentialAction\":[{\"@type\":\"ReadAction\",\"target\":[\"https:\/\/portaltela.pt\/noticias\/2026\/03\/11\/jose-mourinho-assiste-ao-jogo-de-iniciados-do-benfica\/\"]}]},{\"@type\":\"ImageObject\",\"inLanguage\":\"pt-PT\",\"@id\":\"https:\/\/portaltela.pt\/noticias\/2026\/03\/11\/jose-mourinho-assiste-ao-jogo-de-iniciados-do-benfica\/#primaryimage\",\"url\":\"https:\/\/portaltela.pt\/s.01k8rhncp4jt1\/2026\/03\/img_1200x721uu2026-03-11-21-46-33-2426334.jpg\",\"contentUrl\":\"https:\/\/portaltela.pt\/s.01k8rhncp4jt1\/2026\/03\/img_1200x721uu2026-03-11-21-46-33-2426334.jpg\",\"width\":796,\"height\":448,\"caption\":\"Mourinho assiste ao jogo do Benfica em iniciados\"},{\"@type\":\"BreadcrumbList\",\"@id\":\"https:\/\/portaltela.pt\/noticias\/2026\/03\/11\/jose-mourinho-assiste-ao-jogo-de-iniciados-do-benfica\/#breadcrumb\",\"itemListElement\":[{\"@type\":\"ListItem\",\"position\":1,\"name\":\"In\u00edcio\",\"item\":\"https:\/\/portaltela.pt\/\"},{\"@type\":\"ListItem\",\"position\":2,\"name\":\"Jos\u00e9 Mourinho assiste ao jogo de iniciados do Benfica\"}]},{\"@type\":\"WebSite\",\"@id\":\"https:\/\/portaltela.pt\/#website\",\"url\":\"https:\/\/portaltela.pt\/\",\"name\":\"Portal Tela Portugal\",\"description\":\"\",\"potentialAction\":[{\"@type\":\"SearchAction\",\"target\":{\"@type\":\"EntryPoint\",\"urlTemplate\":\"https:\/\/portaltela.pt\/?s={search_term_string}\"},\"query-input\":{\"@type\":\"PropertyValueSpecification\",\"valueRequired\":true,\"valueName\":\"search_term_string\"}}],\"inLanguage\":\"pt-PT\"},{\"@type\":\"Person\",\"@id\":\"https:\/\/portaltela.pt\/#\/schema\/person\/c4278d4a6028830caff9ee44b42d32ed\",\"name\":\"Telinha\",\"image\":{\"@type\":\"ImageObject\",\"inLanguage\":\"pt-PT\",\"@id\":\"https:\/\/portaltela.pt\/s.01k8rhncp4jt1\/2025\/11\/talking-bot-125x125.png\",\"url\":\"https:\/\/portaltela.pt\/s.01k8rhncp4jt1\/2025\/11\/talking-bot-125x125.png\",\"contentUrl\":\"https:\/\/portaltela.pt\/s.01k8rhncp4jt1\/2025\/11\/talking-bot-125x125.png\",\"caption\":\"Telinha\"},\"sameAs\":[\"https:\/\/portaltela.pt\/\"],\"url\":\"https:\/\/portaltela.pt\/por\/367410592786\/\"}]}<\/script>\n<!-- \/ Yoast SEO plugin. -->","yoast_head_json":{"title":"Jos\u00e9 Mourinho assiste ao jogo de iniciados do Benfica - Portal Tela Portugal","robots":{"index":"index","follow":"follow","max-snippet":"max-snippet:-1","max-image-preview":"max-image-preview:large","max-video-preview":"max-video-preview:-1"},"og_locale":"pt_PT","og_type":"article","og_title":"Jos\u00e9 Mourinho assiste ao jogo de iniciados do Benfica - Portal Tela Portugal","og_description":"Jos\u00e9 Mourinho assistiu ao encontro de iniciados entre Benfica e Estoril, a contar para a fase de apuramento de campe\u00e3o do Nacional da categoria, no Seixal. O treinador estava acompanhado do adjunto Pedro Machado.","og_url":"https:\/\/portaltela.pt\/noticias\/2026\/03\/11\/jose-mourinho-assiste-ao-jogo-de-iniciados-do-benfica\/","og_site_name":"Portal Tela Portugal","article_published_time":"2026-03-11T21:46:54+00:00","author":"Telinha","twitter_card":"summary_large_image","twitter_misc":{"Escrito por":"Telinha","Tempo estimado de leitura":"1 minuto"},"schema":{"@context":"https:\/\/schema.org","@graph":[{"@type":"Article","@id":"https:\/\/portaltela.pt\/noticias\/2026\/03\/11\/jose-mourinho-assiste-ao-jogo-de-iniciados-do-benfica\/#article","isPartOf":{"@id":"https:\/\/portaltela.pt\/noticias\/2026\/03\/11\/jose-mourinho-assiste-ao-jogo-de-iniciados-do-benfica\/"},"author":{"name":"Telinha","@id":"https:\/\/portaltela.pt\/#\/schema\/person\/c4278d4a6028830caff9ee44b42d32ed"},"headline":"Jos\u00e9 Mourinho assiste ao jogo de iniciados do Benfica","datePublished":"2026-03-11T21:46:54+00:00","mainEntityOfPage":{"@id":"https:\/\/portaltela.pt\/noticias\/2026\/03\/11\/jose-mourinho-assiste-ao-jogo-de-iniciados-do-benfica\/"},"wordCount":157,"image":{"@id":"https:\/\/portaltela.pt\/noticias\/2026\/03\/11\/jose-mourinho-assiste-ao-jogo-de-iniciados-do-benfica\/#primaryimage"},"thumbnailUrl":"https:\/\/portaltela.pt\/s.01k8rhncp4jt1\/2026\/03\/img_1200x721uu2026-03-11-21-46-33-2426334.jpg","keywords":["Benfica","Estoril","forma\u00e7\u00e3o","iniciados","observa\u00e7\u00e3o","Seixal"],"articleSection":["Desporto","Futebol"],"inLanguage":"pt-PT"},{"@type":"WebPage","@id":"https:\/\/portaltela.pt\/noticias\/2026\/03\/11\/jose-mourinho-assiste-ao-jogo-de-iniciados-do-benfica\/","url":"https:\/\/portaltela.pt\/noticias\/2026\/03\/11\/jose-mourinho-assiste-ao-jogo-de-iniciados-do-benfica\/","name":"Jos\u00e9 Mourinho assiste ao jogo de iniciados do Benfica - Portal Tela Portugal","isPartOf":{"@id":"https:\/\/portaltela.pt\/#website"},"primaryImageOfPage":{"@id":"https:\/\/portaltela.pt\/noticias\/2026\/03\/11\/jose-mourinho-assiste-ao-jogo-de-iniciados-do-benfica\/#primaryimage"},"image":{"@id":"https:\/\/portaltela.pt\/noticias\/2026\/03\/11\/jose-mourinho-assiste-ao-jogo-de-iniciados-do-benfica\/#primaryimage"},"thumbnailUrl":"https:\/\/portaltela.pt\/s.01k8rhncp4jt1\/2026\/03\/img_1200x721uu2026-03-11-21-46-33-2426334.jpg","datePublished":"2026-03-11T21:46:54+00:00","author":{"@id":"https:\/\/portaltela.pt\/#\/schema\/person\/c4278d4a6028830caff9ee44b42d32ed"},"breadcrumb":{"@id":"https:\/\/portaltela.pt\/noticias\/2026\/03\/11\/jose-mourinho-assiste-ao-jogo-de-iniciados-do-benfica\/#breadcrumb"},"inLanguage":"pt-PT","potentialAction":[{"@type":"ReadAction","target":["https:\/\/portaltela.pt\/noticias\/2026\/03\/11\/jose-mourinho-assiste-ao-jogo-de-iniciados-do-benfica\/"]}]},{"@type":"ImageObject","inLanguage":"pt-PT","@id":"https:\/\/portaltela.pt\/noticias\/2026\/03\/11\/jose-mourinho-assiste-ao-jogo-de-iniciados-do-benfica\/#primaryimage","url":"https:\/\/portaltela.pt\/s.01k8rhncp4jt1\/2026\/03\/img_1200x721uu2026-03-11-21-46-33-2426334.jpg","contentUrl":"https:\/\/portaltela.pt\/s.01k8rhncp4jt1\/2026\/03\/img_1200x721uu2026-03-11-21-46-33-2426334.jpg","width":796,"height":448,"caption":"Mourinho assiste ao jogo do Benfica em iniciados"},{"@type":"BreadcrumbList","@id":"https:\/\/portaltela.pt\/noticias\/2026\/03\/11\/jose-mourinho-assiste-ao-jogo-de-iniciados-do-benfica\/#breadcrumb","itemListElement":[{"@type":"ListItem","position":1,"name":"In\u00edcio","item":"https:\/\/portaltela.pt\/"},{"@type":"ListItem","position":2,"name":"Jos\u00e9 Mourinho assiste ao jogo de iniciados do Benfica"}]},{"@type":"WebSite","@id":"https:\/\/portaltela.pt\/#website","url":"https:\/\/portaltela.pt\/","name":"Portal Tela Portugal","description":"","potentialAction":[{"@type":"SearchAction","target":{"@type":"EntryPoint","urlTemplate":"https:\/\/portaltela.pt\/?s={search_term_string}"},"query-input":{"@type":"PropertyValueSpecification","valueRequired":true,"valueName":"search_term_string"}}],"inLanguage":"pt-PT"},{"@type":"Person","@id":"https:\/\/portaltela.pt\/#\/schema\/person\/c4278d4a6028830caff9ee44b42d32ed","name":"Telinha","image":{"@type":"ImageObject","inLanguage":"pt-PT","@id":"https:\/\/portaltela.pt\/s.01k8rhncp4jt1\/2025\/11\/talking-bot-125x125.png","url":"https:\/\/portaltela.pt\/s.01k8rhncp4jt1\/2025\/11\/talking-bot-125x125.png","contentUrl":"https:\/\/portaltela.pt\/s.01k8rhncp4jt1\/2025\/11\/talking-bot-125x125.png","caption":"Telinha"},"sameAs":["https:\/\/portaltela.pt\/"],"url":"https:\/\/portaltela.pt\/por\/367410592786\/"}]}},"_links":{"self":[{"href":"https:\/\/portaltela.pt\/api\/wp\/v2\/posts\/406689","targetHints":{"allow":["GET"]}}],"collection":[{"href":"https:\/\/portaltela.pt\/api\/wp\/v2\/posts"}],"about":[{"href":"https:\/\/portaltela.pt\/api\/wp\/v2\/types\/post"}],"author":[{"embeddable":true,"href":"https:\/\/portaltela.pt\/api\/wp\/v2\/users\/2"}],"replies":[{"embeddable":true,"href":"https:\/\/portaltela.pt\/api\/wp\/v2\/comments?post=406689"}],"version-history":[{"count":0,"href":"https:\/\/portaltela.pt\/api\/wp\/v2\/posts\/406689\/revisions"}],"wp:featuredmedia":[{"embeddable":true,"href":"https:\/\/portaltela.pt\/api\/wp\/v2\/media\/406693"}],"wp:attachment":[{"href":"https:\/\/portaltela.pt\/api\/wp\/v2\/media?parent=406689"}],"wp:term":[{"taxonomy":"category","embeddable":true,"href":"https:\/\/portaltela.pt\/api\/wp\/v2\/categories?post=406689"},{"taxonomy":"post_tag","embeddable":true,"href":"https:\/\/portaltela.pt\/api\/wp\/v2\/tags?post=406689"}],"curies":[{"name":"wp","href":"https:\/\/api.w.org\/{rel}","templated":true}]}}