{"id":406679,"date":"2026-03-11T18:37:13","date_gmt":"2026-03-11T21:37:13","guid":{"rendered":"https:\/\/portaltela.pt\/noticias\/2026\/03\/11\/a14-entre-figueira-da-foz-e-coimbra-reabre-nos-dois-sentidos-as-21h20\/"},"modified":"2026-03-11T18:37:13","modified_gmt":"2026-03-11T21:37:13","slug":"a14-entre-figueira-da-foz-e-coimbra-reabre-nos-dois-sentidos-as-21h20","status":"publish","type":"post","link":"https:\/\/portaltela.pt\/noticias\/2026\/03\/11\/a14-entre-figueira-da-foz-e-coimbra-reabre-nos-dois-sentidos-as-21h20\/","title":{"rendered":"A14 entre Figueira da Foz e Coimbra reabre nos dois sentidos \u00e0s 21h20"},"content":{"rendered":"<p>A autoestrada A14, que liga a Figueira da Foz a Coimbra, reabriu ao tr\u00e2nsito nos dois sentidos \u00e0s 21h20 desta quarta-feira, depois de mais de um m\u00eas encerrada devido \u00e0s cheias no vale do Mondego. A circula\u00e7\u00e3o ficou interrompida desde a madrugada de 3 de fevereiro.<\/p>\n<p>A Autarquia da Figueira da Foz informou, via Facebook, que o tro\u00e7o entre o n\u00f3 da A17 e o n\u00f3 de Santa Olaia, com acesso a Montemor-o-Velho, ficou aberto aos dois sentidos pelas 21h20. Foi pedido aos condutores que mantenham alguma prud\u00eancia num curto tro\u00e7o junto ao n\u00f3 de Santa Olaia por causa de constrangimentos no piso.<\/p>\n<p>Nas \u00faltimas semanas, a Brisa Concess\u00e3o Rodovi\u00e1ria procedeu a trabalhos de arranjo de uma passagem hidr\u00e1ulica perto de Santa Olaia e avaliou o estado da infraestrutura, incluindo aterros e drenagem, na sequ\u00eancia da subida da \u00e1gua e submers\u00e3o da plataforma. O restabelecimento envolve cerca de oito quil\u00f3metros de via.<\/p>\n<h3>Contexto da reabertura<\/h3>\n<p>Os primeiros 13 km da A14, entre a Figueira da Foz e o n\u00f3 de Santa Eul\u00e1lia, j\u00e1 abriram ao tr\u00e2nsito em 1994, mantendo-se gratuitos desde ent\u00e3o. Em Montemor-o-Velho, o acesso alternativo passou a ser pela antiga EN 111, com constrangimentos e acidentes pontuais nas povoa\u00e7\u00f5es de Maiorca e Caceira.<\/p>\n<p>A retoma de circula\u00e7\u00e3o pela A14 foi marcada pela necessidade de ultrapassar o fluxo adicional de ve\u00edculos entre Montemor-o-Velho e Coimbra, principalmente no segmento pr\u00f3ximo a Maiorca, onde a via acompanha a regi\u00e3o de Baixo Mondego.<\/p>\n","protected":false},"excerpt":{"rendered":"<ul>\n<li>A autoestrada A14, no sentido Figueira da Foz\u2013Coimbra, reabre ao tr\u00e2nsito nos dois sentidos \u00e0s 21h20 desta quarta-feira, depois de ficar encerrada desde 3 de fevereiro devido \u00e0s cheias no vale do Mondego.<\/li>\n<li>O tro\u00e7o entre o n\u00f3 da A17 e o n\u00f3 de Santa Olaia, de cerca de oito quil\u00f3metros, reabre com circula\u00e7\u00e3o normal, mas com prud\u00eancia num segmento pr\u00f3ximo a Santa Olaia devido a constrangimentos no piso.<\/li>\n<li>A interrup\u00e7\u00e3o deveu-se ao alagamento e aos danos provocados pela subida das \u00e1guas nos campos agr\u00edcolas adjacentes do Mondego, mantendo-se o encerramento por mais de um m\u00eas.<\/li>\n<li>A Brisa Concess\u00e3o Rodovi\u00e1ria realizou trabalhos de arranjo, incluindo uma passagem hidr\u00e1ulica junto ao n\u00f3 de Santa Olaia e avalia\u00e7\u00e3o de aterros e sistemas de drenagem.<\/li>\n<li>O tro\u00e7o original abriu em mil novecentos e noventa e quatro como IP tr\u00eas, passando a autoestrada A14 em mil novecentos e um, mantendo-se gratuita at\u00e9 hoje.<\/li>\n<\/ul>\n","protected":false},"author":2,"featured_media":406683,"comment_status":"closed","ping_status":"closed","sticky":false,"template":"","format":"standard","meta":{"footnotes":""},"categories":[1],"tags":[1070,1083,1417,4903,4971],"class_list":["post-406679","post","type-post","status-publish","format-standard","has-post-thumbnail","hentry","category-noticias","tag-coimbra","tag-estradas","tag-figueira-da-foz","tag-montemor-o-velho","tag-transporte-rodoviario"],"yoast_head":"<!-- This site is optimized with the Yoast SEO plugin v27.2 - https:\/\/yoast.com\/product\/yoast-seo-wordpress\/ -->\n<title>A14 entre Figueira da Foz e Coimbra reabre nos dois sentidos \u00e0s 21h20 - Portal Tela Portugal<\/title>\n<meta name=\"robots\" content=\"index, follow, max-snippet:-1, max-image-preview:large, max-video-preview:-1\" \/>\n<meta property=\"og:locale\" content=\"pt_PT\" \/>\n<meta property=\"og:type\" content=\"article\" \/>\n<meta property=\"og:title\" content=\"A14 entre Figueira da Foz e Coimbra reabre nos dois sentidos \u00e0s 21h20 - Portal Tela Portugal\" \/>\n<meta property=\"og:description\" content=\"A autoestrada A14, no sentido Figueira da Foz\u2013Coimbra, reabre ao tr\u00e2nsito nos dois sentidos \u00e0s 21h20 desta quarta-feira, depois de ficar encerrada desde 3 de fevereiro devido \u00e0s cheias no vale do Mondego. O tro\u00e7o entre o n\u00f3 da A17 e o n\u00f3 de Santa Olaia, de cerca de oito quil\u00f3metros, reabre com circula\u00e7\u00e3o normal, mas com prud\u00eancia num segmento pr\u00f3ximo a Santa Olaia devido a constrangimentos no piso. A interrup\u00e7\u00e3o deveu-se ao alagamento e aos danos provocados pela subida das \u00e1guas nos campos agr\u00edcolas adjacentes do Mondego, mantendo-se o encerramento por mais de um m\u00eas. A Brisa Concess\u00e3o Rodovi\u00e1ria realizou trabalhos de arranjo, incluindo uma passagem hidr\u00e1ulica junto ao n\u00f3 de Santa Olaia e avalia\u00e7\u00e3o de aterros e sistemas de drenagem. O tro\u00e7o original abriu em mil novecentos e noventa e quatro como IP tr\u00eas, passando a autoestrada A14 em mil novecentos e um, mantendo-se gratuita at\u00e9 hoje.\" \/>\n<meta property=\"og:url\" content=\"https:\/\/portaltela.pt\/noticias\/2026\/03\/11\/a14-entre-figueira-da-foz-e-coimbra-reabre-nos-dois-sentidos-as-21h20\/\" \/>\n<meta property=\"og:site_name\" content=\"Portal Tela Portugal\" \/>\n<meta property=\"article:published_time\" content=\"2026-03-11T21:37:13+00:00\" \/>\n<meta name=\"author\" content=\"Telinha\" \/>\n<meta name=\"twitter:card\" content=\"summary_large_image\" \/>\n<meta name=\"twitter:label1\" content=\"Escrito por\" \/>\n\t<meta name=\"twitter:data1\" content=\"Telinha\" \/>\n\t<meta name=\"twitter:label2\" content=\"Tempo estimado de leitura\" \/>\n\t<meta name=\"twitter:data2\" content=\"1 minuto\" \/>\n<script type=\"application\/ld+json\" class=\"yoast-schema-graph\">{\"@context\":\"https:\/\/schema.org\",\"@graph\":[{\"@type\":\"Article\",\"@id\":\"https:\/\/portaltela.pt\/noticias\/2026\/03\/11\/a14-entre-figueira-da-foz-e-coimbra-reabre-nos-dois-sentidos-as-21h20\/#article\",\"isPartOf\":{\"@id\":\"https:\/\/portaltela.pt\/noticias\/2026\/03\/11\/a14-entre-figueira-da-foz-e-coimbra-reabre-nos-dois-sentidos-as-21h20\/\"},\"author\":{\"name\":\"Telinha\",\"@id\":\"https:\/\/portaltela.pt\/#\/schema\/person\/c4278d4a6028830caff9ee44b42d32ed\"},\"headline\":\"A14 entre Figueira da Foz e Coimbra reabre nos dois sentidos \u00e0s 21h20\",\"datePublished\":\"2026-03-11T21:37:13+00:00\",\"mainEntityOfPage\":{\"@id\":\"https:\/\/portaltela.pt\/noticias\/2026\/03\/11\/a14-entre-figueira-da-foz-e-coimbra-reabre-nos-dois-sentidos-as-21h20\/\"},\"wordCount\":270,\"image\":{\"@id\":\"https:\/\/portaltela.pt\/noticias\/2026\/03\/11\/a14-entre-figueira-da-foz-e-coimbra-reabre-nos-dois-sentidos-as-21h20\/#primaryimage\"},\"thumbnailUrl\":\"https:\/\/portaltela.pt\/s.01k8rhncp4jt1\/2026\/03\/img_1500x1000uu2026-02-03-15-45-00-2264466.jpg\",\"keywords\":[\"Coimbra\",\"estradas\",\"Figueira da Foz\",\"Montemor-o-Velho\",\"transporte rodovi\u00e1rio\"],\"articleSection\":[\"Not\u00edcias\"],\"inLanguage\":\"pt-PT\"},{\"@type\":\"WebPage\",\"@id\":\"https:\/\/portaltela.pt\/noticias\/2026\/03\/11\/a14-entre-figueira-da-foz-e-coimbra-reabre-nos-dois-sentidos-as-21h20\/\",\"url\":\"https:\/\/portaltela.pt\/noticias\/2026\/03\/11\/a14-entre-figueira-da-foz-e-coimbra-reabre-nos-dois-sentidos-as-21h20\/\",\"name\":\"A14 entre Figueira da Foz e Coimbra reabre nos dois sentidos \u00e0s 21h20 - Portal Tela Portugal\",\"isPartOf\":{\"@id\":\"https:\/\/portaltela.pt\/#website\"},\"primaryImageOfPage\":{\"@id\":\"https:\/\/portaltela.pt\/noticias\/2026\/03\/11\/a14-entre-figueira-da-foz-e-coimbra-reabre-nos-dois-sentidos-as-21h20\/#primaryimage\"},\"image\":{\"@id\":\"https:\/\/portaltela.pt\/noticias\/2026\/03\/11\/a14-entre-figueira-da-foz-e-coimbra-reabre-nos-dois-sentidos-as-21h20\/#primaryimage\"},\"thumbnailUrl\":\"https:\/\/portaltela.pt\/s.01k8rhncp4jt1\/2026\/03\/img_1500x1000uu2026-02-03-15-45-00-2264466.jpg\",\"datePublished\":\"2026-03-11T21:37:13+00:00\",\"author\":{\"@id\":\"https:\/\/portaltela.pt\/#\/schema\/person\/c4278d4a6028830caff9ee44b42d32ed\"},\"breadcrumb\":{\"@id\":\"https:\/\/portaltela.pt\/noticias\/2026\/03\/11\/a14-entre-figueira-da-foz-e-coimbra-reabre-nos-dois-sentidos-as-21h20\/#breadcrumb\"},\"inLanguage\":\"pt-PT\",\"potentialAction\":[{\"@type\":\"ReadAction\",\"target\":[\"https:\/\/portaltela.pt\/noticias\/2026\/03\/11\/a14-entre-figueira-da-foz-e-coimbra-reabre-nos-dois-sentidos-as-21h20\/\"]}]},{\"@type\":\"ImageObject\",\"inLanguage\":\"pt-PT\",\"@id\":\"https:\/\/portaltela.pt\/noticias\/2026\/03\/11\/a14-entre-figueira-da-foz-e-coimbra-reabre-nos-dois-sentidos-as-21h20\/#primaryimage\",\"url\":\"https:\/\/portaltela.pt\/s.01k8rhncp4jt1\/2026\/03\/img_1500x1000uu2026-02-03-15-45-00-2264466.jpg\",\"contentUrl\":\"https:\/\/portaltela.pt\/s.01k8rhncp4jt1\/2026\/03\/img_1500x1000uu2026-02-03-15-45-00-2264466.jpg\",\"width\":796,\"height\":448,\"caption\":\"A14 no sentido Figueira da Foz-Coimbra reabre nos dois sentidos \u00e0s 21h20\"},{\"@type\":\"BreadcrumbList\",\"@id\":\"https:\/\/portaltela.pt\/noticias\/2026\/03\/11\/a14-entre-figueira-da-foz-e-coimbra-reabre-nos-dois-sentidos-as-21h20\/#breadcrumb\",\"itemListElement\":[{\"@type\":\"ListItem\",\"position\":1,\"name\":\"In\u00edcio\",\"item\":\"https:\/\/portaltela.pt\/\"},{\"@type\":\"ListItem\",\"position\":2,\"name\":\"A14 entre Figueira da Foz e Coimbra reabre nos dois sentidos \u00e0s 21h20\"}]},{\"@type\":\"WebSite\",\"@id\":\"https:\/\/portaltela.pt\/#website\",\"url\":\"https:\/\/portaltela.pt\/\",\"name\":\"Portal Tela Portugal\",\"description\":\"\",\"potentialAction\":[{\"@type\":\"SearchAction\",\"target\":{\"@type\":\"EntryPoint\",\"urlTemplate\":\"https:\/\/portaltela.pt\/?s={search_term_string}\"},\"query-input\":{\"@type\":\"PropertyValueSpecification\",\"valueRequired\":true,\"valueName\":\"search_term_string\"}}],\"inLanguage\":\"pt-PT\"},{\"@type\":\"Person\",\"@id\":\"https:\/\/portaltela.pt\/#\/schema\/person\/c4278d4a6028830caff9ee44b42d32ed\",\"name\":\"Telinha\",\"image\":{\"@type\":\"ImageObject\",\"inLanguage\":\"pt-PT\",\"@id\":\"https:\/\/portaltela.pt\/s.01k8rhncp4jt1\/2025\/11\/talking-bot-125x125.png\",\"url\":\"https:\/\/portaltela.pt\/s.01k8rhncp4jt1\/2025\/11\/talking-bot-125x125.png\",\"contentUrl\":\"https:\/\/portaltela.pt\/s.01k8rhncp4jt1\/2025\/11\/talking-bot-125x125.png\",\"caption\":\"Telinha\"},\"sameAs\":[\"https:\/\/portaltela.pt\/\"],\"url\":\"https:\/\/portaltela.pt\/por\/367410592786\/\"}]}<\/script>\n<!-- \/ Yoast SEO plugin. -->","yoast_head_json":{"title":"A14 entre Figueira da Foz e Coimbra reabre nos dois sentidos \u00e0s 21h20 - Portal Tela Portugal","robots":{"index":"index","follow":"follow","max-snippet":"max-snippet:-1","max-image-preview":"max-image-preview:large","max-video-preview":"max-video-preview:-1"},"og_locale":"pt_PT","og_type":"article","og_title":"A14 entre Figueira da Foz e Coimbra reabre nos dois sentidos \u00e0s 21h20 - Portal Tela Portugal","og_description":"A autoestrada A14, no sentido Figueira da Foz\u2013Coimbra, reabre ao tr\u00e2nsito nos dois sentidos \u00e0s 21h20 desta quarta-feira, depois de ficar encerrada desde 3 de fevereiro devido \u00e0s cheias no vale do Mondego. O tro\u00e7o entre o n\u00f3 da A17 e o n\u00f3 de Santa Olaia, de cerca de oito quil\u00f3metros, reabre com circula\u00e7\u00e3o normal, mas com prud\u00eancia num segmento pr\u00f3ximo a Santa Olaia devido a constrangimentos no piso. A interrup\u00e7\u00e3o deveu-se ao alagamento e aos danos provocados pela subida das \u00e1guas nos campos agr\u00edcolas adjacentes do Mondego, mantendo-se o encerramento por mais de um m\u00eas. A Brisa Concess\u00e3o Rodovi\u00e1ria realizou trabalhos de arranjo, incluindo uma passagem hidr\u00e1ulica junto ao n\u00f3 de Santa Olaia e avalia\u00e7\u00e3o de aterros e sistemas de drenagem. O tro\u00e7o original abriu em mil novecentos e noventa e quatro como IP tr\u00eas, passando a autoestrada A14 em mil novecentos e um, mantendo-se gratuita at\u00e9 hoje.","og_url":"https:\/\/portaltela.pt\/noticias\/2026\/03\/11\/a14-entre-figueira-da-foz-e-coimbra-reabre-nos-dois-sentidos-as-21h20\/","og_site_name":"Portal Tela Portugal","article_published_time":"2026-03-11T21:37:13+00:00","author":"Telinha","twitter_card":"summary_large_image","twitter_misc":{"Escrito por":"Telinha","Tempo estimado de leitura":"1 minuto"},"schema":{"@context":"https:\/\/schema.org","@graph":[{"@type":"Article","@id":"https:\/\/portaltela.pt\/noticias\/2026\/03\/11\/a14-entre-figueira-da-foz-e-coimbra-reabre-nos-dois-sentidos-as-21h20\/#article","isPartOf":{"@id":"https:\/\/portaltela.pt\/noticias\/2026\/03\/11\/a14-entre-figueira-da-foz-e-coimbra-reabre-nos-dois-sentidos-as-21h20\/"},"author":{"name":"Telinha","@id":"https:\/\/portaltela.pt\/#\/schema\/person\/c4278d4a6028830caff9ee44b42d32ed"},"headline":"A14 entre Figueira da Foz e Coimbra reabre nos dois sentidos \u00e0s 21h20","datePublished":"2026-03-11T21:37:13+00:00","mainEntityOfPage":{"@id":"https:\/\/portaltela.pt\/noticias\/2026\/03\/11\/a14-entre-figueira-da-foz-e-coimbra-reabre-nos-dois-sentidos-as-21h20\/"},"wordCount":270,"image":{"@id":"https:\/\/portaltela.pt\/noticias\/2026\/03\/11\/a14-entre-figueira-da-foz-e-coimbra-reabre-nos-dois-sentidos-as-21h20\/#primaryimage"},"thumbnailUrl":"https:\/\/portaltela.pt\/s.01k8rhncp4jt1\/2026\/03\/img_1500x1000uu2026-02-03-15-45-00-2264466.jpg","keywords":["Coimbra","estradas","Figueira da Foz","Montemor-o-Velho","transporte rodovi\u00e1rio"],"articleSection":["Not\u00edcias"],"inLanguage":"pt-PT"},{"@type":"WebPage","@id":"https:\/\/portaltela.pt\/noticias\/2026\/03\/11\/a14-entre-figueira-da-foz-e-coimbra-reabre-nos-dois-sentidos-as-21h20\/","url":"https:\/\/portaltela.pt\/noticias\/2026\/03\/11\/a14-entre-figueira-da-foz-e-coimbra-reabre-nos-dois-sentidos-as-21h20\/","name":"A14 entre Figueira da Foz e Coimbra reabre nos dois sentidos \u00e0s 21h20 - Portal Tela Portugal","isPartOf":{"@id":"https:\/\/portaltela.pt\/#website"},"primaryImageOfPage":{"@id":"https:\/\/portaltela.pt\/noticias\/2026\/03\/11\/a14-entre-figueira-da-foz-e-coimbra-reabre-nos-dois-sentidos-as-21h20\/#primaryimage"},"image":{"@id":"https:\/\/portaltela.pt\/noticias\/2026\/03\/11\/a14-entre-figueira-da-foz-e-coimbra-reabre-nos-dois-sentidos-as-21h20\/#primaryimage"},"thumbnailUrl":"https:\/\/portaltela.pt\/s.01k8rhncp4jt1\/2026\/03\/img_1500x1000uu2026-02-03-15-45-00-2264466.jpg","datePublished":"2026-03-11T21:37:13+00:00","author":{"@id":"https:\/\/portaltela.pt\/#\/schema\/person\/c4278d4a6028830caff9ee44b42d32ed"},"breadcrumb":{"@id":"https:\/\/portaltela.pt\/noticias\/2026\/03\/11\/a14-entre-figueira-da-foz-e-coimbra-reabre-nos-dois-sentidos-as-21h20\/#breadcrumb"},"inLanguage":"pt-PT","potentialAction":[{"@type":"ReadAction","target":["https:\/\/portaltela.pt\/noticias\/2026\/03\/11\/a14-entre-figueira-da-foz-e-coimbra-reabre-nos-dois-sentidos-as-21h20\/"]}]},{"@type":"ImageObject","inLanguage":"pt-PT","@id":"https:\/\/portaltela.pt\/noticias\/2026\/03\/11\/a14-entre-figueira-da-foz-e-coimbra-reabre-nos-dois-sentidos-as-21h20\/#primaryimage","url":"https:\/\/portaltela.pt\/s.01k8rhncp4jt1\/2026\/03\/img_1500x1000uu2026-02-03-15-45-00-2264466.jpg","contentUrl":"https:\/\/portaltela.pt\/s.01k8rhncp4jt1\/2026\/03\/img_1500x1000uu2026-02-03-15-45-00-2264466.jpg","width":796,"height":448,"caption":"A14 no sentido Figueira da Foz-Coimbra reabre nos dois sentidos \u00e0s 21h20"},{"@type":"BreadcrumbList","@id":"https:\/\/portaltela.pt\/noticias\/2026\/03\/11\/a14-entre-figueira-da-foz-e-coimbra-reabre-nos-dois-sentidos-as-21h20\/#breadcrumb","itemListElement":[{"@type":"ListItem","position":1,"name":"In\u00edcio","item":"https:\/\/portaltela.pt\/"},{"@type":"ListItem","position":2,"name":"A14 entre Figueira da Foz e Coimbra reabre nos dois sentidos \u00e0s 21h20"}]},{"@type":"WebSite","@id":"https:\/\/portaltela.pt\/#website","url":"https:\/\/portaltela.pt\/","name":"Portal Tela Portugal","description":"","potentialAction":[{"@type":"SearchAction","target":{"@type":"EntryPoint","urlTemplate":"https:\/\/portaltela.pt\/?s={search_term_string}"},"query-input":{"@type":"PropertyValueSpecification","valueRequired":true,"valueName":"search_term_string"}}],"inLanguage":"pt-PT"},{"@type":"Person","@id":"https:\/\/portaltela.pt\/#\/schema\/person\/c4278d4a6028830caff9ee44b42d32ed","name":"Telinha","image":{"@type":"ImageObject","inLanguage":"pt-PT","@id":"https:\/\/portaltela.pt\/s.01k8rhncp4jt1\/2025\/11\/talking-bot-125x125.png","url":"https:\/\/portaltela.pt\/s.01k8rhncp4jt1\/2025\/11\/talking-bot-125x125.png","contentUrl":"https:\/\/portaltela.pt\/s.01k8rhncp4jt1\/2025\/11\/talking-bot-125x125.png","caption":"Telinha"},"sameAs":["https:\/\/portaltela.pt\/"],"url":"https:\/\/portaltela.pt\/por\/367410592786\/"}]}},"_links":{"self":[{"href":"https:\/\/portaltela.pt\/api\/wp\/v2\/posts\/406679","targetHints":{"allow":["GET"]}}],"collection":[{"href":"https:\/\/portaltela.pt\/api\/wp\/v2\/posts"}],"about":[{"href":"https:\/\/portaltela.pt\/api\/wp\/v2\/types\/post"}],"author":[{"embeddable":true,"href":"https:\/\/portaltela.pt\/api\/wp\/v2\/users\/2"}],"replies":[{"embeddable":true,"href":"https:\/\/portaltela.pt\/api\/wp\/v2\/comments?post=406679"}],"version-history":[{"count":0,"href":"https:\/\/portaltela.pt\/api\/wp\/v2\/posts\/406679\/revisions"}],"wp:featuredmedia":[{"embeddable":true,"href":"https:\/\/portaltela.pt\/api\/wp\/v2\/media\/406683"}],"wp:attachment":[{"href":"https:\/\/portaltela.pt\/api\/wp\/v2\/media?parent=406679"}],"wp:term":[{"taxonomy":"category","embeddable":true,"href":"https:\/\/portaltela.pt\/api\/wp\/v2\/categories?post=406679"},{"taxonomy":"post_tag","embeddable":true,"href":"https:\/\/portaltela.pt\/api\/wp\/v2\/tags?post=406679"}],"curies":[{"name":"wp","href":"https:\/\/api.w.org\/{rel}","templated":true}]}}