{"id":406677,"date":"2026-03-11T18:39:00","date_gmt":"2026-03-11T21:39:00","guid":{"rendered":"https:\/\/portaltela.pt\/noticias\/2026\/03\/11\/15-milhoes-de-euros-ate-maio-para-recuperar-dezenas-de-praias\/"},"modified":"2026-03-11T18:39:00","modified_gmt":"2026-03-11T21:39:00","slug":"15-milhoes-de-euros-ate-maio-para-recuperar-dezenas-de-praias","status":"publish","type":"post","link":"https:\/\/portaltela.pt\/noticias\/2026\/03\/11\/15-milhoes-de-euros-ate-maio-para-recuperar-dezenas-de-praias\/","title":{"rendered":"15 milh\u00f5es de euros at\u00e9 maio para recuperar dezenas de praias"},"content":{"rendered":"<p>O Minist\u00e9rio do Ambiente e Energia destinou 27 milh\u00f5es de euros a 86 obras de recupera\u00e7\u00e3o de praias, segundo a ministra Maria da Gra\u00e7a Carvalho. O objetivo \u00e9 apoiar projetos considerados priorit\u00e1rios e super-priorit\u00e1rios.<\/p>\n<p>A agravante de cinco meses de mau tempo deixou danos nas zonas costeiras. Ingressaram tempestades como Ingrid, Joseph, Kristin, Leonardo e Marta, e agora avalia-se como recuperar o que o mar levou.<\/p>\n<p>Em Mafra, uma praia ser\u00e1 encerrada durante o ver\u00e3o, devido a obras de reabilita\u00e7\u00e3o previs\u00edveis.<\/p>\n<h3>Plano de investimento e prazos<\/h3>\n<p>At\u00e9 maio v\u00e3o ocorrer 46 obras super-priorit\u00e1rias com um investimento de 15 milh\u00f5es de euros, segundo a APA. Um segundo lote, de 40 casos priorit\u00e1rios, receber\u00e1 12 milh\u00f5es at\u00e9 ao final do ano.<\/p>\n<p>A fatura total para a recupera\u00e7\u00e3o costeira ascende a 111 milh\u00f5es de euros, com or\u00e7amento distribui\u00e7\u00f5es a rumos distintos. A Ag\u00eancia Portuguesa do Ambiente (APA) coordena os trabalhos e prazos.<\/p>\n<h3>Perspetivas futuras e prazos<\/h3>\n<p>Ao longo de 2027 ser\u00e3o mobilizados 31 milh\u00f5es de euros e, a partir de 2028, 53 milh\u00f5es de euros, para refor\u00e7ar a resposta \u00e0s equipas de prote\u00e7\u00e3o costeira e \u00e0 restaura\u00e7\u00e3o das praias afetadas.<\/p>\n","protected":false},"excerpt":{"rendered":"<ul>\n<li>O Minist\u00e9rio do Ambiente e Energia vai destinar 27 milh\u00f5es de euros para 86 obras priorit\u00e1rias e superpriorit\u00e1rias de recupera\u00e7\u00e3o de praias.<\/li>\n<li>At\u00e9 maio v\u00e3o ser investidos 15 milh\u00f5es de euros em 46 obras super-priorit\u00e1rias para preparar a \u00e9poca balnear.<\/li>\n<li>O total previsto para reparar estragos na costa, com cinco meses de mau tempo, \u00e9 de 111 milh\u00f5es de euros, segundo a Ag\u00eancia Portuguesa do Ambiente.<\/li>\n<li>Em Mafra, uma praia ficar\u00e1 encerrada no ver\u00e3o devido aos impactos do mau tempo.<\/li>\n<li>Al\u00e9m dos 15 milh\u00f5es at\u00e9 maio, seguem 12 milh\u00f5es at\u00e9 ao final do ano, 31 milh\u00f5es at\u00e9 ao final de 2027 e 53 milh\u00f5es a partir de 2028.<\/li>\n<\/ul>\n","protected":false},"author":2,"featured_media":406685,"comment_status":"closed","ping_status":"closed","sticky":false,"template":"","format":"standard","meta":{"footnotes":""},"categories":[6725,1],"tags":[4802,4085,316,2600,45,6127],"class_list":["post-406677","post","type-post","status-publish","format-standard","has-post-thumbnail","hentry","category-meio-ambiente","category-noticias","tag-agencia-portuguesa-do-ambiente","tag-apa","tag-investimento","tag-mafra","tag-meio-ambiente","tag-recuperacao-ambiental"],"yoast_head":"<!-- This site is optimized with the Yoast SEO plugin v27.2 - https:\/\/yoast.com\/product\/yoast-seo-wordpress\/ -->\n<title>15 milh\u00f5es de euros at\u00e9 maio para recuperar dezenas de praias - Portal Tela Portugal<\/title>\n<meta name=\"robots\" content=\"index, follow, max-snippet:-1, max-image-preview:large, max-video-preview:-1\" \/>\n<meta property=\"og:locale\" content=\"pt_PT\" \/>\n<meta property=\"og:type\" content=\"article\" \/>\n<meta property=\"og:title\" content=\"15 milh\u00f5es de euros at\u00e9 maio para recuperar dezenas de praias - Portal Tela Portugal\" \/>\n<meta property=\"og:description\" content=\"O Minist\u00e9rio do Ambiente e Energia vai destinar 27 milh\u00f5es de euros para 86 obras priorit\u00e1rias e superpriorit\u00e1rias de recupera\u00e7\u00e3o de praias. At\u00e9 maio v\u00e3o ser investidos 15 milh\u00f5es de euros em 46 obras super-priorit\u00e1rias para preparar a \u00e9poca balnear. O total previsto para reparar estragos na costa, com cinco meses de mau tempo, \u00e9 de 111 milh\u00f5es de euros, segundo a Ag\u00eancia Portuguesa do Ambiente. Em Mafra, uma praia ficar\u00e1 encerrada no ver\u00e3o devido aos impactos do mau tempo. Al\u00e9m dos 15 milh\u00f5es at\u00e9 maio, seguem 12 milh\u00f5es at\u00e9 ao final do ano, 31 milh\u00f5es at\u00e9 ao final de 2027 e 53 milh\u00f5es a partir de 2028.\" \/>\n<meta property=\"og:url\" content=\"https:\/\/portaltela.pt\/noticias\/2026\/03\/11\/15-milhoes-de-euros-ate-maio-para-recuperar-dezenas-de-praias\/\" \/>\n<meta property=\"og:site_name\" content=\"Portal Tela Portugal\" \/>\n<meta property=\"article:published_time\" content=\"2026-03-11T21:39:00+00:00\" \/>\n<meta name=\"author\" content=\"Telinha\" \/>\n<meta name=\"twitter:card\" content=\"summary_large_image\" \/>\n<meta name=\"twitter:label1\" content=\"Escrito por\" \/>\n\t<meta name=\"twitter:data1\" content=\"Telinha\" \/>\n\t<meta name=\"twitter:label2\" content=\"Tempo estimado de leitura\" \/>\n\t<meta name=\"twitter:data2\" content=\"1 minuto\" \/>\n<script type=\"application\/ld+json\" class=\"yoast-schema-graph\">{\"@context\":\"https:\/\/schema.org\",\"@graph\":[{\"@type\":\"Article\",\"@id\":\"https:\/\/portaltela.pt\/noticias\/2026\/03\/11\/15-milhoes-de-euros-ate-maio-para-recuperar-dezenas-de-praias\/#article\",\"isPartOf\":{\"@id\":\"https:\/\/portaltela.pt\/noticias\/2026\/03\/11\/15-milhoes-de-euros-ate-maio-para-recuperar-dezenas-de-praias\/\"},\"author\":{\"name\":\"Telinha\",\"@id\":\"https:\/\/portaltela.pt\/#\/schema\/person\/c4278d4a6028830caff9ee44b42d32ed\"},\"headline\":\"15 milh\u00f5es de euros at\u00e9 maio para recuperar dezenas de praias\",\"datePublished\":\"2026-03-11T21:39:00+00:00\",\"mainEntityOfPage\":{\"@id\":\"https:\/\/portaltela.pt\/noticias\/2026\/03\/11\/15-milhoes-de-euros-ate-maio-para-recuperar-dezenas-de-praias\/\"},\"wordCount\":210,\"image\":{\"@id\":\"https:\/\/portaltela.pt\/noticias\/2026\/03\/11\/15-milhoes-de-euros-ate-maio-para-recuperar-dezenas-de-praias\/#primaryimage\"},\"thumbnailUrl\":\"https:\/\/portaltela.pt\/s.01k8rhncp4jt1\/2026\/03\/image-741.jpg\",\"keywords\":[\"Ag\u00eancia Portuguesa do Ambiente\",\"APA\",\"investimento\",\"Mafra\",\"meio-ambiente\",\"recupera\u00e7\u00e3o ambiental\"],\"articleSection\":[\"Meio Ambiente\",\"Not\u00edcias\"],\"inLanguage\":\"pt-PT\"},{\"@type\":\"WebPage\",\"@id\":\"https:\/\/portaltela.pt\/noticias\/2026\/03\/11\/15-milhoes-de-euros-ate-maio-para-recuperar-dezenas-de-praias\/\",\"url\":\"https:\/\/portaltela.pt\/noticias\/2026\/03\/11\/15-milhoes-de-euros-ate-maio-para-recuperar-dezenas-de-praias\/\",\"name\":\"15 milh\u00f5es de euros at\u00e9 maio para recuperar dezenas de praias - Portal Tela Portugal\",\"isPartOf\":{\"@id\":\"https:\/\/portaltela.pt\/#website\"},\"primaryImageOfPage\":{\"@id\":\"https:\/\/portaltela.pt\/noticias\/2026\/03\/11\/15-milhoes-de-euros-ate-maio-para-recuperar-dezenas-de-praias\/#primaryimage\"},\"image\":{\"@id\":\"https:\/\/portaltela.pt\/noticias\/2026\/03\/11\/15-milhoes-de-euros-ate-maio-para-recuperar-dezenas-de-praias\/#primaryimage\"},\"thumbnailUrl\":\"https:\/\/portaltela.pt\/s.01k8rhncp4jt1\/2026\/03\/image-741.jpg\",\"datePublished\":\"2026-03-11T21:39:00+00:00\",\"author\":{\"@id\":\"https:\/\/portaltela.pt\/#\/schema\/person\/c4278d4a6028830caff9ee44b42d32ed\"},\"breadcrumb\":{\"@id\":\"https:\/\/portaltela.pt\/noticias\/2026\/03\/11\/15-milhoes-de-euros-ate-maio-para-recuperar-dezenas-de-praias\/#breadcrumb\"},\"inLanguage\":\"pt-PT\",\"potentialAction\":[{\"@type\":\"ReadAction\",\"target\":[\"https:\/\/portaltela.pt\/noticias\/2026\/03\/11\/15-milhoes-de-euros-ate-maio-para-recuperar-dezenas-de-praias\/\"]}]},{\"@type\":\"ImageObject\",\"inLanguage\":\"pt-PT\",\"@id\":\"https:\/\/portaltela.pt\/noticias\/2026\/03\/11\/15-milhoes-de-euros-ate-maio-para-recuperar-dezenas-de-praias\/#primaryimage\",\"url\":\"https:\/\/portaltela.pt\/s.01k8rhncp4jt1\/2026\/03\/image-741.jpg\",\"contentUrl\":\"https:\/\/portaltela.pt\/s.01k8rhncp4jt1\/2026\/03\/image-741.jpg\",\"width\":796,\"height\":448,\"caption\":\"Imagem de contexto do artigo At\u00e9 maio v\u00e3o ser investidos 15 milh\u00f5es de euros para recuperar dezenas de praias\"},{\"@type\":\"BreadcrumbList\",\"@id\":\"https:\/\/portaltela.pt\/noticias\/2026\/03\/11\/15-milhoes-de-euros-ate-maio-para-recuperar-dezenas-de-praias\/#breadcrumb\",\"itemListElement\":[{\"@type\":\"ListItem\",\"position\":1,\"name\":\"In\u00edcio\",\"item\":\"https:\/\/portaltela.pt\/\"},{\"@type\":\"ListItem\",\"position\":2,\"name\":\"15 milh\u00f5es de euros at\u00e9 maio para recuperar dezenas de praias\"}]},{\"@type\":\"WebSite\",\"@id\":\"https:\/\/portaltela.pt\/#website\",\"url\":\"https:\/\/portaltela.pt\/\",\"name\":\"Portal Tela Portugal\",\"description\":\"\",\"potentialAction\":[{\"@type\":\"SearchAction\",\"target\":{\"@type\":\"EntryPoint\",\"urlTemplate\":\"https:\/\/portaltela.pt\/?s={search_term_string}\"},\"query-input\":{\"@type\":\"PropertyValueSpecification\",\"valueRequired\":true,\"valueName\":\"search_term_string\"}}],\"inLanguage\":\"pt-PT\"},{\"@type\":\"Person\",\"@id\":\"https:\/\/portaltela.pt\/#\/schema\/person\/c4278d4a6028830caff9ee44b42d32ed\",\"name\":\"Telinha\",\"image\":{\"@type\":\"ImageObject\",\"inLanguage\":\"pt-PT\",\"@id\":\"https:\/\/portaltela.pt\/s.01k8rhncp4jt1\/2025\/11\/talking-bot-125x125.png\",\"url\":\"https:\/\/portaltela.pt\/s.01k8rhncp4jt1\/2025\/11\/talking-bot-125x125.png\",\"contentUrl\":\"https:\/\/portaltela.pt\/s.01k8rhncp4jt1\/2025\/11\/talking-bot-125x125.png\",\"caption\":\"Telinha\"},\"sameAs\":[\"https:\/\/portaltela.pt\/\"],\"url\":\"https:\/\/portaltela.pt\/por\/367410592786\/\"}]}<\/script>\n<!-- \/ Yoast SEO plugin. -->","yoast_head_json":{"title":"15 milh\u00f5es de euros at\u00e9 maio para recuperar dezenas de praias - Portal Tela Portugal","robots":{"index":"index","follow":"follow","max-snippet":"max-snippet:-1","max-image-preview":"max-image-preview:large","max-video-preview":"max-video-preview:-1"},"og_locale":"pt_PT","og_type":"article","og_title":"15 milh\u00f5es de euros at\u00e9 maio para recuperar dezenas de praias - Portal Tela Portugal","og_description":"O Minist\u00e9rio do Ambiente e Energia vai destinar 27 milh\u00f5es de euros para 86 obras priorit\u00e1rias e superpriorit\u00e1rias de recupera\u00e7\u00e3o de praias. At\u00e9 maio v\u00e3o ser investidos 15 milh\u00f5es de euros em 46 obras super-priorit\u00e1rias para preparar a \u00e9poca balnear. O total previsto para reparar estragos na costa, com cinco meses de mau tempo, \u00e9 de 111 milh\u00f5es de euros, segundo a Ag\u00eancia Portuguesa do Ambiente. Em Mafra, uma praia ficar\u00e1 encerrada no ver\u00e3o devido aos impactos do mau tempo. Al\u00e9m dos 15 milh\u00f5es at\u00e9 maio, seguem 12 milh\u00f5es at\u00e9 ao final do ano, 31 milh\u00f5es at\u00e9 ao final de 2027 e 53 milh\u00f5es a partir de 2028.","og_url":"https:\/\/portaltela.pt\/noticias\/2026\/03\/11\/15-milhoes-de-euros-ate-maio-para-recuperar-dezenas-de-praias\/","og_site_name":"Portal Tela Portugal","article_published_time":"2026-03-11T21:39:00+00:00","author":"Telinha","twitter_card":"summary_large_image","twitter_misc":{"Escrito por":"Telinha","Tempo estimado de leitura":"1 minuto"},"schema":{"@context":"https:\/\/schema.org","@graph":[{"@type":"Article","@id":"https:\/\/portaltela.pt\/noticias\/2026\/03\/11\/15-milhoes-de-euros-ate-maio-para-recuperar-dezenas-de-praias\/#article","isPartOf":{"@id":"https:\/\/portaltela.pt\/noticias\/2026\/03\/11\/15-milhoes-de-euros-ate-maio-para-recuperar-dezenas-de-praias\/"},"author":{"name":"Telinha","@id":"https:\/\/portaltela.pt\/#\/schema\/person\/c4278d4a6028830caff9ee44b42d32ed"},"headline":"15 milh\u00f5es de euros at\u00e9 maio para recuperar dezenas de praias","datePublished":"2026-03-11T21:39:00+00:00","mainEntityOfPage":{"@id":"https:\/\/portaltela.pt\/noticias\/2026\/03\/11\/15-milhoes-de-euros-ate-maio-para-recuperar-dezenas-de-praias\/"},"wordCount":210,"image":{"@id":"https:\/\/portaltela.pt\/noticias\/2026\/03\/11\/15-milhoes-de-euros-ate-maio-para-recuperar-dezenas-de-praias\/#primaryimage"},"thumbnailUrl":"https:\/\/portaltela.pt\/s.01k8rhncp4jt1\/2026\/03\/image-741.jpg","keywords":["Ag\u00eancia Portuguesa do Ambiente","APA","investimento","Mafra","meio-ambiente","recupera\u00e7\u00e3o ambiental"],"articleSection":["Meio Ambiente","Not\u00edcias"],"inLanguage":"pt-PT"},{"@type":"WebPage","@id":"https:\/\/portaltela.pt\/noticias\/2026\/03\/11\/15-milhoes-de-euros-ate-maio-para-recuperar-dezenas-de-praias\/","url":"https:\/\/portaltela.pt\/noticias\/2026\/03\/11\/15-milhoes-de-euros-ate-maio-para-recuperar-dezenas-de-praias\/","name":"15 milh\u00f5es de euros at\u00e9 maio para recuperar dezenas de praias - Portal Tela Portugal","isPartOf":{"@id":"https:\/\/portaltela.pt\/#website"},"primaryImageOfPage":{"@id":"https:\/\/portaltela.pt\/noticias\/2026\/03\/11\/15-milhoes-de-euros-ate-maio-para-recuperar-dezenas-de-praias\/#primaryimage"},"image":{"@id":"https:\/\/portaltela.pt\/noticias\/2026\/03\/11\/15-milhoes-de-euros-ate-maio-para-recuperar-dezenas-de-praias\/#primaryimage"},"thumbnailUrl":"https:\/\/portaltela.pt\/s.01k8rhncp4jt1\/2026\/03\/image-741.jpg","datePublished":"2026-03-11T21:39:00+00:00","author":{"@id":"https:\/\/portaltela.pt\/#\/schema\/person\/c4278d4a6028830caff9ee44b42d32ed"},"breadcrumb":{"@id":"https:\/\/portaltela.pt\/noticias\/2026\/03\/11\/15-milhoes-de-euros-ate-maio-para-recuperar-dezenas-de-praias\/#breadcrumb"},"inLanguage":"pt-PT","potentialAction":[{"@type":"ReadAction","target":["https:\/\/portaltela.pt\/noticias\/2026\/03\/11\/15-milhoes-de-euros-ate-maio-para-recuperar-dezenas-de-praias\/"]}]},{"@type":"ImageObject","inLanguage":"pt-PT","@id":"https:\/\/portaltela.pt\/noticias\/2026\/03\/11\/15-milhoes-de-euros-ate-maio-para-recuperar-dezenas-de-praias\/#primaryimage","url":"https:\/\/portaltela.pt\/s.01k8rhncp4jt1\/2026\/03\/image-741.jpg","contentUrl":"https:\/\/portaltela.pt\/s.01k8rhncp4jt1\/2026\/03\/image-741.jpg","width":796,"height":448,"caption":"Imagem de contexto do artigo At\u00e9 maio v\u00e3o ser investidos 15 milh\u00f5es de euros para recuperar dezenas de praias"},{"@type":"BreadcrumbList","@id":"https:\/\/portaltela.pt\/noticias\/2026\/03\/11\/15-milhoes-de-euros-ate-maio-para-recuperar-dezenas-de-praias\/#breadcrumb","itemListElement":[{"@type":"ListItem","position":1,"name":"In\u00edcio","item":"https:\/\/portaltela.pt\/"},{"@type":"ListItem","position":2,"name":"15 milh\u00f5es de euros at\u00e9 maio para recuperar dezenas de praias"}]},{"@type":"WebSite","@id":"https:\/\/portaltela.pt\/#website","url":"https:\/\/portaltela.pt\/","name":"Portal Tela Portugal","description":"","potentialAction":[{"@type":"SearchAction","target":{"@type":"EntryPoint","urlTemplate":"https:\/\/portaltela.pt\/?s={search_term_string}"},"query-input":{"@type":"PropertyValueSpecification","valueRequired":true,"valueName":"search_term_string"}}],"inLanguage":"pt-PT"},{"@type":"Person","@id":"https:\/\/portaltela.pt\/#\/schema\/person\/c4278d4a6028830caff9ee44b42d32ed","name":"Telinha","image":{"@type":"ImageObject","inLanguage":"pt-PT","@id":"https:\/\/portaltela.pt\/s.01k8rhncp4jt1\/2025\/11\/talking-bot-125x125.png","url":"https:\/\/portaltela.pt\/s.01k8rhncp4jt1\/2025\/11\/talking-bot-125x125.png","contentUrl":"https:\/\/portaltela.pt\/s.01k8rhncp4jt1\/2025\/11\/talking-bot-125x125.png","caption":"Telinha"},"sameAs":["https:\/\/portaltela.pt\/"],"url":"https:\/\/portaltela.pt\/por\/367410592786\/"}]}},"_links":{"self":[{"href":"https:\/\/portaltela.pt\/api\/wp\/v2\/posts\/406677","targetHints":{"allow":["GET"]}}],"collection":[{"href":"https:\/\/portaltela.pt\/api\/wp\/v2\/posts"}],"about":[{"href":"https:\/\/portaltela.pt\/api\/wp\/v2\/types\/post"}],"author":[{"embeddable":true,"href":"https:\/\/portaltela.pt\/api\/wp\/v2\/users\/2"}],"replies":[{"embeddable":true,"href":"https:\/\/portaltela.pt\/api\/wp\/v2\/comments?post=406677"}],"version-history":[{"count":0,"href":"https:\/\/portaltela.pt\/api\/wp\/v2\/posts\/406677\/revisions"}],"wp:featuredmedia":[{"embeddable":true,"href":"https:\/\/portaltela.pt\/api\/wp\/v2\/media\/406685"}],"wp:attachment":[{"href":"https:\/\/portaltela.pt\/api\/wp\/v2\/media?parent=406677"}],"wp:term":[{"taxonomy":"category","embeddable":true,"href":"https:\/\/portaltela.pt\/api\/wp\/v2\/categories?post=406677"},{"taxonomy":"post_tag","embeddable":true,"href":"https:\/\/portaltela.pt\/api\/wp\/v2\/tags?post=406677"}],"curies":[{"name":"wp","href":"https:\/\/api.w.org\/{rel}","templated":true}]}}