{"id":406652,"date":"2026-03-11T18:01:00","date_gmt":"2026-03-11T21:01:00","guid":{"rendered":"https:\/\/portaltela.pt\/noticias\/2026\/03\/11\/docentes-questionam-forma-de-recrutamento-de-contratados\/"},"modified":"2026-03-11T18:01:00","modified_gmt":"2026-03-11T21:01:00","slug":"docentes-questionam-forma-de-recrutamento-de-contratados","status":"publish","type":"post","link":"https:\/\/portaltela.pt\/noticias\/2026\/03\/11\/docentes-questionam-forma-de-recrutamento-de-contratados\/","title":{"rendered":"Docentes questionam forma de recrutamento de contratados"},"content":{"rendered":"<p>A Federa\u00e7\u00e3o Nacional da Educa\u00e7\u00e3o (FNE) e o Sindicato Independente de Professores e Educadores (SIPE) defendem que o Estatuto da Carreira Docente (ECD), ainda em revis\u00e3o, passe a afirmar claramente que a contrata\u00e7\u00e3o de docentes, seja para necessidades permanentes ou tempor\u00e1rias, deve ocorrer por concurso baseado na gradua\u00e7\u00e3o profissional.<\/p>\n<p>As organiza\u00e7\u00f5es tamb\u00e9m mostram preocupa\u00e7\u00e3o com o afastamento de docentes que n\u00e3o consigam concluir a profissionaliza\u00e7\u00e3o no prazo de tr\u00eas anos, devido \u00e0 aus\u00eancia de oferta formativa. Por isso, j\u00e1 solicitaram uma nova reuni\u00e3o ao Governo.<\/p>\n<p>A posi\u00e7\u00e3o surge no \u00e2mbito do processo de revis\u00e3o do ECD, que tem como objetivo clarificar crit\u00e9rios de contrata\u00e7\u00e3o no ensino p\u00fablico. A FNE e o SIPE pretendem assegurar crit\u00e9rios transparentes e previs\u00edveis para as escolas.<\/p>\n<p>A reavalia\u00e7\u00e3o do estatuto inclui debate sobre prazos, exig\u00eancias de forma\u00e7\u00e3o e mecanismos de progress\u00e3o na carreira. As entidades destacam a necessidade de assegurar continuidade educativa e qualidade do corpo docente.<\/p>\n","protected":false},"excerpt":{"rendered":"<ul>\n<li>A Federa\u00e7\u00e3o Nacional da Educa\u00e7\u00e3o (FNE) e o Sindicato Independente de Professores e Educadores (SIPE) defendem que o Estatuto da Carreira Docente (ECD), em revis\u00e3o, determine que a contrata\u00e7\u00e3o de docentes para necessidades permanentes ou tempor\u00e1rias deve ser feita por concurso com base na gradua\u00e7\u00e3o profissional.<\/li>\n<li>As organiza\u00e7\u00f5es manifestam preocupa\u00e7\u00e3o com o poss\u00edvel afastamento de docentes que n\u00e3o consigam terminar a profissionaliza\u00e7\u00e3o em tr\u00eas anos por falta de ofertas.<\/li>\n<li>Pedem ao Governo uma nova reuni\u00e3o para discutir a mat\u00e9ria.<\/li>\n<li>Refor\u00e7am a necessidade de uma clarifica\u00e7\u00e3o normativa no ECD para assegurar que as contrata\u00e7\u00f5es ocorram principalmente por concurso baseado na forma\u00e7\u00e3o profissional.<\/li>\n<\/ul>\n","protected":false},"author":2,"featured_media":406657,"comment_status":"closed","ping_status":"closed","sticky":false,"template":"","format":"standard","meta":{"footnotes":""},"categories":[1],"tags":[235,164,5306,163,6114,97],"class_list":["post-406652","post","type-post","status-publish","format-standard","has-post-thumbnail","hentry","category-noticias","tag-carreira","tag-concurso","tag-contratacao-publica","tag-educacao","tag-ensino-publico","tag-professores"],"yoast_head":"<!-- This site is optimized with the Yoast SEO plugin v27.2 - https:\/\/yoast.com\/product\/yoast-seo-wordpress\/ -->\n<title>Docentes questionam forma de recrutamento de contratados - Portal Tela Portugal<\/title>\n<meta name=\"robots\" content=\"index, follow, max-snippet:-1, max-image-preview:large, max-video-preview:-1\" \/>\n<meta property=\"og:locale\" content=\"pt_PT\" \/>\n<meta property=\"og:type\" content=\"article\" \/>\n<meta property=\"og:title\" content=\"Docentes questionam forma de recrutamento de contratados - Portal Tela Portugal\" \/>\n<meta property=\"og:description\" content=\"A Federa\u00e7\u00e3o Nacional da Educa\u00e7\u00e3o (FNE) e o Sindicato Independente de Professores e Educadores (SIPE) defendem que o Estatuto da Carreira Docente (ECD), em revis\u00e3o, determine que a contrata\u00e7\u00e3o de docentes para necessidades permanentes ou tempor\u00e1rias deve ser feita por concurso com base na gradua\u00e7\u00e3o profissional. As organiza\u00e7\u00f5es manifestam preocupa\u00e7\u00e3o com o poss\u00edvel afastamento de docentes que n\u00e3o consigam terminar a profissionaliza\u00e7\u00e3o em tr\u00eas anos por falta de ofertas. Pedem ao Governo uma nova reuni\u00e3o para discutir a mat\u00e9ria. Refor\u00e7am a necessidade de uma clarifica\u00e7\u00e3o normativa no ECD para assegurar que as contrata\u00e7\u00f5es ocorram principalmente por concurso baseado na forma\u00e7\u00e3o profissional.\" \/>\n<meta property=\"og:url\" content=\"https:\/\/portaltela.pt\/noticias\/2026\/03\/11\/docentes-questionam-forma-de-recrutamento-de-contratados\/\" \/>\n<meta property=\"og:site_name\" content=\"Portal Tela Portugal\" \/>\n<meta property=\"article:published_time\" content=\"2026-03-11T21:01:00+00:00\" \/>\n<meta name=\"author\" content=\"Telinha\" \/>\n<meta name=\"twitter:card\" content=\"summary_large_image\" \/>\n<meta name=\"twitter:label1\" content=\"Escrito por\" \/>\n\t<meta name=\"twitter:data1\" content=\"Telinha\" \/>\n\t<meta name=\"twitter:label2\" content=\"Tempo estimado de leitura\" \/>\n\t<meta name=\"twitter:data2\" content=\"1 minuto\" \/>\n<script type=\"application\/ld+json\" class=\"yoast-schema-graph\">{\"@context\":\"https:\/\/schema.org\",\"@graph\":[{\"@type\":\"Article\",\"@id\":\"https:\/\/portaltela.pt\/noticias\/2026\/03\/11\/docentes-questionam-forma-de-recrutamento-de-contratados\/#article\",\"isPartOf\":{\"@id\":\"https:\/\/portaltela.pt\/noticias\/2026\/03\/11\/docentes-questionam-forma-de-recrutamento-de-contratados\/\"},\"author\":{\"name\":\"Telinha\",\"@id\":\"https:\/\/portaltela.pt\/#\/schema\/person\/c4278d4a6028830caff9ee44b42d32ed\"},\"headline\":\"Docentes questionam forma de recrutamento de contratados\",\"datePublished\":\"2026-03-11T21:01:00+00:00\",\"mainEntityOfPage\":{\"@id\":\"https:\/\/portaltela.pt\/noticias\/2026\/03\/11\/docentes-questionam-forma-de-recrutamento-de-contratados\/\"},\"wordCount\":183,\"image\":{\"@id\":\"https:\/\/portaltela.pt\/noticias\/2026\/03\/11\/docentes-questionam-forma-de-recrutamento-de-contratados\/#primaryimage\"},\"thumbnailUrl\":\"https:\/\/portaltela.pt\/s.01k8rhncp4jt1\/2026\/03\/image-739.jpg\",\"keywords\":[\"Carreira\",\"concurso\",\"contrata\u00e7\u00e3o p\u00fablica\",\"educa\u00e7\u00e3o\",\"ensino p\u00fablico\",\"professores\"],\"articleSection\":[\"Not\u00edcias\"],\"inLanguage\":\"pt-PT\"},{\"@type\":\"WebPage\",\"@id\":\"https:\/\/portaltela.pt\/noticias\/2026\/03\/11\/docentes-questionam-forma-de-recrutamento-de-contratados\/\",\"url\":\"https:\/\/portaltela.pt\/noticias\/2026\/03\/11\/docentes-questionam-forma-de-recrutamento-de-contratados\/\",\"name\":\"Docentes questionam forma de recrutamento de contratados - Portal Tela Portugal\",\"isPartOf\":{\"@id\":\"https:\/\/portaltela.pt\/#website\"},\"primaryImageOfPage\":{\"@id\":\"https:\/\/portaltela.pt\/noticias\/2026\/03\/11\/docentes-questionam-forma-de-recrutamento-de-contratados\/#primaryimage\"},\"image\":{\"@id\":\"https:\/\/portaltela.pt\/noticias\/2026\/03\/11\/docentes-questionam-forma-de-recrutamento-de-contratados\/#primaryimage\"},\"thumbnailUrl\":\"https:\/\/portaltela.pt\/s.01k8rhncp4jt1\/2026\/03\/image-739.jpg\",\"datePublished\":\"2026-03-11T21:01:00+00:00\",\"author\":{\"@id\":\"https:\/\/portaltela.pt\/#\/schema\/person\/c4278d4a6028830caff9ee44b42d32ed\"},\"breadcrumb\":{\"@id\":\"https:\/\/portaltela.pt\/noticias\/2026\/03\/11\/docentes-questionam-forma-de-recrutamento-de-contratados\/#breadcrumb\"},\"inLanguage\":\"pt-PT\",\"potentialAction\":[{\"@type\":\"ReadAction\",\"target\":[\"https:\/\/portaltela.pt\/noticias\/2026\/03\/11\/docentes-questionam-forma-de-recrutamento-de-contratados\/\"]}]},{\"@type\":\"ImageObject\",\"inLanguage\":\"pt-PT\",\"@id\":\"https:\/\/portaltela.pt\/noticias\/2026\/03\/11\/docentes-questionam-forma-de-recrutamento-de-contratados\/#primaryimage\",\"url\":\"https:\/\/portaltela.pt\/s.01k8rhncp4jt1\/2026\/03\/image-739.jpg\",\"contentUrl\":\"https:\/\/portaltela.pt\/s.01k8rhncp4jt1\/2026\/03\/image-739.jpg\",\"width\":796,\"height\":448,\"caption\":\"Professores n\u00e3o est\u00e3o satisfeitos com proposta do estatuto da carreira docente\"},{\"@type\":\"BreadcrumbList\",\"@id\":\"https:\/\/portaltela.pt\/noticias\/2026\/03\/11\/docentes-questionam-forma-de-recrutamento-de-contratados\/#breadcrumb\",\"itemListElement\":[{\"@type\":\"ListItem\",\"position\":1,\"name\":\"In\u00edcio\",\"item\":\"https:\/\/portaltela.pt\/\"},{\"@type\":\"ListItem\",\"position\":2,\"name\":\"Docentes questionam forma de recrutamento de contratados\"}]},{\"@type\":\"WebSite\",\"@id\":\"https:\/\/portaltela.pt\/#website\",\"url\":\"https:\/\/portaltela.pt\/\",\"name\":\"Portal Tela Portugal\",\"description\":\"\",\"potentialAction\":[{\"@type\":\"SearchAction\",\"target\":{\"@type\":\"EntryPoint\",\"urlTemplate\":\"https:\/\/portaltela.pt\/?s={search_term_string}\"},\"query-input\":{\"@type\":\"PropertyValueSpecification\",\"valueRequired\":true,\"valueName\":\"search_term_string\"}}],\"inLanguage\":\"pt-PT\"},{\"@type\":\"Person\",\"@id\":\"https:\/\/portaltela.pt\/#\/schema\/person\/c4278d4a6028830caff9ee44b42d32ed\",\"name\":\"Telinha\",\"image\":{\"@type\":\"ImageObject\",\"inLanguage\":\"pt-PT\",\"@id\":\"https:\/\/portaltela.pt\/s.01k8rhncp4jt1\/2025\/11\/talking-bot-125x125.png\",\"url\":\"https:\/\/portaltela.pt\/s.01k8rhncp4jt1\/2025\/11\/talking-bot-125x125.png\",\"contentUrl\":\"https:\/\/portaltela.pt\/s.01k8rhncp4jt1\/2025\/11\/talking-bot-125x125.png\",\"caption\":\"Telinha\"},\"sameAs\":[\"https:\/\/portaltela.pt\/\"],\"url\":\"https:\/\/portaltela.pt\/por\/367410592786\/\"}]}<\/script>\n<!-- \/ Yoast SEO plugin. -->","yoast_head_json":{"title":"Docentes questionam forma de recrutamento de contratados - Portal Tela Portugal","robots":{"index":"index","follow":"follow","max-snippet":"max-snippet:-1","max-image-preview":"max-image-preview:large","max-video-preview":"max-video-preview:-1"},"og_locale":"pt_PT","og_type":"article","og_title":"Docentes questionam forma de recrutamento de contratados - Portal Tela Portugal","og_description":"A Federa\u00e7\u00e3o Nacional da Educa\u00e7\u00e3o (FNE) e o Sindicato Independente de Professores e Educadores (SIPE) defendem que o Estatuto da Carreira Docente (ECD), em revis\u00e3o, determine que a contrata\u00e7\u00e3o de docentes para necessidades permanentes ou tempor\u00e1rias deve ser feita por concurso com base na gradua\u00e7\u00e3o profissional. As organiza\u00e7\u00f5es manifestam preocupa\u00e7\u00e3o com o poss\u00edvel afastamento de docentes que n\u00e3o consigam terminar a profissionaliza\u00e7\u00e3o em tr\u00eas anos por falta de ofertas. Pedem ao Governo uma nova reuni\u00e3o para discutir a mat\u00e9ria. Refor\u00e7am a necessidade de uma clarifica\u00e7\u00e3o normativa no ECD para assegurar que as contrata\u00e7\u00f5es ocorram principalmente por concurso baseado na forma\u00e7\u00e3o profissional.","og_url":"https:\/\/portaltela.pt\/noticias\/2026\/03\/11\/docentes-questionam-forma-de-recrutamento-de-contratados\/","og_site_name":"Portal Tela Portugal","article_published_time":"2026-03-11T21:01:00+00:00","author":"Telinha","twitter_card":"summary_large_image","twitter_misc":{"Escrito por":"Telinha","Tempo estimado de leitura":"1 minuto"},"schema":{"@context":"https:\/\/schema.org","@graph":[{"@type":"Article","@id":"https:\/\/portaltela.pt\/noticias\/2026\/03\/11\/docentes-questionam-forma-de-recrutamento-de-contratados\/#article","isPartOf":{"@id":"https:\/\/portaltela.pt\/noticias\/2026\/03\/11\/docentes-questionam-forma-de-recrutamento-de-contratados\/"},"author":{"name":"Telinha","@id":"https:\/\/portaltela.pt\/#\/schema\/person\/c4278d4a6028830caff9ee44b42d32ed"},"headline":"Docentes questionam forma de recrutamento de contratados","datePublished":"2026-03-11T21:01:00+00:00","mainEntityOfPage":{"@id":"https:\/\/portaltela.pt\/noticias\/2026\/03\/11\/docentes-questionam-forma-de-recrutamento-de-contratados\/"},"wordCount":183,"image":{"@id":"https:\/\/portaltela.pt\/noticias\/2026\/03\/11\/docentes-questionam-forma-de-recrutamento-de-contratados\/#primaryimage"},"thumbnailUrl":"https:\/\/portaltela.pt\/s.01k8rhncp4jt1\/2026\/03\/image-739.jpg","keywords":["Carreira","concurso","contrata\u00e7\u00e3o p\u00fablica","educa\u00e7\u00e3o","ensino p\u00fablico","professores"],"articleSection":["Not\u00edcias"],"inLanguage":"pt-PT"},{"@type":"WebPage","@id":"https:\/\/portaltela.pt\/noticias\/2026\/03\/11\/docentes-questionam-forma-de-recrutamento-de-contratados\/","url":"https:\/\/portaltela.pt\/noticias\/2026\/03\/11\/docentes-questionam-forma-de-recrutamento-de-contratados\/","name":"Docentes questionam forma de recrutamento de contratados - Portal Tela Portugal","isPartOf":{"@id":"https:\/\/portaltela.pt\/#website"},"primaryImageOfPage":{"@id":"https:\/\/portaltela.pt\/noticias\/2026\/03\/11\/docentes-questionam-forma-de-recrutamento-de-contratados\/#primaryimage"},"image":{"@id":"https:\/\/portaltela.pt\/noticias\/2026\/03\/11\/docentes-questionam-forma-de-recrutamento-de-contratados\/#primaryimage"},"thumbnailUrl":"https:\/\/portaltela.pt\/s.01k8rhncp4jt1\/2026\/03\/image-739.jpg","datePublished":"2026-03-11T21:01:00+00:00","author":{"@id":"https:\/\/portaltela.pt\/#\/schema\/person\/c4278d4a6028830caff9ee44b42d32ed"},"breadcrumb":{"@id":"https:\/\/portaltela.pt\/noticias\/2026\/03\/11\/docentes-questionam-forma-de-recrutamento-de-contratados\/#breadcrumb"},"inLanguage":"pt-PT","potentialAction":[{"@type":"ReadAction","target":["https:\/\/portaltela.pt\/noticias\/2026\/03\/11\/docentes-questionam-forma-de-recrutamento-de-contratados\/"]}]},{"@type":"ImageObject","inLanguage":"pt-PT","@id":"https:\/\/portaltela.pt\/noticias\/2026\/03\/11\/docentes-questionam-forma-de-recrutamento-de-contratados\/#primaryimage","url":"https:\/\/portaltela.pt\/s.01k8rhncp4jt1\/2026\/03\/image-739.jpg","contentUrl":"https:\/\/portaltela.pt\/s.01k8rhncp4jt1\/2026\/03\/image-739.jpg","width":796,"height":448,"caption":"Professores n\u00e3o est\u00e3o satisfeitos com proposta do estatuto da carreira docente"},{"@type":"BreadcrumbList","@id":"https:\/\/portaltela.pt\/noticias\/2026\/03\/11\/docentes-questionam-forma-de-recrutamento-de-contratados\/#breadcrumb","itemListElement":[{"@type":"ListItem","position":1,"name":"In\u00edcio","item":"https:\/\/portaltela.pt\/"},{"@type":"ListItem","position":2,"name":"Docentes questionam forma de recrutamento de contratados"}]},{"@type":"WebSite","@id":"https:\/\/portaltela.pt\/#website","url":"https:\/\/portaltela.pt\/","name":"Portal Tela Portugal","description":"","potentialAction":[{"@type":"SearchAction","target":{"@type":"EntryPoint","urlTemplate":"https:\/\/portaltela.pt\/?s={search_term_string}"},"query-input":{"@type":"PropertyValueSpecification","valueRequired":true,"valueName":"search_term_string"}}],"inLanguage":"pt-PT"},{"@type":"Person","@id":"https:\/\/portaltela.pt\/#\/schema\/person\/c4278d4a6028830caff9ee44b42d32ed","name":"Telinha","image":{"@type":"ImageObject","inLanguage":"pt-PT","@id":"https:\/\/portaltela.pt\/s.01k8rhncp4jt1\/2025\/11\/talking-bot-125x125.png","url":"https:\/\/portaltela.pt\/s.01k8rhncp4jt1\/2025\/11\/talking-bot-125x125.png","contentUrl":"https:\/\/portaltela.pt\/s.01k8rhncp4jt1\/2025\/11\/talking-bot-125x125.png","caption":"Telinha"},"sameAs":["https:\/\/portaltela.pt\/"],"url":"https:\/\/portaltela.pt\/por\/367410592786\/"}]}},"_links":{"self":[{"href":"https:\/\/portaltela.pt\/api\/wp\/v2\/posts\/406652","targetHints":{"allow":["GET"]}}],"collection":[{"href":"https:\/\/portaltela.pt\/api\/wp\/v2\/posts"}],"about":[{"href":"https:\/\/portaltela.pt\/api\/wp\/v2\/types\/post"}],"author":[{"embeddable":true,"href":"https:\/\/portaltela.pt\/api\/wp\/v2\/users\/2"}],"replies":[{"embeddable":true,"href":"https:\/\/portaltela.pt\/api\/wp\/v2\/comments?post=406652"}],"version-history":[{"count":0,"href":"https:\/\/portaltela.pt\/api\/wp\/v2\/posts\/406652\/revisions"}],"wp:featuredmedia":[{"embeddable":true,"href":"https:\/\/portaltela.pt\/api\/wp\/v2\/media\/406657"}],"wp:attachment":[{"href":"https:\/\/portaltela.pt\/api\/wp\/v2\/media?parent=406652"}],"wp:term":[{"taxonomy":"category","embeddable":true,"href":"https:\/\/portaltela.pt\/api\/wp\/v2\/categories?post=406652"},{"taxonomy":"post_tag","embeddable":true,"href":"https:\/\/portaltela.pt\/api\/wp\/v2\/tags?post=406652"}],"curies":[{"name":"wp","href":"https:\/\/api.w.org\/{rel}","templated":true}]}}