{"id":406639,"date":"2026-03-11T17:49:14","date_gmt":"2026-03-11T20:49:14","guid":{"rendered":"https:\/\/portaltela.pt\/noticias\/2026\/03\/11\/verbas-do-mecanismo-de-solidariedade-da-uefa-continuam-congeladas\/"},"modified":"2026-03-11T17:49:14","modified_gmt":"2026-03-11T20:49:14","slug":"verbas-do-mecanismo-de-solidariedade-da-uefa-continuam-congeladas","status":"publish","type":"post","link":"https:\/\/portaltela.pt\/desporto\/futebol\/2026\/03\/11\/verbas-do-mecanismo-de-solidariedade-da-uefa-continuam-congeladas\/","title":{"rendered":"Verbas do Mecanismo de Solidariedade da UEFA continuam congeladas"},"content":{"rendered":"<p>O mecanismo de solidariedade da UEFA continua congelado pela Federa\u00e7\u00e3o Portuguesa de Futebol (FPF), segundo o jornal Record. A decis\u00e3o impede a distribui\u00e7\u00e3o do montante, superior a 6 milh\u00f5es de euros, entre clubes da 2\u00aa Liga, Liga e FPF.<\/p>\n<p>A irregularidade decorre de uma provid\u00eancia cautelar rejeitada pelo Tribunal Arbitral do Desporto (TAD), apresentada por U. Leiria, Vizela e Felgueiras, que pretendiam a partilha da verba. A FPF travou a transfer\u00eancia ap\u00f3s a a\u00e7\u00e3o ter avan\u00e7ado.<\/p>\n<p>O montante foi disponibilizado pela UEFA \u00e0 FPF no final do m\u00eas passado. Diante do processo no TAD, a FPF bloqueou o pagamento, esperando uma indica\u00e7\u00e3o da Liga sobre quem recebe o dinheiro.<\/p>\n<h3>Situa\u00e7\u00e3o atual<\/h3>\n<p>A FPF sustenta que a distribui\u00e7\u00e3o resulta das pr\u00f3prias indica\u00e7\u00f5es da UEFA, bem como das vota\u00e7\u00f5es em Assembleia Geral e da decis\u00e3o judicial. Mant\u00e9m, por\u00e9m, a posi\u00e7\u00e3o de que n\u00e3o necessita de instru\u00e7\u00f5es adicionais da Liga.<\/p>\n<p>O impasse persiste e a Liga enfrenta press\u00e3o de cinco clubes que votaram contra a partilha do mecanismo de solidariedade com as equipas da 2\u00aa Liga. A decis\u00e3o final sobre a distribui\u00e7\u00e3o permanece em aberto.<\/p>\n","protected":false},"excerpt":{"rendered":"<ul>\n<li>A verba do mecanismo de solidariedade da UEFA continua congelada pela Federa\u00e7\u00e3o Portuguesa de Futebol (FPF).<\/li>\n<li>O Tribunal Arbitral do Desporto (TAD) rejeitou a provid\u00eancia cautelar de U. Leiria, Vizela e Felgueiras que exigia a distribui\u00e7\u00e3o a todos os clubes da 2\u00aa Liga, mantendo o impasse sobre quem deve ordenar a distribui\u00e7\u00e3o.<\/li>\n<li>O montante superior a 6 milh\u00f5es de euros foi pago pela UEFA \u00e0 FPF no final do m\u00eas passado, mas a transfer\u00eancia foi travada devido \u00e0 a\u00e7\u00e3o no TAD.<\/li>\n<li>A FPF afirma que n\u00e3o precisa de indicar os clubes benefici\u00e1rios, sustentando que as indica\u00e7\u00f5es j\u00e1 v\u00eam da UEFA, de duas vota\u00e7\u00f5es em Assembleia Geral e da decis\u00e3o judicial.<\/li>\n<li>O conflito persiste, e a Liga \u00e9 pressionada pelos cinco clubes que votaram contra a partilha do mecanismo de solidariedade da UEFA com as equipas da 2\u00aa Liga.<\/li>\n<\/ul>\n","protected":false},"author":2,"featured_media":406643,"comment_status":"closed","ping_status":"closed","sticky":false,"template":"","format":"standard","meta":{"footnotes":""},"categories":[21,24],"tags":[4175,152,32,1786,5177,1014],"class_list":["post-406639","post","type-post","status-publish","format-standard","has-post-thumbnail","hentry","category-desporto","category-futebol","tag-2-a-liga","tag-desporto","tag-futebol","tag-liga","tag-mecanismo-de-solidariedade","tag-portugal"],"yoast_head":"<!-- This site is optimized with the Yoast SEO plugin v27.2 - https:\/\/yoast.com\/product\/yoast-seo-wordpress\/ -->\n<title>Verbas do Mecanismo de Solidariedade da UEFA continuam congeladas - Portal Tela Portugal<\/title>\n<meta name=\"robots\" content=\"index, follow, max-snippet:-1, max-image-preview:large, max-video-preview:-1\" \/>\n<meta property=\"og:locale\" content=\"pt_PT\" \/>\n<meta property=\"og:type\" content=\"article\" \/>\n<meta property=\"og:title\" content=\"Verbas do Mecanismo de Solidariedade da UEFA continuam congeladas - Portal Tela Portugal\" \/>\n<meta property=\"og:description\" content=\"A verba do mecanismo de solidariedade da UEFA continua congelada pela Federa\u00e7\u00e3o Portuguesa de Futebol (FPF). O Tribunal Arbitral do Desporto (TAD) rejeitou a provid\u00eancia cautelar de U. Leiria, Vizela e Felgueiras que exigia a distribui\u00e7\u00e3o a todos os clubes da 2\u00aa Liga, mantendo o impasse sobre quem deve ordenar a distribui\u00e7\u00e3o. O montante superior a 6 milh\u00f5es de euros foi pago pela UEFA \u00e0 FPF no final do m\u00eas passado, mas a transfer\u00eancia foi travada devido \u00e0 a\u00e7\u00e3o no TAD. A FPF afirma que n\u00e3o precisa de indicar os clubes benefici\u00e1rios, sustentando que as indica\u00e7\u00f5es j\u00e1 v\u00eam da UEFA, de duas vota\u00e7\u00f5es em Assembleia Geral e da decis\u00e3o judicial. O conflito persiste, e a Liga \u00e9 pressionada pelos cinco clubes que votaram contra a partilha do mecanismo de solidariedade da UEFA com as equipas da 2\u00aa Liga.\" \/>\n<meta property=\"og:url\" content=\"https:\/\/portaltela.pt\/noticias\/2026\/03\/11\/verbas-do-mecanismo-de-solidariedade-da-uefa-continuam-congeladas\/\" \/>\n<meta property=\"og:site_name\" content=\"Portal Tela Portugal\" \/>\n<meta property=\"article:published_time\" content=\"2026-03-11T20:49:14+00:00\" \/>\n<meta name=\"author\" content=\"Telinha\" \/>\n<meta name=\"twitter:card\" content=\"summary_large_image\" \/>\n<meta name=\"twitter:label1\" content=\"Escrito por\" \/>\n\t<meta name=\"twitter:data1\" content=\"Telinha\" \/>\n\t<meta name=\"twitter:label2\" content=\"Tempo estimado de leitura\" \/>\n\t<meta name=\"twitter:data2\" content=\"1 minuto\" \/>\n<script type=\"application\/ld+json\" class=\"yoast-schema-graph\">{\"@context\":\"https:\/\/schema.org\",\"@graph\":[{\"@type\":\"Article\",\"@id\":\"https:\/\/portaltela.pt\/noticias\/2026\/03\/11\/verbas-do-mecanismo-de-solidariedade-da-uefa-continuam-congeladas\/#article\",\"isPartOf\":{\"@id\":\"https:\/\/portaltela.pt\/noticias\/2026\/03\/11\/verbas-do-mecanismo-de-solidariedade-da-uefa-continuam-congeladas\/\"},\"author\":{\"name\":\"Telinha\",\"@id\":\"https:\/\/portaltela.pt\/#\/schema\/person\/c4278d4a6028830caff9ee44b42d32ed\"},\"headline\":\"Verbas do Mecanismo de Solidariedade da UEFA continuam congeladas\",\"datePublished\":\"2026-03-11T20:49:14+00:00\",\"mainEntityOfPage\":{\"@id\":\"https:\/\/portaltela.pt\/noticias\/2026\/03\/11\/verbas-do-mecanismo-de-solidariedade-da-uefa-continuam-congeladas\/\"},\"wordCount\":212,\"image\":{\"@id\":\"https:\/\/portaltela.pt\/noticias\/2026\/03\/11\/verbas-do-mecanismo-de-solidariedade-da-uefa-continuam-congeladas\/#primaryimage\"},\"thumbnailUrl\":\"https:\/\/portaltela.pt\/s.01k8rhncp4jt1\/2026\/03\/img_920x518uu2025-10-14-20-43-44-2396230-im-639088582865479467.jpg\",\"keywords\":[\"2.\u00aa Liga\",\"desporto\",\"futebol\",\"Liga\",\"Mecanismo de Solidariedade\",\"Portugal\"],\"articleSection\":[\"Desporto\",\"Futebol\"],\"inLanguage\":\"pt-PT\"},{\"@type\":\"WebPage\",\"@id\":\"https:\/\/portaltela.pt\/noticias\/2026\/03\/11\/verbas-do-mecanismo-de-solidariedade-da-uefa-continuam-congeladas\/\",\"url\":\"https:\/\/portaltela.pt\/noticias\/2026\/03\/11\/verbas-do-mecanismo-de-solidariedade-da-uefa-continuam-congeladas\/\",\"name\":\"Verbas do Mecanismo de Solidariedade da UEFA continuam congeladas - Portal Tela Portugal\",\"isPartOf\":{\"@id\":\"https:\/\/portaltela.pt\/#website\"},\"primaryImageOfPage\":{\"@id\":\"https:\/\/portaltela.pt\/noticias\/2026\/03\/11\/verbas-do-mecanismo-de-solidariedade-da-uefa-continuam-congeladas\/#primaryimage\"},\"image\":{\"@id\":\"https:\/\/portaltela.pt\/noticias\/2026\/03\/11\/verbas-do-mecanismo-de-solidariedade-da-uefa-continuam-congeladas\/#primaryimage\"},\"thumbnailUrl\":\"https:\/\/portaltela.pt\/s.01k8rhncp4jt1\/2026\/03\/img_920x518uu2025-10-14-20-43-44-2396230-im-639088582865479467.jpg\",\"datePublished\":\"2026-03-11T20:49:14+00:00\",\"author\":{\"@id\":\"https:\/\/portaltela.pt\/#\/schema\/person\/c4278d4a6028830caff9ee44b42d32ed\"},\"breadcrumb\":{\"@id\":\"https:\/\/portaltela.pt\/noticias\/2026\/03\/11\/verbas-do-mecanismo-de-solidariedade-da-uefa-continuam-congeladas\/#breadcrumb\"},\"inLanguage\":\"pt-PT\",\"potentialAction\":[{\"@type\":\"ReadAction\",\"target\":[\"https:\/\/portaltela.pt\/noticias\/2026\/03\/11\/verbas-do-mecanismo-de-solidariedade-da-uefa-continuam-congeladas\/\"]}]},{\"@type\":\"ImageObject\",\"inLanguage\":\"pt-PT\",\"@id\":\"https:\/\/portaltela.pt\/noticias\/2026\/03\/11\/verbas-do-mecanismo-de-solidariedade-da-uefa-continuam-congeladas\/#primaryimage\",\"url\":\"https:\/\/portaltela.pt\/s.01k8rhncp4jt1\/2026\/03\/img_920x518uu2025-10-14-20-43-44-2396230-im-639088582865479467.jpg\",\"contentUrl\":\"https:\/\/portaltela.pt\/s.01k8rhncp4jt1\/2026\/03\/img_920x518uu2025-10-14-20-43-44-2396230-im-639088582865479467.jpg\",\"width\":796,\"height\":448,\"caption\":\"Sporting continua na Liga dos Campe\u00f5es. FC Porto e Sp. Braga na Liga Europa\"},{\"@type\":\"BreadcrumbList\",\"@id\":\"https:\/\/portaltela.pt\/noticias\/2026\/03\/11\/verbas-do-mecanismo-de-solidariedade-da-uefa-continuam-congeladas\/#breadcrumb\",\"itemListElement\":[{\"@type\":\"ListItem\",\"position\":1,\"name\":\"In\u00edcio\",\"item\":\"https:\/\/portaltela.pt\/\"},{\"@type\":\"ListItem\",\"position\":2,\"name\":\"Verbas do Mecanismo de Solidariedade da UEFA continuam congeladas\"}]},{\"@type\":\"WebSite\",\"@id\":\"https:\/\/portaltela.pt\/#website\",\"url\":\"https:\/\/portaltela.pt\/\",\"name\":\"Portal Tela Portugal\",\"description\":\"\",\"potentialAction\":[{\"@type\":\"SearchAction\",\"target\":{\"@type\":\"EntryPoint\",\"urlTemplate\":\"https:\/\/portaltela.pt\/?s={search_term_string}\"},\"query-input\":{\"@type\":\"PropertyValueSpecification\",\"valueRequired\":true,\"valueName\":\"search_term_string\"}}],\"inLanguage\":\"pt-PT\"},{\"@type\":\"Person\",\"@id\":\"https:\/\/portaltela.pt\/#\/schema\/person\/c4278d4a6028830caff9ee44b42d32ed\",\"name\":\"Telinha\",\"image\":{\"@type\":\"ImageObject\",\"inLanguage\":\"pt-PT\",\"@id\":\"https:\/\/portaltela.pt\/s.01k8rhncp4jt1\/2025\/11\/talking-bot-125x125.png\",\"url\":\"https:\/\/portaltela.pt\/s.01k8rhncp4jt1\/2025\/11\/talking-bot-125x125.png\",\"contentUrl\":\"https:\/\/portaltela.pt\/s.01k8rhncp4jt1\/2025\/11\/talking-bot-125x125.png\",\"caption\":\"Telinha\"},\"sameAs\":[\"https:\/\/portaltela.pt\/\"],\"url\":\"https:\/\/portaltela.pt\/por\/367410592786\/\"}]}<\/script>\n<!-- \/ Yoast SEO plugin. -->","yoast_head_json":{"title":"Verbas do Mecanismo de Solidariedade da UEFA continuam congeladas - Portal Tela Portugal","robots":{"index":"index","follow":"follow","max-snippet":"max-snippet:-1","max-image-preview":"max-image-preview:large","max-video-preview":"max-video-preview:-1"},"og_locale":"pt_PT","og_type":"article","og_title":"Verbas do Mecanismo de Solidariedade da UEFA continuam congeladas - Portal Tela Portugal","og_description":"A verba do mecanismo de solidariedade da UEFA continua congelada pela Federa\u00e7\u00e3o Portuguesa de Futebol (FPF). O Tribunal Arbitral do Desporto (TAD) rejeitou a provid\u00eancia cautelar de U. Leiria, Vizela e Felgueiras que exigia a distribui\u00e7\u00e3o a todos os clubes da 2\u00aa Liga, mantendo o impasse sobre quem deve ordenar a distribui\u00e7\u00e3o. O montante superior a 6 milh\u00f5es de euros foi pago pela UEFA \u00e0 FPF no final do m\u00eas passado, mas a transfer\u00eancia foi travada devido \u00e0 a\u00e7\u00e3o no TAD. A FPF afirma que n\u00e3o precisa de indicar os clubes benefici\u00e1rios, sustentando que as indica\u00e7\u00f5es j\u00e1 v\u00eam da UEFA, de duas vota\u00e7\u00f5es em Assembleia Geral e da decis\u00e3o judicial. O conflito persiste, e a Liga \u00e9 pressionada pelos cinco clubes que votaram contra a partilha do mecanismo de solidariedade da UEFA com as equipas da 2\u00aa Liga.","og_url":"https:\/\/portaltela.pt\/noticias\/2026\/03\/11\/verbas-do-mecanismo-de-solidariedade-da-uefa-continuam-congeladas\/","og_site_name":"Portal Tela Portugal","article_published_time":"2026-03-11T20:49:14+00:00","author":"Telinha","twitter_card":"summary_large_image","twitter_misc":{"Escrito por":"Telinha","Tempo estimado de leitura":"1 minuto"},"schema":{"@context":"https:\/\/schema.org","@graph":[{"@type":"Article","@id":"https:\/\/portaltela.pt\/noticias\/2026\/03\/11\/verbas-do-mecanismo-de-solidariedade-da-uefa-continuam-congeladas\/#article","isPartOf":{"@id":"https:\/\/portaltela.pt\/noticias\/2026\/03\/11\/verbas-do-mecanismo-de-solidariedade-da-uefa-continuam-congeladas\/"},"author":{"name":"Telinha","@id":"https:\/\/portaltela.pt\/#\/schema\/person\/c4278d4a6028830caff9ee44b42d32ed"},"headline":"Verbas do Mecanismo de Solidariedade da UEFA continuam congeladas","datePublished":"2026-03-11T20:49:14+00:00","mainEntityOfPage":{"@id":"https:\/\/portaltela.pt\/noticias\/2026\/03\/11\/verbas-do-mecanismo-de-solidariedade-da-uefa-continuam-congeladas\/"},"wordCount":212,"image":{"@id":"https:\/\/portaltela.pt\/noticias\/2026\/03\/11\/verbas-do-mecanismo-de-solidariedade-da-uefa-continuam-congeladas\/#primaryimage"},"thumbnailUrl":"https:\/\/portaltela.pt\/s.01k8rhncp4jt1\/2026\/03\/img_920x518uu2025-10-14-20-43-44-2396230-im-639088582865479467.jpg","keywords":["2.\u00aa Liga","desporto","futebol","Liga","Mecanismo de Solidariedade","Portugal"],"articleSection":["Desporto","Futebol"],"inLanguage":"pt-PT"},{"@type":"WebPage","@id":"https:\/\/portaltela.pt\/noticias\/2026\/03\/11\/verbas-do-mecanismo-de-solidariedade-da-uefa-continuam-congeladas\/","url":"https:\/\/portaltela.pt\/noticias\/2026\/03\/11\/verbas-do-mecanismo-de-solidariedade-da-uefa-continuam-congeladas\/","name":"Verbas do Mecanismo de Solidariedade da UEFA continuam congeladas - Portal Tela Portugal","isPartOf":{"@id":"https:\/\/portaltela.pt\/#website"},"primaryImageOfPage":{"@id":"https:\/\/portaltela.pt\/noticias\/2026\/03\/11\/verbas-do-mecanismo-de-solidariedade-da-uefa-continuam-congeladas\/#primaryimage"},"image":{"@id":"https:\/\/portaltela.pt\/noticias\/2026\/03\/11\/verbas-do-mecanismo-de-solidariedade-da-uefa-continuam-congeladas\/#primaryimage"},"thumbnailUrl":"https:\/\/portaltela.pt\/s.01k8rhncp4jt1\/2026\/03\/img_920x518uu2025-10-14-20-43-44-2396230-im-639088582865479467.jpg","datePublished":"2026-03-11T20:49:14+00:00","author":{"@id":"https:\/\/portaltela.pt\/#\/schema\/person\/c4278d4a6028830caff9ee44b42d32ed"},"breadcrumb":{"@id":"https:\/\/portaltela.pt\/noticias\/2026\/03\/11\/verbas-do-mecanismo-de-solidariedade-da-uefa-continuam-congeladas\/#breadcrumb"},"inLanguage":"pt-PT","potentialAction":[{"@type":"ReadAction","target":["https:\/\/portaltela.pt\/noticias\/2026\/03\/11\/verbas-do-mecanismo-de-solidariedade-da-uefa-continuam-congeladas\/"]}]},{"@type":"ImageObject","inLanguage":"pt-PT","@id":"https:\/\/portaltela.pt\/noticias\/2026\/03\/11\/verbas-do-mecanismo-de-solidariedade-da-uefa-continuam-congeladas\/#primaryimage","url":"https:\/\/portaltela.pt\/s.01k8rhncp4jt1\/2026\/03\/img_920x518uu2025-10-14-20-43-44-2396230-im-639088582865479467.jpg","contentUrl":"https:\/\/portaltela.pt\/s.01k8rhncp4jt1\/2026\/03\/img_920x518uu2025-10-14-20-43-44-2396230-im-639088582865479467.jpg","width":796,"height":448,"caption":"Sporting continua na Liga dos Campe\u00f5es. FC Porto e Sp. Braga na Liga Europa"},{"@type":"BreadcrumbList","@id":"https:\/\/portaltela.pt\/noticias\/2026\/03\/11\/verbas-do-mecanismo-de-solidariedade-da-uefa-continuam-congeladas\/#breadcrumb","itemListElement":[{"@type":"ListItem","position":1,"name":"In\u00edcio","item":"https:\/\/portaltela.pt\/"},{"@type":"ListItem","position":2,"name":"Verbas do Mecanismo de Solidariedade da UEFA continuam congeladas"}]},{"@type":"WebSite","@id":"https:\/\/portaltela.pt\/#website","url":"https:\/\/portaltela.pt\/","name":"Portal Tela Portugal","description":"","potentialAction":[{"@type":"SearchAction","target":{"@type":"EntryPoint","urlTemplate":"https:\/\/portaltela.pt\/?s={search_term_string}"},"query-input":{"@type":"PropertyValueSpecification","valueRequired":true,"valueName":"search_term_string"}}],"inLanguage":"pt-PT"},{"@type":"Person","@id":"https:\/\/portaltela.pt\/#\/schema\/person\/c4278d4a6028830caff9ee44b42d32ed","name":"Telinha","image":{"@type":"ImageObject","inLanguage":"pt-PT","@id":"https:\/\/portaltela.pt\/s.01k8rhncp4jt1\/2025\/11\/talking-bot-125x125.png","url":"https:\/\/portaltela.pt\/s.01k8rhncp4jt1\/2025\/11\/talking-bot-125x125.png","contentUrl":"https:\/\/portaltela.pt\/s.01k8rhncp4jt1\/2025\/11\/talking-bot-125x125.png","caption":"Telinha"},"sameAs":["https:\/\/portaltela.pt\/"],"url":"https:\/\/portaltela.pt\/por\/367410592786\/"}]}},"_links":{"self":[{"href":"https:\/\/portaltela.pt\/api\/wp\/v2\/posts\/406639","targetHints":{"allow":["GET"]}}],"collection":[{"href":"https:\/\/portaltela.pt\/api\/wp\/v2\/posts"}],"about":[{"href":"https:\/\/portaltela.pt\/api\/wp\/v2\/types\/post"}],"author":[{"embeddable":true,"href":"https:\/\/portaltela.pt\/api\/wp\/v2\/users\/2"}],"replies":[{"embeddable":true,"href":"https:\/\/portaltela.pt\/api\/wp\/v2\/comments?post=406639"}],"version-history":[{"count":0,"href":"https:\/\/portaltela.pt\/api\/wp\/v2\/posts\/406639\/revisions"}],"wp:featuredmedia":[{"embeddable":true,"href":"https:\/\/portaltela.pt\/api\/wp\/v2\/media\/406643"}],"wp:attachment":[{"href":"https:\/\/portaltela.pt\/api\/wp\/v2\/media?parent=406639"}],"wp:term":[{"taxonomy":"category","embeddable":true,"href":"https:\/\/portaltela.pt\/api\/wp\/v2\/categories?post=406639"},{"taxonomy":"post_tag","embeddable":true,"href":"https:\/\/portaltela.pt\/api\/wp\/v2\/tags?post=406639"}],"curies":[{"name":"wp","href":"https:\/\/api.w.org\/{rel}","templated":true}]}}