{"id":406601,"date":"2026-03-11T17:28:20","date_gmt":"2026-03-11T20:28:20","guid":{"rendered":"https:\/\/portaltela.pt\/noticias\/2026\/03\/11\/filho-de-antonio-jose-seguro-atua-como-medio-ofensivo-com-boa-tecnica\/"},"modified":"2026-03-11T17:28:20","modified_gmt":"2026-03-11T20:28:20","slug":"filho-de-antonio-jose-seguro-atua-como-medio-ofensivo-com-boa-tecnica","status":"publish","type":"post","link":"https:\/\/portaltela.pt\/desporto\/futebol\/2026\/03\/11\/filho-de-antonio-jose-seguro-atua-como-medio-ofensivo-com-boa-tecnica\/","title":{"rendered":"Filho de Ant\u00f3nio Jos\u00e9 Seguro atua como m\u00e9dio ofensivo com boa t\u00e9cnica"},"content":{"rendered":"<p>O treinador de juniores (sub-19) do Alfeizerense, Jos\u00e9 Pedro Lopes, descreve Ant\u00f3nio Seguro como um m\u00e9dio ofensivo com qualidade t\u00e9cnica acima da m\u00e9dia. O jovem joga pela equipa da AF Leiria na 1.\u00aa divis\u00e3o distrital de juniores.<\/p>\n<p>Seguro \u00e9 filho do Presidente da Rep\u00fablica, Ant\u00f3nio Jos\u00e9 Seguro. Tem 19 anos e concentra-se no estudo na Universidade Cat\u00f3lica, em Lisboa, apenas aos fins de semana re\u00fane-se \u00e0 equipa para as partidas.<\/p>\n<p>A participa\u00e7\u00e3o nos jogos ocorre aos fins de semana, quando o jovem se junta aos companheiros do Alfeizerense para competir na 1.\u00aa divis\u00e3o distrital de juniores da AF Leiria. O treino regular mant\u00e9m-se, por\u00e9m, a disponibilidade depende do calend\u00e1rio acad\u00e9mico.<\/p>\n","protected":false},"excerpt":{"rendered":"<ul>\n<li>Jo\u00e3o Pedro Lopes, treinador de juniores do Alfeizerense, diz que Ant\u00f3nio Seguro tem qualidade para brilhar na 2.\u00aa Liga.<\/li>\n<li>Ant\u00f3nio Seguro atua como m\u00e9dio ofensivo nos juniores do Alfeizerense, treinados por Jos\u00e9 Pedro Lopes.<\/li>\n<li>Tem 19 anos e \u00e9 filho do Presidente da Rep\u00fablica, Ant\u00f3nio Jos\u00e9 Seguro.<\/li>\n<li>Estuda na Universidade Cat\u00f3lica, em Lisboa, e s\u00f3 aos fins de semana se junta \u00e0 equipa para disputar jogos na 1.\u00aa divis\u00e3o distrital de juniores da AF Leiria.<\/li>\n<li>O jovem concilia estudos com o futebol, mantendo o foco no desporto-rei.<\/li>\n<\/ul>\n","protected":false},"author":2,"featured_media":406605,"comment_status":"closed","ping_status":"closed","sticky":false,"template":"","format":"standard","meta":{"footnotes":""},"categories":[21,24],"tags":[3088,2655,32,242,4163,1385],"class_list":["post-406601","post","type-post","status-publish","format-standard","has-post-thumbnail","hentry","category-desporto","category-futebol","tag-af-leiria","tag-antonio-jose-seguro","tag-futebol","tag-jogadores","tag-juniores","tag-leiria"],"yoast_head":"<!-- This site is optimized with the Yoast SEO plugin v27.2 - https:\/\/yoast.com\/product\/yoast-seo-wordpress\/ -->\n<title>Filho de Ant\u00f3nio Jos\u00e9 Seguro atua como m\u00e9dio ofensivo com boa t\u00e9cnica - Portal Tela Portugal<\/title>\n<meta name=\"robots\" content=\"index, follow, max-snippet:-1, max-image-preview:large, max-video-preview:-1\" \/>\n<meta property=\"og:locale\" content=\"pt_PT\" \/>\n<meta property=\"og:type\" content=\"article\" \/>\n<meta property=\"og:title\" content=\"Filho de Ant\u00f3nio Jos\u00e9 Seguro atua como m\u00e9dio ofensivo com boa t\u00e9cnica - Portal Tela Portugal\" \/>\n<meta property=\"og:description\" content=\"Jo\u00e3o Pedro Lopes, treinador de juniores do Alfeizerense, diz que Ant\u00f3nio Seguro tem qualidade para brilhar na 2.\u00aa Liga. Ant\u00f3nio Seguro atua como m\u00e9dio ofensivo nos juniores do Alfeizerense, treinados por Jos\u00e9 Pedro Lopes. Tem 19 anos e \u00e9 filho do Presidente da Rep\u00fablica, Ant\u00f3nio Jos\u00e9 Seguro. Estuda na Universidade Cat\u00f3lica, em Lisboa, e s\u00f3 aos fins de semana se junta \u00e0 equipa para disputar jogos na 1.\u00aa divis\u00e3o distrital de juniores da AF Leiria. O jovem concilia estudos com o futebol, mantendo o foco no desporto-rei.\" \/>\n<meta property=\"og:url\" content=\"https:\/\/portaltela.pt\/noticias\/2026\/03\/11\/filho-de-antonio-jose-seguro-atua-como-medio-ofensivo-com-boa-tecnica\/\" \/>\n<meta property=\"og:site_name\" content=\"Portal Tela Portugal\" \/>\n<meta property=\"article:published_time\" content=\"2026-03-11T20:28:20+00:00\" \/>\n<meta name=\"author\" content=\"Telinha\" \/>\n<meta name=\"twitter:card\" content=\"summary_large_image\" \/>\n<meta name=\"twitter:label1\" content=\"Escrito por\" \/>\n\t<meta name=\"twitter:data1\" content=\"Telinha\" \/>\n\t<meta name=\"twitter:label2\" content=\"Tempo estimado de leitura\" \/>\n\t<meta name=\"twitter:data2\" content=\"1 minuto\" \/>\n<script type=\"application\/ld+json\" class=\"yoast-schema-graph\">{\"@context\":\"https:\/\/schema.org\",\"@graph\":[{\"@type\":\"Article\",\"@id\":\"https:\/\/portaltela.pt\/noticias\/2026\/03\/11\/filho-de-antonio-jose-seguro-atua-como-medio-ofensivo-com-boa-tecnica\/#article\",\"isPartOf\":{\"@id\":\"https:\/\/portaltela.pt\/noticias\/2026\/03\/11\/filho-de-antonio-jose-seguro-atua-como-medio-ofensivo-com-boa-tecnica\/\"},\"author\":{\"name\":\"Telinha\",\"@id\":\"https:\/\/portaltela.pt\/#\/schema\/person\/c4278d4a6028830caff9ee44b42d32ed\"},\"headline\":\"Filho de Ant\u00f3nio Jos\u00e9 Seguro atua como m\u00e9dio ofensivo com boa t\u00e9cnica\",\"datePublished\":\"2026-03-11T20:28:20+00:00\",\"mainEntityOfPage\":{\"@id\":\"https:\/\/portaltela.pt\/noticias\/2026\/03\/11\/filho-de-antonio-jose-seguro-atua-como-medio-ofensivo-com-boa-tecnica\/\"},\"wordCount\":135,\"image\":{\"@id\":\"https:\/\/portaltela.pt\/noticias\/2026\/03\/11\/filho-de-antonio-jose-seguro-atua-como-medio-ofensivo-com-boa-tecnica\/#primaryimage\"},\"thumbnailUrl\":\"https:\/\/portaltela.pt\/s.01k8rhncp4jt1\/2026\/03\/img_920x518uu2026-03-11-20-27-16-2426300.jpg\",\"keywords\":[\"AF Leiria\",\"Ant\u00f3nio Jos\u00e9 Seguro\",\"futebol\",\"jogadores\",\"juniores\",\"Leiria\"],\"articleSection\":[\"Desporto\",\"Futebol\"],\"inLanguage\":\"pt-PT\"},{\"@type\":\"WebPage\",\"@id\":\"https:\/\/portaltela.pt\/noticias\/2026\/03\/11\/filho-de-antonio-jose-seguro-atua-como-medio-ofensivo-com-boa-tecnica\/\",\"url\":\"https:\/\/portaltela.pt\/noticias\/2026\/03\/11\/filho-de-antonio-jose-seguro-atua-como-medio-ofensivo-com-boa-tecnica\/\",\"name\":\"Filho de Ant\u00f3nio Jos\u00e9 Seguro atua como m\u00e9dio ofensivo com boa t\u00e9cnica - Portal Tela Portugal\",\"isPartOf\":{\"@id\":\"https:\/\/portaltela.pt\/#website\"},\"primaryImageOfPage\":{\"@id\":\"https:\/\/portaltela.pt\/noticias\/2026\/03\/11\/filho-de-antonio-jose-seguro-atua-como-medio-ofensivo-com-boa-tecnica\/#primaryimage\"},\"image\":{\"@id\":\"https:\/\/portaltela.pt\/noticias\/2026\/03\/11\/filho-de-antonio-jose-seguro-atua-como-medio-ofensivo-com-boa-tecnica\/#primaryimage\"},\"thumbnailUrl\":\"https:\/\/portaltela.pt\/s.01k8rhncp4jt1\/2026\/03\/img_920x518uu2026-03-11-20-27-16-2426300.jpg\",\"datePublished\":\"2026-03-11T20:28:20+00:00\",\"author\":{\"@id\":\"https:\/\/portaltela.pt\/#\/schema\/person\/c4278d4a6028830caff9ee44b42d32ed\"},\"breadcrumb\":{\"@id\":\"https:\/\/portaltela.pt\/noticias\/2026\/03\/11\/filho-de-antonio-jose-seguro-atua-como-medio-ofensivo-com-boa-tecnica\/#breadcrumb\"},\"inLanguage\":\"pt-PT\",\"potentialAction\":[{\"@type\":\"ReadAction\",\"target\":[\"https:\/\/portaltela.pt\/noticias\/2026\/03\/11\/filho-de-antonio-jose-seguro-atua-como-medio-ofensivo-com-boa-tecnica\/\"]}]},{\"@type\":\"ImageObject\",\"inLanguage\":\"pt-PT\",\"@id\":\"https:\/\/portaltela.pt\/noticias\/2026\/03\/11\/filho-de-antonio-jose-seguro-atua-como-medio-ofensivo-com-boa-tecnica\/#primaryimage\",\"url\":\"https:\/\/portaltela.pt\/s.01k8rhncp4jt1\/2026\/03\/img_920x518uu2026-03-11-20-27-16-2426300.jpg\",\"contentUrl\":\"https:\/\/portaltela.pt\/s.01k8rhncp4jt1\/2026\/03\/img_920x518uu2026-03-11-20-27-16-2426300.jpg\",\"width\":796,\"height\":448,\"caption\":\"Ant\u00f3nio Seguro (\u00e0 esquerda imagem) com o pai, a m\u00e3e e a irm\u00e3 no dia da tomada de posse de Ant\u00f3nio Jos\u00e9 Seguro como Presidente da Rep\u00fablica\"},{\"@type\":\"BreadcrumbList\",\"@id\":\"https:\/\/portaltela.pt\/noticias\/2026\/03\/11\/filho-de-antonio-jose-seguro-atua-como-medio-ofensivo-com-boa-tecnica\/#breadcrumb\",\"itemListElement\":[{\"@type\":\"ListItem\",\"position\":1,\"name\":\"In\u00edcio\",\"item\":\"https:\/\/portaltela.pt\/\"},{\"@type\":\"ListItem\",\"position\":2,\"name\":\"Filho de Ant\u00f3nio Jos\u00e9 Seguro atua como m\u00e9dio ofensivo com boa t\u00e9cnica\"}]},{\"@type\":\"WebSite\",\"@id\":\"https:\/\/portaltela.pt\/#website\",\"url\":\"https:\/\/portaltela.pt\/\",\"name\":\"Portal Tela Portugal\",\"description\":\"\",\"potentialAction\":[{\"@type\":\"SearchAction\",\"target\":{\"@type\":\"EntryPoint\",\"urlTemplate\":\"https:\/\/portaltela.pt\/?s={search_term_string}\"},\"query-input\":{\"@type\":\"PropertyValueSpecification\",\"valueRequired\":true,\"valueName\":\"search_term_string\"}}],\"inLanguage\":\"pt-PT\"},{\"@type\":\"Person\",\"@id\":\"https:\/\/portaltela.pt\/#\/schema\/person\/c4278d4a6028830caff9ee44b42d32ed\",\"name\":\"Telinha\",\"image\":{\"@type\":\"ImageObject\",\"inLanguage\":\"pt-PT\",\"@id\":\"https:\/\/portaltela.pt\/s.01k8rhncp4jt1\/2025\/11\/talking-bot-125x125.png\",\"url\":\"https:\/\/portaltela.pt\/s.01k8rhncp4jt1\/2025\/11\/talking-bot-125x125.png\",\"contentUrl\":\"https:\/\/portaltela.pt\/s.01k8rhncp4jt1\/2025\/11\/talking-bot-125x125.png\",\"caption\":\"Telinha\"},\"sameAs\":[\"https:\/\/portaltela.pt\/\"],\"url\":\"https:\/\/portaltela.pt\/por\/367410592786\/\"}]}<\/script>\n<!-- \/ Yoast SEO plugin. -->","yoast_head_json":{"title":"Filho de Ant\u00f3nio Jos\u00e9 Seguro atua como m\u00e9dio ofensivo com boa t\u00e9cnica - Portal Tela Portugal","robots":{"index":"index","follow":"follow","max-snippet":"max-snippet:-1","max-image-preview":"max-image-preview:large","max-video-preview":"max-video-preview:-1"},"og_locale":"pt_PT","og_type":"article","og_title":"Filho de Ant\u00f3nio Jos\u00e9 Seguro atua como m\u00e9dio ofensivo com boa t\u00e9cnica - Portal Tela Portugal","og_description":"Jo\u00e3o Pedro Lopes, treinador de juniores do Alfeizerense, diz que Ant\u00f3nio Seguro tem qualidade para brilhar na 2.\u00aa Liga. Ant\u00f3nio Seguro atua como m\u00e9dio ofensivo nos juniores do Alfeizerense, treinados por Jos\u00e9 Pedro Lopes. Tem 19 anos e \u00e9 filho do Presidente da Rep\u00fablica, Ant\u00f3nio Jos\u00e9 Seguro. Estuda na Universidade Cat\u00f3lica, em Lisboa, e s\u00f3 aos fins de semana se junta \u00e0 equipa para disputar jogos na 1.\u00aa divis\u00e3o distrital de juniores da AF Leiria. O jovem concilia estudos com o futebol, mantendo o foco no desporto-rei.","og_url":"https:\/\/portaltela.pt\/noticias\/2026\/03\/11\/filho-de-antonio-jose-seguro-atua-como-medio-ofensivo-com-boa-tecnica\/","og_site_name":"Portal Tela Portugal","article_published_time":"2026-03-11T20:28:20+00:00","author":"Telinha","twitter_card":"summary_large_image","twitter_misc":{"Escrito por":"Telinha","Tempo estimado de leitura":"1 minuto"},"schema":{"@context":"https:\/\/schema.org","@graph":[{"@type":"Article","@id":"https:\/\/portaltela.pt\/noticias\/2026\/03\/11\/filho-de-antonio-jose-seguro-atua-como-medio-ofensivo-com-boa-tecnica\/#article","isPartOf":{"@id":"https:\/\/portaltela.pt\/noticias\/2026\/03\/11\/filho-de-antonio-jose-seguro-atua-como-medio-ofensivo-com-boa-tecnica\/"},"author":{"name":"Telinha","@id":"https:\/\/portaltela.pt\/#\/schema\/person\/c4278d4a6028830caff9ee44b42d32ed"},"headline":"Filho de Ant\u00f3nio Jos\u00e9 Seguro atua como m\u00e9dio ofensivo com boa t\u00e9cnica","datePublished":"2026-03-11T20:28:20+00:00","mainEntityOfPage":{"@id":"https:\/\/portaltela.pt\/noticias\/2026\/03\/11\/filho-de-antonio-jose-seguro-atua-como-medio-ofensivo-com-boa-tecnica\/"},"wordCount":135,"image":{"@id":"https:\/\/portaltela.pt\/noticias\/2026\/03\/11\/filho-de-antonio-jose-seguro-atua-como-medio-ofensivo-com-boa-tecnica\/#primaryimage"},"thumbnailUrl":"https:\/\/portaltela.pt\/s.01k8rhncp4jt1\/2026\/03\/img_920x518uu2026-03-11-20-27-16-2426300.jpg","keywords":["AF Leiria","Ant\u00f3nio Jos\u00e9 Seguro","futebol","jogadores","juniores","Leiria"],"articleSection":["Desporto","Futebol"],"inLanguage":"pt-PT"},{"@type":"WebPage","@id":"https:\/\/portaltela.pt\/noticias\/2026\/03\/11\/filho-de-antonio-jose-seguro-atua-como-medio-ofensivo-com-boa-tecnica\/","url":"https:\/\/portaltela.pt\/noticias\/2026\/03\/11\/filho-de-antonio-jose-seguro-atua-como-medio-ofensivo-com-boa-tecnica\/","name":"Filho de Ant\u00f3nio Jos\u00e9 Seguro atua como m\u00e9dio ofensivo com boa t\u00e9cnica - Portal Tela Portugal","isPartOf":{"@id":"https:\/\/portaltela.pt\/#website"},"primaryImageOfPage":{"@id":"https:\/\/portaltela.pt\/noticias\/2026\/03\/11\/filho-de-antonio-jose-seguro-atua-como-medio-ofensivo-com-boa-tecnica\/#primaryimage"},"image":{"@id":"https:\/\/portaltela.pt\/noticias\/2026\/03\/11\/filho-de-antonio-jose-seguro-atua-como-medio-ofensivo-com-boa-tecnica\/#primaryimage"},"thumbnailUrl":"https:\/\/portaltela.pt\/s.01k8rhncp4jt1\/2026\/03\/img_920x518uu2026-03-11-20-27-16-2426300.jpg","datePublished":"2026-03-11T20:28:20+00:00","author":{"@id":"https:\/\/portaltela.pt\/#\/schema\/person\/c4278d4a6028830caff9ee44b42d32ed"},"breadcrumb":{"@id":"https:\/\/portaltela.pt\/noticias\/2026\/03\/11\/filho-de-antonio-jose-seguro-atua-como-medio-ofensivo-com-boa-tecnica\/#breadcrumb"},"inLanguage":"pt-PT","potentialAction":[{"@type":"ReadAction","target":["https:\/\/portaltela.pt\/noticias\/2026\/03\/11\/filho-de-antonio-jose-seguro-atua-como-medio-ofensivo-com-boa-tecnica\/"]}]},{"@type":"ImageObject","inLanguage":"pt-PT","@id":"https:\/\/portaltela.pt\/noticias\/2026\/03\/11\/filho-de-antonio-jose-seguro-atua-como-medio-ofensivo-com-boa-tecnica\/#primaryimage","url":"https:\/\/portaltela.pt\/s.01k8rhncp4jt1\/2026\/03\/img_920x518uu2026-03-11-20-27-16-2426300.jpg","contentUrl":"https:\/\/portaltela.pt\/s.01k8rhncp4jt1\/2026\/03\/img_920x518uu2026-03-11-20-27-16-2426300.jpg","width":796,"height":448,"caption":"Ant\u00f3nio Seguro (\u00e0 esquerda imagem) com o pai, a m\u00e3e e a irm\u00e3 no dia da tomada de posse de Ant\u00f3nio Jos\u00e9 Seguro como Presidente da Rep\u00fablica"},{"@type":"BreadcrumbList","@id":"https:\/\/portaltela.pt\/noticias\/2026\/03\/11\/filho-de-antonio-jose-seguro-atua-como-medio-ofensivo-com-boa-tecnica\/#breadcrumb","itemListElement":[{"@type":"ListItem","position":1,"name":"In\u00edcio","item":"https:\/\/portaltela.pt\/"},{"@type":"ListItem","position":2,"name":"Filho de Ant\u00f3nio Jos\u00e9 Seguro atua como m\u00e9dio ofensivo com boa t\u00e9cnica"}]},{"@type":"WebSite","@id":"https:\/\/portaltela.pt\/#website","url":"https:\/\/portaltela.pt\/","name":"Portal Tela Portugal","description":"","potentialAction":[{"@type":"SearchAction","target":{"@type":"EntryPoint","urlTemplate":"https:\/\/portaltela.pt\/?s={search_term_string}"},"query-input":{"@type":"PropertyValueSpecification","valueRequired":true,"valueName":"search_term_string"}}],"inLanguage":"pt-PT"},{"@type":"Person","@id":"https:\/\/portaltela.pt\/#\/schema\/person\/c4278d4a6028830caff9ee44b42d32ed","name":"Telinha","image":{"@type":"ImageObject","inLanguage":"pt-PT","@id":"https:\/\/portaltela.pt\/s.01k8rhncp4jt1\/2025\/11\/talking-bot-125x125.png","url":"https:\/\/portaltela.pt\/s.01k8rhncp4jt1\/2025\/11\/talking-bot-125x125.png","contentUrl":"https:\/\/portaltela.pt\/s.01k8rhncp4jt1\/2025\/11\/talking-bot-125x125.png","caption":"Telinha"},"sameAs":["https:\/\/portaltela.pt\/"],"url":"https:\/\/portaltela.pt\/por\/367410592786\/"}]}},"_links":{"self":[{"href":"https:\/\/portaltela.pt\/api\/wp\/v2\/posts\/406601","targetHints":{"allow":["GET"]}}],"collection":[{"href":"https:\/\/portaltela.pt\/api\/wp\/v2\/posts"}],"about":[{"href":"https:\/\/portaltela.pt\/api\/wp\/v2\/types\/post"}],"author":[{"embeddable":true,"href":"https:\/\/portaltela.pt\/api\/wp\/v2\/users\/2"}],"replies":[{"embeddable":true,"href":"https:\/\/portaltela.pt\/api\/wp\/v2\/comments?post=406601"}],"version-history":[{"count":0,"href":"https:\/\/portaltela.pt\/api\/wp\/v2\/posts\/406601\/revisions"}],"wp:featuredmedia":[{"embeddable":true,"href":"https:\/\/portaltela.pt\/api\/wp\/v2\/media\/406605"}],"wp:attachment":[{"href":"https:\/\/portaltela.pt\/api\/wp\/v2\/media?parent=406601"}],"wp:term":[{"taxonomy":"category","embeddable":true,"href":"https:\/\/portaltela.pt\/api\/wp\/v2\/categories?post=406601"},{"taxonomy":"post_tag","embeddable":true,"href":"https:\/\/portaltela.pt\/api\/wp\/v2\/tags?post=406601"}],"curies":[{"name":"wp","href":"https:\/\/api.w.org\/{rel}","templated":true}]}}