{"id":406568,"date":"2026-03-11T16:59:03","date_gmt":"2026-03-11T19:59:03","guid":{"rendered":"https:\/\/portaltela.pt\/noticias\/2026\/03\/11\/colapso-de-reservatorio-de-agua-em-sao-paulo-deixa-um-morto-e-sete-feridos\/"},"modified":"2026-03-11T16:59:03","modified_gmt":"2026-03-11T19:59:03","slug":"colapso-de-reservatorio-de-agua-em-sao-paulo-deixa-um-morto-e-sete-feridos","status":"publish","type":"post","link":"https:\/\/portaltela.pt\/noticias\/2026\/03\/11\/colapso-de-reservatorio-de-agua-em-sao-paulo-deixa-um-morto-e-sete-feridos\/","title":{"rendered":"Colapso de reservat\u00f3rio de \u00e1gua em S\u00e3o Paulo deixa um morto e sete feridos"},"content":{"rendered":"<p>Na quarta-feira, o colapso de um reservat\u00f3rio de \u00e1gua em Mairipor\u00e3, cidade vizinha de S\u00e3o Paulo, fez uma v\u00edtima mortal, feriu sete pessoas e causou danos em habita\u00e7\u00f5es e ve\u00edculos. O reservat\u00f3rio ainda estava em fase de conclus\u00e3o, mas j\u00e1 armazenava 20 mil metros c\u00fabicos de \u00e1gua e pertencia \u00e0 Sabesp.<\/p>\n<p>Imagens de moradores e de videovigil\u00e2ncia mostram a viol\u00eancia da enxurrada de \u00e1gua e escombros quando a estrutura se rompeu no bairro Capoazinha, na zona mais alta do munic\u00edpio. A rua Jacarand\u00e1 foi a mais atingida.<\/p>\n<p>Entre as v\u00edtimas, h\u00e1 um homem de 47 anos que faleceu, e sete pessoas ficaram feridas, com uma em estado grave. Al\u00e9m disso, pelo menos tr\u00eas casas ficaram destru\u00eddas e 10 ve\u00edculos foram danificados.<\/p>\n<p>Equipes do Corpo de Bombeiros deslocaram-se ao local para prestar socorro e apoiar os residentes afetados. A ocorr\u00eancia levou \u00e0 mobiliza\u00e7\u00e3o de meios na \u00e1rea para atender \u00e0s fam\u00edlias atingidas.<\/p>\n<p>A Sabesp informou que ainda n\u00e3o tem uma explica\u00e7\u00e3o definitiva para o colapso, mas assegurou acompanhamento \u00e0s v\u00edtimas e suporte aos prejudicados. A empresa afirmou tamb\u00e9m que todas as perdas ser\u00e3o compensadas.<\/p>\n","protected":false},"excerpt":{"rendered":"<ul>\n<li>O colapso de um reservat\u00f3rio de \u00e1gua em Mairipor\u00e3, na regi\u00e3o metropolitana de S\u00e3o Paulo, deixou um morto, sete feridos e uma pessoa em estado grave.<\/li>\n<li>O reservat\u00f3rio, ainda em fase final de constru\u00e7\u00e3o e que j\u00e1 armazenava 20 mil metros c\u00fabicos de \u00e1gua, pertence \u00e0 Sabesp.<\/li>\n<li>A enxurrada de \u00e1gua e escombros destruiu resid\u00eancias e danificou ve\u00edculos, com tr\u00eas casas destru\u00eddas e dez autom\u00f3veis afetados, sobretudo na Rua Jacarand\u00e1, no bairro Capoazinha.<\/li>\n<li>V\u00e1rias equipas dos Bombeiros foram mobilizadas para apoiar os moradores atingidos.<\/li>\n<li>A Sabesp afirmou n\u00e3o ter ainda uma explica\u00e7\u00e3o exata para o colapso, mas garantiu apoio \u00e0s v\u00edtimas e que os preju\u00edzos ser\u00e3o ressarcidos.<\/li>\n<\/ul>\n","protected":false},"author":2,"featured_media":406569,"comment_status":"closed","ping_status":"closed","sticky":false,"template":"","format":"standard","meta":{"footnotes":""},"categories":[1],"tags":[1503,5487,1090,971,4590,5873],"class_list":["post-406568","post","type-post","status-publish","format-standard","has-post-thumbnail","hentry","category-noticias","tag-abastecimento-de-agua","tag-acidente","tag-agua","tag-bombeiros","tag-desabrigos","tag-sao-paulo"],"yoast_head":"<!-- This site is optimized with the Yoast SEO plugin v27.2 - https:\/\/yoast.com\/product\/yoast-seo-wordpress\/ -->\n<title>Colapso de reservat\u00f3rio de \u00e1gua em S\u00e3o Paulo deixa um morto e sete feridos - Portal Tela Portugal<\/title>\n<meta name=\"robots\" content=\"index, follow, max-snippet:-1, max-image-preview:large, max-video-preview:-1\" \/>\n<meta property=\"og:locale\" content=\"pt_PT\" \/>\n<meta property=\"og:type\" content=\"article\" \/>\n<meta property=\"og:title\" content=\"Colapso de reservat\u00f3rio de \u00e1gua em S\u00e3o Paulo deixa um morto e sete feridos - Portal Tela Portugal\" \/>\n<meta property=\"og:description\" content=\"O colapso de um reservat\u00f3rio de \u00e1gua em Mairipor\u00e3, na regi\u00e3o metropolitana de S\u00e3o Paulo, deixou um morto, sete feridos e uma pessoa em estado grave. O reservat\u00f3rio, ainda em fase final de constru\u00e7\u00e3o e que j\u00e1 armazenava 20 mil metros c\u00fabicos de \u00e1gua, pertence \u00e0 Sabesp. A enxurrada de \u00e1gua e escombros destruiu resid\u00eancias e danificou ve\u00edculos, com tr\u00eas casas destru\u00eddas e dez autom\u00f3veis afetados, sobretudo na Rua Jacarand\u00e1, no bairro Capoazinha. V\u00e1rias equipas dos Bombeiros foram mobilizadas para apoiar os moradores atingidos. A Sabesp afirmou n\u00e3o ter ainda uma explica\u00e7\u00e3o exata para o colapso, mas garantiu apoio \u00e0s v\u00edtimas e que os preju\u00edzos ser\u00e3o ressarcidos.\" \/>\n<meta property=\"og:url\" content=\"https:\/\/portaltela.pt\/noticias\/2026\/03\/11\/colapso-de-reservatorio-de-agua-em-sao-paulo-deixa-um-morto-e-sete-feridos\/\" \/>\n<meta property=\"og:site_name\" content=\"Portal Tela Portugal\" \/>\n<meta property=\"article:published_time\" content=\"2026-03-11T19:59:03+00:00\" \/>\n<meta name=\"author\" content=\"Telinha\" \/>\n<meta name=\"twitter:card\" content=\"summary_large_image\" \/>\n<meta name=\"twitter:label1\" content=\"Escrito por\" \/>\n\t<meta name=\"twitter:data1\" content=\"Telinha\" \/>\n\t<meta name=\"twitter:label2\" content=\"Tempo estimado de leitura\" \/>\n\t<meta name=\"twitter:data2\" content=\"1 minuto\" \/>\n<script type=\"application\/ld+json\" class=\"yoast-schema-graph\">{\"@context\":\"https:\/\/schema.org\",\"@graph\":[{\"@type\":\"Article\",\"@id\":\"https:\/\/portaltela.pt\/noticias\/2026\/03\/11\/colapso-de-reservatorio-de-agua-em-sao-paulo-deixa-um-morto-e-sete-feridos\/#article\",\"isPartOf\":{\"@id\":\"https:\/\/portaltela.pt\/noticias\/2026\/03\/11\/colapso-de-reservatorio-de-agua-em-sao-paulo-deixa-um-morto-e-sete-feridos\/\"},\"author\":{\"name\":\"Telinha\",\"@id\":\"https:\/\/portaltela.pt\/#\/schema\/person\/c4278d4a6028830caff9ee44b42d32ed\"},\"headline\":\"Colapso de reservat\u00f3rio de \u00e1gua em S\u00e3o Paulo deixa um morto e sete feridos\",\"datePublished\":\"2026-03-11T19:59:03+00:00\",\"mainEntityOfPage\":{\"@id\":\"https:\/\/portaltela.pt\/noticias\/2026\/03\/11\/colapso-de-reservatorio-de-agua-em-sao-paulo-deixa-um-morto-e-sete-feridos\/\"},\"wordCount\":218,\"image\":{\"@id\":\"https:\/\/portaltela.pt\/noticias\/2026\/03\/11\/colapso-de-reservatorio-de-agua-em-sao-paulo-deixa-um-morto-e-sete-feridos\/#primaryimage\"},\"thumbnailUrl\":\"https:\/\/portaltela.pt\/s.01k8rhncp4jt1\/2026\/03\/img_1500x1000uu2024-05-28-16-02-40-1667196.jpg\",\"keywords\":[\"abastecimento de \u00e1gua\",\"acidente\",\"\u00e1gua\",\"bombeiros\",\"desabrigos\",\"S\u00e3o Paulo\"],\"articleSection\":[\"Not\u00edcias\"],\"inLanguage\":\"pt-PT\"},{\"@type\":\"WebPage\",\"@id\":\"https:\/\/portaltela.pt\/noticias\/2026\/03\/11\/colapso-de-reservatorio-de-agua-em-sao-paulo-deixa-um-morto-e-sete-feridos\/\",\"url\":\"https:\/\/portaltela.pt\/noticias\/2026\/03\/11\/colapso-de-reservatorio-de-agua-em-sao-paulo-deixa-um-morto-e-sete-feridos\/\",\"name\":\"Colapso de reservat\u00f3rio de \u00e1gua em S\u00e3o Paulo deixa um morto e sete feridos - Portal Tela Portugal\",\"isPartOf\":{\"@id\":\"https:\/\/portaltela.pt\/#website\"},\"primaryImageOfPage\":{\"@id\":\"https:\/\/portaltela.pt\/noticias\/2026\/03\/11\/colapso-de-reservatorio-de-agua-em-sao-paulo-deixa-um-morto-e-sete-feridos\/#primaryimage\"},\"image\":{\"@id\":\"https:\/\/portaltela.pt\/noticias\/2026\/03\/11\/colapso-de-reservatorio-de-agua-em-sao-paulo-deixa-um-morto-e-sete-feridos\/#primaryimage\"},\"thumbnailUrl\":\"https:\/\/portaltela.pt\/s.01k8rhncp4jt1\/2026\/03\/img_1500x1000uu2024-05-28-16-02-40-1667196.jpg\",\"datePublished\":\"2026-03-11T19:59:03+00:00\",\"author\":{\"@id\":\"https:\/\/portaltela.pt\/#\/schema\/person\/c4278d4a6028830caff9ee44b42d32ed\"},\"breadcrumb\":{\"@id\":\"https:\/\/portaltela.pt\/noticias\/2026\/03\/11\/colapso-de-reservatorio-de-agua-em-sao-paulo-deixa-um-morto-e-sete-feridos\/#breadcrumb\"},\"inLanguage\":\"pt-PT\",\"potentialAction\":[{\"@type\":\"ReadAction\",\"target\":[\"https:\/\/portaltela.pt\/noticias\/2026\/03\/11\/colapso-de-reservatorio-de-agua-em-sao-paulo-deixa-um-morto-e-sete-feridos\/\"]}]},{\"@type\":\"ImageObject\",\"inLanguage\":\"pt-PT\",\"@id\":\"https:\/\/portaltela.pt\/noticias\/2026\/03\/11\/colapso-de-reservatorio-de-agua-em-sao-paulo-deixa-um-morto-e-sete-feridos\/#primaryimage\",\"url\":\"https:\/\/portaltela.pt\/s.01k8rhncp4jt1\/2026\/03\/img_1500x1000uu2024-05-28-16-02-40-1667196.jpg\",\"contentUrl\":\"https:\/\/portaltela.pt\/s.01k8rhncp4jt1\/2026\/03\/img_1500x1000uu2024-05-28-16-02-40-1667196.jpg\",\"width\":796,\"height\":448,\"caption\":\"Pol\u00edcia Federal brasileira\"},{\"@type\":\"BreadcrumbList\",\"@id\":\"https:\/\/portaltela.pt\/noticias\/2026\/03\/11\/colapso-de-reservatorio-de-agua-em-sao-paulo-deixa-um-morto-e-sete-feridos\/#breadcrumb\",\"itemListElement\":[{\"@type\":\"ListItem\",\"position\":1,\"name\":\"In\u00edcio\",\"item\":\"https:\/\/portaltela.pt\/\"},{\"@type\":\"ListItem\",\"position\":2,\"name\":\"Colapso de reservat\u00f3rio de \u00e1gua em S\u00e3o Paulo deixa um morto e sete feridos\"}]},{\"@type\":\"WebSite\",\"@id\":\"https:\/\/portaltela.pt\/#website\",\"url\":\"https:\/\/portaltela.pt\/\",\"name\":\"Portal Tela Portugal\",\"description\":\"\",\"potentialAction\":[{\"@type\":\"SearchAction\",\"target\":{\"@type\":\"EntryPoint\",\"urlTemplate\":\"https:\/\/portaltela.pt\/?s={search_term_string}\"},\"query-input\":{\"@type\":\"PropertyValueSpecification\",\"valueRequired\":true,\"valueName\":\"search_term_string\"}}],\"inLanguage\":\"pt-PT\"},{\"@type\":\"Person\",\"@id\":\"https:\/\/portaltela.pt\/#\/schema\/person\/c4278d4a6028830caff9ee44b42d32ed\",\"name\":\"Telinha\",\"image\":{\"@type\":\"ImageObject\",\"inLanguage\":\"pt-PT\",\"@id\":\"https:\/\/portaltela.pt\/s.01k8rhncp4jt1\/2025\/11\/talking-bot-125x125.png\",\"url\":\"https:\/\/portaltela.pt\/s.01k8rhncp4jt1\/2025\/11\/talking-bot-125x125.png\",\"contentUrl\":\"https:\/\/portaltela.pt\/s.01k8rhncp4jt1\/2025\/11\/talking-bot-125x125.png\",\"caption\":\"Telinha\"},\"sameAs\":[\"https:\/\/portaltela.pt\/\"],\"url\":\"https:\/\/portaltela.pt\/por\/367410592786\/\"}]}<\/script>\n<!-- \/ Yoast SEO plugin. -->","yoast_head_json":{"title":"Colapso de reservat\u00f3rio de \u00e1gua em S\u00e3o Paulo deixa um morto e sete feridos - Portal Tela Portugal","robots":{"index":"index","follow":"follow","max-snippet":"max-snippet:-1","max-image-preview":"max-image-preview:large","max-video-preview":"max-video-preview:-1"},"og_locale":"pt_PT","og_type":"article","og_title":"Colapso de reservat\u00f3rio de \u00e1gua em S\u00e3o Paulo deixa um morto e sete feridos - Portal Tela Portugal","og_description":"O colapso de um reservat\u00f3rio de \u00e1gua em Mairipor\u00e3, na regi\u00e3o metropolitana de S\u00e3o Paulo, deixou um morto, sete feridos e uma pessoa em estado grave. O reservat\u00f3rio, ainda em fase final de constru\u00e7\u00e3o e que j\u00e1 armazenava 20 mil metros c\u00fabicos de \u00e1gua, pertence \u00e0 Sabesp. A enxurrada de \u00e1gua e escombros destruiu resid\u00eancias e danificou ve\u00edculos, com tr\u00eas casas destru\u00eddas e dez autom\u00f3veis afetados, sobretudo na Rua Jacarand\u00e1, no bairro Capoazinha. V\u00e1rias equipas dos Bombeiros foram mobilizadas para apoiar os moradores atingidos. A Sabesp afirmou n\u00e3o ter ainda uma explica\u00e7\u00e3o exata para o colapso, mas garantiu apoio \u00e0s v\u00edtimas e que os preju\u00edzos ser\u00e3o ressarcidos.","og_url":"https:\/\/portaltela.pt\/noticias\/2026\/03\/11\/colapso-de-reservatorio-de-agua-em-sao-paulo-deixa-um-morto-e-sete-feridos\/","og_site_name":"Portal Tela Portugal","article_published_time":"2026-03-11T19:59:03+00:00","author":"Telinha","twitter_card":"summary_large_image","twitter_misc":{"Escrito por":"Telinha","Tempo estimado de leitura":"1 minuto"},"schema":{"@context":"https:\/\/schema.org","@graph":[{"@type":"Article","@id":"https:\/\/portaltela.pt\/noticias\/2026\/03\/11\/colapso-de-reservatorio-de-agua-em-sao-paulo-deixa-um-morto-e-sete-feridos\/#article","isPartOf":{"@id":"https:\/\/portaltela.pt\/noticias\/2026\/03\/11\/colapso-de-reservatorio-de-agua-em-sao-paulo-deixa-um-morto-e-sete-feridos\/"},"author":{"name":"Telinha","@id":"https:\/\/portaltela.pt\/#\/schema\/person\/c4278d4a6028830caff9ee44b42d32ed"},"headline":"Colapso de reservat\u00f3rio de \u00e1gua em S\u00e3o Paulo deixa um morto e sete feridos","datePublished":"2026-03-11T19:59:03+00:00","mainEntityOfPage":{"@id":"https:\/\/portaltela.pt\/noticias\/2026\/03\/11\/colapso-de-reservatorio-de-agua-em-sao-paulo-deixa-um-morto-e-sete-feridos\/"},"wordCount":218,"image":{"@id":"https:\/\/portaltela.pt\/noticias\/2026\/03\/11\/colapso-de-reservatorio-de-agua-em-sao-paulo-deixa-um-morto-e-sete-feridos\/#primaryimage"},"thumbnailUrl":"https:\/\/portaltela.pt\/s.01k8rhncp4jt1\/2026\/03\/img_1500x1000uu2024-05-28-16-02-40-1667196.jpg","keywords":["abastecimento de \u00e1gua","acidente","\u00e1gua","bombeiros","desabrigos","S\u00e3o Paulo"],"articleSection":["Not\u00edcias"],"inLanguage":"pt-PT"},{"@type":"WebPage","@id":"https:\/\/portaltela.pt\/noticias\/2026\/03\/11\/colapso-de-reservatorio-de-agua-em-sao-paulo-deixa-um-morto-e-sete-feridos\/","url":"https:\/\/portaltela.pt\/noticias\/2026\/03\/11\/colapso-de-reservatorio-de-agua-em-sao-paulo-deixa-um-morto-e-sete-feridos\/","name":"Colapso de reservat\u00f3rio de \u00e1gua em S\u00e3o Paulo deixa um morto e sete feridos - Portal Tela Portugal","isPartOf":{"@id":"https:\/\/portaltela.pt\/#website"},"primaryImageOfPage":{"@id":"https:\/\/portaltela.pt\/noticias\/2026\/03\/11\/colapso-de-reservatorio-de-agua-em-sao-paulo-deixa-um-morto-e-sete-feridos\/#primaryimage"},"image":{"@id":"https:\/\/portaltela.pt\/noticias\/2026\/03\/11\/colapso-de-reservatorio-de-agua-em-sao-paulo-deixa-um-morto-e-sete-feridos\/#primaryimage"},"thumbnailUrl":"https:\/\/portaltela.pt\/s.01k8rhncp4jt1\/2026\/03\/img_1500x1000uu2024-05-28-16-02-40-1667196.jpg","datePublished":"2026-03-11T19:59:03+00:00","author":{"@id":"https:\/\/portaltela.pt\/#\/schema\/person\/c4278d4a6028830caff9ee44b42d32ed"},"breadcrumb":{"@id":"https:\/\/portaltela.pt\/noticias\/2026\/03\/11\/colapso-de-reservatorio-de-agua-em-sao-paulo-deixa-um-morto-e-sete-feridos\/#breadcrumb"},"inLanguage":"pt-PT","potentialAction":[{"@type":"ReadAction","target":["https:\/\/portaltela.pt\/noticias\/2026\/03\/11\/colapso-de-reservatorio-de-agua-em-sao-paulo-deixa-um-morto-e-sete-feridos\/"]}]},{"@type":"ImageObject","inLanguage":"pt-PT","@id":"https:\/\/portaltela.pt\/noticias\/2026\/03\/11\/colapso-de-reservatorio-de-agua-em-sao-paulo-deixa-um-morto-e-sete-feridos\/#primaryimage","url":"https:\/\/portaltela.pt\/s.01k8rhncp4jt1\/2026\/03\/img_1500x1000uu2024-05-28-16-02-40-1667196.jpg","contentUrl":"https:\/\/portaltela.pt\/s.01k8rhncp4jt1\/2026\/03\/img_1500x1000uu2024-05-28-16-02-40-1667196.jpg","width":796,"height":448,"caption":"Pol\u00edcia Federal brasileira"},{"@type":"BreadcrumbList","@id":"https:\/\/portaltela.pt\/noticias\/2026\/03\/11\/colapso-de-reservatorio-de-agua-em-sao-paulo-deixa-um-morto-e-sete-feridos\/#breadcrumb","itemListElement":[{"@type":"ListItem","position":1,"name":"In\u00edcio","item":"https:\/\/portaltela.pt\/"},{"@type":"ListItem","position":2,"name":"Colapso de reservat\u00f3rio de \u00e1gua em S\u00e3o Paulo deixa um morto e sete feridos"}]},{"@type":"WebSite","@id":"https:\/\/portaltela.pt\/#website","url":"https:\/\/portaltela.pt\/","name":"Portal Tela Portugal","description":"","potentialAction":[{"@type":"SearchAction","target":{"@type":"EntryPoint","urlTemplate":"https:\/\/portaltela.pt\/?s={search_term_string}"},"query-input":{"@type":"PropertyValueSpecification","valueRequired":true,"valueName":"search_term_string"}}],"inLanguage":"pt-PT"},{"@type":"Person","@id":"https:\/\/portaltela.pt\/#\/schema\/person\/c4278d4a6028830caff9ee44b42d32ed","name":"Telinha","image":{"@type":"ImageObject","inLanguage":"pt-PT","@id":"https:\/\/portaltela.pt\/s.01k8rhncp4jt1\/2025\/11\/talking-bot-125x125.png","url":"https:\/\/portaltela.pt\/s.01k8rhncp4jt1\/2025\/11\/talking-bot-125x125.png","contentUrl":"https:\/\/portaltela.pt\/s.01k8rhncp4jt1\/2025\/11\/talking-bot-125x125.png","caption":"Telinha"},"sameAs":["https:\/\/portaltela.pt\/"],"url":"https:\/\/portaltela.pt\/por\/367410592786\/"}]}},"_links":{"self":[{"href":"https:\/\/portaltela.pt\/api\/wp\/v2\/posts\/406568","targetHints":{"allow":["GET"]}}],"collection":[{"href":"https:\/\/portaltela.pt\/api\/wp\/v2\/posts"}],"about":[{"href":"https:\/\/portaltela.pt\/api\/wp\/v2\/types\/post"}],"author":[{"embeddable":true,"href":"https:\/\/portaltela.pt\/api\/wp\/v2\/users\/2"}],"replies":[{"embeddable":true,"href":"https:\/\/portaltela.pt\/api\/wp\/v2\/comments?post=406568"}],"version-history":[{"count":0,"href":"https:\/\/portaltela.pt\/api\/wp\/v2\/posts\/406568\/revisions"}],"wp:featuredmedia":[{"embeddable":true,"href":"https:\/\/portaltela.pt\/api\/wp\/v2\/media\/406569"}],"wp:attachment":[{"href":"https:\/\/portaltela.pt\/api\/wp\/v2\/media?parent=406568"}],"wp:term":[{"taxonomy":"category","embeddable":true,"href":"https:\/\/portaltela.pt\/api\/wp\/v2\/categories?post=406568"},{"taxonomy":"post_tag","embeddable":true,"href":"https:\/\/portaltela.pt\/api\/wp\/v2\/tags?post=406568"}],"curies":[{"name":"wp","href":"https:\/\/api.w.org\/{rel}","templated":true}]}}