{"id":406465,"date":"2026-03-11T15:34:00","date_gmt":"2026-03-11T18:34:00","guid":{"rendered":"https:\/\/portaltela.pt\/noticias\/2026\/03\/11\/mocambique-recebe-581-milhoes-em-doacoes-para-vitimas-de-cheias\/"},"modified":"2026-03-11T15:34:00","modified_gmt":"2026-03-11T18:34:00","slug":"mocambique-recebe-581-milhoes-em-doacoes-para-vitimas-de-cheias","status":"publish","type":"post","link":"https:\/\/portaltela.pt\/noticias\/2026\/03\/11\/mocambique-recebe-581-milhoes-em-doacoes-para-vitimas-de-cheias\/","title":{"rendered":"Mo\u00e7ambique recebe 58,1 milh\u00f5es em doa\u00e7\u00f5es para v\u00edtimas de cheias"},"content":{"rendered":"<p>Mo\u00e7ambique recebeu 58,1 milh\u00f5es de euros em doa\u00e7\u00f5es destinadas a v\u00edtimas de cheias.<\/p>\n<p>O texto dispon\u00edvel n\u00e3o especifica quem organiza as doa\u00e7\u00f5es, nem quando ou onde se v\u00e3o aplicar os fundos.<\/p>\n<p>As doa\u00e7\u00f5es s\u00e3o apresentadas como apoio \u00e0s pessoas afectadas pelas cheias que atingiram o pa\u00eds, segundo o material dispon\u00edvel.<\/p>\n<p>O conte\u00fado completo da not\u00edcia est\u00e1 acess\u00edvel apenas a subscritores.<\/p>\n","protected":false},"excerpt":{"rendered":"<ul>\n<li>Mo\u00e7ambique recebeu 58,1 ME em doa\u00e7\u00f5es para v\u00edtimas de cheias.<\/li>\n<li>O montante destina-se a apoiar pessoas afetadas por inunda\u00e7\u00f5es no pa\u00eds.<\/li>\n<li>O conte\u00fado completo n\u00e3o est\u00e1 dispon\u00edvel sem subscri\u00e7\u00e3o.<\/li>\n<li>N\u00e3o s\u00e3o fornecidos detalhes adicionais sobre os donantes ou a distribui\u00e7\u00e3o do dinheiro.<\/li>\n<\/ul>\n","protected":false},"author":2,"featured_media":406473,"comment_status":"closed","ping_status":"closed","sticky":false,"template":"","format":"standard","meta":{"footnotes":""},"categories":[1],"tags":[6505,5215,3701,3123,1911,320],"class_list":["post-406465","post","type-post","status-publish","format-standard","has-post-thumbnail","hentry","category-noticias","tag-assistencia-humanitaria","tag-catastrofes-naturais","tag-cheias","tag-doacoes","tag-mocambique","tag-protecao-civil"],"yoast_head":"<!-- This site is optimized with the Yoast SEO plugin v27.2 - https:\/\/yoast.com\/product\/yoast-seo-wordpress\/ -->\n<title>Mo\u00e7ambique recebe 58,1 milh\u00f5es em doa\u00e7\u00f5es para v\u00edtimas de cheias - Portal Tela Portugal<\/title>\n<meta name=\"robots\" content=\"index, follow, max-snippet:-1, max-image-preview:large, max-video-preview:-1\" \/>\n<meta property=\"og:locale\" content=\"pt_PT\" \/>\n<meta property=\"og:type\" content=\"article\" \/>\n<meta property=\"og:title\" content=\"Mo\u00e7ambique recebe 58,1 milh\u00f5es em doa\u00e7\u00f5es para v\u00edtimas de cheias - Portal Tela Portugal\" \/>\n<meta property=\"og:description\" content=\"Mo\u00e7ambique recebeu 58,1 ME em doa\u00e7\u00f5es para v\u00edtimas de cheias. O montante destina-se a apoiar pessoas afetadas por inunda\u00e7\u00f5es no pa\u00eds. O conte\u00fado completo n\u00e3o est\u00e1 dispon\u00edvel sem subscri\u00e7\u00e3o. N\u00e3o s\u00e3o fornecidos detalhes adicionais sobre os donantes ou a distribui\u00e7\u00e3o do dinheiro.\" \/>\n<meta property=\"og:url\" content=\"https:\/\/portaltela.pt\/noticias\/2026\/03\/11\/mocambique-recebe-581-milhoes-em-doacoes-para-vitimas-de-cheias\/\" \/>\n<meta property=\"og:site_name\" content=\"Portal Tela Portugal\" \/>\n<meta property=\"article:published_time\" content=\"2026-03-11T18:34:00+00:00\" \/>\n<meta name=\"author\" content=\"Telinha\" \/>\n<meta name=\"twitter:card\" content=\"summary_large_image\" \/>\n<meta name=\"twitter:label1\" content=\"Escrito por\" \/>\n\t<meta name=\"twitter:data1\" content=\"Telinha\" \/>\n<script type=\"application\/ld+json\" class=\"yoast-schema-graph\">{\"@context\":\"https:\/\/schema.org\",\"@graph\":[{\"@type\":\"Article\",\"@id\":\"https:\/\/portaltela.pt\/noticias\/2026\/03\/11\/mocambique-recebe-581-milhoes-em-doacoes-para-vitimas-de-cheias\/#article\",\"isPartOf\":{\"@id\":\"https:\/\/portaltela.pt\/noticias\/2026\/03\/11\/mocambique-recebe-581-milhoes-em-doacoes-para-vitimas-de-cheias\/\"},\"author\":{\"name\":\"Telinha\",\"@id\":\"https:\/\/portaltela.pt\/#\/schema\/person\/c4278d4a6028830caff9ee44b42d32ed\"},\"headline\":\"Mo\u00e7ambique recebe 58,1 milh\u00f5es em doa\u00e7\u00f5es para v\u00edtimas de cheias\",\"datePublished\":\"2026-03-11T18:34:00+00:00\",\"mainEntityOfPage\":{\"@id\":\"https:\/\/portaltela.pt\/noticias\/2026\/03\/11\/mocambique-recebe-581-milhoes-em-doacoes-para-vitimas-de-cheias\/\"},\"wordCount\":87,\"image\":{\"@id\":\"https:\/\/portaltela.pt\/noticias\/2026\/03\/11\/mocambique-recebe-581-milhoes-em-doacoes-para-vitimas-de-cheias\/#primaryimage\"},\"thumbnailUrl\":\"https:\/\/portaltela.pt\/s.01k8rhncp4jt1\/2026\/03\/CACHE_780X1200_ANALOG_WATERMARKED_46500676_7337726_06022026101023-1.jpg\",\"keywords\":[\"assist\u00eancia humanit\u00e1ria\",\"cat\u00e1strofes naturais\",\"cheias\",\"doa\u00e7\u00f5es\",\"Mo\u00e7ambique\",\"prote\u00e7\u00e3o civil\"],\"articleSection\":[\"Not\u00edcias\"],\"inLanguage\":\"pt-PT\"},{\"@type\":\"WebPage\",\"@id\":\"https:\/\/portaltela.pt\/noticias\/2026\/03\/11\/mocambique-recebe-581-milhoes-em-doacoes-para-vitimas-de-cheias\/\",\"url\":\"https:\/\/portaltela.pt\/noticias\/2026\/03\/11\/mocambique-recebe-581-milhoes-em-doacoes-para-vitimas-de-cheias\/\",\"name\":\"Mo\u00e7ambique recebe 58,1 milh\u00f5es em doa\u00e7\u00f5es para v\u00edtimas de cheias - Portal Tela Portugal\",\"isPartOf\":{\"@id\":\"https:\/\/portaltela.pt\/#website\"},\"primaryImageOfPage\":{\"@id\":\"https:\/\/portaltela.pt\/noticias\/2026\/03\/11\/mocambique-recebe-581-milhoes-em-doacoes-para-vitimas-de-cheias\/#primaryimage\"},\"image\":{\"@id\":\"https:\/\/portaltela.pt\/noticias\/2026\/03\/11\/mocambique-recebe-581-milhoes-em-doacoes-para-vitimas-de-cheias\/#primaryimage\"},\"thumbnailUrl\":\"https:\/\/portaltela.pt\/s.01k8rhncp4jt1\/2026\/03\/CACHE_780X1200_ANALOG_WATERMARKED_46500676_7337726_06022026101023-1.jpg\",\"datePublished\":\"2026-03-11T18:34:00+00:00\",\"author\":{\"@id\":\"https:\/\/portaltela.pt\/#\/schema\/person\/c4278d4a6028830caff9ee44b42d32ed\"},\"breadcrumb\":{\"@id\":\"https:\/\/portaltela.pt\/noticias\/2026\/03\/11\/mocambique-recebe-581-milhoes-em-doacoes-para-vitimas-de-cheias\/#breadcrumb\"},\"inLanguage\":\"pt-PT\",\"potentialAction\":[{\"@type\":\"ReadAction\",\"target\":[\"https:\/\/portaltela.pt\/noticias\/2026\/03\/11\/mocambique-recebe-581-milhoes-em-doacoes-para-vitimas-de-cheias\/\"]}]},{\"@type\":\"ImageObject\",\"inLanguage\":\"pt-PT\",\"@id\":\"https:\/\/portaltela.pt\/noticias\/2026\/03\/11\/mocambique-recebe-581-milhoes-em-doacoes-para-vitimas-de-cheias\/#primaryimage\",\"url\":\"https:\/\/portaltela.pt\/s.01k8rhncp4jt1\/2026\/03\/CACHE_780X1200_ANALOG_WATERMARKED_46500676_7337726_06022026101023-1.jpg\",\"contentUrl\":\"https:\/\/portaltela.pt\/s.01k8rhncp4jt1\/2026\/03\/CACHE_780X1200_ANALOG_WATERMARKED_46500676_7337726_06022026101023-1.jpg\",\"width\":796,\"height\":448,\"caption\":\"Mo\u00e7ambique recebeu 58,1 ME em doa\u00e7\u00f5es para v\u00edtimas de cheias\"},{\"@type\":\"BreadcrumbList\",\"@id\":\"https:\/\/portaltela.pt\/noticias\/2026\/03\/11\/mocambique-recebe-581-milhoes-em-doacoes-para-vitimas-de-cheias\/#breadcrumb\",\"itemListElement\":[{\"@type\":\"ListItem\",\"position\":1,\"name\":\"In\u00edcio\",\"item\":\"https:\/\/portaltela.pt\/\"},{\"@type\":\"ListItem\",\"position\":2,\"name\":\"Mo\u00e7ambique recebe 58,1 milh\u00f5es em doa\u00e7\u00f5es para v\u00edtimas de cheias\"}]},{\"@type\":\"WebSite\",\"@id\":\"https:\/\/portaltela.pt\/#website\",\"url\":\"https:\/\/portaltela.pt\/\",\"name\":\"Portal Tela Portugal\",\"description\":\"\",\"potentialAction\":[{\"@type\":\"SearchAction\",\"target\":{\"@type\":\"EntryPoint\",\"urlTemplate\":\"https:\/\/portaltela.pt\/?s={search_term_string}\"},\"query-input\":{\"@type\":\"PropertyValueSpecification\",\"valueRequired\":true,\"valueName\":\"search_term_string\"}}],\"inLanguage\":\"pt-PT\"},{\"@type\":\"Person\",\"@id\":\"https:\/\/portaltela.pt\/#\/schema\/person\/c4278d4a6028830caff9ee44b42d32ed\",\"name\":\"Telinha\",\"image\":{\"@type\":\"ImageObject\",\"inLanguage\":\"pt-PT\",\"@id\":\"https:\/\/portaltela.pt\/s.01k8rhncp4jt1\/2025\/11\/talking-bot-125x125.png\",\"url\":\"https:\/\/portaltela.pt\/s.01k8rhncp4jt1\/2025\/11\/talking-bot-125x125.png\",\"contentUrl\":\"https:\/\/portaltela.pt\/s.01k8rhncp4jt1\/2025\/11\/talking-bot-125x125.png\",\"caption\":\"Telinha\"},\"sameAs\":[\"https:\/\/portaltela.pt\/\"],\"url\":\"https:\/\/portaltela.pt\/por\/367410592786\/\"}]}<\/script>\n<!-- \/ Yoast SEO plugin. -->","yoast_head_json":{"title":"Mo\u00e7ambique recebe 58,1 milh\u00f5es em doa\u00e7\u00f5es para v\u00edtimas de cheias - Portal Tela Portugal","robots":{"index":"index","follow":"follow","max-snippet":"max-snippet:-1","max-image-preview":"max-image-preview:large","max-video-preview":"max-video-preview:-1"},"og_locale":"pt_PT","og_type":"article","og_title":"Mo\u00e7ambique recebe 58,1 milh\u00f5es em doa\u00e7\u00f5es para v\u00edtimas de cheias - Portal Tela Portugal","og_description":"Mo\u00e7ambique recebeu 58,1 ME em doa\u00e7\u00f5es para v\u00edtimas de cheias. O montante destina-se a apoiar pessoas afetadas por inunda\u00e7\u00f5es no pa\u00eds. O conte\u00fado completo n\u00e3o est\u00e1 dispon\u00edvel sem subscri\u00e7\u00e3o. N\u00e3o s\u00e3o fornecidos detalhes adicionais sobre os donantes ou a distribui\u00e7\u00e3o do dinheiro.","og_url":"https:\/\/portaltela.pt\/noticias\/2026\/03\/11\/mocambique-recebe-581-milhoes-em-doacoes-para-vitimas-de-cheias\/","og_site_name":"Portal Tela Portugal","article_published_time":"2026-03-11T18:34:00+00:00","author":"Telinha","twitter_card":"summary_large_image","twitter_misc":{"Escrito por":"Telinha"},"schema":{"@context":"https:\/\/schema.org","@graph":[{"@type":"Article","@id":"https:\/\/portaltela.pt\/noticias\/2026\/03\/11\/mocambique-recebe-581-milhoes-em-doacoes-para-vitimas-de-cheias\/#article","isPartOf":{"@id":"https:\/\/portaltela.pt\/noticias\/2026\/03\/11\/mocambique-recebe-581-milhoes-em-doacoes-para-vitimas-de-cheias\/"},"author":{"name":"Telinha","@id":"https:\/\/portaltela.pt\/#\/schema\/person\/c4278d4a6028830caff9ee44b42d32ed"},"headline":"Mo\u00e7ambique recebe 58,1 milh\u00f5es em doa\u00e7\u00f5es para v\u00edtimas de cheias","datePublished":"2026-03-11T18:34:00+00:00","mainEntityOfPage":{"@id":"https:\/\/portaltela.pt\/noticias\/2026\/03\/11\/mocambique-recebe-581-milhoes-em-doacoes-para-vitimas-de-cheias\/"},"wordCount":87,"image":{"@id":"https:\/\/portaltela.pt\/noticias\/2026\/03\/11\/mocambique-recebe-581-milhoes-em-doacoes-para-vitimas-de-cheias\/#primaryimage"},"thumbnailUrl":"https:\/\/portaltela.pt\/s.01k8rhncp4jt1\/2026\/03\/CACHE_780X1200_ANALOG_WATERMARKED_46500676_7337726_06022026101023-1.jpg","keywords":["assist\u00eancia humanit\u00e1ria","cat\u00e1strofes naturais","cheias","doa\u00e7\u00f5es","Mo\u00e7ambique","prote\u00e7\u00e3o civil"],"articleSection":["Not\u00edcias"],"inLanguage":"pt-PT"},{"@type":"WebPage","@id":"https:\/\/portaltela.pt\/noticias\/2026\/03\/11\/mocambique-recebe-581-milhoes-em-doacoes-para-vitimas-de-cheias\/","url":"https:\/\/portaltela.pt\/noticias\/2026\/03\/11\/mocambique-recebe-581-milhoes-em-doacoes-para-vitimas-de-cheias\/","name":"Mo\u00e7ambique recebe 58,1 milh\u00f5es em doa\u00e7\u00f5es para v\u00edtimas de cheias - Portal Tela Portugal","isPartOf":{"@id":"https:\/\/portaltela.pt\/#website"},"primaryImageOfPage":{"@id":"https:\/\/portaltela.pt\/noticias\/2026\/03\/11\/mocambique-recebe-581-milhoes-em-doacoes-para-vitimas-de-cheias\/#primaryimage"},"image":{"@id":"https:\/\/portaltela.pt\/noticias\/2026\/03\/11\/mocambique-recebe-581-milhoes-em-doacoes-para-vitimas-de-cheias\/#primaryimage"},"thumbnailUrl":"https:\/\/portaltela.pt\/s.01k8rhncp4jt1\/2026\/03\/CACHE_780X1200_ANALOG_WATERMARKED_46500676_7337726_06022026101023-1.jpg","datePublished":"2026-03-11T18:34:00+00:00","author":{"@id":"https:\/\/portaltela.pt\/#\/schema\/person\/c4278d4a6028830caff9ee44b42d32ed"},"breadcrumb":{"@id":"https:\/\/portaltela.pt\/noticias\/2026\/03\/11\/mocambique-recebe-581-milhoes-em-doacoes-para-vitimas-de-cheias\/#breadcrumb"},"inLanguage":"pt-PT","potentialAction":[{"@type":"ReadAction","target":["https:\/\/portaltela.pt\/noticias\/2026\/03\/11\/mocambique-recebe-581-milhoes-em-doacoes-para-vitimas-de-cheias\/"]}]},{"@type":"ImageObject","inLanguage":"pt-PT","@id":"https:\/\/portaltela.pt\/noticias\/2026\/03\/11\/mocambique-recebe-581-milhoes-em-doacoes-para-vitimas-de-cheias\/#primaryimage","url":"https:\/\/portaltela.pt\/s.01k8rhncp4jt1\/2026\/03\/CACHE_780X1200_ANALOG_WATERMARKED_46500676_7337726_06022026101023-1.jpg","contentUrl":"https:\/\/portaltela.pt\/s.01k8rhncp4jt1\/2026\/03\/CACHE_780X1200_ANALOG_WATERMARKED_46500676_7337726_06022026101023-1.jpg","width":796,"height":448,"caption":"Mo\u00e7ambique recebeu 58,1 ME em doa\u00e7\u00f5es para v\u00edtimas de cheias"},{"@type":"BreadcrumbList","@id":"https:\/\/portaltela.pt\/noticias\/2026\/03\/11\/mocambique-recebe-581-milhoes-em-doacoes-para-vitimas-de-cheias\/#breadcrumb","itemListElement":[{"@type":"ListItem","position":1,"name":"In\u00edcio","item":"https:\/\/portaltela.pt\/"},{"@type":"ListItem","position":2,"name":"Mo\u00e7ambique recebe 58,1 milh\u00f5es em doa\u00e7\u00f5es para v\u00edtimas de cheias"}]},{"@type":"WebSite","@id":"https:\/\/portaltela.pt\/#website","url":"https:\/\/portaltela.pt\/","name":"Portal Tela Portugal","description":"","potentialAction":[{"@type":"SearchAction","target":{"@type":"EntryPoint","urlTemplate":"https:\/\/portaltela.pt\/?s={search_term_string}"},"query-input":{"@type":"PropertyValueSpecification","valueRequired":true,"valueName":"search_term_string"}}],"inLanguage":"pt-PT"},{"@type":"Person","@id":"https:\/\/portaltela.pt\/#\/schema\/person\/c4278d4a6028830caff9ee44b42d32ed","name":"Telinha","image":{"@type":"ImageObject","inLanguage":"pt-PT","@id":"https:\/\/portaltela.pt\/s.01k8rhncp4jt1\/2025\/11\/talking-bot-125x125.png","url":"https:\/\/portaltela.pt\/s.01k8rhncp4jt1\/2025\/11\/talking-bot-125x125.png","contentUrl":"https:\/\/portaltela.pt\/s.01k8rhncp4jt1\/2025\/11\/talking-bot-125x125.png","caption":"Telinha"},"sameAs":["https:\/\/portaltela.pt\/"],"url":"https:\/\/portaltela.pt\/por\/367410592786\/"}]}},"_links":{"self":[{"href":"https:\/\/portaltela.pt\/api\/wp\/v2\/posts\/406465","targetHints":{"allow":["GET"]}}],"collection":[{"href":"https:\/\/portaltela.pt\/api\/wp\/v2\/posts"}],"about":[{"href":"https:\/\/portaltela.pt\/api\/wp\/v2\/types\/post"}],"author":[{"embeddable":true,"href":"https:\/\/portaltela.pt\/api\/wp\/v2\/users\/2"}],"replies":[{"embeddable":true,"href":"https:\/\/portaltela.pt\/api\/wp\/v2\/comments?post=406465"}],"version-history":[{"count":0,"href":"https:\/\/portaltela.pt\/api\/wp\/v2\/posts\/406465\/revisions"}],"wp:featuredmedia":[{"embeddable":true,"href":"https:\/\/portaltela.pt\/api\/wp\/v2\/media\/406473"}],"wp:attachment":[{"href":"https:\/\/portaltela.pt\/api\/wp\/v2\/media?parent=406465"}],"wp:term":[{"taxonomy":"category","embeddable":true,"href":"https:\/\/portaltela.pt\/api\/wp\/v2\/categories?post=406465"},{"taxonomy":"post_tag","embeddable":true,"href":"https:\/\/portaltela.pt\/api\/wp\/v2\/tags?post=406465"}],"curies":[{"name":"wp","href":"https:\/\/api.w.org\/{rel}","templated":true}]}}