{"id":406463,"date":"2026-03-11T15:35:33","date_gmt":"2026-03-11T18:35:33","guid":{"rendered":"https:\/\/portaltela.pt\/noticias\/2026\/03\/11\/praia-da-calada-mafra-sem-condicoes-de-banhos-em-2026-por-mau-tempo\/"},"modified":"2026-03-11T15:35:33","modified_gmt":"2026-03-11T18:35:33","slug":"praia-da-calada-mafra-sem-condicoes-de-banhos-em-2026-por-mau-tempo","status":"publish","type":"post","link":"https:\/\/portaltela.pt\/noticias\/2026\/03\/11\/praia-da-calada-mafra-sem-condicoes-de-banhos-em-2026-por-mau-tempo\/","title":{"rendered":"Praia da Calada, Mafra, sem condi\u00e7\u00f5es de banhos em 2026 por mau tempo"},"content":{"rendered":"<p>A Praia da Calada, em Mafra, no distrito de Lisboa, n\u00e3o ter\u00e1 condi\u00e7\u00f5es para banhos em 2026 devido \u00e0 instabilidade da arriba. A decis\u00e3o foi anunciada pelo presidente da Ag\u00eancia Portuguesa do Ambiente (APA). A busca por prote\u00e7\u00e3o de pessoas e bens justifica a suspens\u00e3o de acesso.<\/p>\n<p>Jos\u00e9 Pimenta Machado, em comunicado no Porto, apresentou um relat\u00f3rio da APA sobre os efeitos do mau tempo entre outubro de 2025 e os primeiros dias de 2026. O documento tamb\u00e9m detalha o plano de obras para recupera\u00e7\u00e3o e minimiza\u00e7\u00e3o de danos.<\/p>\n<p>Questionado sobre outras praias, o presidente construiu a ideia de trabalhar para abrir o m\u00e1ximo poss\u00edvel. No entanto, refor\u00e7ou que a Calada permanece sem condi\u00e7\u00f5es de acesso neste ano e que a estabiliza\u00e7\u00e3o da arriba n\u00e3o est\u00e1 garantida.<\/p>\n<h3>Contexto e impactos<\/h3>\n<p>No relat\u00f3rio, a APA aponta a instabilidade da arriba como fator determinante, associada a danos em obras de prote\u00e7\u00e3o costeira. Diversas praias do mesmo concelho aparecem com riscos semelhantes, segundo o documento.<\/p>\n<p>Desde 28 de janeiro, Portugal contabiliza pelo menos 19 mortes associadas \u00e0 passagem das depress\u00f5es Kristin, Leonardo e Marta. Centenas ficaram feridas, desalojadas e deslocadas. As regi\u00f5es mais afetadas foram Centro, Lisboa e Vale do Tejo, e Alentejo.<\/p>\n<p>Os temporais causaram destrui\u00e7\u00e3o de habita\u00e7\u00f5es, empresas e infraestruturas, al\u00e9m de cortes de energia, \u00e1gua e comunica\u00e7\u00f5es. Os preju\u00edzos totais ascendem a v\u00e1rios milhar de milh\u00f5es de euros, com impactos ainda por quantificar em alguns locais.<\/p>\n","protected":false},"excerpt":{"rendered":"<ul>\n<li>A Praia da Calada, Mafra, n\u00e3o ter\u00e1 condi\u00e7\u00f5es para banhos em 2026 devido \u00e0 instabilidade da arriba.<\/li>\n<li>O presidente da Ag\u00eancia Portuguesa do Ambiente, Jos\u00e9 Pimenta Machado, afirmou que este ano n\u00e3o h\u00e1 condi\u00e7\u00f5es de acesso \u00e0 praia para proteger pessoas e bens.<\/li>\n<li>O an\u00fancio ocorreu durante a apresenta\u00e7\u00e3o de um relat\u00f3rio sobre os efeitos do mau tempo entre outubro de 2025 e os primeiros dias de 2026, e do plano de obras de recupera\u00e7\u00e3o.<\/li>\n<li>O relat\u00f3rio indica danos em obras de prote\u00e7\u00e3o costeira e sinaliza instabilidade de v\u00e1rias praias do concelho.<\/li>\n<li>Desde 28 de janeiro, as depress\u00f5es Kristin, Leonardo e Marta provocaram pelo menos 19 mortes em Portugal, al\u00e9m de danos significativos e preju\u00edzos de milhares de milh\u00f5es de euros.<\/li>\n<\/ul>\n","protected":false},"author":2,"featured_media":406472,"comment_status":"closed","ping_status":"closed","sticky":false,"template":"","format":"standard","meta":{"footnotes":""},"categories":[6725,1],"tags":[5215,3004,981,2600,45,3388],"class_list":["post-406463","post","type-post","status-publish","format-standard","has-post-thumbnail","hentry","category-meio-ambiente","category-noticias","tag-catastrofes-naturais","tag-desalojados","tag-lisboa","tag-mafra","tag-meio-ambiente","tag-protecao-costeira"],"yoast_head":"<!-- This site is optimized with the Yoast SEO plugin v27.2 - https:\/\/yoast.com\/product\/yoast-seo-wordpress\/ -->\n<title>Praia da Calada, Mafra, sem condi\u00e7\u00f5es de banhos em 2026 por mau tempo - Portal Tela Portugal<\/title>\n<meta name=\"robots\" content=\"index, follow, max-snippet:-1, max-image-preview:large, max-video-preview:-1\" \/>\n<meta property=\"og:locale\" content=\"pt_PT\" \/>\n<meta property=\"og:type\" content=\"article\" \/>\n<meta property=\"og:title\" content=\"Praia da Calada, Mafra, sem condi\u00e7\u00f5es de banhos em 2026 por mau tempo - Portal Tela Portugal\" \/>\n<meta property=\"og:description\" content=\"A Praia da Calada, Mafra, n\u00e3o ter\u00e1 condi\u00e7\u00f5es para banhos em 2026 devido \u00e0 instabilidade da arriba. O presidente da Ag\u00eancia Portuguesa do Ambiente, Jos\u00e9 Pimenta Machado, afirmou que este ano n\u00e3o h\u00e1 condi\u00e7\u00f5es de acesso \u00e0 praia para proteger pessoas e bens. O an\u00fancio ocorreu durante a apresenta\u00e7\u00e3o de um relat\u00f3rio sobre os efeitos do mau tempo entre outubro de 2025 e os primeiros dias de 2026, e do plano de obras de recupera\u00e7\u00e3o. O relat\u00f3rio indica danos em obras de prote\u00e7\u00e3o costeira e sinaliza instabilidade de v\u00e1rias praias do concelho. Desde 28 de janeiro, as depress\u00f5es Kristin, Leonardo e Marta provocaram pelo menos 19 mortes em Portugal, al\u00e9m de danos significativos e preju\u00edzos de milhares de milh\u00f5es de euros.\" \/>\n<meta property=\"og:url\" content=\"https:\/\/portaltela.pt\/noticias\/2026\/03\/11\/praia-da-calada-mafra-sem-condicoes-de-banhos-em-2026-por-mau-tempo\/\" \/>\n<meta property=\"og:site_name\" content=\"Portal Tela Portugal\" \/>\n<meta property=\"article:published_time\" content=\"2026-03-11T18:35:33+00:00\" \/>\n<meta name=\"author\" content=\"Telinha\" \/>\n<meta name=\"twitter:card\" content=\"summary_large_image\" \/>\n<meta name=\"twitter:label1\" content=\"Escrito por\" \/>\n\t<meta name=\"twitter:data1\" content=\"Telinha\" \/>\n\t<meta name=\"twitter:label2\" content=\"Tempo estimado de leitura\" \/>\n\t<meta name=\"twitter:data2\" content=\"1 minuto\" \/>\n<script type=\"application\/ld+json\" class=\"yoast-schema-graph\">{\"@context\":\"https:\/\/schema.org\",\"@graph\":[{\"@type\":\"Article\",\"@id\":\"https:\/\/portaltela.pt\/noticias\/2026\/03\/11\/praia-da-calada-mafra-sem-condicoes-de-banhos-em-2026-por-mau-tempo\/#article\",\"isPartOf\":{\"@id\":\"https:\/\/portaltela.pt\/noticias\/2026\/03\/11\/praia-da-calada-mafra-sem-condicoes-de-banhos-em-2026-por-mau-tempo\/\"},\"author\":{\"name\":\"Telinha\",\"@id\":\"https:\/\/portaltela.pt\/#\/schema\/person\/c4278d4a6028830caff9ee44b42d32ed\"},\"headline\":\"Praia da Calada, Mafra, sem condi\u00e7\u00f5es de banhos em 2026 por mau tempo\",\"datePublished\":\"2026-03-11T18:35:33+00:00\",\"mainEntityOfPage\":{\"@id\":\"https:\/\/portaltela.pt\/noticias\/2026\/03\/11\/praia-da-calada-mafra-sem-condicoes-de-banhos-em-2026-por-mau-tempo\/\"},\"wordCount\":269,\"image\":{\"@id\":\"https:\/\/portaltela.pt\/noticias\/2026\/03\/11\/praia-da-calada-mafra-sem-condicoes-de-banhos-em-2026-por-mau-tempo\/#primaryimage\"},\"thumbnailUrl\":\"https:\/\/portaltela.pt\/s.01k8rhncp4jt1\/2026\/03\/img_1500x1000uu2021-06-03-16-38-39-1046694.jpg\",\"keywords\":[\"cat\u00e1strofes naturais\",\"desalojados\",\"Lisboa\",\"Mafra\",\"meio-ambiente\",\"Prote\u00e7\u00e3o costeira\"],\"articleSection\":[\"Meio Ambiente\",\"Not\u00edcias\"],\"inLanguage\":\"pt-PT\"},{\"@type\":\"WebPage\",\"@id\":\"https:\/\/portaltela.pt\/noticias\/2026\/03\/11\/praia-da-calada-mafra-sem-condicoes-de-banhos-em-2026-por-mau-tempo\/\",\"url\":\"https:\/\/portaltela.pt\/noticias\/2026\/03\/11\/praia-da-calada-mafra-sem-condicoes-de-banhos-em-2026-por-mau-tempo\/\",\"name\":\"Praia da Calada, Mafra, sem condi\u00e7\u00f5es de banhos em 2026 por mau tempo - Portal Tela Portugal\",\"isPartOf\":{\"@id\":\"https:\/\/portaltela.pt\/#website\"},\"primaryImageOfPage\":{\"@id\":\"https:\/\/portaltela.pt\/noticias\/2026\/03\/11\/praia-da-calada-mafra-sem-condicoes-de-banhos-em-2026-por-mau-tempo\/#primaryimage\"},\"image\":{\"@id\":\"https:\/\/portaltela.pt\/noticias\/2026\/03\/11\/praia-da-calada-mafra-sem-condicoes-de-banhos-em-2026-por-mau-tempo\/#primaryimage\"},\"thumbnailUrl\":\"https:\/\/portaltela.pt\/s.01k8rhncp4jt1\/2026\/03\/img_1500x1000uu2021-06-03-16-38-39-1046694.jpg\",\"datePublished\":\"2026-03-11T18:35:33+00:00\",\"author\":{\"@id\":\"https:\/\/portaltela.pt\/#\/schema\/person\/c4278d4a6028830caff9ee44b42d32ed\"},\"breadcrumb\":{\"@id\":\"https:\/\/portaltela.pt\/noticias\/2026\/03\/11\/praia-da-calada-mafra-sem-condicoes-de-banhos-em-2026-por-mau-tempo\/#breadcrumb\"},\"inLanguage\":\"pt-PT\",\"potentialAction\":[{\"@type\":\"ReadAction\",\"target\":[\"https:\/\/portaltela.pt\/noticias\/2026\/03\/11\/praia-da-calada-mafra-sem-condicoes-de-banhos-em-2026-por-mau-tempo\/\"]}]},{\"@type\":\"ImageObject\",\"inLanguage\":\"pt-PT\",\"@id\":\"https:\/\/portaltela.pt\/noticias\/2026\/03\/11\/praia-da-calada-mafra-sem-condicoes-de-banhos-em-2026-por-mau-tempo\/#primaryimage\",\"url\":\"https:\/\/portaltela.pt\/s.01k8rhncp4jt1\/2026\/03\/img_1500x1000uu2021-06-03-16-38-39-1046694.jpg\",\"contentUrl\":\"https:\/\/portaltela.pt\/s.01k8rhncp4jt1\/2026\/03\/img_1500x1000uu2021-06-03-16-38-39-1046694.jpg\",\"width\":796,\"height\":448,\"caption\":\"Praia da Calada em Mafra \\\"sem condi\u00e7\u00f5es\\\" para banhos em 2026 devido aos estragos do mau tempo\"},{\"@type\":\"BreadcrumbList\",\"@id\":\"https:\/\/portaltela.pt\/noticias\/2026\/03\/11\/praia-da-calada-mafra-sem-condicoes-de-banhos-em-2026-por-mau-tempo\/#breadcrumb\",\"itemListElement\":[{\"@type\":\"ListItem\",\"position\":1,\"name\":\"In\u00edcio\",\"item\":\"https:\/\/portaltela.pt\/\"},{\"@type\":\"ListItem\",\"position\":2,\"name\":\"Praia da Calada, Mafra, sem condi\u00e7\u00f5es de banhos em 2026 por mau tempo\"}]},{\"@type\":\"WebSite\",\"@id\":\"https:\/\/portaltela.pt\/#website\",\"url\":\"https:\/\/portaltela.pt\/\",\"name\":\"Portal Tela Portugal\",\"description\":\"\",\"potentialAction\":[{\"@type\":\"SearchAction\",\"target\":{\"@type\":\"EntryPoint\",\"urlTemplate\":\"https:\/\/portaltela.pt\/?s={search_term_string}\"},\"query-input\":{\"@type\":\"PropertyValueSpecification\",\"valueRequired\":true,\"valueName\":\"search_term_string\"}}],\"inLanguage\":\"pt-PT\"},{\"@type\":\"Person\",\"@id\":\"https:\/\/portaltela.pt\/#\/schema\/person\/c4278d4a6028830caff9ee44b42d32ed\",\"name\":\"Telinha\",\"image\":{\"@type\":\"ImageObject\",\"inLanguage\":\"pt-PT\",\"@id\":\"https:\/\/portaltela.pt\/s.01k8rhncp4jt1\/2025\/11\/talking-bot-125x125.png\",\"url\":\"https:\/\/portaltela.pt\/s.01k8rhncp4jt1\/2025\/11\/talking-bot-125x125.png\",\"contentUrl\":\"https:\/\/portaltela.pt\/s.01k8rhncp4jt1\/2025\/11\/talking-bot-125x125.png\",\"caption\":\"Telinha\"},\"sameAs\":[\"https:\/\/portaltela.pt\/\"],\"url\":\"https:\/\/portaltela.pt\/por\/367410592786\/\"}]}<\/script>\n<!-- \/ Yoast SEO plugin. -->","yoast_head_json":{"title":"Praia da Calada, Mafra, sem condi\u00e7\u00f5es de banhos em 2026 por mau tempo - Portal Tela Portugal","robots":{"index":"index","follow":"follow","max-snippet":"max-snippet:-1","max-image-preview":"max-image-preview:large","max-video-preview":"max-video-preview:-1"},"og_locale":"pt_PT","og_type":"article","og_title":"Praia da Calada, Mafra, sem condi\u00e7\u00f5es de banhos em 2026 por mau tempo - Portal Tela Portugal","og_description":"A Praia da Calada, Mafra, n\u00e3o ter\u00e1 condi\u00e7\u00f5es para banhos em 2026 devido \u00e0 instabilidade da arriba. O presidente da Ag\u00eancia Portuguesa do Ambiente, Jos\u00e9 Pimenta Machado, afirmou que este ano n\u00e3o h\u00e1 condi\u00e7\u00f5es de acesso \u00e0 praia para proteger pessoas e bens. O an\u00fancio ocorreu durante a apresenta\u00e7\u00e3o de um relat\u00f3rio sobre os efeitos do mau tempo entre outubro de 2025 e os primeiros dias de 2026, e do plano de obras de recupera\u00e7\u00e3o. O relat\u00f3rio indica danos em obras de prote\u00e7\u00e3o costeira e sinaliza instabilidade de v\u00e1rias praias do concelho. Desde 28 de janeiro, as depress\u00f5es Kristin, Leonardo e Marta provocaram pelo menos 19 mortes em Portugal, al\u00e9m de danos significativos e preju\u00edzos de milhares de milh\u00f5es de euros.","og_url":"https:\/\/portaltela.pt\/noticias\/2026\/03\/11\/praia-da-calada-mafra-sem-condicoes-de-banhos-em-2026-por-mau-tempo\/","og_site_name":"Portal Tela Portugal","article_published_time":"2026-03-11T18:35:33+00:00","author":"Telinha","twitter_card":"summary_large_image","twitter_misc":{"Escrito por":"Telinha","Tempo estimado de leitura":"1 minuto"},"schema":{"@context":"https:\/\/schema.org","@graph":[{"@type":"Article","@id":"https:\/\/portaltela.pt\/noticias\/2026\/03\/11\/praia-da-calada-mafra-sem-condicoes-de-banhos-em-2026-por-mau-tempo\/#article","isPartOf":{"@id":"https:\/\/portaltela.pt\/noticias\/2026\/03\/11\/praia-da-calada-mafra-sem-condicoes-de-banhos-em-2026-por-mau-tempo\/"},"author":{"name":"Telinha","@id":"https:\/\/portaltela.pt\/#\/schema\/person\/c4278d4a6028830caff9ee44b42d32ed"},"headline":"Praia da Calada, Mafra, sem condi\u00e7\u00f5es de banhos em 2026 por mau tempo","datePublished":"2026-03-11T18:35:33+00:00","mainEntityOfPage":{"@id":"https:\/\/portaltela.pt\/noticias\/2026\/03\/11\/praia-da-calada-mafra-sem-condicoes-de-banhos-em-2026-por-mau-tempo\/"},"wordCount":269,"image":{"@id":"https:\/\/portaltela.pt\/noticias\/2026\/03\/11\/praia-da-calada-mafra-sem-condicoes-de-banhos-em-2026-por-mau-tempo\/#primaryimage"},"thumbnailUrl":"https:\/\/portaltela.pt\/s.01k8rhncp4jt1\/2026\/03\/img_1500x1000uu2021-06-03-16-38-39-1046694.jpg","keywords":["cat\u00e1strofes naturais","desalojados","Lisboa","Mafra","meio-ambiente","Prote\u00e7\u00e3o costeira"],"articleSection":["Meio Ambiente","Not\u00edcias"],"inLanguage":"pt-PT"},{"@type":"WebPage","@id":"https:\/\/portaltela.pt\/noticias\/2026\/03\/11\/praia-da-calada-mafra-sem-condicoes-de-banhos-em-2026-por-mau-tempo\/","url":"https:\/\/portaltela.pt\/noticias\/2026\/03\/11\/praia-da-calada-mafra-sem-condicoes-de-banhos-em-2026-por-mau-tempo\/","name":"Praia da Calada, Mafra, sem condi\u00e7\u00f5es de banhos em 2026 por mau tempo - Portal Tela Portugal","isPartOf":{"@id":"https:\/\/portaltela.pt\/#website"},"primaryImageOfPage":{"@id":"https:\/\/portaltela.pt\/noticias\/2026\/03\/11\/praia-da-calada-mafra-sem-condicoes-de-banhos-em-2026-por-mau-tempo\/#primaryimage"},"image":{"@id":"https:\/\/portaltela.pt\/noticias\/2026\/03\/11\/praia-da-calada-mafra-sem-condicoes-de-banhos-em-2026-por-mau-tempo\/#primaryimage"},"thumbnailUrl":"https:\/\/portaltela.pt\/s.01k8rhncp4jt1\/2026\/03\/img_1500x1000uu2021-06-03-16-38-39-1046694.jpg","datePublished":"2026-03-11T18:35:33+00:00","author":{"@id":"https:\/\/portaltela.pt\/#\/schema\/person\/c4278d4a6028830caff9ee44b42d32ed"},"breadcrumb":{"@id":"https:\/\/portaltela.pt\/noticias\/2026\/03\/11\/praia-da-calada-mafra-sem-condicoes-de-banhos-em-2026-por-mau-tempo\/#breadcrumb"},"inLanguage":"pt-PT","potentialAction":[{"@type":"ReadAction","target":["https:\/\/portaltela.pt\/noticias\/2026\/03\/11\/praia-da-calada-mafra-sem-condicoes-de-banhos-em-2026-por-mau-tempo\/"]}]},{"@type":"ImageObject","inLanguage":"pt-PT","@id":"https:\/\/portaltela.pt\/noticias\/2026\/03\/11\/praia-da-calada-mafra-sem-condicoes-de-banhos-em-2026-por-mau-tempo\/#primaryimage","url":"https:\/\/portaltela.pt\/s.01k8rhncp4jt1\/2026\/03\/img_1500x1000uu2021-06-03-16-38-39-1046694.jpg","contentUrl":"https:\/\/portaltela.pt\/s.01k8rhncp4jt1\/2026\/03\/img_1500x1000uu2021-06-03-16-38-39-1046694.jpg","width":796,"height":448,"caption":"Praia da Calada em Mafra \"sem condi\u00e7\u00f5es\" para banhos em 2026 devido aos estragos do mau tempo"},{"@type":"BreadcrumbList","@id":"https:\/\/portaltela.pt\/noticias\/2026\/03\/11\/praia-da-calada-mafra-sem-condicoes-de-banhos-em-2026-por-mau-tempo\/#breadcrumb","itemListElement":[{"@type":"ListItem","position":1,"name":"In\u00edcio","item":"https:\/\/portaltela.pt\/"},{"@type":"ListItem","position":2,"name":"Praia da Calada, Mafra, sem condi\u00e7\u00f5es de banhos em 2026 por mau tempo"}]},{"@type":"WebSite","@id":"https:\/\/portaltela.pt\/#website","url":"https:\/\/portaltela.pt\/","name":"Portal Tela Portugal","description":"","potentialAction":[{"@type":"SearchAction","target":{"@type":"EntryPoint","urlTemplate":"https:\/\/portaltela.pt\/?s={search_term_string}"},"query-input":{"@type":"PropertyValueSpecification","valueRequired":true,"valueName":"search_term_string"}}],"inLanguage":"pt-PT"},{"@type":"Person","@id":"https:\/\/portaltela.pt\/#\/schema\/person\/c4278d4a6028830caff9ee44b42d32ed","name":"Telinha","image":{"@type":"ImageObject","inLanguage":"pt-PT","@id":"https:\/\/portaltela.pt\/s.01k8rhncp4jt1\/2025\/11\/talking-bot-125x125.png","url":"https:\/\/portaltela.pt\/s.01k8rhncp4jt1\/2025\/11\/talking-bot-125x125.png","contentUrl":"https:\/\/portaltela.pt\/s.01k8rhncp4jt1\/2025\/11\/talking-bot-125x125.png","caption":"Telinha"},"sameAs":["https:\/\/portaltela.pt\/"],"url":"https:\/\/portaltela.pt\/por\/367410592786\/"}]}},"_links":{"self":[{"href":"https:\/\/portaltela.pt\/api\/wp\/v2\/posts\/406463","targetHints":{"allow":["GET"]}}],"collection":[{"href":"https:\/\/portaltela.pt\/api\/wp\/v2\/posts"}],"about":[{"href":"https:\/\/portaltela.pt\/api\/wp\/v2\/types\/post"}],"author":[{"embeddable":true,"href":"https:\/\/portaltela.pt\/api\/wp\/v2\/users\/2"}],"replies":[{"embeddable":true,"href":"https:\/\/portaltela.pt\/api\/wp\/v2\/comments?post=406463"}],"version-history":[{"count":0,"href":"https:\/\/portaltela.pt\/api\/wp\/v2\/posts\/406463\/revisions"}],"wp:featuredmedia":[{"embeddable":true,"href":"https:\/\/portaltela.pt\/api\/wp\/v2\/media\/406472"}],"wp:attachment":[{"href":"https:\/\/portaltela.pt\/api\/wp\/v2\/media?parent=406463"}],"wp:term":[{"taxonomy":"category","embeddable":true,"href":"https:\/\/portaltela.pt\/api\/wp\/v2\/categories?post=406463"},{"taxonomy":"post_tag","embeddable":true,"href":"https:\/\/portaltela.pt\/api\/wp\/v2\/tags?post=406463"}],"curies":[{"name":"wp","href":"https:\/\/api.w.org\/{rel}","templated":true}]}}