{"id":406452,"date":"2026-03-11T15:47:15","date_gmt":"2026-03-11T18:47:15","guid":{"rendered":"https:\/\/portaltela.pt\/noticias\/2026\/03\/11\/espanha-lanca-hodio-para-medir-odio-nas-redes-sociais\/"},"modified":"2026-03-11T15:47:15","modified_gmt":"2026-03-11T18:47:15","slug":"espanha-lanca-hodio-para-medir-odio-nas-redes-sociais","status":"publish","type":"post","link":"https:\/\/portaltela.pt\/tecnologia\/2026\/03\/11\/espanha-lanca-hodio-para-medir-odio-nas-redes-sociais\/","title":{"rendered":"Espanha lan\u00e7a HODIO para medir \u00f3dio nas redes sociais"},"content":{"rendered":"<p>O presidente espanhol, Pedro S\u00e1nchez, apresentou na quarta-feira em Madrid a ferramenta <strong>HODIO<\/strong> (Huella del Odio y la Polarizaci\u00f3n), criada para medir a propaga\u00e7\u00e3o do discurso de \u00f3dio nas redes e avaliar o impacto dos algoritmos na polariza\u00e7\u00e3o. A apresenta\u00e7\u00e3o ocorreu durante a inaugura\u00e7\u00e3o da primeira cimeira internacional contra o \u00d3dio e o Ass\u00e9dio Digital.<\/p>\n<p>O objetivo \u00e9 gerar indicadores sobre a evolu\u00e7\u00e3o do discurso de \u00f3dio online, identificar padr\u00f5es de propaga\u00e7\u00e3o e entender como as din\u00e2micas das plataformas contribuem para a polariza\u00e7\u00e3o. O sistema analisar\u00e1 grandes volumes de atividade p\u00fablica para medir intensidade, alcance e evolu\u00e7\u00e3o temporal.<\/p>\n<p>A iniciativa insere-se numa estrat\u00e9gia do Governo espanhol para refor\u00e7ar a seguran\u00e7a na Internet, particularmente para menores. S\u00e1nchez j\u00e1 avisou sobre uma poss\u00edvel medida restritiva para menores de 16 anos no acesso \u00e0s redes sociais, visando reduzir cyberbullying e exposi\u00e7\u00e3o a conte\u00fados nocivos.<\/p>\n<h3>Contexto europeu e perspetivas regulat\u00f3rias<\/h3>\n<p>A Comiss\u00e3o Europeia tem observado cautelas sobre o controlo das redes sociais, defendendo que medidas nacionais n\u00e3o devem extrapolar o enquadramento da UE, sobretudo a Lei dos Servi\u00e7os Digitais. O objetivo \u00e9 garantir responsabilidade das plataformas sem comprometer a harmoniza\u00e7\u00e3o do mercado comum.<\/p>\n","protected":false},"excerpt":{"rendered":"<ul>\n<li>O presidente do governo espanhol, Pedro S\u00e1nchez, apresentou o HODIO, uma ferramenta para analisar a difus\u00e3o do discurso de \u00f3dio nas redes sociais e o papel dos algoritmos na polariza\u00e7\u00e3o.<\/li>\n<li>A apresenta\u00e7\u00e3o ocorreu durante a inaugura\u00e7\u00e3o da primeira Cimeira Internacional contra o \u00d3dio e o Ass\u00e9dio Digital, em Madrid.<\/li>\n<li>O HODIO pretende gerar indicadores sobre a evolu\u00e7\u00e3o do discurso de \u00f3dio online, identificar padr\u00f5es de propaga\u00e7\u00e3o e compreender din\u00e2micas das plataformas que promovem a polariza\u00e7\u00e3o.<\/li>\n<li>O governo j\u00e1 anunciou a inten\u00e7\u00e3o de proibir menores de 16 anos de aceder \u00e0s redes sociais at\u00e9 2026, para refor\u00e7ar a prote\u00e7\u00e3o de menores e reduzir o cyberbullying.<\/li>\n<li>A Comiss\u00e3o Europeia avisou que as medidas de controlo das redes sociais devem manter-se dentro do quadro da Uni\u00e3o Europeia, especialmente em rela\u00e7\u00e3o \u00e0 Lei dos Servi\u00e7os Digitais.<\/li>\n<\/ul>\n","protected":false},"author":2,"featured_media":406460,"comment_status":"closed","ping_status":"closed","sticky":false,"template":"","format":"standard","meta":{"footnotes":""},"categories":[1,6716],"tags":[3681,1904,39,4487,6641,2055],"class_list":["post-406452","post","type-post","status-publish","format-standard","has-post-thumbnail","hentry","category-noticias","category-tecnologia","tag-cyberseguranca","tag-discurso-de-odio","tag-internet","tag-lei-dos-servicos-digitais","tag-protecao-de-dados","tag-uniao-europeia"],"yoast_head":"<!-- This site is optimized with the Yoast SEO plugin v27.2 - https:\/\/yoast.com\/product\/yoast-seo-wordpress\/ -->\n<title>Espanha lan\u00e7a HODIO para medir \u00f3dio nas redes sociais - Portal Tela Portugal<\/title>\n<meta name=\"robots\" content=\"index, follow, max-snippet:-1, max-image-preview:large, max-video-preview:-1\" \/>\n<meta property=\"og:locale\" content=\"pt_PT\" \/>\n<meta property=\"og:type\" content=\"article\" \/>\n<meta property=\"og:title\" content=\"Espanha lan\u00e7a HODIO para medir \u00f3dio nas redes sociais - Portal Tela Portugal\" \/>\n<meta property=\"og:description\" content=\"O presidente do governo espanhol, Pedro S\u00e1nchez, apresentou o HODIO, uma ferramenta para analisar a difus\u00e3o do discurso de \u00f3dio nas redes sociais e o papel dos algoritmos na polariza\u00e7\u00e3o. A apresenta\u00e7\u00e3o ocorreu durante a inaugura\u00e7\u00e3o da primeira Cimeira Internacional contra o \u00d3dio e o Ass\u00e9dio Digital, em Madrid. O HODIO pretende gerar indicadores sobre a evolu\u00e7\u00e3o do discurso de \u00f3dio online, identificar padr\u00f5es de propaga\u00e7\u00e3o e compreender din\u00e2micas das plataformas que promovem a polariza\u00e7\u00e3o. O governo j\u00e1 anunciou a inten\u00e7\u00e3o de proibir menores de 16 anos de aceder \u00e0s redes sociais at\u00e9 2026, para refor\u00e7ar a prote\u00e7\u00e3o de menores e reduzir o cyberbullying. A Comiss\u00e3o Europeia avisou que as medidas de controlo das redes sociais devem manter-se dentro do quadro da Uni\u00e3o Europeia, especialmente em rela\u00e7\u00e3o \u00e0 Lei dos Servi\u00e7os Digitais.\" \/>\n<meta property=\"og:url\" content=\"https:\/\/portaltela.pt\/noticias\/2026\/03\/11\/espanha-lanca-hodio-para-medir-odio-nas-redes-sociais\/\" \/>\n<meta property=\"og:site_name\" content=\"Portal Tela Portugal\" \/>\n<meta property=\"article:published_time\" content=\"2026-03-11T18:47:15+00:00\" \/>\n<meta name=\"author\" content=\"Telinha\" \/>\n<meta name=\"twitter:card\" content=\"summary_large_image\" \/>\n<meta name=\"twitter:label1\" content=\"Escrito por\" \/>\n\t<meta name=\"twitter:data1\" content=\"Telinha\" \/>\n\t<meta name=\"twitter:label2\" content=\"Tempo estimado de leitura\" \/>\n\t<meta name=\"twitter:data2\" content=\"1 minuto\" \/>\n<script type=\"application\/ld+json\" class=\"yoast-schema-graph\">{\"@context\":\"https:\/\/schema.org\",\"@graph\":[{\"@type\":\"Article\",\"@id\":\"https:\/\/portaltela.pt\/noticias\/2026\/03\/11\/espanha-lanca-hodio-para-medir-odio-nas-redes-sociais\/#article\",\"isPartOf\":{\"@id\":\"https:\/\/portaltela.pt\/noticias\/2026\/03\/11\/espanha-lanca-hodio-para-medir-odio-nas-redes-sociais\/\"},\"author\":{\"name\":\"Telinha\",\"@id\":\"https:\/\/portaltela.pt\/#\/schema\/person\/c4278d4a6028830caff9ee44b42d32ed\"},\"headline\":\"Espanha lan\u00e7a HODIO para medir \u00f3dio nas redes sociais\",\"datePublished\":\"2026-03-11T18:47:15+00:00\",\"mainEntityOfPage\":{\"@id\":\"https:\/\/portaltela.pt\/noticias\/2026\/03\/11\/espanha-lanca-hodio-para-medir-odio-nas-redes-sociais\/\"},\"wordCount\":222,\"image\":{\"@id\":\"https:\/\/portaltela.pt\/noticias\/2026\/03\/11\/espanha-lanca-hodio-para-medir-odio-nas-redes-sociais\/#primaryimage\"},\"thumbnailUrl\":\"https:\/\/portaltela.pt\/s.01k8rhncp4jt1\/2026\/03\/1536x864_cmsv2_ab1baa1a-2e18-5eaf-a421-acbdb678837c-9681820.jpg\",\"keywords\":[\"cyberseguran\u00e7a\",\"discurso de \u00f3dio\",\"internet\",\"Lei dos Servi\u00e7os Digitais\",\"prote\u00e7\u00e3o de dados\",\"Uni\u00e3o Europeia\"],\"articleSection\":[\"Not\u00edcias\",\"Tecnologia\"],\"inLanguage\":\"pt-PT\"},{\"@type\":\"WebPage\",\"@id\":\"https:\/\/portaltela.pt\/noticias\/2026\/03\/11\/espanha-lanca-hodio-para-medir-odio-nas-redes-sociais\/\",\"url\":\"https:\/\/portaltela.pt\/noticias\/2026\/03\/11\/espanha-lanca-hodio-para-medir-odio-nas-redes-sociais\/\",\"name\":\"Espanha lan\u00e7a HODIO para medir \u00f3dio nas redes sociais - Portal Tela Portugal\",\"isPartOf\":{\"@id\":\"https:\/\/portaltela.pt\/#website\"},\"primaryImageOfPage\":{\"@id\":\"https:\/\/portaltela.pt\/noticias\/2026\/03\/11\/espanha-lanca-hodio-para-medir-odio-nas-redes-sociais\/#primaryimage\"},\"image\":{\"@id\":\"https:\/\/portaltela.pt\/noticias\/2026\/03\/11\/espanha-lanca-hodio-para-medir-odio-nas-redes-sociais\/#primaryimage\"},\"thumbnailUrl\":\"https:\/\/portaltela.pt\/s.01k8rhncp4jt1\/2026\/03\/1536x864_cmsv2_ab1baa1a-2e18-5eaf-a421-acbdb678837c-9681820.jpg\",\"datePublished\":\"2026-03-11T18:47:15+00:00\",\"author\":{\"@id\":\"https:\/\/portaltela.pt\/#\/schema\/person\/c4278d4a6028830caff9ee44b42d32ed\"},\"breadcrumb\":{\"@id\":\"https:\/\/portaltela.pt\/noticias\/2026\/03\/11\/espanha-lanca-hodio-para-medir-odio-nas-redes-sociais\/#breadcrumb\"},\"inLanguage\":\"pt-PT\",\"potentialAction\":[{\"@type\":\"ReadAction\",\"target\":[\"https:\/\/portaltela.pt\/noticias\/2026\/03\/11\/espanha-lanca-hodio-para-medir-odio-nas-redes-sociais\/\"]}]},{\"@type\":\"ImageObject\",\"inLanguage\":\"pt-PT\",\"@id\":\"https:\/\/portaltela.pt\/noticias\/2026\/03\/11\/espanha-lanca-hodio-para-medir-odio-nas-redes-sociais\/#primaryimage\",\"url\":\"https:\/\/portaltela.pt\/s.01k8rhncp4jt1\/2026\/03\/1536x864_cmsv2_ab1baa1a-2e18-5eaf-a421-acbdb678837c-9681820.jpg\",\"contentUrl\":\"https:\/\/portaltela.pt\/s.01k8rhncp4jt1\/2026\/03\/1536x864_cmsv2_ab1baa1a-2e18-5eaf-a421-acbdb678837c-9681820.jpg\",\"width\":796,\"height\":448,\"caption\":\"Uma mulher com o seu telem\u00f3vel.\"},{\"@type\":\"BreadcrumbList\",\"@id\":\"https:\/\/portaltela.pt\/noticias\/2026\/03\/11\/espanha-lanca-hodio-para-medir-odio-nas-redes-sociais\/#breadcrumb\",\"itemListElement\":[{\"@type\":\"ListItem\",\"position\":1,\"name\":\"In\u00edcio\",\"item\":\"https:\/\/portaltela.pt\/\"},{\"@type\":\"ListItem\",\"position\":2,\"name\":\"Espanha lan\u00e7a HODIO para medir \u00f3dio nas redes sociais\"}]},{\"@type\":\"WebSite\",\"@id\":\"https:\/\/portaltela.pt\/#website\",\"url\":\"https:\/\/portaltela.pt\/\",\"name\":\"Portal Tela Portugal\",\"description\":\"\",\"potentialAction\":[{\"@type\":\"SearchAction\",\"target\":{\"@type\":\"EntryPoint\",\"urlTemplate\":\"https:\/\/portaltela.pt\/?s={search_term_string}\"},\"query-input\":{\"@type\":\"PropertyValueSpecification\",\"valueRequired\":true,\"valueName\":\"search_term_string\"}}],\"inLanguage\":\"pt-PT\"},{\"@type\":\"Person\",\"@id\":\"https:\/\/portaltela.pt\/#\/schema\/person\/c4278d4a6028830caff9ee44b42d32ed\",\"name\":\"Telinha\",\"image\":{\"@type\":\"ImageObject\",\"inLanguage\":\"pt-PT\",\"@id\":\"https:\/\/portaltela.pt\/s.01k8rhncp4jt1\/2025\/11\/talking-bot-125x125.png\",\"url\":\"https:\/\/portaltela.pt\/s.01k8rhncp4jt1\/2025\/11\/talking-bot-125x125.png\",\"contentUrl\":\"https:\/\/portaltela.pt\/s.01k8rhncp4jt1\/2025\/11\/talking-bot-125x125.png\",\"caption\":\"Telinha\"},\"sameAs\":[\"https:\/\/portaltela.pt\/\"],\"url\":\"https:\/\/portaltela.pt\/por\/367410592786\/\"}]}<\/script>\n<!-- \/ Yoast SEO plugin. -->","yoast_head_json":{"title":"Espanha lan\u00e7a HODIO para medir \u00f3dio nas redes sociais - Portal Tela Portugal","robots":{"index":"index","follow":"follow","max-snippet":"max-snippet:-1","max-image-preview":"max-image-preview:large","max-video-preview":"max-video-preview:-1"},"og_locale":"pt_PT","og_type":"article","og_title":"Espanha lan\u00e7a HODIO para medir \u00f3dio nas redes sociais - Portal Tela Portugal","og_description":"O presidente do governo espanhol, Pedro S\u00e1nchez, apresentou o HODIO, uma ferramenta para analisar a difus\u00e3o do discurso de \u00f3dio nas redes sociais e o papel dos algoritmos na polariza\u00e7\u00e3o. A apresenta\u00e7\u00e3o ocorreu durante a inaugura\u00e7\u00e3o da primeira Cimeira Internacional contra o \u00d3dio e o Ass\u00e9dio Digital, em Madrid. O HODIO pretende gerar indicadores sobre a evolu\u00e7\u00e3o do discurso de \u00f3dio online, identificar padr\u00f5es de propaga\u00e7\u00e3o e compreender din\u00e2micas das plataformas que promovem a polariza\u00e7\u00e3o. O governo j\u00e1 anunciou a inten\u00e7\u00e3o de proibir menores de 16 anos de aceder \u00e0s redes sociais at\u00e9 2026, para refor\u00e7ar a prote\u00e7\u00e3o de menores e reduzir o cyberbullying. A Comiss\u00e3o Europeia avisou que as medidas de controlo das redes sociais devem manter-se dentro do quadro da Uni\u00e3o Europeia, especialmente em rela\u00e7\u00e3o \u00e0 Lei dos Servi\u00e7os Digitais.","og_url":"https:\/\/portaltela.pt\/noticias\/2026\/03\/11\/espanha-lanca-hodio-para-medir-odio-nas-redes-sociais\/","og_site_name":"Portal Tela Portugal","article_published_time":"2026-03-11T18:47:15+00:00","author":"Telinha","twitter_card":"summary_large_image","twitter_misc":{"Escrito por":"Telinha","Tempo estimado de leitura":"1 minuto"},"schema":{"@context":"https:\/\/schema.org","@graph":[{"@type":"Article","@id":"https:\/\/portaltela.pt\/noticias\/2026\/03\/11\/espanha-lanca-hodio-para-medir-odio-nas-redes-sociais\/#article","isPartOf":{"@id":"https:\/\/portaltela.pt\/noticias\/2026\/03\/11\/espanha-lanca-hodio-para-medir-odio-nas-redes-sociais\/"},"author":{"name":"Telinha","@id":"https:\/\/portaltela.pt\/#\/schema\/person\/c4278d4a6028830caff9ee44b42d32ed"},"headline":"Espanha lan\u00e7a HODIO para medir \u00f3dio nas redes sociais","datePublished":"2026-03-11T18:47:15+00:00","mainEntityOfPage":{"@id":"https:\/\/portaltela.pt\/noticias\/2026\/03\/11\/espanha-lanca-hodio-para-medir-odio-nas-redes-sociais\/"},"wordCount":222,"image":{"@id":"https:\/\/portaltela.pt\/noticias\/2026\/03\/11\/espanha-lanca-hodio-para-medir-odio-nas-redes-sociais\/#primaryimage"},"thumbnailUrl":"https:\/\/portaltela.pt\/s.01k8rhncp4jt1\/2026\/03\/1536x864_cmsv2_ab1baa1a-2e18-5eaf-a421-acbdb678837c-9681820.jpg","keywords":["cyberseguran\u00e7a","discurso de \u00f3dio","internet","Lei dos Servi\u00e7os Digitais","prote\u00e7\u00e3o de dados","Uni\u00e3o Europeia"],"articleSection":["Not\u00edcias","Tecnologia"],"inLanguage":"pt-PT"},{"@type":"WebPage","@id":"https:\/\/portaltela.pt\/noticias\/2026\/03\/11\/espanha-lanca-hodio-para-medir-odio-nas-redes-sociais\/","url":"https:\/\/portaltela.pt\/noticias\/2026\/03\/11\/espanha-lanca-hodio-para-medir-odio-nas-redes-sociais\/","name":"Espanha lan\u00e7a HODIO para medir \u00f3dio nas redes sociais - Portal Tela Portugal","isPartOf":{"@id":"https:\/\/portaltela.pt\/#website"},"primaryImageOfPage":{"@id":"https:\/\/portaltela.pt\/noticias\/2026\/03\/11\/espanha-lanca-hodio-para-medir-odio-nas-redes-sociais\/#primaryimage"},"image":{"@id":"https:\/\/portaltela.pt\/noticias\/2026\/03\/11\/espanha-lanca-hodio-para-medir-odio-nas-redes-sociais\/#primaryimage"},"thumbnailUrl":"https:\/\/portaltela.pt\/s.01k8rhncp4jt1\/2026\/03\/1536x864_cmsv2_ab1baa1a-2e18-5eaf-a421-acbdb678837c-9681820.jpg","datePublished":"2026-03-11T18:47:15+00:00","author":{"@id":"https:\/\/portaltela.pt\/#\/schema\/person\/c4278d4a6028830caff9ee44b42d32ed"},"breadcrumb":{"@id":"https:\/\/portaltela.pt\/noticias\/2026\/03\/11\/espanha-lanca-hodio-para-medir-odio-nas-redes-sociais\/#breadcrumb"},"inLanguage":"pt-PT","potentialAction":[{"@type":"ReadAction","target":["https:\/\/portaltela.pt\/noticias\/2026\/03\/11\/espanha-lanca-hodio-para-medir-odio-nas-redes-sociais\/"]}]},{"@type":"ImageObject","inLanguage":"pt-PT","@id":"https:\/\/portaltela.pt\/noticias\/2026\/03\/11\/espanha-lanca-hodio-para-medir-odio-nas-redes-sociais\/#primaryimage","url":"https:\/\/portaltela.pt\/s.01k8rhncp4jt1\/2026\/03\/1536x864_cmsv2_ab1baa1a-2e18-5eaf-a421-acbdb678837c-9681820.jpg","contentUrl":"https:\/\/portaltela.pt\/s.01k8rhncp4jt1\/2026\/03\/1536x864_cmsv2_ab1baa1a-2e18-5eaf-a421-acbdb678837c-9681820.jpg","width":796,"height":448,"caption":"Uma mulher com o seu telem\u00f3vel."},{"@type":"BreadcrumbList","@id":"https:\/\/portaltela.pt\/noticias\/2026\/03\/11\/espanha-lanca-hodio-para-medir-odio-nas-redes-sociais\/#breadcrumb","itemListElement":[{"@type":"ListItem","position":1,"name":"In\u00edcio","item":"https:\/\/portaltela.pt\/"},{"@type":"ListItem","position":2,"name":"Espanha lan\u00e7a HODIO para medir \u00f3dio nas redes sociais"}]},{"@type":"WebSite","@id":"https:\/\/portaltela.pt\/#website","url":"https:\/\/portaltela.pt\/","name":"Portal Tela Portugal","description":"","potentialAction":[{"@type":"SearchAction","target":{"@type":"EntryPoint","urlTemplate":"https:\/\/portaltela.pt\/?s={search_term_string}"},"query-input":{"@type":"PropertyValueSpecification","valueRequired":true,"valueName":"search_term_string"}}],"inLanguage":"pt-PT"},{"@type":"Person","@id":"https:\/\/portaltela.pt\/#\/schema\/person\/c4278d4a6028830caff9ee44b42d32ed","name":"Telinha","image":{"@type":"ImageObject","inLanguage":"pt-PT","@id":"https:\/\/portaltela.pt\/s.01k8rhncp4jt1\/2025\/11\/talking-bot-125x125.png","url":"https:\/\/portaltela.pt\/s.01k8rhncp4jt1\/2025\/11\/talking-bot-125x125.png","contentUrl":"https:\/\/portaltela.pt\/s.01k8rhncp4jt1\/2025\/11\/talking-bot-125x125.png","caption":"Telinha"},"sameAs":["https:\/\/portaltela.pt\/"],"url":"https:\/\/portaltela.pt\/por\/367410592786\/"}]}},"_links":{"self":[{"href":"https:\/\/portaltela.pt\/api\/wp\/v2\/posts\/406452","targetHints":{"allow":["GET"]}}],"collection":[{"href":"https:\/\/portaltela.pt\/api\/wp\/v2\/posts"}],"about":[{"href":"https:\/\/portaltela.pt\/api\/wp\/v2\/types\/post"}],"author":[{"embeddable":true,"href":"https:\/\/portaltela.pt\/api\/wp\/v2\/users\/2"}],"replies":[{"embeddable":true,"href":"https:\/\/portaltela.pt\/api\/wp\/v2\/comments?post=406452"}],"version-history":[{"count":0,"href":"https:\/\/portaltela.pt\/api\/wp\/v2\/posts\/406452\/revisions"}],"wp:featuredmedia":[{"embeddable":true,"href":"https:\/\/portaltela.pt\/api\/wp\/v2\/media\/406460"}],"wp:attachment":[{"href":"https:\/\/portaltela.pt\/api\/wp\/v2\/media?parent=406452"}],"wp:term":[{"taxonomy":"category","embeddable":true,"href":"https:\/\/portaltela.pt\/api\/wp\/v2\/categories?post=406452"},{"taxonomy":"post_tag","embeddable":true,"href":"https:\/\/portaltela.pt\/api\/wp\/v2\/tags?post=406452"}],"curies":[{"name":"wp","href":"https:\/\/api.w.org\/{rel}","templated":true}]}}