{"id":406405,"date":"2026-03-11T15:05:57","date_gmt":"2026-03-11T18:05:57","guid":{"rendered":"https:\/\/portaltela.pt\/noticias\/2026\/03\/11\/homicida-tenta-provar-que-pai-da-vitima-devia-lhe-dinheiro\/"},"modified":"2026-03-11T15:05:57","modified_gmt":"2026-03-11T18:05:57","slug":"homicida-tenta-provar-que-pai-da-vitima-devia-lhe-dinheiro","status":"publish","type":"post","link":"https:\/\/portaltela.pt\/justica\/2026\/03\/11\/homicida-tenta-provar-que-pai-da-vitima-devia-lhe-dinheiro\/","title":{"rendered":"Homicida tenta provar que pai da v\u00edtima devia-lhe dinheiro"},"content":{"rendered":"<p>O Tribunal de Guimar\u00e3es ouviu Joaquim Carneiro, de 71 anos, acusado de matar Pedro Oliveira, de 35, em fevereiro do ano passado, num caf\u00e9 em Ar\u00f5es, Fafe. A defesa afirma que Carneiro quer provar uma d\u00edvida antiga de 200 contos por trabalhos n\u00e3o pagos h\u00e1 cerca de 30 anos, usada para justificar o conflito que acabou na morte.<\/p>\n<p>A acusa\u00e7\u00e3o do Minist\u00e9rio P\u00fablico sustenta que a alegada d\u00edvida motivou a discuss\u00e3o que resultou no tiro. Carneiro tinha uma pistola de calibre 6,35 mm, disparou a curta dist\u00e2ncia e fugiu, entregando-se no dia seguinte. Permanece em pris\u00e3o preventiva na cadeia de Braga.<\/p>\n<p>O pai da v\u00edtima, Manuel Oliveira, assistente no julgamento, negou qualquer d\u00edvida. Garantiu que n\u00e3o recebeu dinheiro nem pedidos de pagamento. Afirmou que a rela\u00e7\u00e3o com Carneiro era conflituosa e que o agressor chegou a apresentar sinais de agressividade.<\/p>\n<p>Oliveira descreveu ainda o impacto da perda para a fam\u00edlia, lamentando as dificuldades vividas pela m\u00e3e e pelos irm\u00e3os desde o ocorrido. O depoimento do pai encontra-se entre as informa\u00e7\u00f5es apresentadas para contextualizar o caso.<\/p>\n<p>As testemunhas que estavam presentes no caf\u00e9 providenciaram descri\u00e7\u00f5es distintas do incidente. A presidente do Coletivo sublinhou a dificuldade em conciliar vers\u00f5es num espa\u00e7o t\u00e3o pequeno e num epis\u00f3dio t\u00e3o r\u00e1pido.<\/p>\n","protected":false},"excerpt":{"rendered":"<ul>\n<li>Joaquim Carneiro, de 71 anos, est\u00e1 a julgamento no Tribunal de Guimar\u00e3es pela morte de Pedro Oliveira, de 35, ocorrida em fevereiro do ano passado num caf\u00e9 em Ar\u00f5es, Fafe.<\/li>\n<li>Carneiro quer provar que o pai da v\u00edtima lhe devia 200 contos (cerca de mil euros) por trabalhos feitos h\u00e1 cerca de 30 anos, que n\u00e3o teriam sido pagos.<\/li>\n<li>A acusa\u00e7\u00e3o sustenta que essa alegada d\u00edvida motivou a discuss\u00e3o que terminou com o disparo a Pedro Oliveira.<\/li>\n<li>O pai da v\u00edtima, Manuel Oliveira, afirmou em tribunal n\u00e3o ter qualquer d\u00edvida, dizendo que \u201cnunca me pediu um tost\u00e3o\u201d e que tudo foi pago; alegou ainda que deixou de trabalhar com Carneiro por ele ser agressivo.<\/li>\n<li>O homicida fugiu ap\u00f3s o crime, entregou-se no dia seguinte e permanece em pris\u00e3o preventiva na cadeia de Braga; testemunhas presentes no caf\u00e9 apresentaram vers\u00f5es diferentes.<\/li>\n<\/ul>\n","protected":false},"author":2,"featured_media":406410,"comment_status":"closed","ping_status":"closed","sticky":false,"template":"","format":"standard","meta":{"footnotes":""},"categories":[6907,6815],"tags":[147,64,1145,1345,4207,6208],"class_list":["post-406405","post","type-post","status-publish","format-standard","has-post-thumbnail","hentry","category-crime","category-justica","tag-crime","tag-familia","tag-guimaraes","tag-homicidio","tag-testemunhos","tag-tribunais"],"yoast_head":"<!-- This site is optimized with the Yoast SEO plugin v27.2 - https:\/\/yoast.com\/product\/yoast-seo-wordpress\/ -->\n<title>Homicida tenta provar que pai da v\u00edtima devia-lhe dinheiro - Portal Tela Portugal<\/title>\n<meta name=\"robots\" content=\"index, follow, max-snippet:-1, max-image-preview:large, max-video-preview:-1\" \/>\n<meta property=\"og:locale\" content=\"pt_PT\" \/>\n<meta property=\"og:type\" content=\"article\" \/>\n<meta property=\"og:title\" content=\"Homicida tenta provar que pai da v\u00edtima devia-lhe dinheiro - Portal Tela Portugal\" \/>\n<meta property=\"og:description\" content=\"Joaquim Carneiro, de 71 anos, est\u00e1 a julgamento no Tribunal de Guimar\u00e3es pela morte de Pedro Oliveira, de 35, ocorrida em fevereiro do ano passado num caf\u00e9 em Ar\u00f5es, Fafe. Carneiro quer provar que o pai da v\u00edtima lhe devia 200 contos (cerca de mil euros) por trabalhos feitos h\u00e1 cerca de 30 anos, que n\u00e3o teriam sido pagos. A acusa\u00e7\u00e3o sustenta que essa alegada d\u00edvida motivou a discuss\u00e3o que terminou com o disparo a Pedro Oliveira. O pai da v\u00edtima, Manuel Oliveira, afirmou em tribunal n\u00e3o ter qualquer d\u00edvida, dizendo que \u201cnunca me pediu um tost\u00e3o\u201d e que tudo foi pago; alegou ainda que deixou de trabalhar com Carneiro por ele ser agressivo. O homicida fugiu ap\u00f3s o crime, entregou-se no dia seguinte e permanece em pris\u00e3o preventiva na cadeia de Braga; testemunhas presentes no caf\u00e9 apresentaram vers\u00f5es diferentes.\" \/>\n<meta property=\"og:url\" content=\"https:\/\/portaltela.pt\/noticias\/2026\/03\/11\/homicida-tenta-provar-que-pai-da-vitima-devia-lhe-dinheiro\/\" \/>\n<meta property=\"og:site_name\" content=\"Portal Tela Portugal\" \/>\n<meta property=\"article:published_time\" content=\"2026-03-11T18:05:57+00:00\" \/>\n<meta name=\"author\" content=\"Telinha\" \/>\n<meta name=\"twitter:card\" content=\"summary_large_image\" \/>\n<meta name=\"twitter:label1\" content=\"Escrito por\" \/>\n\t<meta name=\"twitter:data1\" content=\"Telinha\" \/>\n\t<meta name=\"twitter:label2\" content=\"Tempo estimado de leitura\" \/>\n\t<meta name=\"twitter:data2\" content=\"1 minuto\" \/>\n<script type=\"application\/ld+json\" class=\"yoast-schema-graph\">{\"@context\":\"https:\/\/schema.org\",\"@graph\":[{\"@type\":\"Article\",\"@id\":\"https:\/\/portaltela.pt\/noticias\/2026\/03\/11\/homicida-tenta-provar-que-pai-da-vitima-devia-lhe-dinheiro\/#article\",\"isPartOf\":{\"@id\":\"https:\/\/portaltela.pt\/noticias\/2026\/03\/11\/homicida-tenta-provar-que-pai-da-vitima-devia-lhe-dinheiro\/\"},\"author\":{\"name\":\"Telinha\",\"@id\":\"https:\/\/portaltela.pt\/#\/schema\/person\/c4278d4a6028830caff9ee44b42d32ed\"},\"headline\":\"Homicida tenta provar que pai da v\u00edtima devia-lhe dinheiro\",\"datePublished\":\"2026-03-11T18:05:57+00:00\",\"mainEntityOfPage\":{\"@id\":\"https:\/\/portaltela.pt\/noticias\/2026\/03\/11\/homicida-tenta-provar-que-pai-da-vitima-devia-lhe-dinheiro\/\"},\"wordCount\":237,\"image\":{\"@id\":\"https:\/\/portaltela.pt\/noticias\/2026\/03\/11\/homicida-tenta-provar-que-pai-da-vitima-devia-lhe-dinheiro\/#primaryimage\"},\"thumbnailUrl\":\"https:\/\/portaltela.pt\/s.01k8rhncp4jt1\/2026\/03\/img_1500x1000uu2025-02-11-11-40-27-2192775.jpg\",\"keywords\":[\"crime\",\"fam\u00edlia\",\"Guimar\u00e3es\",\"homic\u00eddio\",\"testemunhos\",\"Tribunais\"],\"articleSection\":[\"Crime\",\"Justi\u00e7a\"],\"inLanguage\":\"pt-PT\"},{\"@type\":\"WebPage\",\"@id\":\"https:\/\/portaltela.pt\/noticias\/2026\/03\/11\/homicida-tenta-provar-que-pai-da-vitima-devia-lhe-dinheiro\/\",\"url\":\"https:\/\/portaltela.pt\/noticias\/2026\/03\/11\/homicida-tenta-provar-que-pai-da-vitima-devia-lhe-dinheiro\/\",\"name\":\"Homicida tenta provar que pai da v\u00edtima devia-lhe dinheiro - Portal Tela Portugal\",\"isPartOf\":{\"@id\":\"https:\/\/portaltela.pt\/#website\"},\"primaryImageOfPage\":{\"@id\":\"https:\/\/portaltela.pt\/noticias\/2026\/03\/11\/homicida-tenta-provar-que-pai-da-vitima-devia-lhe-dinheiro\/#primaryimage\"},\"image\":{\"@id\":\"https:\/\/portaltela.pt\/noticias\/2026\/03\/11\/homicida-tenta-provar-que-pai-da-vitima-devia-lhe-dinheiro\/#primaryimage\"},\"thumbnailUrl\":\"https:\/\/portaltela.pt\/s.01k8rhncp4jt1\/2026\/03\/img_1500x1000uu2025-02-11-11-40-27-2192775.jpg\",\"datePublished\":\"2026-03-11T18:05:57+00:00\",\"author\":{\"@id\":\"https:\/\/portaltela.pt\/#\/schema\/person\/c4278d4a6028830caff9ee44b42d32ed\"},\"breadcrumb\":{\"@id\":\"https:\/\/portaltela.pt\/noticias\/2026\/03\/11\/homicida-tenta-provar-que-pai-da-vitima-devia-lhe-dinheiro\/#breadcrumb\"},\"inLanguage\":\"pt-PT\",\"potentialAction\":[{\"@type\":\"ReadAction\",\"target\":[\"https:\/\/portaltela.pt\/noticias\/2026\/03\/11\/homicida-tenta-provar-que-pai-da-vitima-devia-lhe-dinheiro\/\"]}]},{\"@type\":\"ImageObject\",\"inLanguage\":\"pt-PT\",\"@id\":\"https:\/\/portaltela.pt\/noticias\/2026\/03\/11\/homicida-tenta-provar-que-pai-da-vitima-devia-lhe-dinheiro\/#primaryimage\",\"url\":\"https:\/\/portaltela.pt\/s.01k8rhncp4jt1\/2026\/03\/img_1500x1000uu2025-02-11-11-40-27-2192775.jpg\",\"contentUrl\":\"https:\/\/portaltela.pt\/s.01k8rhncp4jt1\/2026\/03\/img_1500x1000uu2025-02-11-11-40-27-2192775.jpg\",\"width\":796,\"height\":448,\"caption\":\"Pedro Oliveira foi assassinado num caf\u00e9 em Fafe. Tinha 35 anos\"},{\"@type\":\"BreadcrumbList\",\"@id\":\"https:\/\/portaltela.pt\/noticias\/2026\/03\/11\/homicida-tenta-provar-que-pai-da-vitima-devia-lhe-dinheiro\/#breadcrumb\",\"itemListElement\":[{\"@type\":\"ListItem\",\"position\":1,\"name\":\"In\u00edcio\",\"item\":\"https:\/\/portaltela.pt\/\"},{\"@type\":\"ListItem\",\"position\":2,\"name\":\"Homicida tenta provar que pai da v\u00edtima devia-lhe dinheiro\"}]},{\"@type\":\"WebSite\",\"@id\":\"https:\/\/portaltela.pt\/#website\",\"url\":\"https:\/\/portaltela.pt\/\",\"name\":\"Portal Tela Portugal\",\"description\":\"\",\"potentialAction\":[{\"@type\":\"SearchAction\",\"target\":{\"@type\":\"EntryPoint\",\"urlTemplate\":\"https:\/\/portaltela.pt\/?s={search_term_string}\"},\"query-input\":{\"@type\":\"PropertyValueSpecification\",\"valueRequired\":true,\"valueName\":\"search_term_string\"}}],\"inLanguage\":\"pt-PT\"},{\"@type\":\"Person\",\"@id\":\"https:\/\/portaltela.pt\/#\/schema\/person\/c4278d4a6028830caff9ee44b42d32ed\",\"name\":\"Telinha\",\"image\":{\"@type\":\"ImageObject\",\"inLanguage\":\"pt-PT\",\"@id\":\"https:\/\/portaltela.pt\/s.01k8rhncp4jt1\/2025\/11\/talking-bot-125x125.png\",\"url\":\"https:\/\/portaltela.pt\/s.01k8rhncp4jt1\/2025\/11\/talking-bot-125x125.png\",\"contentUrl\":\"https:\/\/portaltela.pt\/s.01k8rhncp4jt1\/2025\/11\/talking-bot-125x125.png\",\"caption\":\"Telinha\"},\"sameAs\":[\"https:\/\/portaltela.pt\/\"],\"url\":\"https:\/\/portaltela.pt\/por\/367410592786\/\"}]}<\/script>\n<!-- \/ Yoast SEO plugin. -->","yoast_head_json":{"title":"Homicida tenta provar que pai da v\u00edtima devia-lhe dinheiro - Portal Tela Portugal","robots":{"index":"index","follow":"follow","max-snippet":"max-snippet:-1","max-image-preview":"max-image-preview:large","max-video-preview":"max-video-preview:-1"},"og_locale":"pt_PT","og_type":"article","og_title":"Homicida tenta provar que pai da v\u00edtima devia-lhe dinheiro - Portal Tela Portugal","og_description":"Joaquim Carneiro, de 71 anos, est\u00e1 a julgamento no Tribunal de Guimar\u00e3es pela morte de Pedro Oliveira, de 35, ocorrida em fevereiro do ano passado num caf\u00e9 em Ar\u00f5es, Fafe. Carneiro quer provar que o pai da v\u00edtima lhe devia 200 contos (cerca de mil euros) por trabalhos feitos h\u00e1 cerca de 30 anos, que n\u00e3o teriam sido pagos. A acusa\u00e7\u00e3o sustenta que essa alegada d\u00edvida motivou a discuss\u00e3o que terminou com o disparo a Pedro Oliveira. O pai da v\u00edtima, Manuel Oliveira, afirmou em tribunal n\u00e3o ter qualquer d\u00edvida, dizendo que \u201cnunca me pediu um tost\u00e3o\u201d e que tudo foi pago; alegou ainda que deixou de trabalhar com Carneiro por ele ser agressivo. O homicida fugiu ap\u00f3s o crime, entregou-se no dia seguinte e permanece em pris\u00e3o preventiva na cadeia de Braga; testemunhas presentes no caf\u00e9 apresentaram vers\u00f5es diferentes.","og_url":"https:\/\/portaltela.pt\/noticias\/2026\/03\/11\/homicida-tenta-provar-que-pai-da-vitima-devia-lhe-dinheiro\/","og_site_name":"Portal Tela Portugal","article_published_time":"2026-03-11T18:05:57+00:00","author":"Telinha","twitter_card":"summary_large_image","twitter_misc":{"Escrito por":"Telinha","Tempo estimado de leitura":"1 minuto"},"schema":{"@context":"https:\/\/schema.org","@graph":[{"@type":"Article","@id":"https:\/\/portaltela.pt\/noticias\/2026\/03\/11\/homicida-tenta-provar-que-pai-da-vitima-devia-lhe-dinheiro\/#article","isPartOf":{"@id":"https:\/\/portaltela.pt\/noticias\/2026\/03\/11\/homicida-tenta-provar-que-pai-da-vitima-devia-lhe-dinheiro\/"},"author":{"name":"Telinha","@id":"https:\/\/portaltela.pt\/#\/schema\/person\/c4278d4a6028830caff9ee44b42d32ed"},"headline":"Homicida tenta provar que pai da v\u00edtima devia-lhe dinheiro","datePublished":"2026-03-11T18:05:57+00:00","mainEntityOfPage":{"@id":"https:\/\/portaltela.pt\/noticias\/2026\/03\/11\/homicida-tenta-provar-que-pai-da-vitima-devia-lhe-dinheiro\/"},"wordCount":237,"image":{"@id":"https:\/\/portaltela.pt\/noticias\/2026\/03\/11\/homicida-tenta-provar-que-pai-da-vitima-devia-lhe-dinheiro\/#primaryimage"},"thumbnailUrl":"https:\/\/portaltela.pt\/s.01k8rhncp4jt1\/2026\/03\/img_1500x1000uu2025-02-11-11-40-27-2192775.jpg","keywords":["crime","fam\u00edlia","Guimar\u00e3es","homic\u00eddio","testemunhos","Tribunais"],"articleSection":["Crime","Justi\u00e7a"],"inLanguage":"pt-PT"},{"@type":"WebPage","@id":"https:\/\/portaltela.pt\/noticias\/2026\/03\/11\/homicida-tenta-provar-que-pai-da-vitima-devia-lhe-dinheiro\/","url":"https:\/\/portaltela.pt\/noticias\/2026\/03\/11\/homicida-tenta-provar-que-pai-da-vitima-devia-lhe-dinheiro\/","name":"Homicida tenta provar que pai da v\u00edtima devia-lhe dinheiro - Portal Tela Portugal","isPartOf":{"@id":"https:\/\/portaltela.pt\/#website"},"primaryImageOfPage":{"@id":"https:\/\/portaltela.pt\/noticias\/2026\/03\/11\/homicida-tenta-provar-que-pai-da-vitima-devia-lhe-dinheiro\/#primaryimage"},"image":{"@id":"https:\/\/portaltela.pt\/noticias\/2026\/03\/11\/homicida-tenta-provar-que-pai-da-vitima-devia-lhe-dinheiro\/#primaryimage"},"thumbnailUrl":"https:\/\/portaltela.pt\/s.01k8rhncp4jt1\/2026\/03\/img_1500x1000uu2025-02-11-11-40-27-2192775.jpg","datePublished":"2026-03-11T18:05:57+00:00","author":{"@id":"https:\/\/portaltela.pt\/#\/schema\/person\/c4278d4a6028830caff9ee44b42d32ed"},"breadcrumb":{"@id":"https:\/\/portaltela.pt\/noticias\/2026\/03\/11\/homicida-tenta-provar-que-pai-da-vitima-devia-lhe-dinheiro\/#breadcrumb"},"inLanguage":"pt-PT","potentialAction":[{"@type":"ReadAction","target":["https:\/\/portaltela.pt\/noticias\/2026\/03\/11\/homicida-tenta-provar-que-pai-da-vitima-devia-lhe-dinheiro\/"]}]},{"@type":"ImageObject","inLanguage":"pt-PT","@id":"https:\/\/portaltela.pt\/noticias\/2026\/03\/11\/homicida-tenta-provar-que-pai-da-vitima-devia-lhe-dinheiro\/#primaryimage","url":"https:\/\/portaltela.pt\/s.01k8rhncp4jt1\/2026\/03\/img_1500x1000uu2025-02-11-11-40-27-2192775.jpg","contentUrl":"https:\/\/portaltela.pt\/s.01k8rhncp4jt1\/2026\/03\/img_1500x1000uu2025-02-11-11-40-27-2192775.jpg","width":796,"height":448,"caption":"Pedro Oliveira foi assassinado num caf\u00e9 em Fafe. Tinha 35 anos"},{"@type":"BreadcrumbList","@id":"https:\/\/portaltela.pt\/noticias\/2026\/03\/11\/homicida-tenta-provar-que-pai-da-vitima-devia-lhe-dinheiro\/#breadcrumb","itemListElement":[{"@type":"ListItem","position":1,"name":"In\u00edcio","item":"https:\/\/portaltela.pt\/"},{"@type":"ListItem","position":2,"name":"Homicida tenta provar que pai da v\u00edtima devia-lhe dinheiro"}]},{"@type":"WebSite","@id":"https:\/\/portaltela.pt\/#website","url":"https:\/\/portaltela.pt\/","name":"Portal Tela Portugal","description":"","potentialAction":[{"@type":"SearchAction","target":{"@type":"EntryPoint","urlTemplate":"https:\/\/portaltela.pt\/?s={search_term_string}"},"query-input":{"@type":"PropertyValueSpecification","valueRequired":true,"valueName":"search_term_string"}}],"inLanguage":"pt-PT"},{"@type":"Person","@id":"https:\/\/portaltela.pt\/#\/schema\/person\/c4278d4a6028830caff9ee44b42d32ed","name":"Telinha","image":{"@type":"ImageObject","inLanguage":"pt-PT","@id":"https:\/\/portaltela.pt\/s.01k8rhncp4jt1\/2025\/11\/talking-bot-125x125.png","url":"https:\/\/portaltela.pt\/s.01k8rhncp4jt1\/2025\/11\/talking-bot-125x125.png","contentUrl":"https:\/\/portaltela.pt\/s.01k8rhncp4jt1\/2025\/11\/talking-bot-125x125.png","caption":"Telinha"},"sameAs":["https:\/\/portaltela.pt\/"],"url":"https:\/\/portaltela.pt\/por\/367410592786\/"}]}},"_links":{"self":[{"href":"https:\/\/portaltela.pt\/api\/wp\/v2\/posts\/406405","targetHints":{"allow":["GET"]}}],"collection":[{"href":"https:\/\/portaltela.pt\/api\/wp\/v2\/posts"}],"about":[{"href":"https:\/\/portaltela.pt\/api\/wp\/v2\/types\/post"}],"author":[{"embeddable":true,"href":"https:\/\/portaltela.pt\/api\/wp\/v2\/users\/2"}],"replies":[{"embeddable":true,"href":"https:\/\/portaltela.pt\/api\/wp\/v2\/comments?post=406405"}],"version-history":[{"count":0,"href":"https:\/\/portaltela.pt\/api\/wp\/v2\/posts\/406405\/revisions"}],"wp:featuredmedia":[{"embeddable":true,"href":"https:\/\/portaltela.pt\/api\/wp\/v2\/media\/406410"}],"wp:attachment":[{"href":"https:\/\/portaltela.pt\/api\/wp\/v2\/media?parent=406405"}],"wp:term":[{"taxonomy":"category","embeddable":true,"href":"https:\/\/portaltela.pt\/api\/wp\/v2\/categories?post=406405"},{"taxonomy":"post_tag","embeddable":true,"href":"https:\/\/portaltela.pt\/api\/wp\/v2\/tags?post=406405"}],"curies":[{"name":"wp","href":"https:\/\/api.w.org\/{rel}","templated":true}]}}