{"id":406397,"date":"2026-03-11T14:46:50","date_gmt":"2026-03-11T17:46:50","guid":{"rendered":"https:\/\/portaltela.pt\/noticias\/2026\/03\/11\/campo-de-tiro-da-forca-aerea-muda-de-alcochete-para-alter-do-chao\/"},"modified":"2026-03-11T14:46:50","modified_gmt":"2026-03-11T17:46:50","slug":"campo-de-tiro-da-forca-aerea-muda-de-alcochete-para-alter-do-chao","status":"publish","type":"post","link":"https:\/\/portaltela.pt\/noticias\/2026\/03\/11\/campo-de-tiro-da-forca-aerea-muda-de-alcochete-para-alter-do-chao\/","title":{"rendered":"Campo de tiro da For\u00e7a A\u00e9rea muda de Alcochete para Alter do Ch\u00e3o"},"content":{"rendered":"<p>O Campo de Tiro da For\u00e7a A\u00e9rea, que hoje fica em Alcochete, Set\u00fabal, ir\u00e1 mudar para Alter do Ch\u00e3o, Portalegre. A decis\u00e3o foi anunciada nesta quarta-feira pelo ministro da Defesa Nacional, em Lisboa, na sequ\u00eancia da constru\u00e7\u00e3o do novo aeroporto Lu\u00eds de Cam\u00f5es. A mudan\u00e7a visa a desmilitariza\u00e7\u00e3o dos terrenos que acolher\u00e3o a infraestrutura aeroportu\u00e1ria.<\/p>\n<p>Segundo o ministro Nuno Melo, a nova localiza\u00e7\u00e3o em Alter do Ch\u00e3o \u00e9 considerada essencial para libertar os terrenos do campo de tiro. O projeto surge como parte de uma estrat\u00e9gia de desenvolvimento regional, com Alter do Ch\u00e3o a ganhar uma capacidade de opera\u00e7\u00e3o para cerca de 200 militares e respetivas fam\u00edlias. O autarca local, Francisco Miranda, ressalvou o impacto positivo na dinamiza\u00e7\u00e3o do com\u00e9rcio e servi\u00e7os.<\/p>\n<p>A \u00e1rea total prevista para o campo de tiro \u00e9 de aproximadamente 7.500 hectares, ainda sem local exato definido dentro do concelho. O governo comprometeu investimentos compensat\u00f3rios para a regi\u00e3o, incluindo vias de comunica\u00e7\u00e3o e habita\u00e7\u00e3o para as fam\u00edlias militares. O montante total da reloca\u00e7\u00e3o depende de acordos entre os minist\u00e9rios da Defesa e das Infraestruturas e ser\u00e1 confirmado numa audi\u00e7\u00e3o parlamentar.<\/p>\n<h3>Localiza\u00e7\u00e3o e impactos no territ\u00f3rio<\/h3>\n<p>A relocaliza\u00e7\u00e3o encerra um processo que envolve estudos de impacto ambiental e administrativos, com prazos a regulamentar pela lei. O ministro destacou que a conclus\u00e3o do novo campo \u00e9 priorit\u00e1ria, mesmo que os procedimentos administrativos prossigam at\u00e9 \u00e0 obra final. A decis\u00e3o prev\u00ea manter a disponibilidade de uma nova localiza\u00e7\u00e3o para o Campo de Tiro, sem excluir etapas de planeamento.<\/p>\n<p>Alter do Ch\u00e3o, munic\u00edpio com cerca de tr\u00eas mil habitantes, espera colher benef\u00edcios econ\u00f3micos com a instala\u00e7\u00e3o de militares e fam\u00edlias. O presidente da C\u00e2mara afirmou acreditar numa din\u00e2mica adicional para a regi\u00e3o, incluindo aumento do tr\u00e1fego escolar e mais atividade comercial. A conversa sobre expropria\u00e7\u00f5es dever\u00e1 ocorrer conforme a necessidade de terreno p\u00fablico ou privado.<\/p>\n<h3>Custos, prazos e pr\u00f3ximos passos<\/h3>\n<p>N\u00e3o foram divulgados valores exatos da reloca\u00e7\u00e3o, com a expectativa de que o financiamento seja partilhado entre os minist\u00e9rios da Defesa e das Infraestruturas. Detalhes adicionais ficam para a audi\u00e7\u00e3o parlamentar prevista para quinta-feira. O governo mant\u00e9m a meta de cumprir prazos, dentro do quadro legal aplic\u00e1vel, para n\u00e3o atrasar o projeto.<\/p>\n","protected":false},"excerpt":{"rendered":"<ul>\n<li>O Campo de Tiro da For\u00e7a A\u00e9rea vai deixar Alcochete, no distrito de Set\u00fabal, para Alter do Ch\u00e3o, em Portalegre, por causa da constru\u00e7\u00e3o do aeroporto Lu\u00eds de Cam\u00f5es.<\/li>\n<li>A localiza\u00e7\u00e3o em Alter do Ch\u00e3o foi anunciada pelo ministro da Defesa Nacional, Nuno Melo, em confer\u00eancia no Minist\u00e9rio da Defesa Nacional.<\/li>\n<li>A mudan\u00e7a \u00e9 apresentada como passo essencial para desmilitarizar os terrenos de Alcochete e abrir espa\u00e7o ao aeroporto regional.<\/li>\n<li>Cerca de 200 militares com as respetivas fam\u00edlias v\u00e3o mudar-se para Alter do Ch\u00e3o, com investimentos compensat\u00f3rios previstos, incluindo vias de comunica\u00e7\u00e3o e habita\u00e7\u00e3o.<\/li>\n<li>O custo da relocaliza\u00e7\u00e3o n\u00e3o foi detalhado; a ANA Aeroportos prev\u00ea abrir o novo aeroporto de Lisboa por volta de 2036 ou 2037, com um custo de 8,5 mil milh\u00f5es de euros, sendo 7 mil milh\u00f5es financiados por d\u00edvida.<\/li>\n<\/ul>\n","protected":false},"author":2,"featured_media":406399,"comment_status":"closed","ping_status":"closed","sticky":false,"template":"","format":"standard","meta":{"footnotes":""},"categories":[1],"tags":[4673,4049,4254,4299,2817,1075],"class_list":["post-406397","post","type-post","status-publish","format-standard","has-post-thumbnail","hentry","category-noticias","tag-alter-do-chao","tag-desmilitarizacao","tag-expropriacoes","tag-forca-aerea","tag-habitacoes","tag-portalegre"],"yoast_head":"<!-- This site is optimized with the Yoast SEO plugin v27.2 - https:\/\/yoast.com\/product\/yoast-seo-wordpress\/ -->\n<title>Campo de tiro da For\u00e7a A\u00e9rea muda de Alcochete para Alter do Ch\u00e3o - Portal Tela Portugal<\/title>\n<meta name=\"robots\" content=\"index, follow, max-snippet:-1, max-image-preview:large, max-video-preview:-1\" \/>\n<meta property=\"og:locale\" content=\"pt_PT\" \/>\n<meta property=\"og:type\" content=\"article\" \/>\n<meta property=\"og:title\" content=\"Campo de tiro da For\u00e7a A\u00e9rea muda de Alcochete para Alter do Ch\u00e3o - Portal Tela Portugal\" \/>\n<meta property=\"og:description\" content=\"O Campo de Tiro da For\u00e7a A\u00e9rea vai deixar Alcochete, no distrito de Set\u00fabal, para Alter do Ch\u00e3o, em Portalegre, por causa da constru\u00e7\u00e3o do aeroporto Lu\u00eds de Cam\u00f5es. A localiza\u00e7\u00e3o em Alter do Ch\u00e3o foi anunciada pelo ministro da Defesa Nacional, Nuno Melo, em confer\u00eancia no Minist\u00e9rio da Defesa Nacional. A mudan\u00e7a \u00e9 apresentada como passo essencial para desmilitarizar os terrenos de Alcochete e abrir espa\u00e7o ao aeroporto regional. Cerca de 200 militares com as respetivas fam\u00edlias v\u00e3o mudar-se para Alter do Ch\u00e3o, com investimentos compensat\u00f3rios previstos, incluindo vias de comunica\u00e7\u00e3o e habita\u00e7\u00e3o. O custo da relocaliza\u00e7\u00e3o n\u00e3o foi detalhado; a ANA Aeroportos prev\u00ea abrir o novo aeroporto de Lisboa por volta de 2036 ou 2037, com um custo de 8,5 mil milh\u00f5es de euros, sendo 7 mil milh\u00f5es financiados por d\u00edvida.\" \/>\n<meta property=\"og:url\" content=\"https:\/\/portaltela.pt\/noticias\/2026\/03\/11\/campo-de-tiro-da-forca-aerea-muda-de-alcochete-para-alter-do-chao\/\" \/>\n<meta property=\"og:site_name\" content=\"Portal Tela Portugal\" \/>\n<meta property=\"article:published_time\" content=\"2026-03-11T17:46:50+00:00\" \/>\n<meta name=\"author\" content=\"Telinha\" \/>\n<meta name=\"twitter:card\" content=\"summary_large_image\" \/>\n<meta name=\"twitter:label1\" content=\"Escrito por\" \/>\n\t<meta name=\"twitter:data1\" content=\"Telinha\" \/>\n\t<meta name=\"twitter:label2\" content=\"Tempo estimado de leitura\" \/>\n\t<meta name=\"twitter:data2\" content=\"2 minutos\" \/>\n<script type=\"application\/ld+json\" class=\"yoast-schema-graph\">{\"@context\":\"https:\/\/schema.org\",\"@graph\":[{\"@type\":\"Article\",\"@id\":\"https:\/\/portaltela.pt\/noticias\/2026\/03\/11\/campo-de-tiro-da-forca-aerea-muda-de-alcochete-para-alter-do-chao\/#article\",\"isPartOf\":{\"@id\":\"https:\/\/portaltela.pt\/noticias\/2026\/03\/11\/campo-de-tiro-da-forca-aerea-muda-de-alcochete-para-alter-do-chao\/\"},\"author\":{\"name\":\"Telinha\",\"@id\":\"https:\/\/portaltela.pt\/#\/schema\/person\/c4278d4a6028830caff9ee44b42d32ed\"},\"headline\":\"Campo de tiro da For\u00e7a A\u00e9rea muda de Alcochete para Alter do Ch\u00e3o\",\"datePublished\":\"2026-03-11T17:46:50+00:00\",\"mainEntityOfPage\":{\"@id\":\"https:\/\/portaltela.pt\/noticias\/2026\/03\/11\/campo-de-tiro-da-forca-aerea-muda-de-alcochete-para-alter-do-chao\/\"},\"wordCount\":430,\"image\":{\"@id\":\"https:\/\/portaltela.pt\/noticias\/2026\/03\/11\/campo-de-tiro-da-forca-aerea-muda-de-alcochete-para-alter-do-chao\/#primaryimage\"},\"thumbnailUrl\":\"https:\/\/portaltela.pt\/s.01k8rhncp4jt1\/2026\/03\/img_1500x1000uu2023-07-09-19-57-45-1390722.jpg\",\"keywords\":[\"Alter do Ch\u00e3o\",\"desmilitariza\u00e7\u00e3o\",\"expropria\u00e7\u00f5es\",\"For\u00e7a A\u00e9rea\",\"habita\u00e7\u00f5es\",\"Portalegre\"],\"articleSection\":[\"Not\u00edcias\"],\"inLanguage\":\"pt-PT\"},{\"@type\":\"WebPage\",\"@id\":\"https:\/\/portaltela.pt\/noticias\/2026\/03\/11\/campo-de-tiro-da-forca-aerea-muda-de-alcochete-para-alter-do-chao\/\",\"url\":\"https:\/\/portaltela.pt\/noticias\/2026\/03\/11\/campo-de-tiro-da-forca-aerea-muda-de-alcochete-para-alter-do-chao\/\",\"name\":\"Campo de tiro da For\u00e7a A\u00e9rea muda de Alcochete para Alter do Ch\u00e3o - Portal Tela Portugal\",\"isPartOf\":{\"@id\":\"https:\/\/portaltela.pt\/#website\"},\"primaryImageOfPage\":{\"@id\":\"https:\/\/portaltela.pt\/noticias\/2026\/03\/11\/campo-de-tiro-da-forca-aerea-muda-de-alcochete-para-alter-do-chao\/#primaryimage\"},\"image\":{\"@id\":\"https:\/\/portaltela.pt\/noticias\/2026\/03\/11\/campo-de-tiro-da-forca-aerea-muda-de-alcochete-para-alter-do-chao\/#primaryimage\"},\"thumbnailUrl\":\"https:\/\/portaltela.pt\/s.01k8rhncp4jt1\/2026\/03\/img_1500x1000uu2023-07-09-19-57-45-1390722.jpg\",\"datePublished\":\"2026-03-11T17:46:50+00:00\",\"author\":{\"@id\":\"https:\/\/portaltela.pt\/#\/schema\/person\/c4278d4a6028830caff9ee44b42d32ed\"},\"breadcrumb\":{\"@id\":\"https:\/\/portaltela.pt\/noticias\/2026\/03\/11\/campo-de-tiro-da-forca-aerea-muda-de-alcochete-para-alter-do-chao\/#breadcrumb\"},\"inLanguage\":\"pt-PT\",\"potentialAction\":[{\"@type\":\"ReadAction\",\"target\":[\"https:\/\/portaltela.pt\/noticias\/2026\/03\/11\/campo-de-tiro-da-forca-aerea-muda-de-alcochete-para-alter-do-chao\/\"]}]},{\"@type\":\"ImageObject\",\"inLanguage\":\"pt-PT\",\"@id\":\"https:\/\/portaltela.pt\/noticias\/2026\/03\/11\/campo-de-tiro-da-forca-aerea-muda-de-alcochete-para-alter-do-chao\/#primaryimage\",\"url\":\"https:\/\/portaltela.pt\/s.01k8rhncp4jt1\/2026\/03\/img_1500x1000uu2023-07-09-19-57-45-1390722.jpg\",\"contentUrl\":\"https:\/\/portaltela.pt\/s.01k8rhncp4jt1\/2026\/03\/img_1500x1000uu2023-07-09-19-57-45-1390722.jpg\",\"width\":796,\"height\":448,\"caption\":\"Campo de tiro, For\u00e7a a\u00e9rea\"},{\"@type\":\"BreadcrumbList\",\"@id\":\"https:\/\/portaltela.pt\/noticias\/2026\/03\/11\/campo-de-tiro-da-forca-aerea-muda-de-alcochete-para-alter-do-chao\/#breadcrumb\",\"itemListElement\":[{\"@type\":\"ListItem\",\"position\":1,\"name\":\"In\u00edcio\",\"item\":\"https:\/\/portaltela.pt\/\"},{\"@type\":\"ListItem\",\"position\":2,\"name\":\"Campo de tiro da For\u00e7a A\u00e9rea muda de Alcochete para Alter do Ch\u00e3o\"}]},{\"@type\":\"WebSite\",\"@id\":\"https:\/\/portaltela.pt\/#website\",\"url\":\"https:\/\/portaltela.pt\/\",\"name\":\"Portal Tela Portugal\",\"description\":\"\",\"potentialAction\":[{\"@type\":\"SearchAction\",\"target\":{\"@type\":\"EntryPoint\",\"urlTemplate\":\"https:\/\/portaltela.pt\/?s={search_term_string}\"},\"query-input\":{\"@type\":\"PropertyValueSpecification\",\"valueRequired\":true,\"valueName\":\"search_term_string\"}}],\"inLanguage\":\"pt-PT\"},{\"@type\":\"Person\",\"@id\":\"https:\/\/portaltela.pt\/#\/schema\/person\/c4278d4a6028830caff9ee44b42d32ed\",\"name\":\"Telinha\",\"image\":{\"@type\":\"ImageObject\",\"inLanguage\":\"pt-PT\",\"@id\":\"https:\/\/portaltela.pt\/s.01k8rhncp4jt1\/2025\/11\/talking-bot-125x125.png\",\"url\":\"https:\/\/portaltela.pt\/s.01k8rhncp4jt1\/2025\/11\/talking-bot-125x125.png\",\"contentUrl\":\"https:\/\/portaltela.pt\/s.01k8rhncp4jt1\/2025\/11\/talking-bot-125x125.png\",\"caption\":\"Telinha\"},\"sameAs\":[\"https:\/\/portaltela.pt\/\"],\"url\":\"https:\/\/portaltela.pt\/por\/367410592786\/\"}]}<\/script>\n<!-- \/ Yoast SEO plugin. -->","yoast_head_json":{"title":"Campo de tiro da For\u00e7a A\u00e9rea muda de Alcochete para Alter do Ch\u00e3o - Portal Tela Portugal","robots":{"index":"index","follow":"follow","max-snippet":"max-snippet:-1","max-image-preview":"max-image-preview:large","max-video-preview":"max-video-preview:-1"},"og_locale":"pt_PT","og_type":"article","og_title":"Campo de tiro da For\u00e7a A\u00e9rea muda de Alcochete para Alter do Ch\u00e3o - Portal Tela Portugal","og_description":"O Campo de Tiro da For\u00e7a A\u00e9rea vai deixar Alcochete, no distrito de Set\u00fabal, para Alter do Ch\u00e3o, em Portalegre, por causa da constru\u00e7\u00e3o do aeroporto Lu\u00eds de Cam\u00f5es. A localiza\u00e7\u00e3o em Alter do Ch\u00e3o foi anunciada pelo ministro da Defesa Nacional, Nuno Melo, em confer\u00eancia no Minist\u00e9rio da Defesa Nacional. A mudan\u00e7a \u00e9 apresentada como passo essencial para desmilitarizar os terrenos de Alcochete e abrir espa\u00e7o ao aeroporto regional. Cerca de 200 militares com as respetivas fam\u00edlias v\u00e3o mudar-se para Alter do Ch\u00e3o, com investimentos compensat\u00f3rios previstos, incluindo vias de comunica\u00e7\u00e3o e habita\u00e7\u00e3o. O custo da relocaliza\u00e7\u00e3o n\u00e3o foi detalhado; a ANA Aeroportos prev\u00ea abrir o novo aeroporto de Lisboa por volta de 2036 ou 2037, com um custo de 8,5 mil milh\u00f5es de euros, sendo 7 mil milh\u00f5es financiados por d\u00edvida.","og_url":"https:\/\/portaltela.pt\/noticias\/2026\/03\/11\/campo-de-tiro-da-forca-aerea-muda-de-alcochete-para-alter-do-chao\/","og_site_name":"Portal Tela Portugal","article_published_time":"2026-03-11T17:46:50+00:00","author":"Telinha","twitter_card":"summary_large_image","twitter_misc":{"Escrito por":"Telinha","Tempo estimado de leitura":"2 minutos"},"schema":{"@context":"https:\/\/schema.org","@graph":[{"@type":"Article","@id":"https:\/\/portaltela.pt\/noticias\/2026\/03\/11\/campo-de-tiro-da-forca-aerea-muda-de-alcochete-para-alter-do-chao\/#article","isPartOf":{"@id":"https:\/\/portaltela.pt\/noticias\/2026\/03\/11\/campo-de-tiro-da-forca-aerea-muda-de-alcochete-para-alter-do-chao\/"},"author":{"name":"Telinha","@id":"https:\/\/portaltela.pt\/#\/schema\/person\/c4278d4a6028830caff9ee44b42d32ed"},"headline":"Campo de tiro da For\u00e7a A\u00e9rea muda de Alcochete para Alter do Ch\u00e3o","datePublished":"2026-03-11T17:46:50+00:00","mainEntityOfPage":{"@id":"https:\/\/portaltela.pt\/noticias\/2026\/03\/11\/campo-de-tiro-da-forca-aerea-muda-de-alcochete-para-alter-do-chao\/"},"wordCount":430,"image":{"@id":"https:\/\/portaltela.pt\/noticias\/2026\/03\/11\/campo-de-tiro-da-forca-aerea-muda-de-alcochete-para-alter-do-chao\/#primaryimage"},"thumbnailUrl":"https:\/\/portaltela.pt\/s.01k8rhncp4jt1\/2026\/03\/img_1500x1000uu2023-07-09-19-57-45-1390722.jpg","keywords":["Alter do Ch\u00e3o","desmilitariza\u00e7\u00e3o","expropria\u00e7\u00f5es","For\u00e7a A\u00e9rea","habita\u00e7\u00f5es","Portalegre"],"articleSection":["Not\u00edcias"],"inLanguage":"pt-PT"},{"@type":"WebPage","@id":"https:\/\/portaltela.pt\/noticias\/2026\/03\/11\/campo-de-tiro-da-forca-aerea-muda-de-alcochete-para-alter-do-chao\/","url":"https:\/\/portaltela.pt\/noticias\/2026\/03\/11\/campo-de-tiro-da-forca-aerea-muda-de-alcochete-para-alter-do-chao\/","name":"Campo de tiro da For\u00e7a A\u00e9rea muda de Alcochete para Alter do Ch\u00e3o - Portal Tela Portugal","isPartOf":{"@id":"https:\/\/portaltela.pt\/#website"},"primaryImageOfPage":{"@id":"https:\/\/portaltela.pt\/noticias\/2026\/03\/11\/campo-de-tiro-da-forca-aerea-muda-de-alcochete-para-alter-do-chao\/#primaryimage"},"image":{"@id":"https:\/\/portaltela.pt\/noticias\/2026\/03\/11\/campo-de-tiro-da-forca-aerea-muda-de-alcochete-para-alter-do-chao\/#primaryimage"},"thumbnailUrl":"https:\/\/portaltela.pt\/s.01k8rhncp4jt1\/2026\/03\/img_1500x1000uu2023-07-09-19-57-45-1390722.jpg","datePublished":"2026-03-11T17:46:50+00:00","author":{"@id":"https:\/\/portaltela.pt\/#\/schema\/person\/c4278d4a6028830caff9ee44b42d32ed"},"breadcrumb":{"@id":"https:\/\/portaltela.pt\/noticias\/2026\/03\/11\/campo-de-tiro-da-forca-aerea-muda-de-alcochete-para-alter-do-chao\/#breadcrumb"},"inLanguage":"pt-PT","potentialAction":[{"@type":"ReadAction","target":["https:\/\/portaltela.pt\/noticias\/2026\/03\/11\/campo-de-tiro-da-forca-aerea-muda-de-alcochete-para-alter-do-chao\/"]}]},{"@type":"ImageObject","inLanguage":"pt-PT","@id":"https:\/\/portaltela.pt\/noticias\/2026\/03\/11\/campo-de-tiro-da-forca-aerea-muda-de-alcochete-para-alter-do-chao\/#primaryimage","url":"https:\/\/portaltela.pt\/s.01k8rhncp4jt1\/2026\/03\/img_1500x1000uu2023-07-09-19-57-45-1390722.jpg","contentUrl":"https:\/\/portaltela.pt\/s.01k8rhncp4jt1\/2026\/03\/img_1500x1000uu2023-07-09-19-57-45-1390722.jpg","width":796,"height":448,"caption":"Campo de tiro, For\u00e7a a\u00e9rea"},{"@type":"BreadcrumbList","@id":"https:\/\/portaltela.pt\/noticias\/2026\/03\/11\/campo-de-tiro-da-forca-aerea-muda-de-alcochete-para-alter-do-chao\/#breadcrumb","itemListElement":[{"@type":"ListItem","position":1,"name":"In\u00edcio","item":"https:\/\/portaltela.pt\/"},{"@type":"ListItem","position":2,"name":"Campo de tiro da For\u00e7a A\u00e9rea muda de Alcochete para Alter do Ch\u00e3o"}]},{"@type":"WebSite","@id":"https:\/\/portaltela.pt\/#website","url":"https:\/\/portaltela.pt\/","name":"Portal Tela Portugal","description":"","potentialAction":[{"@type":"SearchAction","target":{"@type":"EntryPoint","urlTemplate":"https:\/\/portaltela.pt\/?s={search_term_string}"},"query-input":{"@type":"PropertyValueSpecification","valueRequired":true,"valueName":"search_term_string"}}],"inLanguage":"pt-PT"},{"@type":"Person","@id":"https:\/\/portaltela.pt\/#\/schema\/person\/c4278d4a6028830caff9ee44b42d32ed","name":"Telinha","image":{"@type":"ImageObject","inLanguage":"pt-PT","@id":"https:\/\/portaltela.pt\/s.01k8rhncp4jt1\/2025\/11\/talking-bot-125x125.png","url":"https:\/\/portaltela.pt\/s.01k8rhncp4jt1\/2025\/11\/talking-bot-125x125.png","contentUrl":"https:\/\/portaltela.pt\/s.01k8rhncp4jt1\/2025\/11\/talking-bot-125x125.png","caption":"Telinha"},"sameAs":["https:\/\/portaltela.pt\/"],"url":"https:\/\/portaltela.pt\/por\/367410592786\/"}]}},"_links":{"self":[{"href":"https:\/\/portaltela.pt\/api\/wp\/v2\/posts\/406397","targetHints":{"allow":["GET"]}}],"collection":[{"href":"https:\/\/portaltela.pt\/api\/wp\/v2\/posts"}],"about":[{"href":"https:\/\/portaltela.pt\/api\/wp\/v2\/types\/post"}],"author":[{"embeddable":true,"href":"https:\/\/portaltela.pt\/api\/wp\/v2\/users\/2"}],"replies":[{"embeddable":true,"href":"https:\/\/portaltela.pt\/api\/wp\/v2\/comments?post=406397"}],"version-history":[{"count":0,"href":"https:\/\/portaltela.pt\/api\/wp\/v2\/posts\/406397\/revisions"}],"wp:featuredmedia":[{"embeddable":true,"href":"https:\/\/portaltela.pt\/api\/wp\/v2\/media\/406399"}],"wp:attachment":[{"href":"https:\/\/portaltela.pt\/api\/wp\/v2\/media?parent=406397"}],"wp:term":[{"taxonomy":"category","embeddable":true,"href":"https:\/\/portaltela.pt\/api\/wp\/v2\/categories?post=406397"},{"taxonomy":"post_tag","embeddable":true,"href":"https:\/\/portaltela.pt\/api\/wp\/v2\/tags?post=406397"}],"curies":[{"name":"wp","href":"https:\/\/api.w.org\/{rel}","templated":true}]}}