{"id":406390,"date":"2026-03-11T14:48:00","date_gmt":"2026-03-11T17:48:00","guid":{"rendered":"https:\/\/portaltela.pt\/noticias\/2026\/03\/11\/fc-porto-denuncia-abusos-e-insultos-de-segurancas-na-luz\/"},"modified":"2026-03-11T14:48:00","modified_gmt":"2026-03-11T17:48:00","slug":"fc-porto-denuncia-abusos-e-insultos-de-segurancas-na-luz","status":"publish","type":"post","link":"https:\/\/portaltela.pt\/desporto\/futebol\/2026\/03\/11\/fc-porto-denuncia-abusos-e-insultos-de-segurancas-na-luz\/","title":{"rendered":"FC Porto denuncia abusos e insultos de seguran\u00e7as na Luz"},"content":{"rendered":"<p>O cl\u00e1ssico entre Benfica e FC Porto, disputado no Est\u00e1dio da Luz, terminou com a expuls\u00e3o de Jos\u00e9 Mourinho aos 88 minutos. Al\u00e9m disso, houve relatos de desordem que levaram a que o FC Porto apresentasse uma queixa formal.<\/p>\n<p>Segundo o que foi apurado, os stewards do Benfica estiveram em cena com uma postura agressiva, com empurr\u00f5es e insultos dirigidos a elementos do banco portista. A queixa foi apresentada de imediato ao 4.\u00ba \u00e1rbitro e ao Delegado da Liga.<\/p>\n<p>A forma\u00e7\u00e3o portista sustenta que os stewards n\u00e3o devem intervir em conflitos entre bancos, mas lembra que este tipo de atua\u00e7\u00e3o tem sido comum no Est\u00e1dio da Luz, sendo este o epis\u00f3dio mais recente. A queixa j\u00e1 fica registada nos relat\u00f3rios do \u00e1rbitro e dos delegados.<\/p>\n<h3>Queixa apresentada<\/h3>\n<p>Recorde-se que o incidente foi inclu\u00eddo nos relat\u00f3rios oficiais e, para j\u00e1, n\u00e3o houve confirma\u00e7\u00e3o de interven\u00e7\u00f5es adicionais por parte das autoridades desportivas. A informa\u00e7\u00e3o baseia-se em documenta\u00e7\u00e3o dispon\u00edvel aos \u00f3rg\u00e3os competentes.<\/p>\n","protected":false},"excerpt":{"rendered":"<ul>\n<li>O FC Porto apresentou queixa ao 4.\u00ba \u00e1rbitro e ao Delegado da Liga ap\u00f3s o cl\u00e1ssico no Est\u00e1dio da Luz, aos 88 minutos, onde Jos\u00e9 Mourinho foi expulso.<\/li>\n<li>Os drag\u00f5es alegam que os stewards do Benfica entraram em cena com postura agressiva, empurr\u00f5es e insultos dirigidos a elementos do banco portista.<\/li>\n<li>A queixa foi registada e consta dos relat\u00f3rios do \u00e1rbitro e dos delegados da Liga.<\/li>\n<li>O FC Porto entende que os stewards n\u00e3o devem intervir em conflitos entre bancos, mas este epis\u00f3dio \u00e9 apresentado como parte de um procedimento comum no Est\u00e1dio da Luz.<\/li>\n<li>Este incident\u0435 \u00e9 descrito como o epis\u00f3dio mais recente num padr\u00e3o de situa\u00e7\u00f5es semelhantes no recinto.<\/li>\n<\/ul>\n","protected":false},"author":2,"featured_media":406395,"comment_status":"closed","ping_status":"closed","sticky":false,"template":"","format":"standard","meta":{"footnotes":""},"categories":[21,24],"tags":[1946,2083,2028,32,982,250],"class_list":["post-406390","post","type-post","status-publish","format-standard","has-post-thumbnail","hentry","category-desporto","category-futebol","tag-benfica","tag-desordem-publica","tag-fc-porto","tag-futebol","tag-porto","tag-seguranca-publica"],"yoast_head":"<!-- This site is optimized with the Yoast SEO plugin v27.2 - https:\/\/yoast.com\/product\/yoast-seo-wordpress\/ -->\n<title>FC Porto denuncia abusos e insultos de seguran\u00e7as na Luz - Portal Tela Portugal<\/title>\n<meta name=\"robots\" content=\"index, follow, max-snippet:-1, max-image-preview:large, max-video-preview:-1\" \/>\n<meta property=\"og:locale\" content=\"pt_PT\" \/>\n<meta property=\"og:type\" content=\"article\" \/>\n<meta property=\"og:title\" content=\"FC Porto denuncia abusos e insultos de seguran\u00e7as na Luz - Portal Tela Portugal\" \/>\n<meta property=\"og:description\" content=\"O FC Porto apresentou queixa ao 4.\u00ba \u00e1rbitro e ao Delegado da Liga ap\u00f3s o cl\u00e1ssico no Est\u00e1dio da Luz, aos 88 minutos, onde Jos\u00e9 Mourinho foi expulso. Os drag\u00f5es alegam que os stewards do Benfica entraram em cena com postura agressiva, empurr\u00f5es e insultos dirigidos a elementos do banco portista. A queixa foi registada e consta dos relat\u00f3rios do \u00e1rbitro e dos delegados da Liga. O FC Porto entende que os stewards n\u00e3o devem intervir em conflitos entre bancos, mas este epis\u00f3dio \u00e9 apresentado como parte de um procedimento comum no Est\u00e1dio da Luz. Este incident\u0435 \u00e9 descrito como o epis\u00f3dio mais recente num padr\u00e3o de situa\u00e7\u00f5es semelhantes no recinto.\" \/>\n<meta property=\"og:url\" content=\"https:\/\/portaltela.pt\/noticias\/2026\/03\/11\/fc-porto-denuncia-abusos-e-insultos-de-segurancas-na-luz\/\" \/>\n<meta property=\"og:site_name\" content=\"Portal Tela Portugal\" \/>\n<meta property=\"article:published_time\" content=\"2026-03-11T17:48:00+00:00\" \/>\n<meta name=\"author\" content=\"Telinha\" \/>\n<meta name=\"twitter:card\" content=\"summary_large_image\" \/>\n<meta name=\"twitter:label1\" content=\"Escrito por\" \/>\n\t<meta name=\"twitter:data1\" content=\"Telinha\" \/>\n\t<meta name=\"twitter:label2\" content=\"Tempo estimado de leitura\" \/>\n\t<meta name=\"twitter:data2\" content=\"1 minuto\" \/>\n<script type=\"application\/ld+json\" class=\"yoast-schema-graph\">{\"@context\":\"https:\/\/schema.org\",\"@graph\":[{\"@type\":\"Article\",\"@id\":\"https:\/\/portaltela.pt\/noticias\/2026\/03\/11\/fc-porto-denuncia-abusos-e-insultos-de-segurancas-na-luz\/#article\",\"isPartOf\":{\"@id\":\"https:\/\/portaltela.pt\/noticias\/2026\/03\/11\/fc-porto-denuncia-abusos-e-insultos-de-segurancas-na-luz\/\"},\"author\":{\"name\":\"Telinha\",\"@id\":\"https:\/\/portaltela.pt\/#\/schema\/person\/c4278d4a6028830caff9ee44b42d32ed\"},\"headline\":\"FC Porto denuncia abusos e insultos de seguran\u00e7as na Luz\",\"datePublished\":\"2026-03-11T17:48:00+00:00\",\"mainEntityOfPage\":{\"@id\":\"https:\/\/portaltela.pt\/noticias\/2026\/03\/11\/fc-porto-denuncia-abusos-e-insultos-de-segurancas-na-luz\/\"},\"wordCount\":188,\"image\":{\"@id\":\"https:\/\/portaltela.pt\/noticias\/2026\/03\/11\/fc-porto-denuncia-abusos-e-insultos-de-segurancas-na-luz\/#primaryimage\"},\"thumbnailUrl\":\"https:\/\/portaltela.pt\/s.01k8rhncp4jt1\/2026\/03\/img_920x518uu2026-03-11-17-48-10-2426252.jpg\",\"keywords\":[\"Benfica\",\"desordem p\u00fablica\",\"FC Porto\",\"futebol\",\"Porto\",\"seguran\u00e7a p\u00fablica\"],\"articleSection\":[\"Desporto\",\"Futebol\"],\"inLanguage\":\"pt-PT\"},{\"@type\":\"WebPage\",\"@id\":\"https:\/\/portaltela.pt\/noticias\/2026\/03\/11\/fc-porto-denuncia-abusos-e-insultos-de-segurancas-na-luz\/\",\"url\":\"https:\/\/portaltela.pt\/noticias\/2026\/03\/11\/fc-porto-denuncia-abusos-e-insultos-de-segurancas-na-luz\/\",\"name\":\"FC Porto denuncia abusos e insultos de seguran\u00e7as na Luz - Portal Tela Portugal\",\"isPartOf\":{\"@id\":\"https:\/\/portaltela.pt\/#website\"},\"primaryImageOfPage\":{\"@id\":\"https:\/\/portaltela.pt\/noticias\/2026\/03\/11\/fc-porto-denuncia-abusos-e-insultos-de-segurancas-na-luz\/#primaryimage\"},\"image\":{\"@id\":\"https:\/\/portaltela.pt\/noticias\/2026\/03\/11\/fc-porto-denuncia-abusos-e-insultos-de-segurancas-na-luz\/#primaryimage\"},\"thumbnailUrl\":\"https:\/\/portaltela.pt\/s.01k8rhncp4jt1\/2026\/03\/img_920x518uu2026-03-11-17-48-10-2426252.jpg\",\"datePublished\":\"2026-03-11T17:48:00+00:00\",\"author\":{\"@id\":\"https:\/\/portaltela.pt\/#\/schema\/person\/c4278d4a6028830caff9ee44b42d32ed\"},\"breadcrumb\":{\"@id\":\"https:\/\/portaltela.pt\/noticias\/2026\/03\/11\/fc-porto-denuncia-abusos-e-insultos-de-segurancas-na-luz\/#breadcrumb\"},\"inLanguage\":\"pt-PT\",\"potentialAction\":[{\"@type\":\"ReadAction\",\"target\":[\"https:\/\/portaltela.pt\/noticias\/2026\/03\/11\/fc-porto-denuncia-abusos-e-insultos-de-segurancas-na-luz\/\"]}]},{\"@type\":\"ImageObject\",\"inLanguage\":\"pt-PT\",\"@id\":\"https:\/\/portaltela.pt\/noticias\/2026\/03\/11\/fc-porto-denuncia-abusos-e-insultos-de-segurancas-na-luz\/#primaryimage\",\"url\":\"https:\/\/portaltela.pt\/s.01k8rhncp4jt1\/2026\/03\/img_920x518uu2026-03-11-17-48-10-2426252.jpg\",\"contentUrl\":\"https:\/\/portaltela.pt\/s.01k8rhncp4jt1\/2026\/03\/img_920x518uu2026-03-11-17-48-10-2426252.jpg\",\"width\":796,\"height\":448,\"caption\":\"Lucho Gonz\u00e1lez, adjunto do FC Porto, foi expulso no cl\u00e1ssico\"},{\"@type\":\"BreadcrumbList\",\"@id\":\"https:\/\/portaltela.pt\/noticias\/2026\/03\/11\/fc-porto-denuncia-abusos-e-insultos-de-segurancas-na-luz\/#breadcrumb\",\"itemListElement\":[{\"@type\":\"ListItem\",\"position\":1,\"name\":\"In\u00edcio\",\"item\":\"https:\/\/portaltela.pt\/\"},{\"@type\":\"ListItem\",\"position\":2,\"name\":\"FC Porto denuncia abusos e insultos de seguran\u00e7as na Luz\"}]},{\"@type\":\"WebSite\",\"@id\":\"https:\/\/portaltela.pt\/#website\",\"url\":\"https:\/\/portaltela.pt\/\",\"name\":\"Portal Tela Portugal\",\"description\":\"\",\"potentialAction\":[{\"@type\":\"SearchAction\",\"target\":{\"@type\":\"EntryPoint\",\"urlTemplate\":\"https:\/\/portaltela.pt\/?s={search_term_string}\"},\"query-input\":{\"@type\":\"PropertyValueSpecification\",\"valueRequired\":true,\"valueName\":\"search_term_string\"}}],\"inLanguage\":\"pt-PT\"},{\"@type\":\"Person\",\"@id\":\"https:\/\/portaltela.pt\/#\/schema\/person\/c4278d4a6028830caff9ee44b42d32ed\",\"name\":\"Telinha\",\"image\":{\"@type\":\"ImageObject\",\"inLanguage\":\"pt-PT\",\"@id\":\"https:\/\/portaltela.pt\/s.01k8rhncp4jt1\/2025\/11\/talking-bot-125x125.png\",\"url\":\"https:\/\/portaltela.pt\/s.01k8rhncp4jt1\/2025\/11\/talking-bot-125x125.png\",\"contentUrl\":\"https:\/\/portaltela.pt\/s.01k8rhncp4jt1\/2025\/11\/talking-bot-125x125.png\",\"caption\":\"Telinha\"},\"sameAs\":[\"https:\/\/portaltela.pt\/\"],\"url\":\"https:\/\/portaltela.pt\/por\/367410592786\/\"}]}<\/script>\n<!-- \/ Yoast SEO plugin. -->","yoast_head_json":{"title":"FC Porto denuncia abusos e insultos de seguran\u00e7as na Luz - Portal Tela Portugal","robots":{"index":"index","follow":"follow","max-snippet":"max-snippet:-1","max-image-preview":"max-image-preview:large","max-video-preview":"max-video-preview:-1"},"og_locale":"pt_PT","og_type":"article","og_title":"FC Porto denuncia abusos e insultos de seguran\u00e7as na Luz - Portal Tela Portugal","og_description":"O FC Porto apresentou queixa ao 4.\u00ba \u00e1rbitro e ao Delegado da Liga ap\u00f3s o cl\u00e1ssico no Est\u00e1dio da Luz, aos 88 minutos, onde Jos\u00e9 Mourinho foi expulso. Os drag\u00f5es alegam que os stewards do Benfica entraram em cena com postura agressiva, empurr\u00f5es e insultos dirigidos a elementos do banco portista. A queixa foi registada e consta dos relat\u00f3rios do \u00e1rbitro e dos delegados da Liga. O FC Porto entende que os stewards n\u00e3o devem intervir em conflitos entre bancos, mas este epis\u00f3dio \u00e9 apresentado como parte de um procedimento comum no Est\u00e1dio da Luz. Este incident\u0435 \u00e9 descrito como o epis\u00f3dio mais recente num padr\u00e3o de situa\u00e7\u00f5es semelhantes no recinto.","og_url":"https:\/\/portaltela.pt\/noticias\/2026\/03\/11\/fc-porto-denuncia-abusos-e-insultos-de-segurancas-na-luz\/","og_site_name":"Portal Tela Portugal","article_published_time":"2026-03-11T17:48:00+00:00","author":"Telinha","twitter_card":"summary_large_image","twitter_misc":{"Escrito por":"Telinha","Tempo estimado de leitura":"1 minuto"},"schema":{"@context":"https:\/\/schema.org","@graph":[{"@type":"Article","@id":"https:\/\/portaltela.pt\/noticias\/2026\/03\/11\/fc-porto-denuncia-abusos-e-insultos-de-segurancas-na-luz\/#article","isPartOf":{"@id":"https:\/\/portaltela.pt\/noticias\/2026\/03\/11\/fc-porto-denuncia-abusos-e-insultos-de-segurancas-na-luz\/"},"author":{"name":"Telinha","@id":"https:\/\/portaltela.pt\/#\/schema\/person\/c4278d4a6028830caff9ee44b42d32ed"},"headline":"FC Porto denuncia abusos e insultos de seguran\u00e7as na Luz","datePublished":"2026-03-11T17:48:00+00:00","mainEntityOfPage":{"@id":"https:\/\/portaltela.pt\/noticias\/2026\/03\/11\/fc-porto-denuncia-abusos-e-insultos-de-segurancas-na-luz\/"},"wordCount":188,"image":{"@id":"https:\/\/portaltela.pt\/noticias\/2026\/03\/11\/fc-porto-denuncia-abusos-e-insultos-de-segurancas-na-luz\/#primaryimage"},"thumbnailUrl":"https:\/\/portaltela.pt\/s.01k8rhncp4jt1\/2026\/03\/img_920x518uu2026-03-11-17-48-10-2426252.jpg","keywords":["Benfica","desordem p\u00fablica","FC Porto","futebol","Porto","seguran\u00e7a p\u00fablica"],"articleSection":["Desporto","Futebol"],"inLanguage":"pt-PT"},{"@type":"WebPage","@id":"https:\/\/portaltela.pt\/noticias\/2026\/03\/11\/fc-porto-denuncia-abusos-e-insultos-de-segurancas-na-luz\/","url":"https:\/\/portaltela.pt\/noticias\/2026\/03\/11\/fc-porto-denuncia-abusos-e-insultos-de-segurancas-na-luz\/","name":"FC Porto denuncia abusos e insultos de seguran\u00e7as na Luz - Portal Tela Portugal","isPartOf":{"@id":"https:\/\/portaltela.pt\/#website"},"primaryImageOfPage":{"@id":"https:\/\/portaltela.pt\/noticias\/2026\/03\/11\/fc-porto-denuncia-abusos-e-insultos-de-segurancas-na-luz\/#primaryimage"},"image":{"@id":"https:\/\/portaltela.pt\/noticias\/2026\/03\/11\/fc-porto-denuncia-abusos-e-insultos-de-segurancas-na-luz\/#primaryimage"},"thumbnailUrl":"https:\/\/portaltela.pt\/s.01k8rhncp4jt1\/2026\/03\/img_920x518uu2026-03-11-17-48-10-2426252.jpg","datePublished":"2026-03-11T17:48:00+00:00","author":{"@id":"https:\/\/portaltela.pt\/#\/schema\/person\/c4278d4a6028830caff9ee44b42d32ed"},"breadcrumb":{"@id":"https:\/\/portaltela.pt\/noticias\/2026\/03\/11\/fc-porto-denuncia-abusos-e-insultos-de-segurancas-na-luz\/#breadcrumb"},"inLanguage":"pt-PT","potentialAction":[{"@type":"ReadAction","target":["https:\/\/portaltela.pt\/noticias\/2026\/03\/11\/fc-porto-denuncia-abusos-e-insultos-de-segurancas-na-luz\/"]}]},{"@type":"ImageObject","inLanguage":"pt-PT","@id":"https:\/\/portaltela.pt\/noticias\/2026\/03\/11\/fc-porto-denuncia-abusos-e-insultos-de-segurancas-na-luz\/#primaryimage","url":"https:\/\/portaltela.pt\/s.01k8rhncp4jt1\/2026\/03\/img_920x518uu2026-03-11-17-48-10-2426252.jpg","contentUrl":"https:\/\/portaltela.pt\/s.01k8rhncp4jt1\/2026\/03\/img_920x518uu2026-03-11-17-48-10-2426252.jpg","width":796,"height":448,"caption":"Lucho Gonz\u00e1lez, adjunto do FC Porto, foi expulso no cl\u00e1ssico"},{"@type":"BreadcrumbList","@id":"https:\/\/portaltela.pt\/noticias\/2026\/03\/11\/fc-porto-denuncia-abusos-e-insultos-de-segurancas-na-luz\/#breadcrumb","itemListElement":[{"@type":"ListItem","position":1,"name":"In\u00edcio","item":"https:\/\/portaltela.pt\/"},{"@type":"ListItem","position":2,"name":"FC Porto denuncia abusos e insultos de seguran\u00e7as na Luz"}]},{"@type":"WebSite","@id":"https:\/\/portaltela.pt\/#website","url":"https:\/\/portaltela.pt\/","name":"Portal Tela Portugal","description":"","potentialAction":[{"@type":"SearchAction","target":{"@type":"EntryPoint","urlTemplate":"https:\/\/portaltela.pt\/?s={search_term_string}"},"query-input":{"@type":"PropertyValueSpecification","valueRequired":true,"valueName":"search_term_string"}}],"inLanguage":"pt-PT"},{"@type":"Person","@id":"https:\/\/portaltela.pt\/#\/schema\/person\/c4278d4a6028830caff9ee44b42d32ed","name":"Telinha","image":{"@type":"ImageObject","inLanguage":"pt-PT","@id":"https:\/\/portaltela.pt\/s.01k8rhncp4jt1\/2025\/11\/talking-bot-125x125.png","url":"https:\/\/portaltela.pt\/s.01k8rhncp4jt1\/2025\/11\/talking-bot-125x125.png","contentUrl":"https:\/\/portaltela.pt\/s.01k8rhncp4jt1\/2025\/11\/talking-bot-125x125.png","caption":"Telinha"},"sameAs":["https:\/\/portaltela.pt\/"],"url":"https:\/\/portaltela.pt\/por\/367410592786\/"}]}},"_links":{"self":[{"href":"https:\/\/portaltela.pt\/api\/wp\/v2\/posts\/406390","targetHints":{"allow":["GET"]}}],"collection":[{"href":"https:\/\/portaltela.pt\/api\/wp\/v2\/posts"}],"about":[{"href":"https:\/\/portaltela.pt\/api\/wp\/v2\/types\/post"}],"author":[{"embeddable":true,"href":"https:\/\/portaltela.pt\/api\/wp\/v2\/users\/2"}],"replies":[{"embeddable":true,"href":"https:\/\/portaltela.pt\/api\/wp\/v2\/comments?post=406390"}],"version-history":[{"count":0,"href":"https:\/\/portaltela.pt\/api\/wp\/v2\/posts\/406390\/revisions"}],"wp:featuredmedia":[{"embeddable":true,"href":"https:\/\/portaltela.pt\/api\/wp\/v2\/media\/406395"}],"wp:attachment":[{"href":"https:\/\/portaltela.pt\/api\/wp\/v2\/media?parent=406390"}],"wp:term":[{"taxonomy":"category","embeddable":true,"href":"https:\/\/portaltela.pt\/api\/wp\/v2\/categories?post=406390"},{"taxonomy":"post_tag","embeddable":true,"href":"https:\/\/portaltela.pt\/api\/wp\/v2\/tags?post=406390"}],"curies":[{"name":"wp","href":"https:\/\/api.w.org\/{rel}","templated":true}]}}