{"id":406383,"date":"2026-03-11T14:50:51","date_gmt":"2026-03-11T17:50:51","guid":{"rendered":"https:\/\/portaltela.pt\/noticias\/2026\/03\/11\/eddy-doue-encanta-joao-nuno-e-promete-ser-jogador-promissor\/"},"modified":"2026-03-11T14:50:51","modified_gmt":"2026-03-11T17:50:51","slug":"eddy-doue-encanta-joao-nuno-e-promete-ser-jogador-promissor","status":"publish","type":"post","link":"https:\/\/portaltela.pt\/desporto\/futebol\/2026\/03\/11\/eddy-doue-encanta-joao-nuno-e-promete-ser-jogador-promissor\/","title":{"rendered":"Eddy Dou\u00e9 encanta Jo\u00e3o Nuno e promete ser jogador promissor"},"content":{"rendered":"<p>Eddy Dou\u00e9, m\u00e9dio franc\u00eas de 20 anos, chegou ao Estrela da Amadora no mercado de inverno, vindo dos sub-21 do Paris Saint-Germain. O clube det\u00e9m 50 por cento dos seus direitos econ\u00f3micos e o jogador assinou v\u00ednculo v\u00e1lido at\u00e9 2028. A aposta na promessa francesa tem sido uma das pe\u00e7as mais utilizadas desde janeiro.<\/p>\n<p>No empate 2-2 com o Gil Vicente, Dou\u00e9 falhou na ocasi\u00e3o que originou o golo do advers\u00e1rio, quando Santi Garc\u00eda aproveitou um momento de d\u00e9fice na defesa. Apesar da despromo\u00e7\u00e3o moment\u00e2nea, o treinador Jo\u00e3o Nuno manteve a aposta no jovem, destacando o seu potencial t\u00e9cnico e a margem de melhoria num contexto de primeira liga.<\/p>\n<h3>Desempenho atual<\/h3>\n<p>Em sete jogos pelo Estrela (tr\u00eas como titular, quatro como suplente), Dou\u00e9 soma 347 minutos, com 82,86 por cento de acerto no passe, 19 duelos ganhos e 16 recupera\u00e7\u00f5es de bola. No plano ofensivo, regista 9 dribles convertidos em 13 tentativas, evidenciando uma capacidade de desequil\u00edbrio e mobilidade.<\/p>\n<h3>Contexto e perspetiva do clube<\/h3>\n<p>O treinador espera evolu\u00e7\u00f5es r\u00e1pidas de Dou\u00e9, descrevendo-o como um jogador com qualidade t\u00e9cnica evidente e perfil para se tornar uma refer\u00eancia no plantel. A recente aposta mant\u00e9m-se firme, com a possibilidade de o atleta tornar-se numa das grandes vendas futuras do Estrela, caso mantenha a progress\u00e3o exibida at\u00e9 ao momento.<\/p>\n","protected":false},"excerpt":{"rendered":"<ul>\n<li>Eddy Dou\u00e9, m\u00e9dio franc\u00eas de 20 anos, \u00e9 refor\u00e7o de inverno do Estrela da Amadora, vindo dos sub-21 do Paris Saint\u2011Germain, com contrato at\u00e9 2028 e 50 por cento dos direitos econ\u00f3micos detidos pelo campe\u00e3o europeu.<\/li>\n<li>Entrou no plantel a partir de janeiro e j\u00e1 foi utilizado em v\u00e1rios jogos, incluindo o empate de 2-2 com o Gil Vicente, onde sofreu o golo do empate ap\u00f3s um lance envolvendo Santi Garc\u00eda.<\/li>\n<li>O t\u00e9cnico Jo\u00e3o Nuno mant\u00e9m a aposta no jogador, elogiando o talento e o potencial de Dou\u00e9 e reconhecendo que pode errar enquanto se adapta \u00e0 Liga.<\/li>\n<li>Em sete jogos realizados pelos tricolores (tr\u00eas como titular, quatro como suplente), Dou\u00e9 soma 347 minutos, com 82,86 por cento de acerto no passe, 19 duelos ganhos e 16 recupera\u00e7\u00f5es de bola.<\/li>\n<li>No cap\u00edtulo ofensivo, regista 9 dribles bem\u2011sucedidos em 13 tentativas, apontando para um jogador vers\u00e1til que pode evoluir sob a orienta\u00e7\u00e3o do treinador.<\/li>\n<\/ul>\n","protected":false},"author":2,"featured_media":406387,"comment_status":"closed","ping_status":"closed","sticky":false,"template":"","format":"standard","meta":{"footnotes":""},"categories":[21,24],"tags":[1489,1856,32,242,251,5653],"class_list":["post-406383","post","type-post","status-publish","format-standard","has-post-thumbnail","hentry","category-desporto","category-futebol","tag-estrela-da-amadora","tag-franca","tag-futebol","tag-jogadores","tag-juventude","tag-promessas"],"yoast_head":"<!-- This site is optimized with the Yoast SEO plugin v27.2 - https:\/\/yoast.com\/product\/yoast-seo-wordpress\/ -->\n<title>Eddy Dou\u00e9 encanta Jo\u00e3o Nuno e promete ser jogador promissor - Portal Tela Portugal<\/title>\n<meta name=\"robots\" content=\"index, follow, max-snippet:-1, max-image-preview:large, max-video-preview:-1\" \/>\n<meta property=\"og:locale\" content=\"pt_PT\" \/>\n<meta property=\"og:type\" content=\"article\" \/>\n<meta property=\"og:title\" content=\"Eddy Dou\u00e9 encanta Jo\u00e3o Nuno e promete ser jogador promissor - Portal Tela Portugal\" \/>\n<meta property=\"og:description\" content=\"Eddy Dou\u00e9, m\u00e9dio franc\u00eas de 20 anos, \u00e9 refor\u00e7o de inverno do Estrela da Amadora, vindo dos sub-21 do Paris Saint\u2011Germain, com contrato at\u00e9 2028 e 50 por cento dos direitos econ\u00f3micos detidos pelo campe\u00e3o europeu. Entrou no plantel a partir de janeiro e j\u00e1 foi utilizado em v\u00e1rios jogos, incluindo o empate de 2-2 com o Gil Vicente, onde sofreu o golo do empate ap\u00f3s um lance envolvendo Santi Garc\u00eda. O t\u00e9cnico Jo\u00e3o Nuno mant\u00e9m a aposta no jogador, elogiando o talento e o potencial de Dou\u00e9 e reconhecendo que pode errar enquanto se adapta \u00e0 Liga. Em sete jogos realizados pelos tricolores (tr\u00eas como titular, quatro como suplente), Dou\u00e9 soma 347 minutos, com 82,86 por cento de acerto no passe, 19 duelos ganhos e 16 recupera\u00e7\u00f5es de bola. No cap\u00edtulo ofensivo, regista 9 dribles bem\u2011sucedidos em 13 tentativas, apontando para um jogador vers\u00e1til que pode evoluir sob a orienta\u00e7\u00e3o do treinador.\" \/>\n<meta property=\"og:url\" content=\"https:\/\/portaltela.pt\/noticias\/2026\/03\/11\/eddy-doue-encanta-joao-nuno-e-promete-ser-jogador-promissor\/\" \/>\n<meta property=\"og:site_name\" content=\"Portal Tela Portugal\" \/>\n<meta property=\"article:published_time\" content=\"2026-03-11T17:50:51+00:00\" \/>\n<meta name=\"author\" content=\"Telinha\" \/>\n<meta name=\"twitter:card\" content=\"summary_large_image\" \/>\n<meta name=\"twitter:label1\" content=\"Escrito por\" \/>\n\t<meta name=\"twitter:data1\" content=\"Telinha\" \/>\n\t<meta name=\"twitter:label2\" content=\"Tempo estimado de leitura\" \/>\n\t<meta name=\"twitter:data2\" content=\"1 minuto\" \/>\n<script type=\"application\/ld+json\" class=\"yoast-schema-graph\">{\"@context\":\"https:\/\/schema.org\",\"@graph\":[{\"@type\":\"Article\",\"@id\":\"https:\/\/portaltela.pt\/noticias\/2026\/03\/11\/eddy-doue-encanta-joao-nuno-e-promete-ser-jogador-promissor\/#article\",\"isPartOf\":{\"@id\":\"https:\/\/portaltela.pt\/noticias\/2026\/03\/11\/eddy-doue-encanta-joao-nuno-e-promete-ser-jogador-promissor\/\"},\"author\":{\"name\":\"Telinha\",\"@id\":\"https:\/\/portaltela.pt\/#\/schema\/person\/c4278d4a6028830caff9ee44b42d32ed\"},\"headline\":\"Eddy Dou\u00e9 encanta Jo\u00e3o Nuno e promete ser jogador promissor\",\"datePublished\":\"2026-03-11T17:50:51+00:00\",\"mainEntityOfPage\":{\"@id\":\"https:\/\/portaltela.pt\/noticias\/2026\/03\/11\/eddy-doue-encanta-joao-nuno-e-promete-ser-jogador-promissor\/\"},\"wordCount\":241,\"image\":{\"@id\":\"https:\/\/portaltela.pt\/noticias\/2026\/03\/11\/eddy-doue-encanta-joao-nuno-e-promete-ser-jogador-promissor\/#primaryimage\"},\"thumbnailUrl\":\"https:\/\/portaltela.pt\/s.01k8rhncp4jt1\/2026\/03\/img_920x518uu2026-03-11-17-32-43-2426250-im-639088472698826769.jpg\",\"keywords\":[\"Estrela da Amadora\",\"Fran\u00e7a\",\"futebol\",\"jogadores\",\"juventude\",\"promessas\"],\"articleSection\":[\"Desporto\",\"Futebol\"],\"inLanguage\":\"pt-PT\"},{\"@type\":\"WebPage\",\"@id\":\"https:\/\/portaltela.pt\/noticias\/2026\/03\/11\/eddy-doue-encanta-joao-nuno-e-promete-ser-jogador-promissor\/\",\"url\":\"https:\/\/portaltela.pt\/noticias\/2026\/03\/11\/eddy-doue-encanta-joao-nuno-e-promete-ser-jogador-promissor\/\",\"name\":\"Eddy Dou\u00e9 encanta Jo\u00e3o Nuno e promete ser jogador promissor - Portal Tela Portugal\",\"isPartOf\":{\"@id\":\"https:\/\/portaltela.pt\/#website\"},\"primaryImageOfPage\":{\"@id\":\"https:\/\/portaltela.pt\/noticias\/2026\/03\/11\/eddy-doue-encanta-joao-nuno-e-promete-ser-jogador-promissor\/#primaryimage\"},\"image\":{\"@id\":\"https:\/\/portaltela.pt\/noticias\/2026\/03\/11\/eddy-doue-encanta-joao-nuno-e-promete-ser-jogador-promissor\/#primaryimage\"},\"thumbnailUrl\":\"https:\/\/portaltela.pt\/s.01k8rhncp4jt1\/2026\/03\/img_920x518uu2026-03-11-17-32-43-2426250-im-639088472698826769.jpg\",\"datePublished\":\"2026-03-11T17:50:51+00:00\",\"author\":{\"@id\":\"https:\/\/portaltela.pt\/#\/schema\/person\/c4278d4a6028830caff9ee44b42d32ed\"},\"breadcrumb\":{\"@id\":\"https:\/\/portaltela.pt\/noticias\/2026\/03\/11\/eddy-doue-encanta-joao-nuno-e-promete-ser-jogador-promissor\/#breadcrumb\"},\"inLanguage\":\"pt-PT\",\"potentialAction\":[{\"@type\":\"ReadAction\",\"target\":[\"https:\/\/portaltela.pt\/noticias\/2026\/03\/11\/eddy-doue-encanta-joao-nuno-e-promete-ser-jogador-promissor\/\"]}]},{\"@type\":\"ImageObject\",\"inLanguage\":\"pt-PT\",\"@id\":\"https:\/\/portaltela.pt\/noticias\/2026\/03\/11\/eddy-doue-encanta-joao-nuno-e-promete-ser-jogador-promissor\/#primaryimage\",\"url\":\"https:\/\/portaltela.pt\/s.01k8rhncp4jt1\/2026\/03\/img_920x518uu2026-03-11-17-32-43-2426250-im-639088472698826769.jpg\",\"contentUrl\":\"https:\/\/portaltela.pt\/s.01k8rhncp4jt1\/2026\/03\/img_920x518uu2026-03-11-17-32-43-2426250-im-639088472698826769.jpg\",\"width\":796,\"height\":448,\"caption\":\"Eddy Dou\u00e9 em a\u00e7\u00e3o contra o V. Guimar\u00e3es\"},{\"@type\":\"BreadcrumbList\",\"@id\":\"https:\/\/portaltela.pt\/noticias\/2026\/03\/11\/eddy-doue-encanta-joao-nuno-e-promete-ser-jogador-promissor\/#breadcrumb\",\"itemListElement\":[{\"@type\":\"ListItem\",\"position\":1,\"name\":\"In\u00edcio\",\"item\":\"https:\/\/portaltela.pt\/\"},{\"@type\":\"ListItem\",\"position\":2,\"name\":\"Eddy Dou\u00e9 encanta Jo\u00e3o Nuno e promete ser jogador promissor\"}]},{\"@type\":\"WebSite\",\"@id\":\"https:\/\/portaltela.pt\/#website\",\"url\":\"https:\/\/portaltela.pt\/\",\"name\":\"Portal Tela Portugal\",\"description\":\"\",\"potentialAction\":[{\"@type\":\"SearchAction\",\"target\":{\"@type\":\"EntryPoint\",\"urlTemplate\":\"https:\/\/portaltela.pt\/?s={search_term_string}\"},\"query-input\":{\"@type\":\"PropertyValueSpecification\",\"valueRequired\":true,\"valueName\":\"search_term_string\"}}],\"inLanguage\":\"pt-PT\"},{\"@type\":\"Person\",\"@id\":\"https:\/\/portaltela.pt\/#\/schema\/person\/c4278d4a6028830caff9ee44b42d32ed\",\"name\":\"Telinha\",\"image\":{\"@type\":\"ImageObject\",\"inLanguage\":\"pt-PT\",\"@id\":\"https:\/\/portaltela.pt\/s.01k8rhncp4jt1\/2025\/11\/talking-bot-125x125.png\",\"url\":\"https:\/\/portaltela.pt\/s.01k8rhncp4jt1\/2025\/11\/talking-bot-125x125.png\",\"contentUrl\":\"https:\/\/portaltela.pt\/s.01k8rhncp4jt1\/2025\/11\/talking-bot-125x125.png\",\"caption\":\"Telinha\"},\"sameAs\":[\"https:\/\/portaltela.pt\/\"],\"url\":\"https:\/\/portaltela.pt\/por\/367410592786\/\"}]}<\/script>\n<!-- \/ Yoast SEO plugin. -->","yoast_head_json":{"title":"Eddy Dou\u00e9 encanta Jo\u00e3o Nuno e promete ser jogador promissor - Portal Tela Portugal","robots":{"index":"index","follow":"follow","max-snippet":"max-snippet:-1","max-image-preview":"max-image-preview:large","max-video-preview":"max-video-preview:-1"},"og_locale":"pt_PT","og_type":"article","og_title":"Eddy Dou\u00e9 encanta Jo\u00e3o Nuno e promete ser jogador promissor - Portal Tela Portugal","og_description":"Eddy Dou\u00e9, m\u00e9dio franc\u00eas de 20 anos, \u00e9 refor\u00e7o de inverno do Estrela da Amadora, vindo dos sub-21 do Paris Saint\u2011Germain, com contrato at\u00e9 2028 e 50 por cento dos direitos econ\u00f3micos detidos pelo campe\u00e3o europeu. Entrou no plantel a partir de janeiro e j\u00e1 foi utilizado em v\u00e1rios jogos, incluindo o empate de 2-2 com o Gil Vicente, onde sofreu o golo do empate ap\u00f3s um lance envolvendo Santi Garc\u00eda. O t\u00e9cnico Jo\u00e3o Nuno mant\u00e9m a aposta no jogador, elogiando o talento e o potencial de Dou\u00e9 e reconhecendo que pode errar enquanto se adapta \u00e0 Liga. Em sete jogos realizados pelos tricolores (tr\u00eas como titular, quatro como suplente), Dou\u00e9 soma 347 minutos, com 82,86 por cento de acerto no passe, 19 duelos ganhos e 16 recupera\u00e7\u00f5es de bola. No cap\u00edtulo ofensivo, regista 9 dribles bem\u2011sucedidos em 13 tentativas, apontando para um jogador vers\u00e1til que pode evoluir sob a orienta\u00e7\u00e3o do treinador.","og_url":"https:\/\/portaltela.pt\/noticias\/2026\/03\/11\/eddy-doue-encanta-joao-nuno-e-promete-ser-jogador-promissor\/","og_site_name":"Portal Tela Portugal","article_published_time":"2026-03-11T17:50:51+00:00","author":"Telinha","twitter_card":"summary_large_image","twitter_misc":{"Escrito por":"Telinha","Tempo estimado de leitura":"1 minuto"},"schema":{"@context":"https:\/\/schema.org","@graph":[{"@type":"Article","@id":"https:\/\/portaltela.pt\/noticias\/2026\/03\/11\/eddy-doue-encanta-joao-nuno-e-promete-ser-jogador-promissor\/#article","isPartOf":{"@id":"https:\/\/portaltela.pt\/noticias\/2026\/03\/11\/eddy-doue-encanta-joao-nuno-e-promete-ser-jogador-promissor\/"},"author":{"name":"Telinha","@id":"https:\/\/portaltela.pt\/#\/schema\/person\/c4278d4a6028830caff9ee44b42d32ed"},"headline":"Eddy Dou\u00e9 encanta Jo\u00e3o Nuno e promete ser jogador promissor","datePublished":"2026-03-11T17:50:51+00:00","mainEntityOfPage":{"@id":"https:\/\/portaltela.pt\/noticias\/2026\/03\/11\/eddy-doue-encanta-joao-nuno-e-promete-ser-jogador-promissor\/"},"wordCount":241,"image":{"@id":"https:\/\/portaltela.pt\/noticias\/2026\/03\/11\/eddy-doue-encanta-joao-nuno-e-promete-ser-jogador-promissor\/#primaryimage"},"thumbnailUrl":"https:\/\/portaltela.pt\/s.01k8rhncp4jt1\/2026\/03\/img_920x518uu2026-03-11-17-32-43-2426250-im-639088472698826769.jpg","keywords":["Estrela da Amadora","Fran\u00e7a","futebol","jogadores","juventude","promessas"],"articleSection":["Desporto","Futebol"],"inLanguage":"pt-PT"},{"@type":"WebPage","@id":"https:\/\/portaltela.pt\/noticias\/2026\/03\/11\/eddy-doue-encanta-joao-nuno-e-promete-ser-jogador-promissor\/","url":"https:\/\/portaltela.pt\/noticias\/2026\/03\/11\/eddy-doue-encanta-joao-nuno-e-promete-ser-jogador-promissor\/","name":"Eddy Dou\u00e9 encanta Jo\u00e3o Nuno e promete ser jogador promissor - Portal Tela Portugal","isPartOf":{"@id":"https:\/\/portaltela.pt\/#website"},"primaryImageOfPage":{"@id":"https:\/\/portaltela.pt\/noticias\/2026\/03\/11\/eddy-doue-encanta-joao-nuno-e-promete-ser-jogador-promissor\/#primaryimage"},"image":{"@id":"https:\/\/portaltela.pt\/noticias\/2026\/03\/11\/eddy-doue-encanta-joao-nuno-e-promete-ser-jogador-promissor\/#primaryimage"},"thumbnailUrl":"https:\/\/portaltela.pt\/s.01k8rhncp4jt1\/2026\/03\/img_920x518uu2026-03-11-17-32-43-2426250-im-639088472698826769.jpg","datePublished":"2026-03-11T17:50:51+00:00","author":{"@id":"https:\/\/portaltela.pt\/#\/schema\/person\/c4278d4a6028830caff9ee44b42d32ed"},"breadcrumb":{"@id":"https:\/\/portaltela.pt\/noticias\/2026\/03\/11\/eddy-doue-encanta-joao-nuno-e-promete-ser-jogador-promissor\/#breadcrumb"},"inLanguage":"pt-PT","potentialAction":[{"@type":"ReadAction","target":["https:\/\/portaltela.pt\/noticias\/2026\/03\/11\/eddy-doue-encanta-joao-nuno-e-promete-ser-jogador-promissor\/"]}]},{"@type":"ImageObject","inLanguage":"pt-PT","@id":"https:\/\/portaltela.pt\/noticias\/2026\/03\/11\/eddy-doue-encanta-joao-nuno-e-promete-ser-jogador-promissor\/#primaryimage","url":"https:\/\/portaltela.pt\/s.01k8rhncp4jt1\/2026\/03\/img_920x518uu2026-03-11-17-32-43-2426250-im-639088472698826769.jpg","contentUrl":"https:\/\/portaltela.pt\/s.01k8rhncp4jt1\/2026\/03\/img_920x518uu2026-03-11-17-32-43-2426250-im-639088472698826769.jpg","width":796,"height":448,"caption":"Eddy Dou\u00e9 em a\u00e7\u00e3o contra o V. Guimar\u00e3es"},{"@type":"BreadcrumbList","@id":"https:\/\/portaltela.pt\/noticias\/2026\/03\/11\/eddy-doue-encanta-joao-nuno-e-promete-ser-jogador-promissor\/#breadcrumb","itemListElement":[{"@type":"ListItem","position":1,"name":"In\u00edcio","item":"https:\/\/portaltela.pt\/"},{"@type":"ListItem","position":2,"name":"Eddy Dou\u00e9 encanta Jo\u00e3o Nuno e promete ser jogador promissor"}]},{"@type":"WebSite","@id":"https:\/\/portaltela.pt\/#website","url":"https:\/\/portaltela.pt\/","name":"Portal Tela Portugal","description":"","potentialAction":[{"@type":"SearchAction","target":{"@type":"EntryPoint","urlTemplate":"https:\/\/portaltela.pt\/?s={search_term_string}"},"query-input":{"@type":"PropertyValueSpecification","valueRequired":true,"valueName":"search_term_string"}}],"inLanguage":"pt-PT"},{"@type":"Person","@id":"https:\/\/portaltela.pt\/#\/schema\/person\/c4278d4a6028830caff9ee44b42d32ed","name":"Telinha","image":{"@type":"ImageObject","inLanguage":"pt-PT","@id":"https:\/\/portaltela.pt\/s.01k8rhncp4jt1\/2025\/11\/talking-bot-125x125.png","url":"https:\/\/portaltela.pt\/s.01k8rhncp4jt1\/2025\/11\/talking-bot-125x125.png","contentUrl":"https:\/\/portaltela.pt\/s.01k8rhncp4jt1\/2025\/11\/talking-bot-125x125.png","caption":"Telinha"},"sameAs":["https:\/\/portaltela.pt\/"],"url":"https:\/\/portaltela.pt\/por\/367410592786\/"}]}},"_links":{"self":[{"href":"https:\/\/portaltela.pt\/api\/wp\/v2\/posts\/406383","targetHints":{"allow":["GET"]}}],"collection":[{"href":"https:\/\/portaltela.pt\/api\/wp\/v2\/posts"}],"about":[{"href":"https:\/\/portaltela.pt\/api\/wp\/v2\/types\/post"}],"author":[{"embeddable":true,"href":"https:\/\/portaltela.pt\/api\/wp\/v2\/users\/2"}],"replies":[{"embeddable":true,"href":"https:\/\/portaltela.pt\/api\/wp\/v2\/comments?post=406383"}],"version-history":[{"count":0,"href":"https:\/\/portaltela.pt\/api\/wp\/v2\/posts\/406383\/revisions"}],"wp:featuredmedia":[{"embeddable":true,"href":"https:\/\/portaltela.pt\/api\/wp\/v2\/media\/406387"}],"wp:attachment":[{"href":"https:\/\/portaltela.pt\/api\/wp\/v2\/media?parent=406383"}],"wp:term":[{"taxonomy":"category","embeddable":true,"href":"https:\/\/portaltela.pt\/api\/wp\/v2\/categories?post=406383"},{"taxonomy":"post_tag","embeddable":true,"href":"https:\/\/portaltela.pt\/api\/wp\/v2\/tags?post=406383"}],"curies":[{"name":"wp","href":"https:\/\/api.w.org\/{rel}","templated":true}]}}