{"id":406362,"date":"2026-03-11T14:28:00","date_gmt":"2026-03-11T17:28:00","guid":{"rendered":"https:\/\/portaltela.pt\/noticias\/2026\/03\/11\/gala-michelin-traz-noite-de-estrelas-e-seis-perguntas\/"},"modified":"2026-03-11T14:28:00","modified_gmt":"2026-03-11T17:28:00","slug":"gala-michelin-traz-noite-de-estrelas-e-seis-perguntas","status":"publish","type":"post","link":"https:\/\/portaltela.pt\/noticias\/2026\/03\/11\/gala-michelin-traz-noite-de-estrelas-e-seis-perguntas\/","title":{"rendered":"Gala Michelin traz noite de estrelas e seis perguntas"},"content":{"rendered":"<p>A 3.\u00aa Gala Michelin Portugal decorreu na ter\u00e7a-feira, no Funchal, com a entrega de duas estrelas novas ao Fifty Seconds, dez novas 1 estrela, 34 Recomendados e uma estrela Verde. A cerim\u00f3nia confirmou mudan\u00e7as significativas no panorama gastron\u00f3mico nacional, depois de uma noite de v\u00e1rias leituras e bastidores.<\/p>\n<p>A Michelin n\u00e3o divulga detalhes sobre as decis\u00f5es; o processo \u00e9 conduzido por inspetores que n\u00e3o falam publicamente. Depois de uma edi\u00e7\u00e3o marcada por ansiedades, a gala de 2026 refor\u00e7a o papel do Guia na visibilidade dos restaurantes em Portugal.<\/p>\n<p>A estrela \u00e9 do chef? O caso S\u00e1 Pessoa<\/p>\n<p>A decis\u00e3o da Michelin em manter as duas estrelas de S\u00e1 Pessoa no novo espa\u00e7o gerou debate sobre se as estrelas correspondem ao chef ou ao restaurante. Embora o Alma tenha encerrado, a Michelin confirmou a atribui\u00e7\u00e3o ao novo projeto do chef. A empresa n\u00e3o comenta a din\u00e2mica entre restaurante, equipa e menu.<\/p>\n<p>O que muda para o conceito do restaurante permanece em aberto. A gala n\u00e3o esclarece a quem pertencem as estrelas, apenas confirma a manuten\u00e7\u00e3o do n\u00edvel de qualidade na nova casa do chef, numa leitura que pode ter implica\u00e7\u00f5es para casos semelhantes no futuro.<\/p>\n<p>E o caso Espor\u00e3o?<\/p>\n<p>Carlos Teixeira anunciou a sa\u00edda do Espor\u00e3o, com planos de alterar o conceito para uma oferta mais acess\u00edvel. Na gala, por\u00e9m, manteve-se a estrela j\u00e1 atribu\u00edda, sugerindo que a Michelin aposta na continuidade da qualidade apesar das mudan\u00e7as de conceito. O Espor\u00e3o informou previamente o Guia sobre a adapta\u00e7\u00e3o.<\/p>\n<p>A manuten\u00e7\u00e3o da estrela indica que o restaurante pretende preservar o padr\u00e3o de excel\u00eancia, ainda que o conceito passe por altera\u00e7\u00f5es. A rela\u00e7\u00e3o entre mudan\u00e7as de conceito e pr\u00e9mios do Guia continua a ser tema de an\u00e1lise no sector.<\/p>\n<p>As estrelas est\u00e3o bem distribu\u00eddas pelo pa\u00eds?<\/p>\n<p>Os A\u00e7ores continuam fora, com debate quanto \u00e0 waited de entrada de restaurantes da regi\u00e3o. Alguns bastidores sugerem que n\u00e3o h\u00e1 restaurantes com o n\u00edvel para os Recomendados, ou que os A\u00e7ores n\u00e3o foram priorit\u00e1rios para este lote. Fora os A\u00e7ores, o mapa revela um id\u00eantico dinamismo noutras regi\u00f5es.<\/p>\n<p>No Norte, especialmente no Porto, houve destaque com v\u00e1rias novidades, e o Algarve registou oito novos Recomendados, incluindo dois em Almancil. O Intemporal, em Pa\u00e7o de Arcos, entrou para os Recomendados sem o envolvimento do fundador Miguel Laffan, que saiu do projeto.<\/p>\n<p>A terceira estrela ainda \u00e9 uma obsess\u00e3o nacional?<\/p>\n<p>O tema persiste, mas parece ter ganho consist\u00eancia: tr\u00eas estrelas exigem visitas repetidas e unanimidade entre inspectores. A exist\u00eancia de um guia separado para Portugal n\u00e3o garante automaticamente uma subida ao patamar m\u00e1ximo. A paci\u00eancia continua a ser parte da avalia\u00e7\u00e3o.<\/p>\n<p>A Michelin continua a ser muito importante?<\/p>\n<p>A presen\u00e7a de chefs no Funchal e a relev\u00e2ncia das estrelas demonstram a import\u00e2ncia do Guia para a viabilidade de neg\u00f3cios na restaura\u00e7\u00e3o. Contudo, o ass\u00e9dio da press\u00e3o pode afetar a sa\u00fade mental de equipas e promover uma poss\u00edvel uniformiza\u00e7\u00e3o de estilos. O equil\u00edbrio entre identidade e exig\u00eancia permanece crucial.<\/p>\n<p>Houve outros temas dominantes na Gala?<\/p>\n<p>Sim. Surgiu a not\u00edcia sobre alega\u00e7\u00f5es de viol\u00eancia no Noma, envolvendo Ren\u00e9 Redzepi, o que tem provocado choque na comunidade gastron\u00f3mica. Embora haja cautela na divulga\u00e7\u00e3o de depoimentos passados, alguns veem este caso como poss\u00edvel ponto de viragem para pol\u00edticas de conduta no setor. A Michelin ainda n\u00e3o articulou posi\u00e7\u00e3o p\u00fablica sobre este assunto.<\/p>\n","protected":false},"excerpt":{"rendered":"<ul>\n<li>A 3.\u00aa Gala Michelin Portugal realizou-se no Funchal, com anuncio de uma nova 2 estrelas (Fifty Seconds), dez novas 1 estrelas, 34 Recomendados e 1 estrela Verde.<\/li>\n<li>Henrique S\u00e1 Pessoa manteve as duas estrelas no seu novo restaurante, levantando a discuss\u00e3o sobre se as estrelas s\u00e3o do chef ou do restaurante.<\/li>\n<li>Espor\u00e3o mant\u00e9m a estrela, apesar da sa\u00edda do chef Carlos Teixeira e de mudan\u00e7a de conceito para uma oferta mais acess\u00edvel.<\/li>\n<li>A\u00e7ores continuam sem estrelas; Porto e Norte do pa\u00eds ganham destaque, com Algarve a registar oito novos Recomendados.<\/li>\n<li>A atribui\u00e7\u00e3o de tr\u00eas estrelas permanece incerta, exigindo v\u00e1rias visitas e unanimidade entre inspectores; perce\u00e7\u00e3o de que o Guia de Portugal n\u00e3o garante automaticamente tr\u00eas estrelas.<\/li>\n<\/ul>\n","protected":false},"author":2,"featured_media":406370,"comment_status":"closed","ping_status":"closed","sticky":false,"template":"","format":"standard","meta":{"footnotes":""},"categories":[1],"tags":[822,5877,1120,219,6398,1931],"class_list":["post-406362","post","type-post","status-publish","format-standard","has-post-thumbnail","hentry","category-noticias","tag-acores","tag-esporao","tag-funchal","tag-gastronomia","tag-restauracao","tag-restaurantes"],"yoast_head":"<!-- This site is optimized with the Yoast SEO plugin v27.2 - https:\/\/yoast.com\/product\/yoast-seo-wordpress\/ -->\n<title>Gala Michelin traz noite de estrelas e seis perguntas - Portal Tela Portugal<\/title>\n<meta name=\"robots\" content=\"index, follow, max-snippet:-1, max-image-preview:large, max-video-preview:-1\" \/>\n<meta property=\"og:locale\" content=\"pt_PT\" \/>\n<meta property=\"og:type\" content=\"article\" \/>\n<meta property=\"og:title\" content=\"Gala Michelin traz noite de estrelas e seis perguntas - Portal Tela Portugal\" \/>\n<meta property=\"og:description\" content=\"A 3.\u00aa Gala Michelin Portugal realizou-se no Funchal, com anuncio de uma nova 2 estrelas (Fifty Seconds), dez novas 1 estrelas, 34 Recomendados e 1 estrela Verde. Henrique S\u00e1 Pessoa manteve as duas estrelas no seu novo restaurante, levantando a discuss\u00e3o sobre se as estrelas s\u00e3o do chef ou do restaurante. Espor\u00e3o mant\u00e9m a estrela, apesar da sa\u00edda do chef Carlos Teixeira e de mudan\u00e7a de conceito para uma oferta mais acess\u00edvel. A\u00e7ores continuam sem estrelas; Porto e Norte do pa\u00eds ganham destaque, com Algarve a registar oito novos Recomendados. A atribui\u00e7\u00e3o de tr\u00eas estrelas permanece incerta, exigindo v\u00e1rias visitas e unanimidade entre inspectores; perce\u00e7\u00e3o de que o Guia de Portugal n\u00e3o garante automaticamente tr\u00eas estrelas.\" \/>\n<meta property=\"og:url\" content=\"https:\/\/portaltela.pt\/noticias\/2026\/03\/11\/gala-michelin-traz-noite-de-estrelas-e-seis-perguntas\/\" \/>\n<meta property=\"og:site_name\" content=\"Portal Tela Portugal\" \/>\n<meta property=\"article:published_time\" content=\"2026-03-11T17:28:00+00:00\" \/>\n<meta name=\"author\" content=\"Telinha\" \/>\n<meta name=\"twitter:card\" content=\"summary_large_image\" \/>\n<meta name=\"twitter:label1\" content=\"Escrito por\" \/>\n\t<meta name=\"twitter:data1\" content=\"Telinha\" \/>\n\t<meta name=\"twitter:label2\" content=\"Tempo estimado de leitura\" \/>\n\t<meta name=\"twitter:data2\" content=\"3 minutos\" \/>\n<script type=\"application\/ld+json\" class=\"yoast-schema-graph\">{\"@context\":\"https:\/\/schema.org\",\"@graph\":[{\"@type\":\"Article\",\"@id\":\"https:\/\/portaltela.pt\/noticias\/2026\/03\/11\/gala-michelin-traz-noite-de-estrelas-e-seis-perguntas\/#article\",\"isPartOf\":{\"@id\":\"https:\/\/portaltela.pt\/noticias\/2026\/03\/11\/gala-michelin-traz-noite-de-estrelas-e-seis-perguntas\/\"},\"author\":{\"name\":\"Telinha\",\"@id\":\"https:\/\/portaltela.pt\/#\/schema\/person\/c4278d4a6028830caff9ee44b42d32ed\"},\"headline\":\"Gala Michelin traz noite de estrelas e seis perguntas\",\"datePublished\":\"2026-03-11T17:28:00+00:00\",\"mainEntityOfPage\":{\"@id\":\"https:\/\/portaltela.pt\/noticias\/2026\/03\/11\/gala-michelin-traz-noite-de-estrelas-e-seis-perguntas\/\"},\"wordCount\":632,\"image\":{\"@id\":\"https:\/\/portaltela.pt\/noticias\/2026\/03\/11\/gala-michelin-traz-noite-de-estrelas-e-seis-perguntas\/#primaryimage\"},\"thumbnailUrl\":\"https:\/\/portaltela.pt\/s.01k8rhncp4jt1\/2026\/03\/2073391.jpg\",\"keywords\":[\"A\u00e7ores\",\"Espor\u00e3o\",\"Funchal\",\"gastronomia\",\"restaura\u00e7\u00e3o\",\"restaurantes\"],\"articleSection\":[\"Not\u00edcias\"],\"inLanguage\":\"pt-PT\"},{\"@type\":\"WebPage\",\"@id\":\"https:\/\/portaltela.pt\/noticias\/2026\/03\/11\/gala-michelin-traz-noite-de-estrelas-e-seis-perguntas\/\",\"url\":\"https:\/\/portaltela.pt\/noticias\/2026\/03\/11\/gala-michelin-traz-noite-de-estrelas-e-seis-perguntas\/\",\"name\":\"Gala Michelin traz noite de estrelas e seis perguntas - Portal Tela Portugal\",\"isPartOf\":{\"@id\":\"https:\/\/portaltela.pt\/#website\"},\"primaryImageOfPage\":{\"@id\":\"https:\/\/portaltela.pt\/noticias\/2026\/03\/11\/gala-michelin-traz-noite-de-estrelas-e-seis-perguntas\/#primaryimage\"},\"image\":{\"@id\":\"https:\/\/portaltela.pt\/noticias\/2026\/03\/11\/gala-michelin-traz-noite-de-estrelas-e-seis-perguntas\/#primaryimage\"},\"thumbnailUrl\":\"https:\/\/portaltela.pt\/s.01k8rhncp4jt1\/2026\/03\/2073391.jpg\",\"datePublished\":\"2026-03-11T17:28:00+00:00\",\"author\":{\"@id\":\"https:\/\/portaltela.pt\/#\/schema\/person\/c4278d4a6028830caff9ee44b42d32ed\"},\"breadcrumb\":{\"@id\":\"https:\/\/portaltela.pt\/noticias\/2026\/03\/11\/gala-michelin-traz-noite-de-estrelas-e-seis-perguntas\/#breadcrumb\"},\"inLanguage\":\"pt-PT\",\"potentialAction\":[{\"@type\":\"ReadAction\",\"target\":[\"https:\/\/portaltela.pt\/noticias\/2026\/03\/11\/gala-michelin-traz-noite-de-estrelas-e-seis-perguntas\/\"]}]},{\"@type\":\"ImageObject\",\"inLanguage\":\"pt-PT\",\"@id\":\"https:\/\/portaltela.pt\/noticias\/2026\/03\/11\/gala-michelin-traz-noite-de-estrelas-e-seis-perguntas\/#primaryimage\",\"url\":\"https:\/\/portaltela.pt\/s.01k8rhncp4jt1\/2026\/03\/2073391.jpg\",\"contentUrl\":\"https:\/\/portaltela.pt\/s.01k8rhncp4jt1\/2026\/03\/2073391.jpg\",\"width\":796,\"height\":448,\"caption\":\"Rui Silvestre, do Fifty Seconds, foi um dos grandes vencedores da noite\"},{\"@type\":\"BreadcrumbList\",\"@id\":\"https:\/\/portaltela.pt\/noticias\/2026\/03\/11\/gala-michelin-traz-noite-de-estrelas-e-seis-perguntas\/#breadcrumb\",\"itemListElement\":[{\"@type\":\"ListItem\",\"position\":1,\"name\":\"In\u00edcio\",\"item\":\"https:\/\/portaltela.pt\/\"},{\"@type\":\"ListItem\",\"position\":2,\"name\":\"Gala Michelin traz noite de estrelas e seis perguntas\"}]},{\"@type\":\"WebSite\",\"@id\":\"https:\/\/portaltela.pt\/#website\",\"url\":\"https:\/\/portaltela.pt\/\",\"name\":\"Portal Tela Portugal\",\"description\":\"\",\"potentialAction\":[{\"@type\":\"SearchAction\",\"target\":{\"@type\":\"EntryPoint\",\"urlTemplate\":\"https:\/\/portaltela.pt\/?s={search_term_string}\"},\"query-input\":{\"@type\":\"PropertyValueSpecification\",\"valueRequired\":true,\"valueName\":\"search_term_string\"}}],\"inLanguage\":\"pt-PT\"},{\"@type\":\"Person\",\"@id\":\"https:\/\/portaltela.pt\/#\/schema\/person\/c4278d4a6028830caff9ee44b42d32ed\",\"name\":\"Telinha\",\"image\":{\"@type\":\"ImageObject\",\"inLanguage\":\"pt-PT\",\"@id\":\"https:\/\/portaltela.pt\/s.01k8rhncp4jt1\/2025\/11\/talking-bot-125x125.png\",\"url\":\"https:\/\/portaltela.pt\/s.01k8rhncp4jt1\/2025\/11\/talking-bot-125x125.png\",\"contentUrl\":\"https:\/\/portaltela.pt\/s.01k8rhncp4jt1\/2025\/11\/talking-bot-125x125.png\",\"caption\":\"Telinha\"},\"sameAs\":[\"https:\/\/portaltela.pt\/\"],\"url\":\"https:\/\/portaltela.pt\/por\/367410592786\/\"}]}<\/script>\n<!-- \/ Yoast SEO plugin. -->","yoast_head_json":{"title":"Gala Michelin traz noite de estrelas e seis perguntas - Portal Tela Portugal","robots":{"index":"index","follow":"follow","max-snippet":"max-snippet:-1","max-image-preview":"max-image-preview:large","max-video-preview":"max-video-preview:-1"},"og_locale":"pt_PT","og_type":"article","og_title":"Gala Michelin traz noite de estrelas e seis perguntas - Portal Tela Portugal","og_description":"A 3.\u00aa Gala Michelin Portugal realizou-se no Funchal, com anuncio de uma nova 2 estrelas (Fifty Seconds), dez novas 1 estrelas, 34 Recomendados e 1 estrela Verde. Henrique S\u00e1 Pessoa manteve as duas estrelas no seu novo restaurante, levantando a discuss\u00e3o sobre se as estrelas s\u00e3o do chef ou do restaurante. Espor\u00e3o mant\u00e9m a estrela, apesar da sa\u00edda do chef Carlos Teixeira e de mudan\u00e7a de conceito para uma oferta mais acess\u00edvel. A\u00e7ores continuam sem estrelas; Porto e Norte do pa\u00eds ganham destaque, com Algarve a registar oito novos Recomendados. A atribui\u00e7\u00e3o de tr\u00eas estrelas permanece incerta, exigindo v\u00e1rias visitas e unanimidade entre inspectores; perce\u00e7\u00e3o de que o Guia de Portugal n\u00e3o garante automaticamente tr\u00eas estrelas.","og_url":"https:\/\/portaltela.pt\/noticias\/2026\/03\/11\/gala-michelin-traz-noite-de-estrelas-e-seis-perguntas\/","og_site_name":"Portal Tela Portugal","article_published_time":"2026-03-11T17:28:00+00:00","author":"Telinha","twitter_card":"summary_large_image","twitter_misc":{"Escrito por":"Telinha","Tempo estimado de leitura":"3 minutos"},"schema":{"@context":"https:\/\/schema.org","@graph":[{"@type":"Article","@id":"https:\/\/portaltela.pt\/noticias\/2026\/03\/11\/gala-michelin-traz-noite-de-estrelas-e-seis-perguntas\/#article","isPartOf":{"@id":"https:\/\/portaltela.pt\/noticias\/2026\/03\/11\/gala-michelin-traz-noite-de-estrelas-e-seis-perguntas\/"},"author":{"name":"Telinha","@id":"https:\/\/portaltela.pt\/#\/schema\/person\/c4278d4a6028830caff9ee44b42d32ed"},"headline":"Gala Michelin traz noite de estrelas e seis perguntas","datePublished":"2026-03-11T17:28:00+00:00","mainEntityOfPage":{"@id":"https:\/\/portaltela.pt\/noticias\/2026\/03\/11\/gala-michelin-traz-noite-de-estrelas-e-seis-perguntas\/"},"wordCount":632,"image":{"@id":"https:\/\/portaltela.pt\/noticias\/2026\/03\/11\/gala-michelin-traz-noite-de-estrelas-e-seis-perguntas\/#primaryimage"},"thumbnailUrl":"https:\/\/portaltela.pt\/s.01k8rhncp4jt1\/2026\/03\/2073391.jpg","keywords":["A\u00e7ores","Espor\u00e3o","Funchal","gastronomia","restaura\u00e7\u00e3o","restaurantes"],"articleSection":["Not\u00edcias"],"inLanguage":"pt-PT"},{"@type":"WebPage","@id":"https:\/\/portaltela.pt\/noticias\/2026\/03\/11\/gala-michelin-traz-noite-de-estrelas-e-seis-perguntas\/","url":"https:\/\/portaltela.pt\/noticias\/2026\/03\/11\/gala-michelin-traz-noite-de-estrelas-e-seis-perguntas\/","name":"Gala Michelin traz noite de estrelas e seis perguntas - Portal Tela Portugal","isPartOf":{"@id":"https:\/\/portaltela.pt\/#website"},"primaryImageOfPage":{"@id":"https:\/\/portaltela.pt\/noticias\/2026\/03\/11\/gala-michelin-traz-noite-de-estrelas-e-seis-perguntas\/#primaryimage"},"image":{"@id":"https:\/\/portaltela.pt\/noticias\/2026\/03\/11\/gala-michelin-traz-noite-de-estrelas-e-seis-perguntas\/#primaryimage"},"thumbnailUrl":"https:\/\/portaltela.pt\/s.01k8rhncp4jt1\/2026\/03\/2073391.jpg","datePublished":"2026-03-11T17:28:00+00:00","author":{"@id":"https:\/\/portaltela.pt\/#\/schema\/person\/c4278d4a6028830caff9ee44b42d32ed"},"breadcrumb":{"@id":"https:\/\/portaltela.pt\/noticias\/2026\/03\/11\/gala-michelin-traz-noite-de-estrelas-e-seis-perguntas\/#breadcrumb"},"inLanguage":"pt-PT","potentialAction":[{"@type":"ReadAction","target":["https:\/\/portaltela.pt\/noticias\/2026\/03\/11\/gala-michelin-traz-noite-de-estrelas-e-seis-perguntas\/"]}]},{"@type":"ImageObject","inLanguage":"pt-PT","@id":"https:\/\/portaltela.pt\/noticias\/2026\/03\/11\/gala-michelin-traz-noite-de-estrelas-e-seis-perguntas\/#primaryimage","url":"https:\/\/portaltela.pt\/s.01k8rhncp4jt1\/2026\/03\/2073391.jpg","contentUrl":"https:\/\/portaltela.pt\/s.01k8rhncp4jt1\/2026\/03\/2073391.jpg","width":796,"height":448,"caption":"Rui Silvestre, do Fifty Seconds, foi um dos grandes vencedores da noite"},{"@type":"BreadcrumbList","@id":"https:\/\/portaltela.pt\/noticias\/2026\/03\/11\/gala-michelin-traz-noite-de-estrelas-e-seis-perguntas\/#breadcrumb","itemListElement":[{"@type":"ListItem","position":1,"name":"In\u00edcio","item":"https:\/\/portaltela.pt\/"},{"@type":"ListItem","position":2,"name":"Gala Michelin traz noite de estrelas e seis perguntas"}]},{"@type":"WebSite","@id":"https:\/\/portaltela.pt\/#website","url":"https:\/\/portaltela.pt\/","name":"Portal Tela Portugal","description":"","potentialAction":[{"@type":"SearchAction","target":{"@type":"EntryPoint","urlTemplate":"https:\/\/portaltela.pt\/?s={search_term_string}"},"query-input":{"@type":"PropertyValueSpecification","valueRequired":true,"valueName":"search_term_string"}}],"inLanguage":"pt-PT"},{"@type":"Person","@id":"https:\/\/portaltela.pt\/#\/schema\/person\/c4278d4a6028830caff9ee44b42d32ed","name":"Telinha","image":{"@type":"ImageObject","inLanguage":"pt-PT","@id":"https:\/\/portaltela.pt\/s.01k8rhncp4jt1\/2025\/11\/talking-bot-125x125.png","url":"https:\/\/portaltela.pt\/s.01k8rhncp4jt1\/2025\/11\/talking-bot-125x125.png","contentUrl":"https:\/\/portaltela.pt\/s.01k8rhncp4jt1\/2025\/11\/talking-bot-125x125.png","caption":"Telinha"},"sameAs":["https:\/\/portaltela.pt\/"],"url":"https:\/\/portaltela.pt\/por\/367410592786\/"}]}},"_links":{"self":[{"href":"https:\/\/portaltela.pt\/api\/wp\/v2\/posts\/406362","targetHints":{"allow":["GET"]}}],"collection":[{"href":"https:\/\/portaltela.pt\/api\/wp\/v2\/posts"}],"about":[{"href":"https:\/\/portaltela.pt\/api\/wp\/v2\/types\/post"}],"author":[{"embeddable":true,"href":"https:\/\/portaltela.pt\/api\/wp\/v2\/users\/2"}],"replies":[{"embeddable":true,"href":"https:\/\/portaltela.pt\/api\/wp\/v2\/comments?post=406362"}],"version-history":[{"count":0,"href":"https:\/\/portaltela.pt\/api\/wp\/v2\/posts\/406362\/revisions"}],"wp:featuredmedia":[{"embeddable":true,"href":"https:\/\/portaltela.pt\/api\/wp\/v2\/media\/406370"}],"wp:attachment":[{"href":"https:\/\/portaltela.pt\/api\/wp\/v2\/media?parent=406362"}],"wp:term":[{"taxonomy":"category","embeddable":true,"href":"https:\/\/portaltela.pt\/api\/wp\/v2\/categories?post=406362"},{"taxonomy":"post_tag","embeddable":true,"href":"https:\/\/portaltela.pt\/api\/wp\/v2\/tags?post=406362"}],"curies":[{"name":"wp","href":"https:\/\/api.w.org\/{rel}","templated":true}]}}