{"id":406323,"date":"2026-03-11T14:04:41","date_gmt":"2026-03-11T17:04:41","guid":{"rendered":"https:\/\/portaltela.pt\/noticias\/2026\/03\/11\/electrico-e-fundao-marcam-encontro-nas-meias-finais-da-taca-da-liga\/"},"modified":"2026-03-11T14:04:41","modified_gmt":"2026-03-11T17:04:41","slug":"electrico-e-fundao-marcam-encontro-nas-meias-finais-da-taca-da-liga","status":"publish","type":"post","link":"https:\/\/portaltela.pt\/desporto\/futebol\/2026\/03\/11\/electrico-e-fundao-marcam-encontro-nas-meias-finais-da-taca-da-liga\/","title":{"rendered":"El\u00e9ctrico e Fund\u00e3o marcam encontro nas meias-finais da Ta\u00e7a da Liga"},"content":{"rendered":"<p>El\u00e9ctrico e Fund\u00e3o garantiram presen\u00e7a nas meias-finais da Ta\u00e7a da Liga de futsal, ao vencerem, nos pen\u00e1ltis, Torreense e Caxinas, respetivamente. A ajuda acontece no Multiusos de Gondomar, na pr\u00f3xima sexta-feira, em jogo \u00fanico.<\/p>\n<p>No encontro com Torreense, o tempo regulamentar terminou sem golos, com v\u00e1rias ocasi\u00f5es de parte a parte. No desempate, o El\u00e9ctrico converteu quatro dos cinco penaltys, enquanto o guarda-redes Diogo Bas\u00edlio defendeu dois remates, garantindo a passagem.<\/p>\n<p>J\u00e1 o duelo entre Caxinas e Fund\u00e3o tamb\u00e9m foi decidido por pen\u00e1ltis. Ricardo Marques colocou o Caxinas na frente duas vezes, mas o tempo regulamentar terminou empatado. Martim Borrego, suplente do Fund\u00e3o, travou dois pen\u00e1ltis e o Fund\u00e3o venceu.<\/p>\n<h3>Resultados e pr\u00f3ximos jogos<\/h3>\n<p>O Fund\u00e3o volta \u00e0s meias-finais pela primeira vez desde 2020\/21, e o El\u00e9ctrico segue na corrida pela primeira final da sua hist\u00f3ria na prova. As meias-finais seguem com Benfica-Rio Ave \u00e0s 18h e Sporting-Le\u00f5es de Porto de Salvo \u00e0s 21h30.<\/p>\n","protected":false},"excerpt":{"rendered":"<ul>\n<li>El\u00e9ctrico qualificou-se para as meias-finais da Ta\u00e7a da Liga ao derrotar o Torreense nos pen\u00e1ltis, ap\u00f3s empates sem golo no tempo regulamentar.<\/li>\n<li>O guarda-redes Diogo Bas\u00edlio destacou-se, ao defender dois pen\u00e1ltis, permitindo ao conjunto de Ponte de Sor seguir para as meias-finais no Multiusos de Gondomar.<\/li>\n<li>Fund\u00e3o apurou-se ao vencer o Caxinas nos pen\u00e1ltis, ap\u00f3s 40 minutos de igualdade; o suplente Martim Borrego foi decisivo nas defesas.<\/li>\n<li>Martim Borrego travou dois pen\u00e1ltis do Caxinas, com o Fund\u00e3o a seguir em frente pela primeira vez desde a edi\u00e7\u00e3o de 2020\/21.<\/li>\n<li>As meias-finais ficam completas com os vencedores de Benfica vs Rio Ave e de Sporting vs Le\u00f5es de Porto de Salvo, com jogos marcados para as 18h e 21h30, respetivamente.<\/li>\n<\/ul>\n","protected":false},"author":2,"featured_media":406325,"comment_status":"closed","ping_status":"closed","sticky":false,"template":"","format":"standard","meta":{"footnotes":""},"categories":[21,24],"tags":[60,2772,161,1172,3226],"class_list":["post-406323","post","type-post","status-publish","format-standard","has-post-thumbnail","hentry","category-desporto","category-futebol","tag-esportes","tag-fundao","tag-futsal","tag-taca-da-liga","tag-torreense"],"yoast_head":"<!-- This site is optimized with the Yoast SEO plugin v27.2 - https:\/\/yoast.com\/product\/yoast-seo-wordpress\/ -->\n<title>El\u00e9ctrico e Fund\u00e3o marcam encontro nas meias-finais da Ta\u00e7a da Liga - Portal Tela Portugal<\/title>\n<meta name=\"robots\" content=\"index, follow, max-snippet:-1, max-image-preview:large, max-video-preview:-1\" \/>\n<meta property=\"og:locale\" content=\"pt_PT\" \/>\n<meta property=\"og:type\" content=\"article\" \/>\n<meta property=\"og:title\" content=\"El\u00e9ctrico e Fund\u00e3o marcam encontro nas meias-finais da Ta\u00e7a da Liga - Portal Tela Portugal\" \/>\n<meta property=\"og:description\" content=\"El\u00e9ctrico qualificou-se para as meias-finais da Ta\u00e7a da Liga ao derrotar o Torreense nos pen\u00e1ltis, ap\u00f3s empates sem golo no tempo regulamentar. O guarda-redes Diogo Bas\u00edlio destacou-se, ao defender dois pen\u00e1ltis, permitindo ao conjunto de Ponte de Sor seguir para as meias-finais no Multiusos de Gondomar. Fund\u00e3o apurou-se ao vencer o Caxinas nos pen\u00e1ltis, ap\u00f3s 40 minutos de igualdade; o suplente Martim Borrego foi decisivo nas defesas. Martim Borrego travou dois pen\u00e1ltis do Caxinas, com o Fund\u00e3o a seguir em frente pela primeira vez desde a edi\u00e7\u00e3o de 2020\/21. As meias-finais ficam completas com os vencedores de Benfica vs Rio Ave e de Sporting vs Le\u00f5es de Porto de Salvo, com jogos marcados para as 18h e 21h30, respetivamente.\" \/>\n<meta property=\"og:url\" content=\"https:\/\/portaltela.pt\/noticias\/2026\/03\/11\/electrico-e-fundao-marcam-encontro-nas-meias-finais-da-taca-da-liga\/\" \/>\n<meta property=\"og:site_name\" content=\"Portal Tela Portugal\" \/>\n<meta property=\"article:published_time\" content=\"2026-03-11T17:04:41+00:00\" \/>\n<meta name=\"author\" content=\"Telinha\" \/>\n<meta name=\"twitter:card\" content=\"summary_large_image\" \/>\n<meta name=\"twitter:label1\" content=\"Escrito por\" \/>\n\t<meta name=\"twitter:data1\" content=\"Telinha\" \/>\n\t<meta name=\"twitter:label2\" content=\"Tempo estimado de leitura\" \/>\n\t<meta name=\"twitter:data2\" content=\"1 minuto\" \/>\n<script type=\"application\/ld+json\" class=\"yoast-schema-graph\">{\"@context\":\"https:\/\/schema.org\",\"@graph\":[{\"@type\":\"Article\",\"@id\":\"https:\/\/portaltela.pt\/noticias\/2026\/03\/11\/electrico-e-fundao-marcam-encontro-nas-meias-finais-da-taca-da-liga\/#article\",\"isPartOf\":{\"@id\":\"https:\/\/portaltela.pt\/noticias\/2026\/03\/11\/electrico-e-fundao-marcam-encontro-nas-meias-finais-da-taca-da-liga\/\"},\"author\":{\"name\":\"Telinha\",\"@id\":\"https:\/\/portaltela.pt\/#\/schema\/person\/c4278d4a6028830caff9ee44b42d32ed\"},\"headline\":\"El\u00e9ctrico e Fund\u00e3o marcam encontro nas meias-finais da Ta\u00e7a da Liga\",\"datePublished\":\"2026-03-11T17:04:41+00:00\",\"mainEntityOfPage\":{\"@id\":\"https:\/\/portaltela.pt\/noticias\/2026\/03\/11\/electrico-e-fundao-marcam-encontro-nas-meias-finais-da-taca-da-liga\/\"},\"wordCount\":188,\"image\":{\"@id\":\"https:\/\/portaltela.pt\/noticias\/2026\/03\/11\/electrico-e-fundao-marcam-encontro-nas-meias-finais-da-taca-da-liga\/#primaryimage\"},\"thumbnailUrl\":\"https:\/\/portaltela.pt\/s.01k8rhncp4jt1\/2026\/03\/img_920x518uu2026-03-11-16-55-06-2426240.jpg\",\"keywords\":[\"esportes\",\"Fund\u00e3o\",\"futsal\",\"Ta\u00e7a da Liga\",\"Torreense\"],\"articleSection\":[\"Desporto\",\"Futebol\"],\"inLanguage\":\"pt-PT\"},{\"@type\":\"WebPage\",\"@id\":\"https:\/\/portaltela.pt\/noticias\/2026\/03\/11\/electrico-e-fundao-marcam-encontro-nas-meias-finais-da-taca-da-liga\/\",\"url\":\"https:\/\/portaltela.pt\/noticias\/2026\/03\/11\/electrico-e-fundao-marcam-encontro-nas-meias-finais-da-taca-da-liga\/\",\"name\":\"El\u00e9ctrico e Fund\u00e3o marcam encontro nas meias-finais da Ta\u00e7a da Liga - Portal Tela Portugal\",\"isPartOf\":{\"@id\":\"https:\/\/portaltela.pt\/#website\"},\"primaryImageOfPage\":{\"@id\":\"https:\/\/portaltela.pt\/noticias\/2026\/03\/11\/electrico-e-fundao-marcam-encontro-nas-meias-finais-da-taca-da-liga\/#primaryimage\"},\"image\":{\"@id\":\"https:\/\/portaltela.pt\/noticias\/2026\/03\/11\/electrico-e-fundao-marcam-encontro-nas-meias-finais-da-taca-da-liga\/#primaryimage\"},\"thumbnailUrl\":\"https:\/\/portaltela.pt\/s.01k8rhncp4jt1\/2026\/03\/img_920x518uu2026-03-11-16-55-06-2426240.jpg\",\"datePublished\":\"2026-03-11T17:04:41+00:00\",\"author\":{\"@id\":\"https:\/\/portaltela.pt\/#\/schema\/person\/c4278d4a6028830caff9ee44b42d32ed\"},\"breadcrumb\":{\"@id\":\"https:\/\/portaltela.pt\/noticias\/2026\/03\/11\/electrico-e-fundao-marcam-encontro-nas-meias-finais-da-taca-da-liga\/#breadcrumb\"},\"inLanguage\":\"pt-PT\",\"potentialAction\":[{\"@type\":\"ReadAction\",\"target\":[\"https:\/\/portaltela.pt\/noticias\/2026\/03\/11\/electrico-e-fundao-marcam-encontro-nas-meias-finais-da-taca-da-liga\/\"]}]},{\"@type\":\"ImageObject\",\"inLanguage\":\"pt-PT\",\"@id\":\"https:\/\/portaltela.pt\/noticias\/2026\/03\/11\/electrico-e-fundao-marcam-encontro-nas-meias-finais-da-taca-da-liga\/#primaryimage\",\"url\":\"https:\/\/portaltela.pt\/s.01k8rhncp4jt1\/2026\/03\/img_920x518uu2026-03-11-16-55-06-2426240.jpg\",\"contentUrl\":\"https:\/\/portaltela.pt\/s.01k8rhncp4jt1\/2026\/03\/img_920x518uu2026-03-11-16-55-06-2426240.jpg\",\"width\":796,\"height\":448,\"caption\":\"Martim Borrego, guarda-redes do Fund\u00e3o, foi her\u00f3i na segunda meia-final\"},{\"@type\":\"BreadcrumbList\",\"@id\":\"https:\/\/portaltela.pt\/noticias\/2026\/03\/11\/electrico-e-fundao-marcam-encontro-nas-meias-finais-da-taca-da-liga\/#breadcrumb\",\"itemListElement\":[{\"@type\":\"ListItem\",\"position\":1,\"name\":\"In\u00edcio\",\"item\":\"https:\/\/portaltela.pt\/\"},{\"@type\":\"ListItem\",\"position\":2,\"name\":\"El\u00e9ctrico e Fund\u00e3o marcam encontro nas meias-finais da Ta\u00e7a da Liga\"}]},{\"@type\":\"WebSite\",\"@id\":\"https:\/\/portaltela.pt\/#website\",\"url\":\"https:\/\/portaltela.pt\/\",\"name\":\"Portal Tela Portugal\",\"description\":\"\",\"potentialAction\":[{\"@type\":\"SearchAction\",\"target\":{\"@type\":\"EntryPoint\",\"urlTemplate\":\"https:\/\/portaltela.pt\/?s={search_term_string}\"},\"query-input\":{\"@type\":\"PropertyValueSpecification\",\"valueRequired\":true,\"valueName\":\"search_term_string\"}}],\"inLanguage\":\"pt-PT\"},{\"@type\":\"Person\",\"@id\":\"https:\/\/portaltela.pt\/#\/schema\/person\/c4278d4a6028830caff9ee44b42d32ed\",\"name\":\"Telinha\",\"image\":{\"@type\":\"ImageObject\",\"inLanguage\":\"pt-PT\",\"@id\":\"https:\/\/portaltela.pt\/s.01k8rhncp4jt1\/2025\/11\/talking-bot-125x125.png\",\"url\":\"https:\/\/portaltela.pt\/s.01k8rhncp4jt1\/2025\/11\/talking-bot-125x125.png\",\"contentUrl\":\"https:\/\/portaltela.pt\/s.01k8rhncp4jt1\/2025\/11\/talking-bot-125x125.png\",\"caption\":\"Telinha\"},\"sameAs\":[\"https:\/\/portaltela.pt\/\"],\"url\":\"https:\/\/portaltela.pt\/por\/367410592786\/\"}]}<\/script>\n<!-- \/ Yoast SEO plugin. -->","yoast_head_json":{"title":"El\u00e9ctrico e Fund\u00e3o marcam encontro nas meias-finais da Ta\u00e7a da Liga - Portal Tela Portugal","robots":{"index":"index","follow":"follow","max-snippet":"max-snippet:-1","max-image-preview":"max-image-preview:large","max-video-preview":"max-video-preview:-1"},"og_locale":"pt_PT","og_type":"article","og_title":"El\u00e9ctrico e Fund\u00e3o marcam encontro nas meias-finais da Ta\u00e7a da Liga - Portal Tela Portugal","og_description":"El\u00e9ctrico qualificou-se para as meias-finais da Ta\u00e7a da Liga ao derrotar o Torreense nos pen\u00e1ltis, ap\u00f3s empates sem golo no tempo regulamentar. O guarda-redes Diogo Bas\u00edlio destacou-se, ao defender dois pen\u00e1ltis, permitindo ao conjunto de Ponte de Sor seguir para as meias-finais no Multiusos de Gondomar. Fund\u00e3o apurou-se ao vencer o Caxinas nos pen\u00e1ltis, ap\u00f3s 40 minutos de igualdade; o suplente Martim Borrego foi decisivo nas defesas. Martim Borrego travou dois pen\u00e1ltis do Caxinas, com o Fund\u00e3o a seguir em frente pela primeira vez desde a edi\u00e7\u00e3o de 2020\/21. As meias-finais ficam completas com os vencedores de Benfica vs Rio Ave e de Sporting vs Le\u00f5es de Porto de Salvo, com jogos marcados para as 18h e 21h30, respetivamente.","og_url":"https:\/\/portaltela.pt\/noticias\/2026\/03\/11\/electrico-e-fundao-marcam-encontro-nas-meias-finais-da-taca-da-liga\/","og_site_name":"Portal Tela Portugal","article_published_time":"2026-03-11T17:04:41+00:00","author":"Telinha","twitter_card":"summary_large_image","twitter_misc":{"Escrito por":"Telinha","Tempo estimado de leitura":"1 minuto"},"schema":{"@context":"https:\/\/schema.org","@graph":[{"@type":"Article","@id":"https:\/\/portaltela.pt\/noticias\/2026\/03\/11\/electrico-e-fundao-marcam-encontro-nas-meias-finais-da-taca-da-liga\/#article","isPartOf":{"@id":"https:\/\/portaltela.pt\/noticias\/2026\/03\/11\/electrico-e-fundao-marcam-encontro-nas-meias-finais-da-taca-da-liga\/"},"author":{"name":"Telinha","@id":"https:\/\/portaltela.pt\/#\/schema\/person\/c4278d4a6028830caff9ee44b42d32ed"},"headline":"El\u00e9ctrico e Fund\u00e3o marcam encontro nas meias-finais da Ta\u00e7a da Liga","datePublished":"2026-03-11T17:04:41+00:00","mainEntityOfPage":{"@id":"https:\/\/portaltela.pt\/noticias\/2026\/03\/11\/electrico-e-fundao-marcam-encontro-nas-meias-finais-da-taca-da-liga\/"},"wordCount":188,"image":{"@id":"https:\/\/portaltela.pt\/noticias\/2026\/03\/11\/electrico-e-fundao-marcam-encontro-nas-meias-finais-da-taca-da-liga\/#primaryimage"},"thumbnailUrl":"https:\/\/portaltela.pt\/s.01k8rhncp4jt1\/2026\/03\/img_920x518uu2026-03-11-16-55-06-2426240.jpg","keywords":["esportes","Fund\u00e3o","futsal","Ta\u00e7a da Liga","Torreense"],"articleSection":["Desporto","Futebol"],"inLanguage":"pt-PT"},{"@type":"WebPage","@id":"https:\/\/portaltela.pt\/noticias\/2026\/03\/11\/electrico-e-fundao-marcam-encontro-nas-meias-finais-da-taca-da-liga\/","url":"https:\/\/portaltela.pt\/noticias\/2026\/03\/11\/electrico-e-fundao-marcam-encontro-nas-meias-finais-da-taca-da-liga\/","name":"El\u00e9ctrico e Fund\u00e3o marcam encontro nas meias-finais da Ta\u00e7a da Liga - Portal Tela Portugal","isPartOf":{"@id":"https:\/\/portaltela.pt\/#website"},"primaryImageOfPage":{"@id":"https:\/\/portaltela.pt\/noticias\/2026\/03\/11\/electrico-e-fundao-marcam-encontro-nas-meias-finais-da-taca-da-liga\/#primaryimage"},"image":{"@id":"https:\/\/portaltela.pt\/noticias\/2026\/03\/11\/electrico-e-fundao-marcam-encontro-nas-meias-finais-da-taca-da-liga\/#primaryimage"},"thumbnailUrl":"https:\/\/portaltela.pt\/s.01k8rhncp4jt1\/2026\/03\/img_920x518uu2026-03-11-16-55-06-2426240.jpg","datePublished":"2026-03-11T17:04:41+00:00","author":{"@id":"https:\/\/portaltela.pt\/#\/schema\/person\/c4278d4a6028830caff9ee44b42d32ed"},"breadcrumb":{"@id":"https:\/\/portaltela.pt\/noticias\/2026\/03\/11\/electrico-e-fundao-marcam-encontro-nas-meias-finais-da-taca-da-liga\/#breadcrumb"},"inLanguage":"pt-PT","potentialAction":[{"@type":"ReadAction","target":["https:\/\/portaltela.pt\/noticias\/2026\/03\/11\/electrico-e-fundao-marcam-encontro-nas-meias-finais-da-taca-da-liga\/"]}]},{"@type":"ImageObject","inLanguage":"pt-PT","@id":"https:\/\/portaltela.pt\/noticias\/2026\/03\/11\/electrico-e-fundao-marcam-encontro-nas-meias-finais-da-taca-da-liga\/#primaryimage","url":"https:\/\/portaltela.pt\/s.01k8rhncp4jt1\/2026\/03\/img_920x518uu2026-03-11-16-55-06-2426240.jpg","contentUrl":"https:\/\/portaltela.pt\/s.01k8rhncp4jt1\/2026\/03\/img_920x518uu2026-03-11-16-55-06-2426240.jpg","width":796,"height":448,"caption":"Martim Borrego, guarda-redes do Fund\u00e3o, foi her\u00f3i na segunda meia-final"},{"@type":"BreadcrumbList","@id":"https:\/\/portaltela.pt\/noticias\/2026\/03\/11\/electrico-e-fundao-marcam-encontro-nas-meias-finais-da-taca-da-liga\/#breadcrumb","itemListElement":[{"@type":"ListItem","position":1,"name":"In\u00edcio","item":"https:\/\/portaltela.pt\/"},{"@type":"ListItem","position":2,"name":"El\u00e9ctrico e Fund\u00e3o marcam encontro nas meias-finais da Ta\u00e7a da Liga"}]},{"@type":"WebSite","@id":"https:\/\/portaltela.pt\/#website","url":"https:\/\/portaltela.pt\/","name":"Portal Tela Portugal","description":"","potentialAction":[{"@type":"SearchAction","target":{"@type":"EntryPoint","urlTemplate":"https:\/\/portaltela.pt\/?s={search_term_string}"},"query-input":{"@type":"PropertyValueSpecification","valueRequired":true,"valueName":"search_term_string"}}],"inLanguage":"pt-PT"},{"@type":"Person","@id":"https:\/\/portaltela.pt\/#\/schema\/person\/c4278d4a6028830caff9ee44b42d32ed","name":"Telinha","image":{"@type":"ImageObject","inLanguage":"pt-PT","@id":"https:\/\/portaltela.pt\/s.01k8rhncp4jt1\/2025\/11\/talking-bot-125x125.png","url":"https:\/\/portaltela.pt\/s.01k8rhncp4jt1\/2025\/11\/talking-bot-125x125.png","contentUrl":"https:\/\/portaltela.pt\/s.01k8rhncp4jt1\/2025\/11\/talking-bot-125x125.png","caption":"Telinha"},"sameAs":["https:\/\/portaltela.pt\/"],"url":"https:\/\/portaltela.pt\/por\/367410592786\/"}]}},"_links":{"self":[{"href":"https:\/\/portaltela.pt\/api\/wp\/v2\/posts\/406323","targetHints":{"allow":["GET"]}}],"collection":[{"href":"https:\/\/portaltela.pt\/api\/wp\/v2\/posts"}],"about":[{"href":"https:\/\/portaltela.pt\/api\/wp\/v2\/types\/post"}],"author":[{"embeddable":true,"href":"https:\/\/portaltela.pt\/api\/wp\/v2\/users\/2"}],"replies":[{"embeddable":true,"href":"https:\/\/portaltela.pt\/api\/wp\/v2\/comments?post=406323"}],"version-history":[{"count":0,"href":"https:\/\/portaltela.pt\/api\/wp\/v2\/posts\/406323\/revisions"}],"wp:featuredmedia":[{"embeddable":true,"href":"https:\/\/portaltela.pt\/api\/wp\/v2\/media\/406325"}],"wp:attachment":[{"href":"https:\/\/portaltela.pt\/api\/wp\/v2\/media?parent=406323"}],"wp:term":[{"taxonomy":"category","embeddable":true,"href":"https:\/\/portaltela.pt\/api\/wp\/v2\/categories?post=406323"},{"taxonomy":"post_tag","embeddable":true,"href":"https:\/\/portaltela.pt\/api\/wp\/v2\/tags?post=406323"}],"curies":[{"name":"wp","href":"https:\/\/api.w.org\/{rel}","templated":true}]}}