{"id":406319,"date":"2026-03-11T14:12:50","date_gmt":"2026-03-11T17:12:50","guid":{"rendered":"https:\/\/portaltela.pt\/noticias\/2026\/03\/11\/segunda-vmer-em-braganca-depende-de-adesao-de-profissionais\/"},"modified":"2026-03-11T14:12:50","modified_gmt":"2026-03-11T17:12:50","slug":"segunda-vmer-em-braganca-depende-de-adesao-de-profissionais","status":"publish","type":"post","link":"https:\/\/portaltela.pt\/noticias\/2026\/03\/11\/segunda-vmer-em-braganca-depende-de-adesao-de-profissionais\/","title":{"rendered":"Segunda VMER em Bragan\u00e7a depende de ades\u00e3o de profissionais"},"content":{"rendered":"<p>No distrito de Bragan\u00e7a, com quase sete mil quil\u00f3metros quadrados, existe apenas uma Viatura M\u00e9dica de Emerg\u00eancia e Reanima\u00e7\u00e3o (VMER), sediada em Bragan\u00e7a. A cria\u00e7\u00e3o da segunda VMER depende da ades\u00e3o de m\u00e9dicos, explicou o enfermeiro coordenador Norberto Silva.<\/p>\n<p>Durante as comemora\u00e7\u00f5es dos 20 anos do servi\u00e7o, Silva sublinhou que, h\u00e1 20 anos, havia um projeto para duas VMER, a norte e a sul do distrito, mas a iniciativa n\u00e3o se concretizou por dificuldades na ades\u00e3o. O problema persiste.<\/p>\n<h3>Desafios na ades\u00e3o de profissionais<\/h3>\n<p>Para Freixo de Espada \u00e0 Cinta, a VMER n\u00e3o consegue atuar em tempo \u00fatil, devido ao tempo de desloca\u00e7\u00e3o e \u00e0 resposta necess\u00e1ria em v\u00e1rias situa\u00e7\u00f5es. Em casos assim, recorrem ao helic\u00f3ptero do INEM ou a SIVs de Mogadouro e Mirandela.<\/p>\n<p>O enfermeiro coordenador admite que a instala\u00e7\u00e3o de uma segunda VMER sul do distrito seria uma mais-valia, mas aponta obst\u00e1culos de recursos humanos. Uma equipa de Mirandela poder\u00e1 existir, desde que haja m\u00e9dicos suficientes.<\/p>\n<h3>Perspetivas de melhoria e uso de tecnologia<\/h3>\n<p>O m\u00e9dico coordenador Rui Terras afirma que a taxa de operacionalidade da VMER \u00e9 muito elevada, perto dos 100%, mantendo padr\u00f5es de qualidade. Debatem-se ainda possibilidades de socorro fora do hospital.<\/p>\n<p>Carla Gomes, m\u00e9dica interna de medicina intensiva, apresentou instrumentos usados em outros pa\u00edses, incluindo drones para levar meios de salvamento. O uso requer forma\u00e7\u00e3o da popula\u00e7\u00e3o em suporte b\u00e1sico de vida.<\/p>\n<p>Para que drones entreguem desfibrilhadores, \u00e9 necess\u00e1ria vontade pol\u00edtica e apoio governamental. O objetivo \u00e9 aumentar a sobreviv\u00eancia em paragens cardiorresponsivas antes da chegada dos meios de socorro.<\/p>\n","protected":false},"excerpt":{"rendered":"<ul>\n<li>Em Bragan\u00e7a existe apenas uma Viatura M\u00e9dica de Emerg\u00eancia e Reanima\u00e7\u00e3o (VMER) para quase sete mil quil\u00f4metros quadrados.<\/li>\n<li>A cria\u00e7\u00e3o da segunda VMER depende da ades\u00e3o de m\u00e9dicos; o projeto de ter duas VMER no distrito existe h\u00e1 cerca de vinte anos, mas n\u00e3o se concretizou.<\/li>\n<li>Em Freixo de Espada \u00e0 Cinta, o tempo de desloca\u00e7\u00e3o compromete a atua\u00e7\u00e3o em tempo \u00fatil, recorrendo-se, em casos graves, ao helic\u00f3ptero do INEM em Macedo de Cavaleiros e a duas ambul\u00e2ncias SIV em Mogadouro e Mirandela.<\/li>\n<li>O enfermeiro coordenador Norberto Silva afirma que seria uma mais-valia ter uma segunda equipa, mas h\u00e1 dificuldades em obter recursos humanos suficientes, incluindo a possibilidade de precisar de cerca de vinte m\u00e9dicos para Mirandela.<\/li>\n<li>A m\u00e9dica Carla Gomes apresentou pr\u00e1ticas de outros pa\u00edses, como drones para entregar desfibrilhadores, mas a implementa\u00e7\u00e3o depende da vontade do Governo e da forma\u00e7\u00e3o da popula\u00e7\u00e3o em suporte b\u00e1sico de vida.<\/li>\n<\/ul>\n","protected":false},"author":2,"featured_media":406324,"comment_status":"closed","ping_status":"closed","sticky":false,"template":"","format":"standard","meta":{"footnotes":""},"categories":[1],"tags":[3977,906,5928,1315,172,4462],"class_list":["post-406319","post","type-post","status-publish","format-standard","has-post-thumbnail","hentry","category-noticias","tag-adesao","tag-braganca","tag-emergencia","tag-mirandela","tag-saude","tag-vmer"],"yoast_head":"<!-- This site is optimized with the Yoast SEO plugin v27.2 - https:\/\/yoast.com\/product\/yoast-seo-wordpress\/ -->\n<title>Segunda VMER em Bragan\u00e7a depende de ades\u00e3o de profissionais - Portal Tela Portugal<\/title>\n<meta name=\"robots\" content=\"index, follow, max-snippet:-1, max-image-preview:large, max-video-preview:-1\" \/>\n<meta property=\"og:locale\" content=\"pt_PT\" \/>\n<meta property=\"og:type\" content=\"article\" \/>\n<meta property=\"og:title\" content=\"Segunda VMER em Bragan\u00e7a depende de ades\u00e3o de profissionais - Portal Tela Portugal\" \/>\n<meta property=\"og:description\" content=\"Em Bragan\u00e7a existe apenas uma Viatura M\u00e9dica de Emerg\u00eancia e Reanima\u00e7\u00e3o (VMER) para quase sete mil quil\u00f4metros quadrados. A cria\u00e7\u00e3o da segunda VMER depende da ades\u00e3o de m\u00e9dicos; o projeto de ter duas VMER no distrito existe h\u00e1 cerca de vinte anos, mas n\u00e3o se concretizou. Em Freixo de Espada \u00e0 Cinta, o tempo de desloca\u00e7\u00e3o compromete a atua\u00e7\u00e3o em tempo \u00fatil, recorrendo-se, em casos graves, ao helic\u00f3ptero do INEM em Macedo de Cavaleiros e a duas ambul\u00e2ncias SIV em Mogadouro e Mirandela. O enfermeiro coordenador Norberto Silva afirma que seria uma mais-valia ter uma segunda equipa, mas h\u00e1 dificuldades em obter recursos humanos suficientes, incluindo a possibilidade de precisar de cerca de vinte m\u00e9dicos para Mirandela. A m\u00e9dica Carla Gomes apresentou pr\u00e1ticas de outros pa\u00edses, como drones para entregar desfibrilhadores, mas a implementa\u00e7\u00e3o depende da vontade do Governo e da forma\u00e7\u00e3o da popula\u00e7\u00e3o em suporte b\u00e1sico de vida.\" \/>\n<meta property=\"og:url\" content=\"https:\/\/portaltela.pt\/noticias\/2026\/03\/11\/segunda-vmer-em-braganca-depende-de-adesao-de-profissionais\/\" \/>\n<meta property=\"og:site_name\" content=\"Portal Tela Portugal\" \/>\n<meta property=\"article:published_time\" content=\"2026-03-11T17:12:50+00:00\" \/>\n<meta name=\"author\" content=\"Telinha\" \/>\n<meta name=\"twitter:card\" content=\"summary_large_image\" \/>\n<meta name=\"twitter:label1\" content=\"Escrito por\" \/>\n\t<meta name=\"twitter:data1\" content=\"Telinha\" \/>\n\t<meta name=\"twitter:label2\" content=\"Tempo estimado de leitura\" \/>\n\t<meta name=\"twitter:data2\" content=\"1 minuto\" \/>\n<script type=\"application\/ld+json\" class=\"yoast-schema-graph\">{\"@context\":\"https:\/\/schema.org\",\"@graph\":[{\"@type\":\"Article\",\"@id\":\"https:\/\/portaltela.pt\/noticias\/2026\/03\/11\/segunda-vmer-em-braganca-depende-de-adesao-de-profissionais\/#article\",\"isPartOf\":{\"@id\":\"https:\/\/portaltela.pt\/noticias\/2026\/03\/11\/segunda-vmer-em-braganca-depende-de-adesao-de-profissionais\/\"},\"author\":{\"name\":\"Telinha\",\"@id\":\"https:\/\/portaltela.pt\/#\/schema\/person\/c4278d4a6028830caff9ee44b42d32ed\"},\"headline\":\"Segunda VMER em Bragan\u00e7a depende de ades\u00e3o de profissionais\",\"datePublished\":\"2026-03-11T17:12:50+00:00\",\"mainEntityOfPage\":{\"@id\":\"https:\/\/portaltela.pt\/noticias\/2026\/03\/11\/segunda-vmer-em-braganca-depende-de-adesao-de-profissionais\/\"},\"wordCount\":292,\"image\":{\"@id\":\"https:\/\/portaltela.pt\/noticias\/2026\/03\/11\/segunda-vmer-em-braganca-depende-de-adesao-de-profissionais\/#primaryimage\"},\"thumbnailUrl\":\"https:\/\/portaltela.pt\/s.01k8rhncp4jt1\/2026\/03\/img_1500x1000uu2023-08-02-20-06-25-1409655.jpg\",\"keywords\":[\"ades\u00e3o\",\"Bragan\u00e7a\",\"emerg\u00eancia\",\"Mirandela\",\"sa\u00fade\",\"VMER\"],\"articleSection\":[\"Not\u00edcias\"],\"inLanguage\":\"pt-PT\"},{\"@type\":\"WebPage\",\"@id\":\"https:\/\/portaltela.pt\/noticias\/2026\/03\/11\/segunda-vmer-em-braganca-depende-de-adesao-de-profissionais\/\",\"url\":\"https:\/\/portaltela.pt\/noticias\/2026\/03\/11\/segunda-vmer-em-braganca-depende-de-adesao-de-profissionais\/\",\"name\":\"Segunda VMER em Bragan\u00e7a depende de ades\u00e3o de profissionais - Portal Tela Portugal\",\"isPartOf\":{\"@id\":\"https:\/\/portaltela.pt\/#website\"},\"primaryImageOfPage\":{\"@id\":\"https:\/\/portaltela.pt\/noticias\/2026\/03\/11\/segunda-vmer-em-braganca-depende-de-adesao-de-profissionais\/#primaryimage\"},\"image\":{\"@id\":\"https:\/\/portaltela.pt\/noticias\/2026\/03\/11\/segunda-vmer-em-braganca-depende-de-adesao-de-profissionais\/#primaryimage\"},\"thumbnailUrl\":\"https:\/\/portaltela.pt\/s.01k8rhncp4jt1\/2026\/03\/img_1500x1000uu2023-08-02-20-06-25-1409655.jpg\",\"datePublished\":\"2026-03-11T17:12:50+00:00\",\"author\":{\"@id\":\"https:\/\/portaltela.pt\/#\/schema\/person\/c4278d4a6028830caff9ee44b42d32ed\"},\"breadcrumb\":{\"@id\":\"https:\/\/portaltela.pt\/noticias\/2026\/03\/11\/segunda-vmer-em-braganca-depende-de-adesao-de-profissionais\/#breadcrumb\"},\"inLanguage\":\"pt-PT\",\"potentialAction\":[{\"@type\":\"ReadAction\",\"target\":[\"https:\/\/portaltela.pt\/noticias\/2026\/03\/11\/segunda-vmer-em-braganca-depende-de-adesao-de-profissionais\/\"]}]},{\"@type\":\"ImageObject\",\"inLanguage\":\"pt-PT\",\"@id\":\"https:\/\/portaltela.pt\/noticias\/2026\/03\/11\/segunda-vmer-em-braganca-depende-de-adesao-de-profissionais\/#primaryimage\",\"url\":\"https:\/\/portaltela.pt\/s.01k8rhncp4jt1\/2026\/03\/img_1500x1000uu2023-08-02-20-06-25-1409655.jpg\",\"contentUrl\":\"https:\/\/portaltela.pt\/s.01k8rhncp4jt1\/2026\/03\/img_1500x1000uu2023-08-02-20-06-25-1409655.jpg\",\"width\":796,\"height\":448,\"caption\":\"VMER\"},{\"@type\":\"BreadcrumbList\",\"@id\":\"https:\/\/portaltela.pt\/noticias\/2026\/03\/11\/segunda-vmer-em-braganca-depende-de-adesao-de-profissionais\/#breadcrumb\",\"itemListElement\":[{\"@type\":\"ListItem\",\"position\":1,\"name\":\"In\u00edcio\",\"item\":\"https:\/\/portaltela.pt\/\"},{\"@type\":\"ListItem\",\"position\":2,\"name\":\"Segunda VMER em Bragan\u00e7a depende de ades\u00e3o de profissionais\"}]},{\"@type\":\"WebSite\",\"@id\":\"https:\/\/portaltela.pt\/#website\",\"url\":\"https:\/\/portaltela.pt\/\",\"name\":\"Portal Tela Portugal\",\"description\":\"\",\"potentialAction\":[{\"@type\":\"SearchAction\",\"target\":{\"@type\":\"EntryPoint\",\"urlTemplate\":\"https:\/\/portaltela.pt\/?s={search_term_string}\"},\"query-input\":{\"@type\":\"PropertyValueSpecification\",\"valueRequired\":true,\"valueName\":\"search_term_string\"}}],\"inLanguage\":\"pt-PT\"},{\"@type\":\"Person\",\"@id\":\"https:\/\/portaltela.pt\/#\/schema\/person\/c4278d4a6028830caff9ee44b42d32ed\",\"name\":\"Telinha\",\"image\":{\"@type\":\"ImageObject\",\"inLanguage\":\"pt-PT\",\"@id\":\"https:\/\/portaltela.pt\/s.01k8rhncp4jt1\/2025\/11\/talking-bot-125x125.png\",\"url\":\"https:\/\/portaltela.pt\/s.01k8rhncp4jt1\/2025\/11\/talking-bot-125x125.png\",\"contentUrl\":\"https:\/\/portaltela.pt\/s.01k8rhncp4jt1\/2025\/11\/talking-bot-125x125.png\",\"caption\":\"Telinha\"},\"sameAs\":[\"https:\/\/portaltela.pt\/\"],\"url\":\"https:\/\/portaltela.pt\/por\/367410592786\/\"}]}<\/script>\n<!-- \/ Yoast SEO plugin. -->","yoast_head_json":{"title":"Segunda VMER em Bragan\u00e7a depende de ades\u00e3o de profissionais - Portal Tela Portugal","robots":{"index":"index","follow":"follow","max-snippet":"max-snippet:-1","max-image-preview":"max-image-preview:large","max-video-preview":"max-video-preview:-1"},"og_locale":"pt_PT","og_type":"article","og_title":"Segunda VMER em Bragan\u00e7a depende de ades\u00e3o de profissionais - Portal Tela Portugal","og_description":"Em Bragan\u00e7a existe apenas uma Viatura M\u00e9dica de Emerg\u00eancia e Reanima\u00e7\u00e3o (VMER) para quase sete mil quil\u00f4metros quadrados. A cria\u00e7\u00e3o da segunda VMER depende da ades\u00e3o de m\u00e9dicos; o projeto de ter duas VMER no distrito existe h\u00e1 cerca de vinte anos, mas n\u00e3o se concretizou. Em Freixo de Espada \u00e0 Cinta, o tempo de desloca\u00e7\u00e3o compromete a atua\u00e7\u00e3o em tempo \u00fatil, recorrendo-se, em casos graves, ao helic\u00f3ptero do INEM em Macedo de Cavaleiros e a duas ambul\u00e2ncias SIV em Mogadouro e Mirandela. O enfermeiro coordenador Norberto Silva afirma que seria uma mais-valia ter uma segunda equipa, mas h\u00e1 dificuldades em obter recursos humanos suficientes, incluindo a possibilidade de precisar de cerca de vinte m\u00e9dicos para Mirandela. A m\u00e9dica Carla Gomes apresentou pr\u00e1ticas de outros pa\u00edses, como drones para entregar desfibrilhadores, mas a implementa\u00e7\u00e3o depende da vontade do Governo e da forma\u00e7\u00e3o da popula\u00e7\u00e3o em suporte b\u00e1sico de vida.","og_url":"https:\/\/portaltela.pt\/noticias\/2026\/03\/11\/segunda-vmer-em-braganca-depende-de-adesao-de-profissionais\/","og_site_name":"Portal Tela Portugal","article_published_time":"2026-03-11T17:12:50+00:00","author":"Telinha","twitter_card":"summary_large_image","twitter_misc":{"Escrito por":"Telinha","Tempo estimado de leitura":"1 minuto"},"schema":{"@context":"https:\/\/schema.org","@graph":[{"@type":"Article","@id":"https:\/\/portaltela.pt\/noticias\/2026\/03\/11\/segunda-vmer-em-braganca-depende-de-adesao-de-profissionais\/#article","isPartOf":{"@id":"https:\/\/portaltela.pt\/noticias\/2026\/03\/11\/segunda-vmer-em-braganca-depende-de-adesao-de-profissionais\/"},"author":{"name":"Telinha","@id":"https:\/\/portaltela.pt\/#\/schema\/person\/c4278d4a6028830caff9ee44b42d32ed"},"headline":"Segunda VMER em Bragan\u00e7a depende de ades\u00e3o de profissionais","datePublished":"2026-03-11T17:12:50+00:00","mainEntityOfPage":{"@id":"https:\/\/portaltela.pt\/noticias\/2026\/03\/11\/segunda-vmer-em-braganca-depende-de-adesao-de-profissionais\/"},"wordCount":292,"image":{"@id":"https:\/\/portaltela.pt\/noticias\/2026\/03\/11\/segunda-vmer-em-braganca-depende-de-adesao-de-profissionais\/#primaryimage"},"thumbnailUrl":"https:\/\/portaltela.pt\/s.01k8rhncp4jt1\/2026\/03\/img_1500x1000uu2023-08-02-20-06-25-1409655.jpg","keywords":["ades\u00e3o","Bragan\u00e7a","emerg\u00eancia","Mirandela","sa\u00fade","VMER"],"articleSection":["Not\u00edcias"],"inLanguage":"pt-PT"},{"@type":"WebPage","@id":"https:\/\/portaltela.pt\/noticias\/2026\/03\/11\/segunda-vmer-em-braganca-depende-de-adesao-de-profissionais\/","url":"https:\/\/portaltela.pt\/noticias\/2026\/03\/11\/segunda-vmer-em-braganca-depende-de-adesao-de-profissionais\/","name":"Segunda VMER em Bragan\u00e7a depende de ades\u00e3o de profissionais - Portal Tela Portugal","isPartOf":{"@id":"https:\/\/portaltela.pt\/#website"},"primaryImageOfPage":{"@id":"https:\/\/portaltela.pt\/noticias\/2026\/03\/11\/segunda-vmer-em-braganca-depende-de-adesao-de-profissionais\/#primaryimage"},"image":{"@id":"https:\/\/portaltela.pt\/noticias\/2026\/03\/11\/segunda-vmer-em-braganca-depende-de-adesao-de-profissionais\/#primaryimage"},"thumbnailUrl":"https:\/\/portaltela.pt\/s.01k8rhncp4jt1\/2026\/03\/img_1500x1000uu2023-08-02-20-06-25-1409655.jpg","datePublished":"2026-03-11T17:12:50+00:00","author":{"@id":"https:\/\/portaltela.pt\/#\/schema\/person\/c4278d4a6028830caff9ee44b42d32ed"},"breadcrumb":{"@id":"https:\/\/portaltela.pt\/noticias\/2026\/03\/11\/segunda-vmer-em-braganca-depende-de-adesao-de-profissionais\/#breadcrumb"},"inLanguage":"pt-PT","potentialAction":[{"@type":"ReadAction","target":["https:\/\/portaltela.pt\/noticias\/2026\/03\/11\/segunda-vmer-em-braganca-depende-de-adesao-de-profissionais\/"]}]},{"@type":"ImageObject","inLanguage":"pt-PT","@id":"https:\/\/portaltela.pt\/noticias\/2026\/03\/11\/segunda-vmer-em-braganca-depende-de-adesao-de-profissionais\/#primaryimage","url":"https:\/\/portaltela.pt\/s.01k8rhncp4jt1\/2026\/03\/img_1500x1000uu2023-08-02-20-06-25-1409655.jpg","contentUrl":"https:\/\/portaltela.pt\/s.01k8rhncp4jt1\/2026\/03\/img_1500x1000uu2023-08-02-20-06-25-1409655.jpg","width":796,"height":448,"caption":"VMER"},{"@type":"BreadcrumbList","@id":"https:\/\/portaltela.pt\/noticias\/2026\/03\/11\/segunda-vmer-em-braganca-depende-de-adesao-de-profissionais\/#breadcrumb","itemListElement":[{"@type":"ListItem","position":1,"name":"In\u00edcio","item":"https:\/\/portaltela.pt\/"},{"@type":"ListItem","position":2,"name":"Segunda VMER em Bragan\u00e7a depende de ades\u00e3o de profissionais"}]},{"@type":"WebSite","@id":"https:\/\/portaltela.pt\/#website","url":"https:\/\/portaltela.pt\/","name":"Portal Tela Portugal","description":"","potentialAction":[{"@type":"SearchAction","target":{"@type":"EntryPoint","urlTemplate":"https:\/\/portaltela.pt\/?s={search_term_string}"},"query-input":{"@type":"PropertyValueSpecification","valueRequired":true,"valueName":"search_term_string"}}],"inLanguage":"pt-PT"},{"@type":"Person","@id":"https:\/\/portaltela.pt\/#\/schema\/person\/c4278d4a6028830caff9ee44b42d32ed","name":"Telinha","image":{"@type":"ImageObject","inLanguage":"pt-PT","@id":"https:\/\/portaltela.pt\/s.01k8rhncp4jt1\/2025\/11\/talking-bot-125x125.png","url":"https:\/\/portaltela.pt\/s.01k8rhncp4jt1\/2025\/11\/talking-bot-125x125.png","contentUrl":"https:\/\/portaltela.pt\/s.01k8rhncp4jt1\/2025\/11\/talking-bot-125x125.png","caption":"Telinha"},"sameAs":["https:\/\/portaltela.pt\/"],"url":"https:\/\/portaltela.pt\/por\/367410592786\/"}]}},"_links":{"self":[{"href":"https:\/\/portaltela.pt\/api\/wp\/v2\/posts\/406319","targetHints":{"allow":["GET"]}}],"collection":[{"href":"https:\/\/portaltela.pt\/api\/wp\/v2\/posts"}],"about":[{"href":"https:\/\/portaltela.pt\/api\/wp\/v2\/types\/post"}],"author":[{"embeddable":true,"href":"https:\/\/portaltela.pt\/api\/wp\/v2\/users\/2"}],"replies":[{"embeddable":true,"href":"https:\/\/portaltela.pt\/api\/wp\/v2\/comments?post=406319"}],"version-history":[{"count":0,"href":"https:\/\/portaltela.pt\/api\/wp\/v2\/posts\/406319\/revisions"}],"wp:featuredmedia":[{"embeddable":true,"href":"https:\/\/portaltela.pt\/api\/wp\/v2\/media\/406324"}],"wp:attachment":[{"href":"https:\/\/portaltela.pt\/api\/wp\/v2\/media?parent=406319"}],"wp:term":[{"taxonomy":"category","embeddable":true,"href":"https:\/\/portaltela.pt\/api\/wp\/v2\/categories?post=406319"},{"taxonomy":"post_tag","embeddable":true,"href":"https:\/\/portaltela.pt\/api\/wp\/v2\/tags?post=406319"}],"curies":[{"name":"wp","href":"https:\/\/api.w.org\/{rel}","templated":true}]}}