{"id":406280,"date":"2026-03-11T13:54:00","date_gmt":"2026-03-11T16:54:00","guid":{"rendered":"https:\/\/portaltela.pt\/noticias\/2026\/03\/11\/adepto-do-fc-porto-arrisca-prisao-de-ate-um-ano-por-ter-ido-ao-estadio-da-luz\/"},"modified":"2026-03-11T13:54:00","modified_gmt":"2026-03-11T16:54:00","slug":"adepto-do-fc-porto-arrisca-prisao-de-ate-um-ano-por-ter-ido-ao-estadio-da-luz","status":"publish","type":"post","link":"https:\/\/portaltela.pt\/desporto\/futebol\/2026\/03\/11\/adepto-do-fc-porto-arrisca-prisao-de-ate-um-ano-por-ter-ido-ao-estadio-da-luz\/","title":{"rendered":"Adepto do FC Porto arrisca pris\u00e3o de at\u00e9 um ano por ter ido ao Est\u00e1dio da Luz"},"content":{"rendered":"<p>Um adepto interditado de frequentar recintos desportivos foi intercetado pela PSP no Est\u00e1dio da Luz, em Lisboa. O incidente ocorreu a 8 de mar\u00e7o, durante o jogo entre SL Benfica e FC Porto. A medida de interdi\u00e7\u00e3o resulta de uma condena\u00e7\u00e3o anterior.<\/p>\n<p>O adepto encontrava-se proibido de aceder a est\u00e1dios ap\u00f3s uma decis\u00e3o do Ju\u00edzo Local de Guimar\u00e3es, relacionada com ofensas \u00e0 integridade f\u00edsica ocorridas no jogo Moreirense FC vs FC Porto da \u00e9poca 2023\/2024. A PSP confirmou a viola\u00e7\u00e3o da san\u00e7\u00e3o.<\/p>\n<p>Ao desrespeitar a interdi\u00e7\u00e3o, o indiv\u00edduo pode ser condenado a at\u00e9 um ano de pris\u00e3o ou a 120 dias de multa, conforme o crime de desobedi\u00eancia previsto no C\u00f3digo Penal. Este \u00e9 o 14\u00ba caso de intercet\u00e7\u00e3o por viola\u00e7\u00e3o de interditos desde o in\u00edcio da presente \u00e9poca.<\/p>\n<h3>Contexto e impactos<\/h3>\n<p>A PSP destaca o refor\u00e7o de a\u00e7\u00f5es para assegurar o cumprimento das normas em eventos desportivos, visando um ambiente mais seguro para todos os participantes. A direc\u00e7\u00e3o nacional refor\u00e7a a responsabilidade das autoridades na integridade dos est\u00e1dios.<\/p>\n","protected":false},"excerpt":{"rendered":"<ul>\n<li>Um adepto proibido de frequentar recintos desportivos foi intercetado pela PSP no Est\u00e1dio da Luz, em Lisboa, a 8 de mar\u00e7o, durante o jogo entre Benfica e Porto.<\/li>\n<li>O indiv\u00edduo j\u00e1 tinha a interdi\u00e7\u00e3o na sequ\u00eancia de uma condena\u00e7\u00e3o pelo crime de ofensas \u00e0 integridade f\u00edsica no \u00e2mbito de espet\u00e1culo desportivo, relacionada com o encontro Moreirense versus Futebol Clube do Porto na \u00e9poca 2023\/2024.<\/li>\n<li>Ao desrespeitar a interdi\u00e7\u00e3o, incorreu no crime de desobedi\u00eancia, pun\u00edvel com pris\u00e3o at\u00e9 um ano ou com multa de at\u00e9 120 dias, segundo o C\u00f3digo Penal.<\/li>\n<li>Esta \u00e9 a d\u00e9cima quarta intercepta\u00e7\u00e3o de adeptos violando medidas de interdi\u00e7\u00e3o nesta temporada desportiva.<\/li>\n<li>A PSP afirma que estas a\u00e7\u00f5es visam manter a integridade e o bom funcionamento dos eventos desportivos, promovendo um ambiente seguro para todos os participantes e espectadores.<\/li>\n<\/ul>\n","protected":false},"author":2,"featured_media":406285,"comment_status":"closed","ping_status":"closed","sticky":false,"template":"","format":"standard","meta":{"footnotes":""},"categories":[21,24],"tags":[1946,147,211,2028,32,6378],"class_list":["post-406280","post","type-post","status-publish","format-standard","has-post-thumbnail","hentry","category-desporto","category-futebol","tag-benfica","tag-crime","tag-desobediencia","tag-fc-porto","tag-futebol","tag-seguranca-publico"],"yoast_head":"<!-- This site is optimized with the Yoast SEO plugin v27.2 - https:\/\/yoast.com\/product\/yoast-seo-wordpress\/ -->\n<title>Adepto do FC Porto arrisca pris\u00e3o de at\u00e9 um ano por ter ido ao Est\u00e1dio da Luz - Portal Tela Portugal<\/title>\n<meta name=\"robots\" content=\"index, follow, max-snippet:-1, max-image-preview:large, max-video-preview:-1\" \/>\n<meta property=\"og:locale\" content=\"pt_PT\" \/>\n<meta property=\"og:type\" content=\"article\" \/>\n<meta property=\"og:title\" content=\"Adepto do FC Porto arrisca pris\u00e3o de at\u00e9 um ano por ter ido ao Est\u00e1dio da Luz - Portal Tela Portugal\" \/>\n<meta property=\"og:description\" content=\"Um adepto proibido de frequentar recintos desportivos foi intercetado pela PSP no Est\u00e1dio da Luz, em Lisboa, a 8 de mar\u00e7o, durante o jogo entre Benfica e Porto. O indiv\u00edduo j\u00e1 tinha a interdi\u00e7\u00e3o na sequ\u00eancia de uma condena\u00e7\u00e3o pelo crime de ofensas \u00e0 integridade f\u00edsica no \u00e2mbito de espet\u00e1culo desportivo, relacionada com o encontro Moreirense versus Futebol Clube do Porto na \u00e9poca 2023\/2024. Ao desrespeitar a interdi\u00e7\u00e3o, incorreu no crime de desobedi\u00eancia, pun\u00edvel com pris\u00e3o at\u00e9 um ano ou com multa de at\u00e9 120 dias, segundo o C\u00f3digo Penal. Esta \u00e9 a d\u00e9cima quarta intercepta\u00e7\u00e3o de adeptos violando medidas de interdi\u00e7\u00e3o nesta temporada desportiva. A PSP afirma que estas a\u00e7\u00f5es visam manter a integridade e o bom funcionamento dos eventos desportivos, promovendo um ambiente seguro para todos os participantes e espectadores.\" \/>\n<meta property=\"og:url\" content=\"https:\/\/portaltela.pt\/noticias\/2026\/03\/11\/adepto-do-fc-porto-arrisca-prisao-de-ate-um-ano-por-ter-ido-ao-estadio-da-luz\/\" \/>\n<meta property=\"og:site_name\" content=\"Portal Tela Portugal\" \/>\n<meta property=\"article:published_time\" content=\"2026-03-11T16:54:00+00:00\" \/>\n<meta name=\"author\" content=\"Telinha\" \/>\n<meta name=\"twitter:card\" content=\"summary_large_image\" \/>\n<meta name=\"twitter:label1\" content=\"Escrito por\" \/>\n\t<meta name=\"twitter:data1\" content=\"Telinha\" \/>\n\t<meta name=\"twitter:label2\" content=\"Tempo estimado de leitura\" \/>\n\t<meta name=\"twitter:data2\" content=\"1 minuto\" \/>\n<script type=\"application\/ld+json\" class=\"yoast-schema-graph\">{\"@context\":\"https:\/\/schema.org\",\"@graph\":[{\"@type\":\"Article\",\"@id\":\"https:\/\/portaltela.pt\/noticias\/2026\/03\/11\/adepto-do-fc-porto-arrisca-prisao-de-ate-um-ano-por-ter-ido-ao-estadio-da-luz\/#article\",\"isPartOf\":{\"@id\":\"https:\/\/portaltela.pt\/noticias\/2026\/03\/11\/adepto-do-fc-porto-arrisca-prisao-de-ate-um-ano-por-ter-ido-ao-estadio-da-luz\/\"},\"author\":{\"name\":\"Telinha\",\"@id\":\"https:\/\/portaltela.pt\/#\/schema\/person\/c4278d4a6028830caff9ee44b42d32ed\"},\"headline\":\"Adepto do FC Porto arrisca pris\u00e3o de at\u00e9 um ano por ter ido ao Est\u00e1dio da Luz\",\"datePublished\":\"2026-03-11T16:54:00+00:00\",\"mainEntityOfPage\":{\"@id\":\"https:\/\/portaltela.pt\/noticias\/2026\/03\/11\/adepto-do-fc-porto-arrisca-prisao-de-ate-um-ano-por-ter-ido-ao-estadio-da-luz\/\"},\"wordCount\":207,\"image\":{\"@id\":\"https:\/\/portaltela.pt\/noticias\/2026\/03\/11\/adepto-do-fc-porto-arrisca-prisao-de-ate-um-ano-por-ter-ido-ao-estadio-da-luz\/#primaryimage\"},\"thumbnailUrl\":\"https:\/\/portaltela.pt\/s.01k8rhncp4jt1\/2026\/03\/8c85ba4d-9884-4b54-b85c-947c8af13137_1200x675.jpg\",\"keywords\":[\"Benfica\",\"crime\",\"desobedi\u00eancia\",\"FC Porto\",\"futebol\",\"seguran\u00e7a p\u00fablico\"],\"articleSection\":[\"Desporto\",\"Futebol\"],\"inLanguage\":\"pt-PT\"},{\"@type\":\"WebPage\",\"@id\":\"https:\/\/portaltela.pt\/noticias\/2026\/03\/11\/adepto-do-fc-porto-arrisca-prisao-de-ate-um-ano-por-ter-ido-ao-estadio-da-luz\/\",\"url\":\"https:\/\/portaltela.pt\/noticias\/2026\/03\/11\/adepto-do-fc-porto-arrisca-prisao-de-ate-um-ano-por-ter-ido-ao-estadio-da-luz\/\",\"name\":\"Adepto do FC Porto arrisca pris\u00e3o de at\u00e9 um ano por ter ido ao Est\u00e1dio da Luz - Portal Tela Portugal\",\"isPartOf\":{\"@id\":\"https:\/\/portaltela.pt\/#website\"},\"primaryImageOfPage\":{\"@id\":\"https:\/\/portaltela.pt\/noticias\/2026\/03\/11\/adepto-do-fc-porto-arrisca-prisao-de-ate-um-ano-por-ter-ido-ao-estadio-da-luz\/#primaryimage\"},\"image\":{\"@id\":\"https:\/\/portaltela.pt\/noticias\/2026\/03\/11\/adepto-do-fc-porto-arrisca-prisao-de-ate-um-ano-por-ter-ido-ao-estadio-da-luz\/#primaryimage\"},\"thumbnailUrl\":\"https:\/\/portaltela.pt\/s.01k8rhncp4jt1\/2026\/03\/8c85ba4d-9884-4b54-b85c-947c8af13137_1200x675.jpg\",\"datePublished\":\"2026-03-11T16:54:00+00:00\",\"author\":{\"@id\":\"https:\/\/portaltela.pt\/#\/schema\/person\/c4278d4a6028830caff9ee44b42d32ed\"},\"breadcrumb\":{\"@id\":\"https:\/\/portaltela.pt\/noticias\/2026\/03\/11\/adepto-do-fc-porto-arrisca-prisao-de-ate-um-ano-por-ter-ido-ao-estadio-da-luz\/#breadcrumb\"},\"inLanguage\":\"pt-PT\",\"potentialAction\":[{\"@type\":\"ReadAction\",\"target\":[\"https:\/\/portaltela.pt\/noticias\/2026\/03\/11\/adepto-do-fc-porto-arrisca-prisao-de-ate-um-ano-por-ter-ido-ao-estadio-da-luz\/\"]}]},{\"@type\":\"ImageObject\",\"inLanguage\":\"pt-PT\",\"@id\":\"https:\/\/portaltela.pt\/noticias\/2026\/03\/11\/adepto-do-fc-porto-arrisca-prisao-de-ate-um-ano-por-ter-ido-ao-estadio-da-luz\/#primaryimage\",\"url\":\"https:\/\/portaltela.pt\/s.01k8rhncp4jt1\/2026\/03\/8c85ba4d-9884-4b54-b85c-947c8af13137_1200x675.jpg\",\"contentUrl\":\"https:\/\/portaltela.pt\/s.01k8rhncp4jt1\/2026\/03\/8c85ba4d-9884-4b54-b85c-947c8af13137_1200x675.jpg\",\"width\":796,\"height\":448,\"caption\":\"Adepto assistiu ao jogo entre o SL Benfica e o F. C. Porto a 8 de mar\u00e7o\"},{\"@type\":\"BreadcrumbList\",\"@id\":\"https:\/\/portaltela.pt\/noticias\/2026\/03\/11\/adepto-do-fc-porto-arrisca-prisao-de-ate-um-ano-por-ter-ido-ao-estadio-da-luz\/#breadcrumb\",\"itemListElement\":[{\"@type\":\"ListItem\",\"position\":1,\"name\":\"In\u00edcio\",\"item\":\"https:\/\/portaltela.pt\/\"},{\"@type\":\"ListItem\",\"position\":2,\"name\":\"Adepto do FC Porto arrisca pris\u00e3o de at\u00e9 um ano por ter ido ao Est\u00e1dio da Luz\"}]},{\"@type\":\"WebSite\",\"@id\":\"https:\/\/portaltela.pt\/#website\",\"url\":\"https:\/\/portaltela.pt\/\",\"name\":\"Portal Tela Portugal\",\"description\":\"\",\"potentialAction\":[{\"@type\":\"SearchAction\",\"target\":{\"@type\":\"EntryPoint\",\"urlTemplate\":\"https:\/\/portaltela.pt\/?s={search_term_string}\"},\"query-input\":{\"@type\":\"PropertyValueSpecification\",\"valueRequired\":true,\"valueName\":\"search_term_string\"}}],\"inLanguage\":\"pt-PT\"},{\"@type\":\"Person\",\"@id\":\"https:\/\/portaltela.pt\/#\/schema\/person\/c4278d4a6028830caff9ee44b42d32ed\",\"name\":\"Telinha\",\"image\":{\"@type\":\"ImageObject\",\"inLanguage\":\"pt-PT\",\"@id\":\"https:\/\/portaltela.pt\/s.01k8rhncp4jt1\/2025\/11\/talking-bot-125x125.png\",\"url\":\"https:\/\/portaltela.pt\/s.01k8rhncp4jt1\/2025\/11\/talking-bot-125x125.png\",\"contentUrl\":\"https:\/\/portaltela.pt\/s.01k8rhncp4jt1\/2025\/11\/talking-bot-125x125.png\",\"caption\":\"Telinha\"},\"sameAs\":[\"https:\/\/portaltela.pt\/\"],\"url\":\"https:\/\/portaltela.pt\/por\/367410592786\/\"}]}<\/script>\n<!-- \/ Yoast SEO plugin. -->","yoast_head_json":{"title":"Adepto do FC Porto arrisca pris\u00e3o de at\u00e9 um ano por ter ido ao Est\u00e1dio da Luz - Portal Tela Portugal","robots":{"index":"index","follow":"follow","max-snippet":"max-snippet:-1","max-image-preview":"max-image-preview:large","max-video-preview":"max-video-preview:-1"},"og_locale":"pt_PT","og_type":"article","og_title":"Adepto do FC Porto arrisca pris\u00e3o de at\u00e9 um ano por ter ido ao Est\u00e1dio da Luz - Portal Tela Portugal","og_description":"Um adepto proibido de frequentar recintos desportivos foi intercetado pela PSP no Est\u00e1dio da Luz, em Lisboa, a 8 de mar\u00e7o, durante o jogo entre Benfica e Porto. O indiv\u00edduo j\u00e1 tinha a interdi\u00e7\u00e3o na sequ\u00eancia de uma condena\u00e7\u00e3o pelo crime de ofensas \u00e0 integridade f\u00edsica no \u00e2mbito de espet\u00e1culo desportivo, relacionada com o encontro Moreirense versus Futebol Clube do Porto na \u00e9poca 2023\/2024. Ao desrespeitar a interdi\u00e7\u00e3o, incorreu no crime de desobedi\u00eancia, pun\u00edvel com pris\u00e3o at\u00e9 um ano ou com multa de at\u00e9 120 dias, segundo o C\u00f3digo Penal. Esta \u00e9 a d\u00e9cima quarta intercepta\u00e7\u00e3o de adeptos violando medidas de interdi\u00e7\u00e3o nesta temporada desportiva. A PSP afirma que estas a\u00e7\u00f5es visam manter a integridade e o bom funcionamento dos eventos desportivos, promovendo um ambiente seguro para todos os participantes e espectadores.","og_url":"https:\/\/portaltela.pt\/noticias\/2026\/03\/11\/adepto-do-fc-porto-arrisca-prisao-de-ate-um-ano-por-ter-ido-ao-estadio-da-luz\/","og_site_name":"Portal Tela Portugal","article_published_time":"2026-03-11T16:54:00+00:00","author":"Telinha","twitter_card":"summary_large_image","twitter_misc":{"Escrito por":"Telinha","Tempo estimado de leitura":"1 minuto"},"schema":{"@context":"https:\/\/schema.org","@graph":[{"@type":"Article","@id":"https:\/\/portaltela.pt\/noticias\/2026\/03\/11\/adepto-do-fc-porto-arrisca-prisao-de-ate-um-ano-por-ter-ido-ao-estadio-da-luz\/#article","isPartOf":{"@id":"https:\/\/portaltela.pt\/noticias\/2026\/03\/11\/adepto-do-fc-porto-arrisca-prisao-de-ate-um-ano-por-ter-ido-ao-estadio-da-luz\/"},"author":{"name":"Telinha","@id":"https:\/\/portaltela.pt\/#\/schema\/person\/c4278d4a6028830caff9ee44b42d32ed"},"headline":"Adepto do FC Porto arrisca pris\u00e3o de at\u00e9 um ano por ter ido ao Est\u00e1dio da Luz","datePublished":"2026-03-11T16:54:00+00:00","mainEntityOfPage":{"@id":"https:\/\/portaltela.pt\/noticias\/2026\/03\/11\/adepto-do-fc-porto-arrisca-prisao-de-ate-um-ano-por-ter-ido-ao-estadio-da-luz\/"},"wordCount":207,"image":{"@id":"https:\/\/portaltela.pt\/noticias\/2026\/03\/11\/adepto-do-fc-porto-arrisca-prisao-de-ate-um-ano-por-ter-ido-ao-estadio-da-luz\/#primaryimage"},"thumbnailUrl":"https:\/\/portaltela.pt\/s.01k8rhncp4jt1\/2026\/03\/8c85ba4d-9884-4b54-b85c-947c8af13137_1200x675.jpg","keywords":["Benfica","crime","desobedi\u00eancia","FC Porto","futebol","seguran\u00e7a p\u00fablico"],"articleSection":["Desporto","Futebol"],"inLanguage":"pt-PT"},{"@type":"WebPage","@id":"https:\/\/portaltela.pt\/noticias\/2026\/03\/11\/adepto-do-fc-porto-arrisca-prisao-de-ate-um-ano-por-ter-ido-ao-estadio-da-luz\/","url":"https:\/\/portaltela.pt\/noticias\/2026\/03\/11\/adepto-do-fc-porto-arrisca-prisao-de-ate-um-ano-por-ter-ido-ao-estadio-da-luz\/","name":"Adepto do FC Porto arrisca pris\u00e3o de at\u00e9 um ano por ter ido ao Est\u00e1dio da Luz - Portal Tela Portugal","isPartOf":{"@id":"https:\/\/portaltela.pt\/#website"},"primaryImageOfPage":{"@id":"https:\/\/portaltela.pt\/noticias\/2026\/03\/11\/adepto-do-fc-porto-arrisca-prisao-de-ate-um-ano-por-ter-ido-ao-estadio-da-luz\/#primaryimage"},"image":{"@id":"https:\/\/portaltela.pt\/noticias\/2026\/03\/11\/adepto-do-fc-porto-arrisca-prisao-de-ate-um-ano-por-ter-ido-ao-estadio-da-luz\/#primaryimage"},"thumbnailUrl":"https:\/\/portaltela.pt\/s.01k8rhncp4jt1\/2026\/03\/8c85ba4d-9884-4b54-b85c-947c8af13137_1200x675.jpg","datePublished":"2026-03-11T16:54:00+00:00","author":{"@id":"https:\/\/portaltela.pt\/#\/schema\/person\/c4278d4a6028830caff9ee44b42d32ed"},"breadcrumb":{"@id":"https:\/\/portaltela.pt\/noticias\/2026\/03\/11\/adepto-do-fc-porto-arrisca-prisao-de-ate-um-ano-por-ter-ido-ao-estadio-da-luz\/#breadcrumb"},"inLanguage":"pt-PT","potentialAction":[{"@type":"ReadAction","target":["https:\/\/portaltela.pt\/noticias\/2026\/03\/11\/adepto-do-fc-porto-arrisca-prisao-de-ate-um-ano-por-ter-ido-ao-estadio-da-luz\/"]}]},{"@type":"ImageObject","inLanguage":"pt-PT","@id":"https:\/\/portaltela.pt\/noticias\/2026\/03\/11\/adepto-do-fc-porto-arrisca-prisao-de-ate-um-ano-por-ter-ido-ao-estadio-da-luz\/#primaryimage","url":"https:\/\/portaltela.pt\/s.01k8rhncp4jt1\/2026\/03\/8c85ba4d-9884-4b54-b85c-947c8af13137_1200x675.jpg","contentUrl":"https:\/\/portaltela.pt\/s.01k8rhncp4jt1\/2026\/03\/8c85ba4d-9884-4b54-b85c-947c8af13137_1200x675.jpg","width":796,"height":448,"caption":"Adepto assistiu ao jogo entre o SL Benfica e o F. C. Porto a 8 de mar\u00e7o"},{"@type":"BreadcrumbList","@id":"https:\/\/portaltela.pt\/noticias\/2026\/03\/11\/adepto-do-fc-porto-arrisca-prisao-de-ate-um-ano-por-ter-ido-ao-estadio-da-luz\/#breadcrumb","itemListElement":[{"@type":"ListItem","position":1,"name":"In\u00edcio","item":"https:\/\/portaltela.pt\/"},{"@type":"ListItem","position":2,"name":"Adepto do FC Porto arrisca pris\u00e3o de at\u00e9 um ano por ter ido ao Est\u00e1dio da Luz"}]},{"@type":"WebSite","@id":"https:\/\/portaltela.pt\/#website","url":"https:\/\/portaltela.pt\/","name":"Portal Tela Portugal","description":"","potentialAction":[{"@type":"SearchAction","target":{"@type":"EntryPoint","urlTemplate":"https:\/\/portaltela.pt\/?s={search_term_string}"},"query-input":{"@type":"PropertyValueSpecification","valueRequired":true,"valueName":"search_term_string"}}],"inLanguage":"pt-PT"},{"@type":"Person","@id":"https:\/\/portaltela.pt\/#\/schema\/person\/c4278d4a6028830caff9ee44b42d32ed","name":"Telinha","image":{"@type":"ImageObject","inLanguage":"pt-PT","@id":"https:\/\/portaltela.pt\/s.01k8rhncp4jt1\/2025\/11\/talking-bot-125x125.png","url":"https:\/\/portaltela.pt\/s.01k8rhncp4jt1\/2025\/11\/talking-bot-125x125.png","contentUrl":"https:\/\/portaltela.pt\/s.01k8rhncp4jt1\/2025\/11\/talking-bot-125x125.png","caption":"Telinha"},"sameAs":["https:\/\/portaltela.pt\/"],"url":"https:\/\/portaltela.pt\/por\/367410592786\/"}]}},"_links":{"self":[{"href":"https:\/\/portaltela.pt\/api\/wp\/v2\/posts\/406280","targetHints":{"allow":["GET"]}}],"collection":[{"href":"https:\/\/portaltela.pt\/api\/wp\/v2\/posts"}],"about":[{"href":"https:\/\/portaltela.pt\/api\/wp\/v2\/types\/post"}],"author":[{"embeddable":true,"href":"https:\/\/portaltela.pt\/api\/wp\/v2\/users\/2"}],"replies":[{"embeddable":true,"href":"https:\/\/portaltela.pt\/api\/wp\/v2\/comments?post=406280"}],"version-history":[{"count":0,"href":"https:\/\/portaltela.pt\/api\/wp\/v2\/posts\/406280\/revisions"}],"wp:featuredmedia":[{"embeddable":true,"href":"https:\/\/portaltela.pt\/api\/wp\/v2\/media\/406285"}],"wp:attachment":[{"href":"https:\/\/portaltela.pt\/api\/wp\/v2\/media?parent=406280"}],"wp:term":[{"taxonomy":"category","embeddable":true,"href":"https:\/\/portaltela.pt\/api\/wp\/v2\/categories?post=406280"},{"taxonomy":"post_tag","embeddable":true,"href":"https:\/\/portaltela.pt\/api\/wp\/v2\/tags?post=406280"}],"curies":[{"name":"wp","href":"https:\/\/api.w.org\/{rel}","templated":true}]}}