{"id":406272,"date":"2026-03-11T13:41:12","date_gmt":"2026-03-11T16:41:12","guid":{"rendered":"https:\/\/portaltela.pt\/noticias\/2026\/03\/11\/medio-tejo-considera-injustas-declaracoes-do-ministro-sobre-atrasos-nos-apoios\/"},"modified":"2026-03-11T13:41:12","modified_gmt":"2026-03-11T16:41:12","slug":"medio-tejo-considera-injustas-declaracoes-do-ministro-sobre-atrasos-nos-apoios","status":"publish","type":"post","link":"https:\/\/portaltela.pt\/noticias\/politica\/2026\/03\/11\/medio-tejo-considera-injustas-declaracoes-do-ministro-sobre-atrasos-nos-apoios\/","title":{"rendered":"M\u00e9dio Tejo considera injustas declara\u00e7\u00f5es do ministro sobre atrasos nos apoios"},"content":{"rendered":"<p>A Comunidade Intermunicipal do M\u00e9dio Tejo (CIM) repudiou, nesta quarta-feira, as declara\u00e7\u00f5es do ministro da Economia e Coes\u00e3o Territorial sobre atrasos na atribui\u00e7\u00e3o de apoios \u00e0 reconstru\u00e7\u00e3o de habita\u00e7\u00f5es afetadas pelo mau tempo. A CIM considera injusta a responsabiliza\u00e7\u00e3o das autarquias, afirmando que grande parte das candidaturas depende da valida\u00e7\u00e3o final das CCDR.<\/p>\n<p>Segundo Bruno Gomes, vice-presidente da CIM do M\u00e9dio Tejo, n\u00e3o \u00e9 verdade que a responsabilidade recaia sobre os munic\u00edpios. O respons\u00e1vel, que tamb\u00e9m \u00e9 presidente do munic\u00edpio de Ferreira do Z\u00eazere, defende que \u00e9 necess\u00e1rio esclarecer o que est\u00e1 a correr mal e lembra que a maior parte das candidaturas ainda aguarda valida\u00e7\u00e3o pelas CCDR.<\/p>\n<h3>Posi\u00e7\u00e3o do M\u00e9dio Tejo<\/h3>\n<p>Em comunicado, a CIM, que agrega 11 munic\u00edpios do distrito de Santar\u00e9m, afirma que as declara\u00e7\u00f5es do ministro n\u00e3o correspondem \u00e0 realidade do processo. O Governo decidiu atribuir aos munic\u00edpios a verifica\u00e7\u00e3o das candidaturas, sem consultar as autarquias e sem refor\u00e7o suficiente de meios t\u00e9cnicos e administrativos, aponta o texto.<\/p>\n<p>O ministro declarou, durante jornadas parlamentares do PSD em Caminha, que o processo n\u00e3o est\u00e1 a correr bem, atribuindo a demora aos procedimentos de avalia\u00e7\u00e3o das C\u00e2maras Municipais. A CIM ressalva que apenas uma parte das candidaturas j\u00e1 recebeu valida\u00e7\u00e3o final.<\/p>\n<h3>Medidas e desdobramentos<\/h3>\n<p>A CIM recorda que cerca de 25 mil candidaturas totalizam 143 milh\u00f5es de euros em apoios, e que o montante j\u00e1 pago continua baixo. O real atraso, segundo a CIM, resulta da aus\u00eancia de refor\u00e7o de meios nas CCDR para a avalia\u00e7\u00e3o.<\/p>\n<p>Para enfrentar o desafio, a CIM assinou protocolos com a Ordem dos Engenheiros e a Ordem dos Arquitetos, mobilizando cerca de 700 t\u00e9cnicos para apoiar a avalia\u00e7\u00e3o dos preju\u00edzos. A institui\u00e7\u00e3o pretende acelerar o processamento e manter o envolvimento com as entidades competentes.<\/p>\n<p>A comunica\u00e7\u00e3o da CIM refor\u00e7a o compromisso com as popula\u00e7\u00f5es afetadas, assegurando disponibilidade para trabalhar em conjunto com entidades competentes, com o objetivo de acelerar a disponibiliza\u00e7\u00e3o dos apoios.<\/p>\n","protected":false},"excerpt":{"rendered":"<ul>\n<li>A Comunidade Intermunicipal do M\u00e9dio Tejo repudiou declara\u00e7\u00f5es do ministro da Economia e Coes\u00e3o Territorial sobre atrasos na atribui\u00e7\u00e3o de apoios \u00e0 reconstru\u00e7\u00e3o de habita\u00e7\u00f5es afetadas pelo mau tempo.<\/li>\n<li>O vice-presidente da CIM do M\u00e9dio Tejo disse que a responsabilidade n\u00e3o \u00e9 dos munic\u00edpios e que a maior parte das candidaturas depende da valida\u00e7\u00e3o final das CCDR.<\/li>\n<li>A CIM diz que o Governo decidiu atribuir aos munic\u00edpios a verifica\u00e7\u00e3o das candidaturas, sem refor\u00e7o de meios t\u00e9cnicos, o que, segundo a entidade, n\u00e3o corresponde \u00e0 realidade.<\/li>\n<li>A ministra Autarquia e C\u00e2maras Municipais apenas cerca de dez por cento das candidaturas analisadas j\u00e1 tiveram valida\u00e7\u00e3o final pelas CCDR e transfer\u00eancia de verbas.<\/li>\n<li>A CIM adianta que foram assinados protocolos com a Ordem dos Engenheiros e a Ordem dos Arquitetos para refor\u00e7ar a capacidade de an\u00e1lise, mobilizando about setenta t\u00e9cnicos, e promete manter a colabora\u00e7\u00e3o para acelerar os apoios.<\/li>\n<\/ul>\n","protected":false},"author":2,"featured_media":406275,"comment_status":"closed","ping_status":"closed","sticky":false,"template":"","format":"standard","meta":{"footnotes":""},"categories":[1,5],"tags":[168,2706,830,28,150,3709],"class_list":["post-406272","post","type-post","status-publish","format-standard","has-post-thumbnail","hentry","category-noticias","category-politica","tag-administracao-publica","tag-autarquias","tag-coesao-territorial","tag-economia","tag-habitacao","tag-medio-tejo"],"yoast_head":"<!-- This site is optimized with the Yoast SEO plugin v27.2 - https:\/\/yoast.com\/product\/yoast-seo-wordpress\/ -->\n<title>M\u00e9dio Tejo considera injustas declara\u00e7\u00f5es do ministro sobre atrasos nos apoios - Portal Tela Portugal<\/title>\n<meta name=\"robots\" content=\"index, follow, max-snippet:-1, max-image-preview:large, max-video-preview:-1\" \/>\n<meta property=\"og:locale\" content=\"pt_PT\" \/>\n<meta property=\"og:type\" content=\"article\" \/>\n<meta property=\"og:title\" content=\"M\u00e9dio Tejo considera injustas declara\u00e7\u00f5es do ministro sobre atrasos nos apoios - Portal Tela Portugal\" \/>\n<meta property=\"og:description\" content=\"A Comunidade Intermunicipal do M\u00e9dio Tejo repudiou declara\u00e7\u00f5es do ministro da Economia e Coes\u00e3o Territorial sobre atrasos na atribui\u00e7\u00e3o de apoios \u00e0 reconstru\u00e7\u00e3o de habita\u00e7\u00f5es afetadas pelo mau tempo. O vice-presidente da CIM do M\u00e9dio Tejo disse que a responsabilidade n\u00e3o \u00e9 dos munic\u00edpios e que a maior parte das candidaturas depende da valida\u00e7\u00e3o final das CCDR. A CIM diz que o Governo decidiu atribuir aos munic\u00edpios a verifica\u00e7\u00e3o das candidaturas, sem refor\u00e7o de meios t\u00e9cnicos, o que, segundo a entidade, n\u00e3o corresponde \u00e0 realidade. A ministra Autarquia e C\u00e2maras Municipais apenas cerca de dez por cento das candidaturas analisadas j\u00e1 tiveram valida\u00e7\u00e3o final pelas CCDR e transfer\u00eancia de verbas. A CIM adianta que foram assinados protocolos com a Ordem dos Engenheiros e a Ordem dos Arquitetos para refor\u00e7ar a capacidade de an\u00e1lise, mobilizando about setenta t\u00e9cnicos, e promete manter a colabora\u00e7\u00e3o para acelerar os apoios.\" \/>\n<meta property=\"og:url\" content=\"https:\/\/portaltela.pt\/noticias\/2026\/03\/11\/medio-tejo-considera-injustas-declaracoes-do-ministro-sobre-atrasos-nos-apoios\/\" \/>\n<meta property=\"og:site_name\" content=\"Portal Tela Portugal\" \/>\n<meta property=\"article:published_time\" content=\"2026-03-11T16:41:12+00:00\" \/>\n<meta name=\"author\" content=\"Telinha\" \/>\n<meta name=\"twitter:card\" content=\"summary_large_image\" \/>\n<meta name=\"twitter:label1\" content=\"Escrito por\" \/>\n\t<meta name=\"twitter:data1\" content=\"Telinha\" \/>\n\t<meta name=\"twitter:label2\" content=\"Tempo estimado de leitura\" \/>\n\t<meta name=\"twitter:data2\" content=\"2 minutos\" \/>\n<script type=\"application\/ld+json\" class=\"yoast-schema-graph\">{\"@context\":\"https:\/\/schema.org\",\"@graph\":[{\"@type\":\"Article\",\"@id\":\"https:\/\/portaltela.pt\/noticias\/2026\/03\/11\/medio-tejo-considera-injustas-declaracoes-do-ministro-sobre-atrasos-nos-apoios\/#article\",\"isPartOf\":{\"@id\":\"https:\/\/portaltela.pt\/noticias\/2026\/03\/11\/medio-tejo-considera-injustas-declaracoes-do-ministro-sobre-atrasos-nos-apoios\/\"},\"author\":{\"name\":\"Telinha\",\"@id\":\"https:\/\/portaltela.pt\/#\/schema\/person\/c4278d4a6028830caff9ee44b42d32ed\"},\"headline\":\"M\u00e9dio Tejo considera injustas declara\u00e7\u00f5es do ministro sobre atrasos nos apoios\",\"datePublished\":\"2026-03-11T16:41:12+00:00\",\"mainEntityOfPage\":{\"@id\":\"https:\/\/portaltela.pt\/noticias\/2026\/03\/11\/medio-tejo-considera-injustas-declaracoes-do-ministro-sobre-atrasos-nos-apoios\/\"},\"wordCount\":367,\"image\":{\"@id\":\"https:\/\/portaltela.pt\/noticias\/2026\/03\/11\/medio-tejo-considera-injustas-declaracoes-do-ministro-sobre-atrasos-nos-apoios\/#primaryimage\"},\"thumbnailUrl\":\"https:\/\/portaltela.pt\/s.01k8rhncp4jt1\/2026\/03\/img_1500x1000uu2026-02-06-12-11-44-2265220.jpg\",\"keywords\":[\"administra\u00e7\u00e3o p\u00fablica\",\"autarquias\",\"Coes\u00e3o Territorial\",\"economia\",\"habita\u00e7\u00e3o\",\"M\u00e9dio Tejo\"],\"articleSection\":[\"Not\u00edcias\",\"Pol\u00edtica\"],\"inLanguage\":\"pt-PT\"},{\"@type\":\"WebPage\",\"@id\":\"https:\/\/portaltela.pt\/noticias\/2026\/03\/11\/medio-tejo-considera-injustas-declaracoes-do-ministro-sobre-atrasos-nos-apoios\/\",\"url\":\"https:\/\/portaltela.pt\/noticias\/2026\/03\/11\/medio-tejo-considera-injustas-declaracoes-do-ministro-sobre-atrasos-nos-apoios\/\",\"name\":\"M\u00e9dio Tejo considera injustas declara\u00e7\u00f5es do ministro sobre atrasos nos apoios - Portal Tela Portugal\",\"isPartOf\":{\"@id\":\"https:\/\/portaltela.pt\/#website\"},\"primaryImageOfPage\":{\"@id\":\"https:\/\/portaltela.pt\/noticias\/2026\/03\/11\/medio-tejo-considera-injustas-declaracoes-do-ministro-sobre-atrasos-nos-apoios\/#primaryimage\"},\"image\":{\"@id\":\"https:\/\/portaltela.pt\/noticias\/2026\/03\/11\/medio-tejo-considera-injustas-declaracoes-do-ministro-sobre-atrasos-nos-apoios\/#primaryimage\"},\"thumbnailUrl\":\"https:\/\/portaltela.pt\/s.01k8rhncp4jt1\/2026\/03\/img_1500x1000uu2026-02-06-12-11-44-2265220.jpg\",\"datePublished\":\"2026-03-11T16:41:12+00:00\",\"author\":{\"@id\":\"https:\/\/portaltela.pt\/#\/schema\/person\/c4278d4a6028830caff9ee44b42d32ed\"},\"breadcrumb\":{\"@id\":\"https:\/\/portaltela.pt\/noticias\/2026\/03\/11\/medio-tejo-considera-injustas-declaracoes-do-ministro-sobre-atrasos-nos-apoios\/#breadcrumb\"},\"inLanguage\":\"pt-PT\",\"potentialAction\":[{\"@type\":\"ReadAction\",\"target\":[\"https:\/\/portaltela.pt\/noticias\/2026\/03\/11\/medio-tejo-considera-injustas-declaracoes-do-ministro-sobre-atrasos-nos-apoios\/\"]}]},{\"@type\":\"ImageObject\",\"inLanguage\":\"pt-PT\",\"@id\":\"https:\/\/portaltela.pt\/noticias\/2026\/03\/11\/medio-tejo-considera-injustas-declaracoes-do-ministro-sobre-atrasos-nos-apoios\/#primaryimage\",\"url\":\"https:\/\/portaltela.pt\/s.01k8rhncp4jt1\/2026\/03\/img_1500x1000uu2026-02-06-12-11-44-2265220.jpg\",\"contentUrl\":\"https:\/\/portaltela.pt\/s.01k8rhncp4jt1\/2026\/03\/img_1500x1000uu2026-02-06-12-11-44-2265220.jpg\",\"width\":796,\"height\":448,\"caption\":\"Eestrada submersa junto a Reguengo do Alviela, em Santar\u00e9m\"},{\"@type\":\"BreadcrumbList\",\"@id\":\"https:\/\/portaltela.pt\/noticias\/2026\/03\/11\/medio-tejo-considera-injustas-declaracoes-do-ministro-sobre-atrasos-nos-apoios\/#breadcrumb\",\"itemListElement\":[{\"@type\":\"ListItem\",\"position\":1,\"name\":\"In\u00edcio\",\"item\":\"https:\/\/portaltela.pt\/\"},{\"@type\":\"ListItem\",\"position\":2,\"name\":\"M\u00e9dio Tejo considera injustas declara\u00e7\u00f5es do ministro sobre atrasos nos apoios\"}]},{\"@type\":\"WebSite\",\"@id\":\"https:\/\/portaltela.pt\/#website\",\"url\":\"https:\/\/portaltela.pt\/\",\"name\":\"Portal Tela Portugal\",\"description\":\"\",\"potentialAction\":[{\"@type\":\"SearchAction\",\"target\":{\"@type\":\"EntryPoint\",\"urlTemplate\":\"https:\/\/portaltela.pt\/?s={search_term_string}\"},\"query-input\":{\"@type\":\"PropertyValueSpecification\",\"valueRequired\":true,\"valueName\":\"search_term_string\"}}],\"inLanguage\":\"pt-PT\"},{\"@type\":\"Person\",\"@id\":\"https:\/\/portaltela.pt\/#\/schema\/person\/c4278d4a6028830caff9ee44b42d32ed\",\"name\":\"Telinha\",\"image\":{\"@type\":\"ImageObject\",\"inLanguage\":\"pt-PT\",\"@id\":\"https:\/\/portaltela.pt\/s.01k8rhncp4jt1\/2025\/11\/talking-bot-125x125.png\",\"url\":\"https:\/\/portaltela.pt\/s.01k8rhncp4jt1\/2025\/11\/talking-bot-125x125.png\",\"contentUrl\":\"https:\/\/portaltela.pt\/s.01k8rhncp4jt1\/2025\/11\/talking-bot-125x125.png\",\"caption\":\"Telinha\"},\"sameAs\":[\"https:\/\/portaltela.pt\/\"],\"url\":\"https:\/\/portaltela.pt\/por\/367410592786\/\"}]}<\/script>\n<!-- \/ Yoast SEO plugin. -->","yoast_head_json":{"title":"M\u00e9dio Tejo considera injustas declara\u00e7\u00f5es do ministro sobre atrasos nos apoios - Portal Tela Portugal","robots":{"index":"index","follow":"follow","max-snippet":"max-snippet:-1","max-image-preview":"max-image-preview:large","max-video-preview":"max-video-preview:-1"},"og_locale":"pt_PT","og_type":"article","og_title":"M\u00e9dio Tejo considera injustas declara\u00e7\u00f5es do ministro sobre atrasos nos apoios - Portal Tela Portugal","og_description":"A Comunidade Intermunicipal do M\u00e9dio Tejo repudiou declara\u00e7\u00f5es do ministro da Economia e Coes\u00e3o Territorial sobre atrasos na atribui\u00e7\u00e3o de apoios \u00e0 reconstru\u00e7\u00e3o de habita\u00e7\u00f5es afetadas pelo mau tempo. O vice-presidente da CIM do M\u00e9dio Tejo disse que a responsabilidade n\u00e3o \u00e9 dos munic\u00edpios e que a maior parte das candidaturas depende da valida\u00e7\u00e3o final das CCDR. A CIM diz que o Governo decidiu atribuir aos munic\u00edpios a verifica\u00e7\u00e3o das candidaturas, sem refor\u00e7o de meios t\u00e9cnicos, o que, segundo a entidade, n\u00e3o corresponde \u00e0 realidade. A ministra Autarquia e C\u00e2maras Municipais apenas cerca de dez por cento das candidaturas analisadas j\u00e1 tiveram valida\u00e7\u00e3o final pelas CCDR e transfer\u00eancia de verbas. A CIM adianta que foram assinados protocolos com a Ordem dos Engenheiros e a Ordem dos Arquitetos para refor\u00e7ar a capacidade de an\u00e1lise, mobilizando about setenta t\u00e9cnicos, e promete manter a colabora\u00e7\u00e3o para acelerar os apoios.","og_url":"https:\/\/portaltela.pt\/noticias\/2026\/03\/11\/medio-tejo-considera-injustas-declaracoes-do-ministro-sobre-atrasos-nos-apoios\/","og_site_name":"Portal Tela Portugal","article_published_time":"2026-03-11T16:41:12+00:00","author":"Telinha","twitter_card":"summary_large_image","twitter_misc":{"Escrito por":"Telinha","Tempo estimado de leitura":"2 minutos"},"schema":{"@context":"https:\/\/schema.org","@graph":[{"@type":"Article","@id":"https:\/\/portaltela.pt\/noticias\/2026\/03\/11\/medio-tejo-considera-injustas-declaracoes-do-ministro-sobre-atrasos-nos-apoios\/#article","isPartOf":{"@id":"https:\/\/portaltela.pt\/noticias\/2026\/03\/11\/medio-tejo-considera-injustas-declaracoes-do-ministro-sobre-atrasos-nos-apoios\/"},"author":{"name":"Telinha","@id":"https:\/\/portaltela.pt\/#\/schema\/person\/c4278d4a6028830caff9ee44b42d32ed"},"headline":"M\u00e9dio Tejo considera injustas declara\u00e7\u00f5es do ministro sobre atrasos nos apoios","datePublished":"2026-03-11T16:41:12+00:00","mainEntityOfPage":{"@id":"https:\/\/portaltela.pt\/noticias\/2026\/03\/11\/medio-tejo-considera-injustas-declaracoes-do-ministro-sobre-atrasos-nos-apoios\/"},"wordCount":367,"image":{"@id":"https:\/\/portaltela.pt\/noticias\/2026\/03\/11\/medio-tejo-considera-injustas-declaracoes-do-ministro-sobre-atrasos-nos-apoios\/#primaryimage"},"thumbnailUrl":"https:\/\/portaltela.pt\/s.01k8rhncp4jt1\/2026\/03\/img_1500x1000uu2026-02-06-12-11-44-2265220.jpg","keywords":["administra\u00e7\u00e3o p\u00fablica","autarquias","Coes\u00e3o Territorial","economia","habita\u00e7\u00e3o","M\u00e9dio Tejo"],"articleSection":["Not\u00edcias","Pol\u00edtica"],"inLanguage":"pt-PT"},{"@type":"WebPage","@id":"https:\/\/portaltela.pt\/noticias\/2026\/03\/11\/medio-tejo-considera-injustas-declaracoes-do-ministro-sobre-atrasos-nos-apoios\/","url":"https:\/\/portaltela.pt\/noticias\/2026\/03\/11\/medio-tejo-considera-injustas-declaracoes-do-ministro-sobre-atrasos-nos-apoios\/","name":"M\u00e9dio Tejo considera injustas declara\u00e7\u00f5es do ministro sobre atrasos nos apoios - Portal Tela Portugal","isPartOf":{"@id":"https:\/\/portaltela.pt\/#website"},"primaryImageOfPage":{"@id":"https:\/\/portaltela.pt\/noticias\/2026\/03\/11\/medio-tejo-considera-injustas-declaracoes-do-ministro-sobre-atrasos-nos-apoios\/#primaryimage"},"image":{"@id":"https:\/\/portaltela.pt\/noticias\/2026\/03\/11\/medio-tejo-considera-injustas-declaracoes-do-ministro-sobre-atrasos-nos-apoios\/#primaryimage"},"thumbnailUrl":"https:\/\/portaltela.pt\/s.01k8rhncp4jt1\/2026\/03\/img_1500x1000uu2026-02-06-12-11-44-2265220.jpg","datePublished":"2026-03-11T16:41:12+00:00","author":{"@id":"https:\/\/portaltela.pt\/#\/schema\/person\/c4278d4a6028830caff9ee44b42d32ed"},"breadcrumb":{"@id":"https:\/\/portaltela.pt\/noticias\/2026\/03\/11\/medio-tejo-considera-injustas-declaracoes-do-ministro-sobre-atrasos-nos-apoios\/#breadcrumb"},"inLanguage":"pt-PT","potentialAction":[{"@type":"ReadAction","target":["https:\/\/portaltela.pt\/noticias\/2026\/03\/11\/medio-tejo-considera-injustas-declaracoes-do-ministro-sobre-atrasos-nos-apoios\/"]}]},{"@type":"ImageObject","inLanguage":"pt-PT","@id":"https:\/\/portaltela.pt\/noticias\/2026\/03\/11\/medio-tejo-considera-injustas-declaracoes-do-ministro-sobre-atrasos-nos-apoios\/#primaryimage","url":"https:\/\/portaltela.pt\/s.01k8rhncp4jt1\/2026\/03\/img_1500x1000uu2026-02-06-12-11-44-2265220.jpg","contentUrl":"https:\/\/portaltela.pt\/s.01k8rhncp4jt1\/2026\/03\/img_1500x1000uu2026-02-06-12-11-44-2265220.jpg","width":796,"height":448,"caption":"Eestrada submersa junto a Reguengo do Alviela, em Santar\u00e9m"},{"@type":"BreadcrumbList","@id":"https:\/\/portaltela.pt\/noticias\/2026\/03\/11\/medio-tejo-considera-injustas-declaracoes-do-ministro-sobre-atrasos-nos-apoios\/#breadcrumb","itemListElement":[{"@type":"ListItem","position":1,"name":"In\u00edcio","item":"https:\/\/portaltela.pt\/"},{"@type":"ListItem","position":2,"name":"M\u00e9dio Tejo considera injustas declara\u00e7\u00f5es do ministro sobre atrasos nos apoios"}]},{"@type":"WebSite","@id":"https:\/\/portaltela.pt\/#website","url":"https:\/\/portaltela.pt\/","name":"Portal Tela Portugal","description":"","potentialAction":[{"@type":"SearchAction","target":{"@type":"EntryPoint","urlTemplate":"https:\/\/portaltela.pt\/?s={search_term_string}"},"query-input":{"@type":"PropertyValueSpecification","valueRequired":true,"valueName":"search_term_string"}}],"inLanguage":"pt-PT"},{"@type":"Person","@id":"https:\/\/portaltela.pt\/#\/schema\/person\/c4278d4a6028830caff9ee44b42d32ed","name":"Telinha","image":{"@type":"ImageObject","inLanguage":"pt-PT","@id":"https:\/\/portaltela.pt\/s.01k8rhncp4jt1\/2025\/11\/talking-bot-125x125.png","url":"https:\/\/portaltela.pt\/s.01k8rhncp4jt1\/2025\/11\/talking-bot-125x125.png","contentUrl":"https:\/\/portaltela.pt\/s.01k8rhncp4jt1\/2025\/11\/talking-bot-125x125.png","caption":"Telinha"},"sameAs":["https:\/\/portaltela.pt\/"],"url":"https:\/\/portaltela.pt\/por\/367410592786\/"}]}},"_links":{"self":[{"href":"https:\/\/portaltela.pt\/api\/wp\/v2\/posts\/406272","targetHints":{"allow":["GET"]}}],"collection":[{"href":"https:\/\/portaltela.pt\/api\/wp\/v2\/posts"}],"about":[{"href":"https:\/\/portaltela.pt\/api\/wp\/v2\/types\/post"}],"author":[{"embeddable":true,"href":"https:\/\/portaltela.pt\/api\/wp\/v2\/users\/2"}],"replies":[{"embeddable":true,"href":"https:\/\/portaltela.pt\/api\/wp\/v2\/comments?post=406272"}],"version-history":[{"count":0,"href":"https:\/\/portaltela.pt\/api\/wp\/v2\/posts\/406272\/revisions"}],"wp:featuredmedia":[{"embeddable":true,"href":"https:\/\/portaltela.pt\/api\/wp\/v2\/media\/406275"}],"wp:attachment":[{"href":"https:\/\/portaltela.pt\/api\/wp\/v2\/media?parent=406272"}],"wp:term":[{"taxonomy":"category","embeddable":true,"href":"https:\/\/portaltela.pt\/api\/wp\/v2\/categories?post=406272"},{"taxonomy":"post_tag","embeddable":true,"href":"https:\/\/portaltela.pt\/api\/wp\/v2\/tags?post=406272"}],"curies":[{"name":"wp","href":"https:\/\/api.w.org\/{rel}","templated":true}]}}