{"id":406234,"date":"2026-03-11T13:32:18","date_gmt":"2026-03-11T16:32:18","guid":{"rendered":"https:\/\/portaltela.pt\/noticias\/2026\/03\/11\/intencoes-de-von-der-leyen-reacendem-debate-sobre-energia-nuclear-na-alemanha\/"},"modified":"2026-03-11T13:32:18","modified_gmt":"2026-03-11T16:32:18","slug":"intencoes-de-von-der-leyen-reacendem-debate-sobre-energia-nuclear-na-alemanha","status":"publish","type":"post","link":"https:\/\/portaltela.pt\/energia\/2026\/03\/11\/intencoes-de-von-der-leyen-reacendem-debate-sobre-energia-nuclear-na-alemanha\/","title":{"rendered":"Inten\u00e7\u00f5es de von der Leyen reacendem debate sobre energia nuclear na Alemanha"},"content":{"rendered":"<p>A presidente da Comiss\u00e3o Europeia, Ursula von der Leyen, defendeu publicamente a energia nuclear na Cimeira Internacional da Energia Nuclear em Paris. Diz que a energia nuclear pode assegurar o fornecimento de eletricidade a pre\u00e7os est\u00e1veis, com impacto climatico nulo ou reduzido.<\/p>\n<p>Na retrospectiva, Von der Leyen descreveu o abandono da energia nuclear na Alemanha como um erro estrat\u00e9gico. Lembra que, noutros tempos, a Alemanha planeava manter a energia nuclear como parte do mix energ\u00e9tico.<\/p>\n<p>Durante o mandato como ministra do Trabalho e dos Assuntos Sociais, Von der Leyen teve papel-chave no fim gradual da energia nuclear na Alemanha, sob a anterior coliga\u00e7\u00e3o CDU\/CSU. Os \u00faltimos reatores foram encerrados em 2023.<\/p>\n<h3>Reac\u00e7\u00f5es pol\u00edticas na Alemanha<\/h3>\n<p>A l\u00edder verde Katrin G\u00f6ring-Eckardt criticou a ideia de renascer nuclear, dizendo que \u00e9 caro, lento e arriscado, com quest\u00f5es de res\u00edduos ainda por resolver. Pretende acelerar apenas com energias renov\u00e1veis para a soberania energ\u00e9tica.<\/p>\n<p>O chanceler Friedrich Merz (CDU) mant\u00e9m ceticismo e afirmou que a decis\u00e3o de abandonar a energia nuclear \u00e9 irrevers\u00edvel. O ministro do Ambiente, Carsten Schneider (SPD), tamb\u00e9m \u00e9 cr\u00edtico da ideia de reviver a energia nuclear na Alemanha.<\/p>\n<h3>Contexto europeu e econ\u00f3mico<\/h3>\n<p>A Alemanha abriu-se a depend\u00eancia energ\u00e9tica da R\u00fassia ap\u00f3s o abandono nuclear e, com a invas\u00e3o da Ucr\u00e2nia, os fornecimentos foram fortemente reduzidos. No primeiro semestre de 2025, o pre\u00e7o da eletricidade para fam\u00edlias chegou a 38,4 euros por 100 kWh, acima da m\u00e9dia da UE.<\/p>\n<p>Especialistas ouvidos pela Euronews apontam que os custos elevados s\u00e3o um peso para fam\u00edlias e ind\u00fastria alem\u00e3s, sugerindo que a combina\u00e7\u00e3o entre renov\u00e1veis e nuclear pode trazer poupan\u00e7as a longo prazo.<\/p>\n<h3>Perspetivas e debates tecnol\u00f3gicos<\/h3>\n<p>A Comiss\u00e3o Europeia defende o papel da energia nuclear, incluindo futuros projetos de centrais de nova gera\u00e7\u00e3o e centrais mini-nucleares para apoio flex\u00edvel \u00e0s instala\u00e7\u00f5es existentes. A ideia \u00e9 ter solu\u00e7\u00f5es at\u00e9 2030 para refor\u00e7ar o mix energ\u00e9tico europeu.<\/p>\n<p>Entre investigadores, h\u00e1 quem sustente que a energia nuclear pode ser mais rent\u00e1vel do que as renov\u00e1veis sob condi\u00e7\u00f5es espec\u00edficas. Outras vozes, como ativistas, alertam para custos, riscos e gest\u00e3o de res\u00edduos.<\/p>\n","protected":false},"excerpt":{"rendered":"<ul>\n<li>Ursula von der Leyen defendeu a energia nuclear na Cimeira Internacional da Energia Nuclear em Paris, afirmando que pode garantir fornecimento est\u00e1vel a pre\u00e7os acess\u00edveis e sem impacto no clima, e qualificou o abandono da energia nuclear como erro estrat\u00e9gico.<\/li>\n<li>Na Alemanha, o abandono da energia nuclear ocorreu ap\u00f3s Fukushima, com os \u00faltimos reatores encerrados em 2023; o tema divide o debate dentro da coliga\u00e7\u00e3o CDU\/CSU.<\/li>\n<li>Os pre\u00e7os da eletricidade na Alemanha permanecem elevados, com 38,4 euros por 100 kWh no primeiro semestre de 2025, acima da m\u00e9dia da Uni\u00e3o Europeia.<\/li>\n<li>O economista Daniel Stelter sustenta que seria sensato regressar \u00e0 energia nuclear, enquanto os Verdes chamam a medida de erro estrat\u00e9gico e defendem acelerar as renov\u00e1veis.<\/li>\n<li>A Uni\u00e3o Europeia aposta em centrais de energia nuclear de nova gera\u00e7\u00e3o e em centrais mini-nucleares at\u00e9 2030, alinhando-se com a posi\u00e7\u00e3o de von der Leyen apesar do ceticismo de Merkel, Merz e Schneider.<\/li>\n<\/ul>\n","protected":false},"author":2,"featured_media":406245,"comment_status":"closed","ping_status":"closed","sticky":false,"template":"","format":"standard","meta":{"footnotes":""},"categories":[6806],"tags":[1603,174,4542,3603,2832,2055],"class_list":["post-406234","post","type-post","status-publish","format-standard","has-post-thumbnail","hentry","category-energia","tag-alemanha","tag-energia","tag-energia-electrica","tag-energias-renovaveis","tag-politica","tag-uniao-europeia"],"yoast_head":"<!-- This site is optimized with the Yoast SEO plugin v27.2 - https:\/\/yoast.com\/product\/yoast-seo-wordpress\/ -->\n<title>Inten\u00e7\u00f5es de von der Leyen reacendem debate sobre energia nuclear na Alemanha - Portal Tela Portugal<\/title>\n<meta name=\"robots\" content=\"index, follow, max-snippet:-1, max-image-preview:large, max-video-preview:-1\" \/>\n<meta property=\"og:locale\" content=\"pt_PT\" \/>\n<meta property=\"og:type\" content=\"article\" \/>\n<meta property=\"og:title\" content=\"Inten\u00e7\u00f5es de von der Leyen reacendem debate sobre energia nuclear na Alemanha - Portal Tela Portugal\" \/>\n<meta property=\"og:description\" content=\"Ursula von der Leyen defendeu a energia nuclear na Cimeira Internacional da Energia Nuclear em Paris, afirmando que pode garantir fornecimento est\u00e1vel a pre\u00e7os acess\u00edveis e sem impacto no clima, e qualificou o abandono da energia nuclear como erro estrat\u00e9gico. Na Alemanha, o abandono da energia nuclear ocorreu ap\u00f3s Fukushima, com os \u00faltimos reatores encerrados em 2023; o tema divide o debate dentro da coliga\u00e7\u00e3o CDU\/CSU. Os pre\u00e7os da eletricidade na Alemanha permanecem elevados, com 38,4 euros por 100 kWh no primeiro semestre de 2025, acima da m\u00e9dia da Uni\u00e3o Europeia. O economista Daniel Stelter sustenta que seria sensato regressar \u00e0 energia nuclear, enquanto os Verdes chamam a medida de erro estrat\u00e9gico e defendem acelerar as renov\u00e1veis. A Uni\u00e3o Europeia aposta em centrais de energia nuclear de nova gera\u00e7\u00e3o e em centrais mini-nucleares at\u00e9 2030, alinhando-se com a posi\u00e7\u00e3o de von der Leyen apesar do ceticismo de Merkel, Merz e Schneider.\" \/>\n<meta property=\"og:url\" content=\"https:\/\/portaltela.pt\/noticias\/2026\/03\/11\/intencoes-de-von-der-leyen-reacendem-debate-sobre-energia-nuclear-na-alemanha\/\" \/>\n<meta property=\"og:site_name\" content=\"Portal Tela Portugal\" \/>\n<meta property=\"article:published_time\" content=\"2026-03-11T16:32:18+00:00\" \/>\n<meta name=\"author\" content=\"Telinha\" \/>\n<meta name=\"twitter:card\" content=\"summary_large_image\" \/>\n<meta name=\"twitter:label1\" content=\"Escrito por\" \/>\n\t<meta name=\"twitter:data1\" content=\"Telinha\" \/>\n\t<meta name=\"twitter:label2\" content=\"Tempo estimado de leitura\" \/>\n\t<meta name=\"twitter:data2\" content=\"2 minutos\" \/>\n<script type=\"application\/ld+json\" class=\"yoast-schema-graph\">{\"@context\":\"https:\/\/schema.org\",\"@graph\":[{\"@type\":\"Article\",\"@id\":\"https:\/\/portaltela.pt\/noticias\/2026\/03\/11\/intencoes-de-von-der-leyen-reacendem-debate-sobre-energia-nuclear-na-alemanha\/#article\",\"isPartOf\":{\"@id\":\"https:\/\/portaltela.pt\/noticias\/2026\/03\/11\/intencoes-de-von-der-leyen-reacendem-debate-sobre-energia-nuclear-na-alemanha\/\"},\"author\":{\"name\":\"Telinha\",\"@id\":\"https:\/\/portaltela.pt\/#\/schema\/person\/c4278d4a6028830caff9ee44b42d32ed\"},\"headline\":\"Inten\u00e7\u00f5es de von der Leyen reacendem debate sobre energia nuclear na Alemanha\",\"datePublished\":\"2026-03-11T16:32:18+00:00\",\"mainEntityOfPage\":{\"@id\":\"https:\/\/portaltela.pt\/noticias\/2026\/03\/11\/intencoes-de-von-der-leyen-reacendem-debate-sobre-energia-nuclear-na-alemanha\/\"},\"wordCount\":399,\"image\":{\"@id\":\"https:\/\/portaltela.pt\/noticias\/2026\/03\/11\/intencoes-de-von-der-leyen-reacendem-debate-sobre-energia-nuclear-na-alemanha\/#primaryimage\"},\"thumbnailUrl\":\"https:\/\/portaltela.pt\/s.01k8rhncp4jt1\/2026\/03\/1536x864_cmsv2_87fbc686-4603-51e3-8c41-e7fc8d1636bc-9681825.jpg\",\"keywords\":[\"Alemanha\",\"energia\",\"energia el\u00e9ctrica\",\"energias renov\u00e1veis\",\"pol\u00edtica\",\"Uni\u00e3o Europeia\"],\"articleSection\":[\"Energia\"],\"inLanguage\":\"pt-PT\"},{\"@type\":\"WebPage\",\"@id\":\"https:\/\/portaltela.pt\/noticias\/2026\/03\/11\/intencoes-de-von-der-leyen-reacendem-debate-sobre-energia-nuclear-na-alemanha\/\",\"url\":\"https:\/\/portaltela.pt\/noticias\/2026\/03\/11\/intencoes-de-von-der-leyen-reacendem-debate-sobre-energia-nuclear-na-alemanha\/\",\"name\":\"Inten\u00e7\u00f5es de von der Leyen reacendem debate sobre energia nuclear na Alemanha - Portal Tela Portugal\",\"isPartOf\":{\"@id\":\"https:\/\/portaltela.pt\/#website\"},\"primaryImageOfPage\":{\"@id\":\"https:\/\/portaltela.pt\/noticias\/2026\/03\/11\/intencoes-de-von-der-leyen-reacendem-debate-sobre-energia-nuclear-na-alemanha\/#primaryimage\"},\"image\":{\"@id\":\"https:\/\/portaltela.pt\/noticias\/2026\/03\/11\/intencoes-de-von-der-leyen-reacendem-debate-sobre-energia-nuclear-na-alemanha\/#primaryimage\"},\"thumbnailUrl\":\"https:\/\/portaltela.pt\/s.01k8rhncp4jt1\/2026\/03\/1536x864_cmsv2_87fbc686-4603-51e3-8c41-e7fc8d1636bc-9681825.jpg\",\"datePublished\":\"2026-03-11T16:32:18+00:00\",\"author\":{\"@id\":\"https:\/\/portaltela.pt\/#\/schema\/person\/c4278d4a6028830caff9ee44b42d32ed\"},\"breadcrumb\":{\"@id\":\"https:\/\/portaltela.pt\/noticias\/2026\/03\/11\/intencoes-de-von-der-leyen-reacendem-debate-sobre-energia-nuclear-na-alemanha\/#breadcrumb\"},\"inLanguage\":\"pt-PT\",\"potentialAction\":[{\"@type\":\"ReadAction\",\"target\":[\"https:\/\/portaltela.pt\/noticias\/2026\/03\/11\/intencoes-de-von-der-leyen-reacendem-debate-sobre-energia-nuclear-na-alemanha\/\"]}]},{\"@type\":\"ImageObject\",\"inLanguage\":\"pt-PT\",\"@id\":\"https:\/\/portaltela.pt\/noticias\/2026\/03\/11\/intencoes-de-von-der-leyen-reacendem-debate-sobre-energia-nuclear-na-alemanha\/#primaryimage\",\"url\":\"https:\/\/portaltela.pt\/s.01k8rhncp4jt1\/2026\/03\/1536x864_cmsv2_87fbc686-4603-51e3-8c41-e7fc8d1636bc-9681825.jpg\",\"contentUrl\":\"https:\/\/portaltela.pt\/s.01k8rhncp4jt1\/2026\/03\/1536x864_cmsv2_87fbc686-4603-51e3-8c41-e7fc8d1636bc-9681825.jpg\",\"width\":796,\"height\":448,\"caption\":\"Central nuclear de Isar, perto de Landshut, 13 de setembro de 2007\"},{\"@type\":\"BreadcrumbList\",\"@id\":\"https:\/\/portaltela.pt\/noticias\/2026\/03\/11\/intencoes-de-von-der-leyen-reacendem-debate-sobre-energia-nuclear-na-alemanha\/#breadcrumb\",\"itemListElement\":[{\"@type\":\"ListItem\",\"position\":1,\"name\":\"In\u00edcio\",\"item\":\"https:\/\/portaltela.pt\/\"},{\"@type\":\"ListItem\",\"position\":2,\"name\":\"Inten\u00e7\u00f5es de von der Leyen reacendem debate sobre energia nuclear na Alemanha\"}]},{\"@type\":\"WebSite\",\"@id\":\"https:\/\/portaltela.pt\/#website\",\"url\":\"https:\/\/portaltela.pt\/\",\"name\":\"Portal Tela Portugal\",\"description\":\"\",\"potentialAction\":[{\"@type\":\"SearchAction\",\"target\":{\"@type\":\"EntryPoint\",\"urlTemplate\":\"https:\/\/portaltela.pt\/?s={search_term_string}\"},\"query-input\":{\"@type\":\"PropertyValueSpecification\",\"valueRequired\":true,\"valueName\":\"search_term_string\"}}],\"inLanguage\":\"pt-PT\"},{\"@type\":\"Person\",\"@id\":\"https:\/\/portaltela.pt\/#\/schema\/person\/c4278d4a6028830caff9ee44b42d32ed\",\"name\":\"Telinha\",\"image\":{\"@type\":\"ImageObject\",\"inLanguage\":\"pt-PT\",\"@id\":\"https:\/\/portaltela.pt\/s.01k8rhncp4jt1\/2025\/11\/talking-bot-125x125.png\",\"url\":\"https:\/\/portaltela.pt\/s.01k8rhncp4jt1\/2025\/11\/talking-bot-125x125.png\",\"contentUrl\":\"https:\/\/portaltela.pt\/s.01k8rhncp4jt1\/2025\/11\/talking-bot-125x125.png\",\"caption\":\"Telinha\"},\"sameAs\":[\"https:\/\/portaltela.pt\/\"],\"url\":\"https:\/\/portaltela.pt\/por\/367410592786\/\"}]}<\/script>\n<!-- \/ Yoast SEO plugin. -->","yoast_head_json":{"title":"Inten\u00e7\u00f5es de von der Leyen reacendem debate sobre energia nuclear na Alemanha - Portal Tela Portugal","robots":{"index":"index","follow":"follow","max-snippet":"max-snippet:-1","max-image-preview":"max-image-preview:large","max-video-preview":"max-video-preview:-1"},"og_locale":"pt_PT","og_type":"article","og_title":"Inten\u00e7\u00f5es de von der Leyen reacendem debate sobre energia nuclear na Alemanha - Portal Tela Portugal","og_description":"Ursula von der Leyen defendeu a energia nuclear na Cimeira Internacional da Energia Nuclear em Paris, afirmando que pode garantir fornecimento est\u00e1vel a pre\u00e7os acess\u00edveis e sem impacto no clima, e qualificou o abandono da energia nuclear como erro estrat\u00e9gico. Na Alemanha, o abandono da energia nuclear ocorreu ap\u00f3s Fukushima, com os \u00faltimos reatores encerrados em 2023; o tema divide o debate dentro da coliga\u00e7\u00e3o CDU\/CSU. Os pre\u00e7os da eletricidade na Alemanha permanecem elevados, com 38,4 euros por 100 kWh no primeiro semestre de 2025, acima da m\u00e9dia da Uni\u00e3o Europeia. O economista Daniel Stelter sustenta que seria sensato regressar \u00e0 energia nuclear, enquanto os Verdes chamam a medida de erro estrat\u00e9gico e defendem acelerar as renov\u00e1veis. A Uni\u00e3o Europeia aposta em centrais de energia nuclear de nova gera\u00e7\u00e3o e em centrais mini-nucleares at\u00e9 2030, alinhando-se com a posi\u00e7\u00e3o de von der Leyen apesar do ceticismo de Merkel, Merz e Schneider.","og_url":"https:\/\/portaltela.pt\/noticias\/2026\/03\/11\/intencoes-de-von-der-leyen-reacendem-debate-sobre-energia-nuclear-na-alemanha\/","og_site_name":"Portal Tela Portugal","article_published_time":"2026-03-11T16:32:18+00:00","author":"Telinha","twitter_card":"summary_large_image","twitter_misc":{"Escrito por":"Telinha","Tempo estimado de leitura":"2 minutos"},"schema":{"@context":"https:\/\/schema.org","@graph":[{"@type":"Article","@id":"https:\/\/portaltela.pt\/noticias\/2026\/03\/11\/intencoes-de-von-der-leyen-reacendem-debate-sobre-energia-nuclear-na-alemanha\/#article","isPartOf":{"@id":"https:\/\/portaltela.pt\/noticias\/2026\/03\/11\/intencoes-de-von-der-leyen-reacendem-debate-sobre-energia-nuclear-na-alemanha\/"},"author":{"name":"Telinha","@id":"https:\/\/portaltela.pt\/#\/schema\/person\/c4278d4a6028830caff9ee44b42d32ed"},"headline":"Inten\u00e7\u00f5es de von der Leyen reacendem debate sobre energia nuclear na Alemanha","datePublished":"2026-03-11T16:32:18+00:00","mainEntityOfPage":{"@id":"https:\/\/portaltela.pt\/noticias\/2026\/03\/11\/intencoes-de-von-der-leyen-reacendem-debate-sobre-energia-nuclear-na-alemanha\/"},"wordCount":399,"image":{"@id":"https:\/\/portaltela.pt\/noticias\/2026\/03\/11\/intencoes-de-von-der-leyen-reacendem-debate-sobre-energia-nuclear-na-alemanha\/#primaryimage"},"thumbnailUrl":"https:\/\/portaltela.pt\/s.01k8rhncp4jt1\/2026\/03\/1536x864_cmsv2_87fbc686-4603-51e3-8c41-e7fc8d1636bc-9681825.jpg","keywords":["Alemanha","energia","energia el\u00e9ctrica","energias renov\u00e1veis","pol\u00edtica","Uni\u00e3o Europeia"],"articleSection":["Energia"],"inLanguage":"pt-PT"},{"@type":"WebPage","@id":"https:\/\/portaltela.pt\/noticias\/2026\/03\/11\/intencoes-de-von-der-leyen-reacendem-debate-sobre-energia-nuclear-na-alemanha\/","url":"https:\/\/portaltela.pt\/noticias\/2026\/03\/11\/intencoes-de-von-der-leyen-reacendem-debate-sobre-energia-nuclear-na-alemanha\/","name":"Inten\u00e7\u00f5es de von der Leyen reacendem debate sobre energia nuclear na Alemanha - Portal Tela Portugal","isPartOf":{"@id":"https:\/\/portaltela.pt\/#website"},"primaryImageOfPage":{"@id":"https:\/\/portaltela.pt\/noticias\/2026\/03\/11\/intencoes-de-von-der-leyen-reacendem-debate-sobre-energia-nuclear-na-alemanha\/#primaryimage"},"image":{"@id":"https:\/\/portaltela.pt\/noticias\/2026\/03\/11\/intencoes-de-von-der-leyen-reacendem-debate-sobre-energia-nuclear-na-alemanha\/#primaryimage"},"thumbnailUrl":"https:\/\/portaltela.pt\/s.01k8rhncp4jt1\/2026\/03\/1536x864_cmsv2_87fbc686-4603-51e3-8c41-e7fc8d1636bc-9681825.jpg","datePublished":"2026-03-11T16:32:18+00:00","author":{"@id":"https:\/\/portaltela.pt\/#\/schema\/person\/c4278d4a6028830caff9ee44b42d32ed"},"breadcrumb":{"@id":"https:\/\/portaltela.pt\/noticias\/2026\/03\/11\/intencoes-de-von-der-leyen-reacendem-debate-sobre-energia-nuclear-na-alemanha\/#breadcrumb"},"inLanguage":"pt-PT","potentialAction":[{"@type":"ReadAction","target":["https:\/\/portaltela.pt\/noticias\/2026\/03\/11\/intencoes-de-von-der-leyen-reacendem-debate-sobre-energia-nuclear-na-alemanha\/"]}]},{"@type":"ImageObject","inLanguage":"pt-PT","@id":"https:\/\/portaltela.pt\/noticias\/2026\/03\/11\/intencoes-de-von-der-leyen-reacendem-debate-sobre-energia-nuclear-na-alemanha\/#primaryimage","url":"https:\/\/portaltela.pt\/s.01k8rhncp4jt1\/2026\/03\/1536x864_cmsv2_87fbc686-4603-51e3-8c41-e7fc8d1636bc-9681825.jpg","contentUrl":"https:\/\/portaltela.pt\/s.01k8rhncp4jt1\/2026\/03\/1536x864_cmsv2_87fbc686-4603-51e3-8c41-e7fc8d1636bc-9681825.jpg","width":796,"height":448,"caption":"Central nuclear de Isar, perto de Landshut, 13 de setembro de 2007"},{"@type":"BreadcrumbList","@id":"https:\/\/portaltela.pt\/noticias\/2026\/03\/11\/intencoes-de-von-der-leyen-reacendem-debate-sobre-energia-nuclear-na-alemanha\/#breadcrumb","itemListElement":[{"@type":"ListItem","position":1,"name":"In\u00edcio","item":"https:\/\/portaltela.pt\/"},{"@type":"ListItem","position":2,"name":"Inten\u00e7\u00f5es de von der Leyen reacendem debate sobre energia nuclear na Alemanha"}]},{"@type":"WebSite","@id":"https:\/\/portaltela.pt\/#website","url":"https:\/\/portaltela.pt\/","name":"Portal Tela Portugal","description":"","potentialAction":[{"@type":"SearchAction","target":{"@type":"EntryPoint","urlTemplate":"https:\/\/portaltela.pt\/?s={search_term_string}"},"query-input":{"@type":"PropertyValueSpecification","valueRequired":true,"valueName":"search_term_string"}}],"inLanguage":"pt-PT"},{"@type":"Person","@id":"https:\/\/portaltela.pt\/#\/schema\/person\/c4278d4a6028830caff9ee44b42d32ed","name":"Telinha","image":{"@type":"ImageObject","inLanguage":"pt-PT","@id":"https:\/\/portaltela.pt\/s.01k8rhncp4jt1\/2025\/11\/talking-bot-125x125.png","url":"https:\/\/portaltela.pt\/s.01k8rhncp4jt1\/2025\/11\/talking-bot-125x125.png","contentUrl":"https:\/\/portaltela.pt\/s.01k8rhncp4jt1\/2025\/11\/talking-bot-125x125.png","caption":"Telinha"},"sameAs":["https:\/\/portaltela.pt\/"],"url":"https:\/\/portaltela.pt\/por\/367410592786\/"}]}},"_links":{"self":[{"href":"https:\/\/portaltela.pt\/api\/wp\/v2\/posts\/406234","targetHints":{"allow":["GET"]}}],"collection":[{"href":"https:\/\/portaltela.pt\/api\/wp\/v2\/posts"}],"about":[{"href":"https:\/\/portaltela.pt\/api\/wp\/v2\/types\/post"}],"author":[{"embeddable":true,"href":"https:\/\/portaltela.pt\/api\/wp\/v2\/users\/2"}],"replies":[{"embeddable":true,"href":"https:\/\/portaltela.pt\/api\/wp\/v2\/comments?post=406234"}],"version-history":[{"count":0,"href":"https:\/\/portaltela.pt\/api\/wp\/v2\/posts\/406234\/revisions"}],"wp:featuredmedia":[{"embeddable":true,"href":"https:\/\/portaltela.pt\/api\/wp\/v2\/media\/406245"}],"wp:attachment":[{"href":"https:\/\/portaltela.pt\/api\/wp\/v2\/media?parent=406234"}],"wp:term":[{"taxonomy":"category","embeddable":true,"href":"https:\/\/portaltela.pt\/api\/wp\/v2\/categories?post=406234"},{"taxonomy":"post_tag","embeddable":true,"href":"https:\/\/portaltela.pt\/api\/wp\/v2\/tags?post=406234"}],"curies":[{"name":"wp","href":"https:\/\/api.w.org\/{rel}","templated":true}]}}