{"id":406233,"date":"2026-03-11T13:15:00","date_gmt":"2026-03-11T16:15:00","guid":{"rendered":"https:\/\/portaltela.pt\/noticias\/2026\/03\/11\/governo-transfere-campo-de-tiro-de-alcochete-para-alter-do-chao\/"},"modified":"2026-03-11T13:15:00","modified_gmt":"2026-03-11T16:15:00","slug":"governo-transfere-campo-de-tiro-de-alcochete-para-alter-do-chao","status":"publish","type":"post","link":"https:\/\/portaltela.pt\/noticias\/2026\/03\/11\/governo-transfere-campo-de-tiro-de-alcochete-para-alter-do-chao\/","title":{"rendered":"Governo transfere campo de tiro de Alcochete para Alter do Ch\u00e3o"},"content":{"rendered":"<p>O Governo anunciou a transfer\u00eancia do campo de tiro da For\u00e7a A\u00e9rea, atualmente em Alcochete, para Alter do Ch\u00e3o, no distrito de Portalegre. A \u00e1rea prevista \u00e9 de 7500 hectares.<\/p>\n<p>O ministros da Defesa Nacional, Nuno Melo, confirmou a mudan\u00e7a, sem fixar data concreta. Disse que \u201cperto de 200 militares e suas fam\u00edlias ser\u00e3o instalados\u201d no concelho alentejano.<\/p>\n<p>A decis\u00e3o surge na sequ\u00eancia da desmilitariza\u00e7\u00e3o dos terrenos em Alcochete, para a constru\u00e7\u00e3o do novo aeroporto internacional de Lisboa, designado Lu\u00eds de Cam\u00f5es.<\/p>\n<p>Alter do Ch\u00e3o passa a ser o suporte log\u00edstico para as opera\u00e7\u00f5es do espa\u00e7o de treino. O governante sublinhou a urg\u00eancia da transfer\u00eancia por motivos estrat\u00e9gicos.<\/p>\n<h3>Contexto<\/h3>\n<p>At\u00e9 ao momento, n\u00e3o foram divulgadas informa\u00e7\u00f5es adicionais sobre custos, prazos operacionais ou impactos para as unidades envolvidas. O tema mant\u00e9m-se sujeito a futuras confirma\u00e7\u00f5es oficiais.<\/p>\n","protected":false},"excerpt":{"rendered":"<ul>\n<li>O Governo anunciou que o novo campo de tiro da For\u00e7a A\u00e9rea ficar\u00e1 em Alter do Ch\u00e3o, no distrito de Portalegre.<\/li>\n<li>A \u00e1rea prevista \u00e9 de sete mil e quinhentos hectares.<\/li>\n<li>O an\u00fancio foi feito pelo ministro da Defesa Nacional, Nuno Melo.<\/li>\n<li>Cerca de duzentos militares e as suas fam\u00edlias v\u00e3o ficar instalados naquele concelho.<\/li>\n<li>A transfer\u00eancia \u00e9 apresentada como urgente, devido \u00e0 desmilitariza\u00e7\u00e3o de Alcochete para a constru\u00e7\u00e3o do aeroporto internacional Lu\u00eds de Cam\u00f5es; ainda n\u00e3o h\u00e1 data definida.<\/li>\n<\/ul>\n","protected":false},"author":2,"featured_media":406242,"comment_status":"closed","ping_status":"closed","sticky":false,"template":"","format":"standard","meta":{"footnotes":""},"categories":[1],"tags":[5376,2625,1068,4673,6574,1075],"class_list":["post-406233","post","type-post","status-publish","format-standard","has-post-thumbnail","hentry","category-noticias","tag-a-forca-aerea","tag-aeronautica","tag-alcochete","tag-alter-do-chao","tag-defesa","tag-portalegre"],"yoast_head":"<!-- This site is optimized with the Yoast SEO plugin v27.2 - https:\/\/yoast.com\/product\/yoast-seo-wordpress\/ -->\n<title>Governo transfere campo de tiro de Alcochete para Alter do Ch\u00e3o - Portal Tela Portugal<\/title>\n<meta name=\"robots\" content=\"index, follow, max-snippet:-1, max-image-preview:large, max-video-preview:-1\" \/>\n<meta property=\"og:locale\" content=\"pt_PT\" \/>\n<meta property=\"og:type\" content=\"article\" \/>\n<meta property=\"og:title\" content=\"Governo transfere campo de tiro de Alcochete para Alter do Ch\u00e3o - Portal Tela Portugal\" \/>\n<meta property=\"og:description\" content=\"O Governo anunciou que o novo campo de tiro da For\u00e7a A\u00e9rea ficar\u00e1 em Alter do Ch\u00e3o, no distrito de Portalegre. A \u00e1rea prevista \u00e9 de sete mil e quinhentos hectares. O an\u00fancio foi feito pelo ministro da Defesa Nacional, Nuno Melo. Cerca de duzentos militares e as suas fam\u00edlias v\u00e3o ficar instalados naquele concelho. A transfer\u00eancia \u00e9 apresentada como urgente, devido \u00e0 desmilitariza\u00e7\u00e3o de Alcochete para a constru\u00e7\u00e3o do aeroporto internacional Lu\u00eds de Cam\u00f5es; ainda n\u00e3o h\u00e1 data definida.\" \/>\n<meta property=\"og:url\" content=\"https:\/\/portaltela.pt\/noticias\/2026\/03\/11\/governo-transfere-campo-de-tiro-de-alcochete-para-alter-do-chao\/\" \/>\n<meta property=\"og:site_name\" content=\"Portal Tela Portugal\" \/>\n<meta property=\"article:published_time\" content=\"2026-03-11T16:15:00+00:00\" \/>\n<meta name=\"author\" content=\"Telinha\" \/>\n<meta name=\"twitter:card\" content=\"summary_large_image\" \/>\n<meta name=\"twitter:label1\" content=\"Escrito por\" \/>\n\t<meta name=\"twitter:data1\" content=\"Telinha\" \/>\n\t<meta name=\"twitter:label2\" content=\"Tempo estimado de leitura\" \/>\n\t<meta name=\"twitter:data2\" content=\"1 minuto\" \/>\n<script type=\"application\/ld+json\" class=\"yoast-schema-graph\">{\"@context\":\"https:\/\/schema.org\",\"@graph\":[{\"@type\":\"Article\",\"@id\":\"https:\/\/portaltela.pt\/noticias\/2026\/03\/11\/governo-transfere-campo-de-tiro-de-alcochete-para-alter-do-chao\/#article\",\"isPartOf\":{\"@id\":\"https:\/\/portaltela.pt\/noticias\/2026\/03\/11\/governo-transfere-campo-de-tiro-de-alcochete-para-alter-do-chao\/\"},\"author\":{\"name\":\"Telinha\",\"@id\":\"https:\/\/portaltela.pt\/#\/schema\/person\/c4278d4a6028830caff9ee44b42d32ed\"},\"headline\":\"Governo transfere campo de tiro de Alcochete para Alter do Ch\u00e3o\",\"datePublished\":\"2026-03-11T16:15:00+00:00\",\"mainEntityOfPage\":{\"@id\":\"https:\/\/portaltela.pt\/noticias\/2026\/03\/11\/governo-transfere-campo-de-tiro-de-alcochete-para-alter-do-chao\/\"},\"wordCount\":168,\"image\":{\"@id\":\"https:\/\/portaltela.pt\/noticias\/2026\/03\/11\/governo-transfere-campo-de-tiro-de-alcochete-para-alter-do-chao\/#primaryimage\"},\"thumbnailUrl\":\"https:\/\/portaltela.pt\/s.01k8rhncp4jt1\/2026\/03\/2073378.jpg\",\"keywords\":[\"A For\u00e7a A\u00e9rea\",\"aeron\u00e1utica\",\"Alcochete\",\"Alter do Ch\u00e3o\",\"defesa\",\"Portalegre\"],\"articleSection\":[\"Not\u00edcias\"],\"inLanguage\":\"pt-PT\"},{\"@type\":\"WebPage\",\"@id\":\"https:\/\/portaltela.pt\/noticias\/2026\/03\/11\/governo-transfere-campo-de-tiro-de-alcochete-para-alter-do-chao\/\",\"url\":\"https:\/\/portaltela.pt\/noticias\/2026\/03\/11\/governo-transfere-campo-de-tiro-de-alcochete-para-alter-do-chao\/\",\"name\":\"Governo transfere campo de tiro de Alcochete para Alter do Ch\u00e3o - Portal Tela Portugal\",\"isPartOf\":{\"@id\":\"https:\/\/portaltela.pt\/#website\"},\"primaryImageOfPage\":{\"@id\":\"https:\/\/portaltela.pt\/noticias\/2026\/03\/11\/governo-transfere-campo-de-tiro-de-alcochete-para-alter-do-chao\/#primaryimage\"},\"image\":{\"@id\":\"https:\/\/portaltela.pt\/noticias\/2026\/03\/11\/governo-transfere-campo-de-tiro-de-alcochete-para-alter-do-chao\/#primaryimage\"},\"thumbnailUrl\":\"https:\/\/portaltela.pt\/s.01k8rhncp4jt1\/2026\/03\/2073378.jpg\",\"datePublished\":\"2026-03-11T16:15:00+00:00\",\"author\":{\"@id\":\"https:\/\/portaltela.pt\/#\/schema\/person\/c4278d4a6028830caff9ee44b42d32ed\"},\"breadcrumb\":{\"@id\":\"https:\/\/portaltela.pt\/noticias\/2026\/03\/11\/governo-transfere-campo-de-tiro-de-alcochete-para-alter-do-chao\/#breadcrumb\"},\"inLanguage\":\"pt-PT\",\"potentialAction\":[{\"@type\":\"ReadAction\",\"target\":[\"https:\/\/portaltela.pt\/noticias\/2026\/03\/11\/governo-transfere-campo-de-tiro-de-alcochete-para-alter-do-chao\/\"]}]},{\"@type\":\"ImageObject\",\"inLanguage\":\"pt-PT\",\"@id\":\"https:\/\/portaltela.pt\/noticias\/2026\/03\/11\/governo-transfere-campo-de-tiro-de-alcochete-para-alter-do-chao\/#primaryimage\",\"url\":\"https:\/\/portaltela.pt\/s.01k8rhncp4jt1\/2026\/03\/2073378.jpg\",\"contentUrl\":\"https:\/\/portaltela.pt\/s.01k8rhncp4jt1\/2026\/03\/2073378.jpg\",\"width\":796,\"height\":448,\"caption\":\"Campo de Tiro ser\u00e1 instalado em Alter do Ch\u00e3o para onde se dever\u00e3o mudar 200 militares e suas fam\u00edlias\"},{\"@type\":\"BreadcrumbList\",\"@id\":\"https:\/\/portaltela.pt\/noticias\/2026\/03\/11\/governo-transfere-campo-de-tiro-de-alcochete-para-alter-do-chao\/#breadcrumb\",\"itemListElement\":[{\"@type\":\"ListItem\",\"position\":1,\"name\":\"In\u00edcio\",\"item\":\"https:\/\/portaltela.pt\/\"},{\"@type\":\"ListItem\",\"position\":2,\"name\":\"Governo transfere campo de tiro de Alcochete para Alter do Ch\u00e3o\"}]},{\"@type\":\"WebSite\",\"@id\":\"https:\/\/portaltela.pt\/#website\",\"url\":\"https:\/\/portaltela.pt\/\",\"name\":\"Portal Tela Portugal\",\"description\":\"\",\"potentialAction\":[{\"@type\":\"SearchAction\",\"target\":{\"@type\":\"EntryPoint\",\"urlTemplate\":\"https:\/\/portaltela.pt\/?s={search_term_string}\"},\"query-input\":{\"@type\":\"PropertyValueSpecification\",\"valueRequired\":true,\"valueName\":\"search_term_string\"}}],\"inLanguage\":\"pt-PT\"},{\"@type\":\"Person\",\"@id\":\"https:\/\/portaltela.pt\/#\/schema\/person\/c4278d4a6028830caff9ee44b42d32ed\",\"name\":\"Telinha\",\"image\":{\"@type\":\"ImageObject\",\"inLanguage\":\"pt-PT\",\"@id\":\"https:\/\/portaltela.pt\/s.01k8rhncp4jt1\/2025\/11\/talking-bot-125x125.png\",\"url\":\"https:\/\/portaltela.pt\/s.01k8rhncp4jt1\/2025\/11\/talking-bot-125x125.png\",\"contentUrl\":\"https:\/\/portaltela.pt\/s.01k8rhncp4jt1\/2025\/11\/talking-bot-125x125.png\",\"caption\":\"Telinha\"},\"sameAs\":[\"https:\/\/portaltela.pt\/\"],\"url\":\"https:\/\/portaltela.pt\/por\/367410592786\/\"}]}<\/script>\n<!-- \/ Yoast SEO plugin. -->","yoast_head_json":{"title":"Governo transfere campo de tiro de Alcochete para Alter do Ch\u00e3o - Portal Tela Portugal","robots":{"index":"index","follow":"follow","max-snippet":"max-snippet:-1","max-image-preview":"max-image-preview:large","max-video-preview":"max-video-preview:-1"},"og_locale":"pt_PT","og_type":"article","og_title":"Governo transfere campo de tiro de Alcochete para Alter do Ch\u00e3o - Portal Tela Portugal","og_description":"O Governo anunciou que o novo campo de tiro da For\u00e7a A\u00e9rea ficar\u00e1 em Alter do Ch\u00e3o, no distrito de Portalegre. A \u00e1rea prevista \u00e9 de sete mil e quinhentos hectares. O an\u00fancio foi feito pelo ministro da Defesa Nacional, Nuno Melo. Cerca de duzentos militares e as suas fam\u00edlias v\u00e3o ficar instalados naquele concelho. A transfer\u00eancia \u00e9 apresentada como urgente, devido \u00e0 desmilitariza\u00e7\u00e3o de Alcochete para a constru\u00e7\u00e3o do aeroporto internacional Lu\u00eds de Cam\u00f5es; ainda n\u00e3o h\u00e1 data definida.","og_url":"https:\/\/portaltela.pt\/noticias\/2026\/03\/11\/governo-transfere-campo-de-tiro-de-alcochete-para-alter-do-chao\/","og_site_name":"Portal Tela Portugal","article_published_time":"2026-03-11T16:15:00+00:00","author":"Telinha","twitter_card":"summary_large_image","twitter_misc":{"Escrito por":"Telinha","Tempo estimado de leitura":"1 minuto"},"schema":{"@context":"https:\/\/schema.org","@graph":[{"@type":"Article","@id":"https:\/\/portaltela.pt\/noticias\/2026\/03\/11\/governo-transfere-campo-de-tiro-de-alcochete-para-alter-do-chao\/#article","isPartOf":{"@id":"https:\/\/portaltela.pt\/noticias\/2026\/03\/11\/governo-transfere-campo-de-tiro-de-alcochete-para-alter-do-chao\/"},"author":{"name":"Telinha","@id":"https:\/\/portaltela.pt\/#\/schema\/person\/c4278d4a6028830caff9ee44b42d32ed"},"headline":"Governo transfere campo de tiro de Alcochete para Alter do Ch\u00e3o","datePublished":"2026-03-11T16:15:00+00:00","mainEntityOfPage":{"@id":"https:\/\/portaltela.pt\/noticias\/2026\/03\/11\/governo-transfere-campo-de-tiro-de-alcochete-para-alter-do-chao\/"},"wordCount":168,"image":{"@id":"https:\/\/portaltela.pt\/noticias\/2026\/03\/11\/governo-transfere-campo-de-tiro-de-alcochete-para-alter-do-chao\/#primaryimage"},"thumbnailUrl":"https:\/\/portaltela.pt\/s.01k8rhncp4jt1\/2026\/03\/2073378.jpg","keywords":["A For\u00e7a A\u00e9rea","aeron\u00e1utica","Alcochete","Alter do Ch\u00e3o","defesa","Portalegre"],"articleSection":["Not\u00edcias"],"inLanguage":"pt-PT"},{"@type":"WebPage","@id":"https:\/\/portaltela.pt\/noticias\/2026\/03\/11\/governo-transfere-campo-de-tiro-de-alcochete-para-alter-do-chao\/","url":"https:\/\/portaltela.pt\/noticias\/2026\/03\/11\/governo-transfere-campo-de-tiro-de-alcochete-para-alter-do-chao\/","name":"Governo transfere campo de tiro de Alcochete para Alter do Ch\u00e3o - Portal Tela Portugal","isPartOf":{"@id":"https:\/\/portaltela.pt\/#website"},"primaryImageOfPage":{"@id":"https:\/\/portaltela.pt\/noticias\/2026\/03\/11\/governo-transfere-campo-de-tiro-de-alcochete-para-alter-do-chao\/#primaryimage"},"image":{"@id":"https:\/\/portaltela.pt\/noticias\/2026\/03\/11\/governo-transfere-campo-de-tiro-de-alcochete-para-alter-do-chao\/#primaryimage"},"thumbnailUrl":"https:\/\/portaltela.pt\/s.01k8rhncp4jt1\/2026\/03\/2073378.jpg","datePublished":"2026-03-11T16:15:00+00:00","author":{"@id":"https:\/\/portaltela.pt\/#\/schema\/person\/c4278d4a6028830caff9ee44b42d32ed"},"breadcrumb":{"@id":"https:\/\/portaltela.pt\/noticias\/2026\/03\/11\/governo-transfere-campo-de-tiro-de-alcochete-para-alter-do-chao\/#breadcrumb"},"inLanguage":"pt-PT","potentialAction":[{"@type":"ReadAction","target":["https:\/\/portaltela.pt\/noticias\/2026\/03\/11\/governo-transfere-campo-de-tiro-de-alcochete-para-alter-do-chao\/"]}]},{"@type":"ImageObject","inLanguage":"pt-PT","@id":"https:\/\/portaltela.pt\/noticias\/2026\/03\/11\/governo-transfere-campo-de-tiro-de-alcochete-para-alter-do-chao\/#primaryimage","url":"https:\/\/portaltela.pt\/s.01k8rhncp4jt1\/2026\/03\/2073378.jpg","contentUrl":"https:\/\/portaltela.pt\/s.01k8rhncp4jt1\/2026\/03\/2073378.jpg","width":796,"height":448,"caption":"Campo de Tiro ser\u00e1 instalado em Alter do Ch\u00e3o para onde se dever\u00e3o mudar 200 militares e suas fam\u00edlias"},{"@type":"BreadcrumbList","@id":"https:\/\/portaltela.pt\/noticias\/2026\/03\/11\/governo-transfere-campo-de-tiro-de-alcochete-para-alter-do-chao\/#breadcrumb","itemListElement":[{"@type":"ListItem","position":1,"name":"In\u00edcio","item":"https:\/\/portaltela.pt\/"},{"@type":"ListItem","position":2,"name":"Governo transfere campo de tiro de Alcochete para Alter do Ch\u00e3o"}]},{"@type":"WebSite","@id":"https:\/\/portaltela.pt\/#website","url":"https:\/\/portaltela.pt\/","name":"Portal Tela Portugal","description":"","potentialAction":[{"@type":"SearchAction","target":{"@type":"EntryPoint","urlTemplate":"https:\/\/portaltela.pt\/?s={search_term_string}"},"query-input":{"@type":"PropertyValueSpecification","valueRequired":true,"valueName":"search_term_string"}}],"inLanguage":"pt-PT"},{"@type":"Person","@id":"https:\/\/portaltela.pt\/#\/schema\/person\/c4278d4a6028830caff9ee44b42d32ed","name":"Telinha","image":{"@type":"ImageObject","inLanguage":"pt-PT","@id":"https:\/\/portaltela.pt\/s.01k8rhncp4jt1\/2025\/11\/talking-bot-125x125.png","url":"https:\/\/portaltela.pt\/s.01k8rhncp4jt1\/2025\/11\/talking-bot-125x125.png","contentUrl":"https:\/\/portaltela.pt\/s.01k8rhncp4jt1\/2025\/11\/talking-bot-125x125.png","caption":"Telinha"},"sameAs":["https:\/\/portaltela.pt\/"],"url":"https:\/\/portaltela.pt\/por\/367410592786\/"}]}},"_links":{"self":[{"href":"https:\/\/portaltela.pt\/api\/wp\/v2\/posts\/406233","targetHints":{"allow":["GET"]}}],"collection":[{"href":"https:\/\/portaltela.pt\/api\/wp\/v2\/posts"}],"about":[{"href":"https:\/\/portaltela.pt\/api\/wp\/v2\/types\/post"}],"author":[{"embeddable":true,"href":"https:\/\/portaltela.pt\/api\/wp\/v2\/users\/2"}],"replies":[{"embeddable":true,"href":"https:\/\/portaltela.pt\/api\/wp\/v2\/comments?post=406233"}],"version-history":[{"count":0,"href":"https:\/\/portaltela.pt\/api\/wp\/v2\/posts\/406233\/revisions"}],"wp:featuredmedia":[{"embeddable":true,"href":"https:\/\/portaltela.pt\/api\/wp\/v2\/media\/406242"}],"wp:attachment":[{"href":"https:\/\/portaltela.pt\/api\/wp\/v2\/media?parent=406233"}],"wp:term":[{"taxonomy":"category","embeddable":true,"href":"https:\/\/portaltela.pt\/api\/wp\/v2\/categories?post=406233"},{"taxonomy":"post_tag","embeddable":true,"href":"https:\/\/portaltela.pt\/api\/wp\/v2\/tags?post=406233"}],"curies":[{"name":"wp","href":"https:\/\/api.w.org\/{rel}","templated":true}]}}