{"id":406211,"date":"2026-03-11T13:09:05","date_gmt":"2026-03-11T16:09:05","guid":{"rendered":"https:\/\/portaltela.pt\/noticias\/2026\/03\/11\/tobias-lund-andresen-vence-etapa-sem-historia-no-tirreno-adriatico\/"},"modified":"2026-03-11T13:09:05","modified_gmt":"2026-03-11T16:09:05","slug":"tobias-lund-andresen-vence-etapa-sem-historia-no-tirreno-adriatico","status":"publish","type":"post","link":"https:\/\/portaltela.pt\/desporto\/copa-do-mundo\/2026\/03\/11\/tobias-lund-andresen-vence-etapa-sem-historia-no-tirreno-adriatico\/","title":{"rendered":"Tobias Lund Andresen vence etapa sem hist\u00f3ria no Tirreno-Adri\u00e1tico"},"content":{"rendered":"<p>O ciclista dinamarqu\u00eas Tobias Lund Andresen (Decathlon) venceu a terceira etapa do Tirreno-Adri\u00e1tico ao sprint, na manh\u00e3 de quarta-feira, entre Cortona e Magliano de Marsi, em It\u00e1lia. O tempo total foi de 5:29.22, igualando os belgas Arnaud De Lie (Lotto Intermarch\u00e9) e Jasper Philipsen (Alpecin-Premier Tech) na frente.<\/p>\n<p>Isaac del Toro (UAE Emirates) mant\u00e9m a lideran\u00e7a geral da corrida, ap\u00f3s chegar em segundo no sprint final. O italiano Giulio Pellizzari (Red Bull-BORA-hansgrohe) ficou em terceiro, todos com o mesmo tempo do vencedor.<\/p>\n<h3>Percurso e momentos-chave<\/h3>\n<p>A etapa come\u00e7ou com chuva, mantendo o pelot\u00e3o unido durante quase todo o trajeto. O primeiro destaque ocorreu aos 91 quil\u00f3metros, quando a passagem de n\u00edvel fechada obrigou a neutraliza\u00e7\u00e3o moment\u00e2nea da corrida.<\/p>\n<p>Pouco depois, no sprint interm\u00e9dio, Del Toro conquistou um segundo de bonifica\u00e7\u00e3o, aumentando a vantagem na classifica\u00e7\u00e3o geral. Nos \u00faltimos 25 quil\u00f3metros, v\u00e1rias tentativas de fuga foram neutralizadas pelas equipas favoritas para o sprint final.<\/p>\n<p>Andresen acabou por entrar com a melhor velocidade no sprint decisivo, vencendo a etapa. O italiano Jonathan Milan, da Lidl-Trek, terminou em s\u00e9timo lugar, inesperadamente fora do grupo de frente.<\/p>\n<h3>Olhando j\u00e1 para a quarta etapa<\/h3>\n<p>A prova continua na quinta-feira com a quarta etapa, de 213 quil\u00f3metros, ligando Tagliacozzo a Martinsicuro. A partida destaca-se pela primeira metade com dificuldades, incluindo a contagem de categoria especial em Valico delle Capannelle, aos 101,5 quil\u00f3metros.<\/p>\n","protected":false},"excerpt":{"rendered":"<ul>\n<li>O ciclista dinamarqu\u00eas Tobias Lund Andresen (Decathlon) venceu a terceira etapa do Tirreno-Adri\u00e1tico ao sprint, alcan\u00e7ando a terceira vit\u00f3ria da temporada e a 10.\u00aa da carreira, com tempo de 5:29.22.<\/li>\n<li>A etapa teve 221 quil\u00f3metros entre Cortona e Magliano de Marsi, em It\u00e1lia, e come\u00e7ou com chuva na primeira parte.<\/li>\n<li>Isaac del Toro (UAE Emirates) mant\u00e9m a lideran\u00e7a da classifica\u00e7\u00e3o geral da corrida.<\/li>\n<li>Del Toro somou segunda posi\u00e7\u00e3o na etapa, assegurando bonifica\u00e7\u00e3o e aumentando a vantagem para quatro segundos sobre Giulio Pellizzari e para 14 sobre Magnus Sheffield; Andresen terminou empatado no tempo com Arnaud de Lie e Jasper Philipsen no sprint final.<\/li>\n<li>Na quinta-feira disputa-se a quarta etapa, com 213 quil\u00f3metros entre Tagliacozzo e Martinsicuro, destacando-se a contagem de categoria especial em Valico delle Capannelle aos 101,5 quil\u00f3metros.<\/li>\n<\/ul>\n","protected":false},"author":2,"featured_media":406218,"comment_status":"closed","ping_status":"closed","sticky":false,"template":"","format":"standard","meta":{"footnotes":""},"categories":[6695,21],"tags":[923,5417,152,1857,6083,3997],"class_list":["post-406211","post","type-post","status-publish","format-standard","has-post-thumbnail","hentry","category-copa-do-mundo","category-desporto","tag-ciclismo","tag-corridas-internacionais","tag-desporto","tag-italia","tag-lidl-trek","tag-uae-emirates"],"yoast_head":"<!-- This site is optimized with the Yoast SEO plugin v27.2 - https:\/\/yoast.com\/product\/yoast-seo-wordpress\/ -->\n<title>Tobias Lund Andresen vence etapa sem hist\u00f3ria no Tirreno-Adri\u00e1tico - Portal Tela Portugal<\/title>\n<meta name=\"robots\" content=\"index, follow, max-snippet:-1, max-image-preview:large, max-video-preview:-1\" \/>\n<meta property=\"og:locale\" content=\"pt_PT\" \/>\n<meta property=\"og:type\" content=\"article\" \/>\n<meta property=\"og:title\" content=\"Tobias Lund Andresen vence etapa sem hist\u00f3ria no Tirreno-Adri\u00e1tico - Portal Tela Portugal\" \/>\n<meta property=\"og:description\" content=\"O ciclista dinamarqu\u00eas Tobias Lund Andresen (Decathlon) venceu a terceira etapa do Tirreno-Adri\u00e1tico ao sprint, alcan\u00e7ando a terceira vit\u00f3ria da temporada e a 10.\u00aa da carreira, com tempo de 5:29.22. A etapa teve 221 quil\u00f3metros entre Cortona e Magliano de Marsi, em It\u00e1lia, e come\u00e7ou com chuva na primeira parte. Isaac del Toro (UAE Emirates) mant\u00e9m a lideran\u00e7a da classifica\u00e7\u00e3o geral da corrida. Del Toro somou segunda posi\u00e7\u00e3o na etapa, assegurando bonifica\u00e7\u00e3o e aumentando a vantagem para quatro segundos sobre Giulio Pellizzari e para 14 sobre Magnus Sheffield; Andresen terminou empatado no tempo com Arnaud de Lie e Jasper Philipsen no sprint final. Na quinta-feira disputa-se a quarta etapa, com 213 quil\u00f3metros entre Tagliacozzo e Martinsicuro, destacando-se a contagem de categoria especial em Valico delle Capannelle aos 101,5 quil\u00f3metros.\" \/>\n<meta property=\"og:url\" content=\"https:\/\/portaltela.pt\/noticias\/2026\/03\/11\/tobias-lund-andresen-vence-etapa-sem-historia-no-tirreno-adriatico\/\" \/>\n<meta property=\"og:site_name\" content=\"Portal Tela Portugal\" \/>\n<meta property=\"article:published_time\" content=\"2026-03-11T16:09:05+00:00\" \/>\n<meta name=\"author\" content=\"Telinha\" \/>\n<meta name=\"twitter:card\" content=\"summary_large_image\" \/>\n<meta name=\"twitter:label1\" content=\"Escrito por\" \/>\n\t<meta name=\"twitter:data1\" content=\"Telinha\" \/>\n\t<meta name=\"twitter:label2\" content=\"Tempo estimado de leitura\" \/>\n\t<meta name=\"twitter:data2\" content=\"1 minuto\" \/>\n<script type=\"application\/ld+json\" class=\"yoast-schema-graph\">{\"@context\":\"https:\/\/schema.org\",\"@graph\":[{\"@type\":\"Article\",\"@id\":\"https:\/\/portaltela.pt\/noticias\/2026\/03\/11\/tobias-lund-andresen-vence-etapa-sem-historia-no-tirreno-adriatico\/#article\",\"isPartOf\":{\"@id\":\"https:\/\/portaltela.pt\/noticias\/2026\/03\/11\/tobias-lund-andresen-vence-etapa-sem-historia-no-tirreno-adriatico\/\"},\"author\":{\"name\":\"Telinha\",\"@id\":\"https:\/\/portaltela.pt\/#\/schema\/person\/c4278d4a6028830caff9ee44b42d32ed\"},\"headline\":\"Tobias Lund Andresen vence etapa sem hist\u00f3ria no Tirreno-Adri\u00e1tico\",\"datePublished\":\"2026-03-11T16:09:05+00:00\",\"mainEntityOfPage\":{\"@id\":\"https:\/\/portaltela.pt\/noticias\/2026\/03\/11\/tobias-lund-andresen-vence-etapa-sem-historia-no-tirreno-adriatico\/\"},\"wordCount\":252,\"image\":{\"@id\":\"https:\/\/portaltela.pt\/noticias\/2026\/03\/11\/tobias-lund-andresen-vence-etapa-sem-historia-no-tirreno-adriatico\/#primaryimage\"},\"thumbnailUrl\":\"https:\/\/portaltela.pt\/s.01k8rhncp4jt1\/2026\/03\/img_920x518uu2026-03-11-16-08-24-2426230-im-639088421257539401.jpg\",\"keywords\":[\"ciclismo\",\"corridas internacionais\",\"desporto\",\"It\u00e1lia\",\"Lidl-Trek\",\"UAE Emirates\"],\"articleSection\":[\"Copa do Mundo\",\"Desporto\"],\"inLanguage\":\"pt-PT\"},{\"@type\":\"WebPage\",\"@id\":\"https:\/\/portaltela.pt\/noticias\/2026\/03\/11\/tobias-lund-andresen-vence-etapa-sem-historia-no-tirreno-adriatico\/\",\"url\":\"https:\/\/portaltela.pt\/noticias\/2026\/03\/11\/tobias-lund-andresen-vence-etapa-sem-historia-no-tirreno-adriatico\/\",\"name\":\"Tobias Lund Andresen vence etapa sem hist\u00f3ria no Tirreno-Adri\u00e1tico - Portal Tela Portugal\",\"isPartOf\":{\"@id\":\"https:\/\/portaltela.pt\/#website\"},\"primaryImageOfPage\":{\"@id\":\"https:\/\/portaltela.pt\/noticias\/2026\/03\/11\/tobias-lund-andresen-vence-etapa-sem-historia-no-tirreno-adriatico\/#primaryimage\"},\"image\":{\"@id\":\"https:\/\/portaltela.pt\/noticias\/2026\/03\/11\/tobias-lund-andresen-vence-etapa-sem-historia-no-tirreno-adriatico\/#primaryimage\"},\"thumbnailUrl\":\"https:\/\/portaltela.pt\/s.01k8rhncp4jt1\/2026\/03\/img_920x518uu2026-03-11-16-08-24-2426230-im-639088421257539401.jpg\",\"datePublished\":\"2026-03-11T16:09:05+00:00\",\"author\":{\"@id\":\"https:\/\/portaltela.pt\/#\/schema\/person\/c4278d4a6028830caff9ee44b42d32ed\"},\"breadcrumb\":{\"@id\":\"https:\/\/portaltela.pt\/noticias\/2026\/03\/11\/tobias-lund-andresen-vence-etapa-sem-historia-no-tirreno-adriatico\/#breadcrumb\"},\"inLanguage\":\"pt-PT\",\"potentialAction\":[{\"@type\":\"ReadAction\",\"target\":[\"https:\/\/portaltela.pt\/noticias\/2026\/03\/11\/tobias-lund-andresen-vence-etapa-sem-historia-no-tirreno-adriatico\/\"]}]},{\"@type\":\"ImageObject\",\"inLanguage\":\"pt-PT\",\"@id\":\"https:\/\/portaltela.pt\/noticias\/2026\/03\/11\/tobias-lund-andresen-vence-etapa-sem-historia-no-tirreno-adriatico\/#primaryimage\",\"url\":\"https:\/\/portaltela.pt\/s.01k8rhncp4jt1\/2026\/03\/img_920x518uu2026-03-11-16-08-24-2426230-im-639088421257539401.jpg\",\"contentUrl\":\"https:\/\/portaltela.pt\/s.01k8rhncp4jt1\/2026\/03\/img_920x518uu2026-03-11-16-08-24-2426230-im-639088421257539401.jpg\",\"width\":920,\"height\":518,\"caption\":\"Tobias Lund Andresen (Decathlon) vence 3.\u00aa etapa do Tirreno-Adri\u00e1tico\"},{\"@type\":\"BreadcrumbList\",\"@id\":\"https:\/\/portaltela.pt\/noticias\/2026\/03\/11\/tobias-lund-andresen-vence-etapa-sem-historia-no-tirreno-adriatico\/#breadcrumb\",\"itemListElement\":[{\"@type\":\"ListItem\",\"position\":1,\"name\":\"In\u00edcio\",\"item\":\"https:\/\/portaltela.pt\/\"},{\"@type\":\"ListItem\",\"position\":2,\"name\":\"Tobias Lund Andresen vence etapa sem hist\u00f3ria no Tirreno-Adri\u00e1tico\"}]},{\"@type\":\"WebSite\",\"@id\":\"https:\/\/portaltela.pt\/#website\",\"url\":\"https:\/\/portaltela.pt\/\",\"name\":\"Portal Tela Portugal\",\"description\":\"\",\"potentialAction\":[{\"@type\":\"SearchAction\",\"target\":{\"@type\":\"EntryPoint\",\"urlTemplate\":\"https:\/\/portaltela.pt\/?s={search_term_string}\"},\"query-input\":{\"@type\":\"PropertyValueSpecification\",\"valueRequired\":true,\"valueName\":\"search_term_string\"}}],\"inLanguage\":\"pt-PT\"},{\"@type\":\"Person\",\"@id\":\"https:\/\/portaltela.pt\/#\/schema\/person\/c4278d4a6028830caff9ee44b42d32ed\",\"name\":\"Telinha\",\"image\":{\"@type\":\"ImageObject\",\"inLanguage\":\"pt-PT\",\"@id\":\"https:\/\/portaltela.pt\/s.01k8rhncp4jt1\/2025\/11\/talking-bot-125x125.png\",\"url\":\"https:\/\/portaltela.pt\/s.01k8rhncp4jt1\/2025\/11\/talking-bot-125x125.png\",\"contentUrl\":\"https:\/\/portaltela.pt\/s.01k8rhncp4jt1\/2025\/11\/talking-bot-125x125.png\",\"caption\":\"Telinha\"},\"sameAs\":[\"https:\/\/portaltela.pt\/\"],\"url\":\"https:\/\/portaltela.pt\/por\/367410592786\/\"}]}<\/script>\n<!-- \/ Yoast SEO plugin. -->","yoast_head_json":{"title":"Tobias Lund Andresen vence etapa sem hist\u00f3ria no Tirreno-Adri\u00e1tico - Portal Tela Portugal","robots":{"index":"index","follow":"follow","max-snippet":"max-snippet:-1","max-image-preview":"max-image-preview:large","max-video-preview":"max-video-preview:-1"},"og_locale":"pt_PT","og_type":"article","og_title":"Tobias Lund Andresen vence etapa sem hist\u00f3ria no Tirreno-Adri\u00e1tico - Portal Tela Portugal","og_description":"O ciclista dinamarqu\u00eas Tobias Lund Andresen (Decathlon) venceu a terceira etapa do Tirreno-Adri\u00e1tico ao sprint, alcan\u00e7ando a terceira vit\u00f3ria da temporada e a 10.\u00aa da carreira, com tempo de 5:29.22. A etapa teve 221 quil\u00f3metros entre Cortona e Magliano de Marsi, em It\u00e1lia, e come\u00e7ou com chuva na primeira parte. Isaac del Toro (UAE Emirates) mant\u00e9m a lideran\u00e7a da classifica\u00e7\u00e3o geral da corrida. Del Toro somou segunda posi\u00e7\u00e3o na etapa, assegurando bonifica\u00e7\u00e3o e aumentando a vantagem para quatro segundos sobre Giulio Pellizzari e para 14 sobre Magnus Sheffield; Andresen terminou empatado no tempo com Arnaud de Lie e Jasper Philipsen no sprint final. Na quinta-feira disputa-se a quarta etapa, com 213 quil\u00f3metros entre Tagliacozzo e Martinsicuro, destacando-se a contagem de categoria especial em Valico delle Capannelle aos 101,5 quil\u00f3metros.","og_url":"https:\/\/portaltela.pt\/noticias\/2026\/03\/11\/tobias-lund-andresen-vence-etapa-sem-historia-no-tirreno-adriatico\/","og_site_name":"Portal Tela Portugal","article_published_time":"2026-03-11T16:09:05+00:00","author":"Telinha","twitter_card":"summary_large_image","twitter_misc":{"Escrito por":"Telinha","Tempo estimado de leitura":"1 minuto"},"schema":{"@context":"https:\/\/schema.org","@graph":[{"@type":"Article","@id":"https:\/\/portaltela.pt\/noticias\/2026\/03\/11\/tobias-lund-andresen-vence-etapa-sem-historia-no-tirreno-adriatico\/#article","isPartOf":{"@id":"https:\/\/portaltela.pt\/noticias\/2026\/03\/11\/tobias-lund-andresen-vence-etapa-sem-historia-no-tirreno-adriatico\/"},"author":{"name":"Telinha","@id":"https:\/\/portaltela.pt\/#\/schema\/person\/c4278d4a6028830caff9ee44b42d32ed"},"headline":"Tobias Lund Andresen vence etapa sem hist\u00f3ria no Tirreno-Adri\u00e1tico","datePublished":"2026-03-11T16:09:05+00:00","mainEntityOfPage":{"@id":"https:\/\/portaltela.pt\/noticias\/2026\/03\/11\/tobias-lund-andresen-vence-etapa-sem-historia-no-tirreno-adriatico\/"},"wordCount":252,"image":{"@id":"https:\/\/portaltela.pt\/noticias\/2026\/03\/11\/tobias-lund-andresen-vence-etapa-sem-historia-no-tirreno-adriatico\/#primaryimage"},"thumbnailUrl":"https:\/\/portaltela.pt\/s.01k8rhncp4jt1\/2026\/03\/img_920x518uu2026-03-11-16-08-24-2426230-im-639088421257539401.jpg","keywords":["ciclismo","corridas internacionais","desporto","It\u00e1lia","Lidl-Trek","UAE Emirates"],"articleSection":["Copa do Mundo","Desporto"],"inLanguage":"pt-PT"},{"@type":"WebPage","@id":"https:\/\/portaltela.pt\/noticias\/2026\/03\/11\/tobias-lund-andresen-vence-etapa-sem-historia-no-tirreno-adriatico\/","url":"https:\/\/portaltela.pt\/noticias\/2026\/03\/11\/tobias-lund-andresen-vence-etapa-sem-historia-no-tirreno-adriatico\/","name":"Tobias Lund Andresen vence etapa sem hist\u00f3ria no Tirreno-Adri\u00e1tico - Portal Tela Portugal","isPartOf":{"@id":"https:\/\/portaltela.pt\/#website"},"primaryImageOfPage":{"@id":"https:\/\/portaltela.pt\/noticias\/2026\/03\/11\/tobias-lund-andresen-vence-etapa-sem-historia-no-tirreno-adriatico\/#primaryimage"},"image":{"@id":"https:\/\/portaltela.pt\/noticias\/2026\/03\/11\/tobias-lund-andresen-vence-etapa-sem-historia-no-tirreno-adriatico\/#primaryimage"},"thumbnailUrl":"https:\/\/portaltela.pt\/s.01k8rhncp4jt1\/2026\/03\/img_920x518uu2026-03-11-16-08-24-2426230-im-639088421257539401.jpg","datePublished":"2026-03-11T16:09:05+00:00","author":{"@id":"https:\/\/portaltela.pt\/#\/schema\/person\/c4278d4a6028830caff9ee44b42d32ed"},"breadcrumb":{"@id":"https:\/\/portaltela.pt\/noticias\/2026\/03\/11\/tobias-lund-andresen-vence-etapa-sem-historia-no-tirreno-adriatico\/#breadcrumb"},"inLanguage":"pt-PT","potentialAction":[{"@type":"ReadAction","target":["https:\/\/portaltela.pt\/noticias\/2026\/03\/11\/tobias-lund-andresen-vence-etapa-sem-historia-no-tirreno-adriatico\/"]}]},{"@type":"ImageObject","inLanguage":"pt-PT","@id":"https:\/\/portaltela.pt\/noticias\/2026\/03\/11\/tobias-lund-andresen-vence-etapa-sem-historia-no-tirreno-adriatico\/#primaryimage","url":"https:\/\/portaltela.pt\/s.01k8rhncp4jt1\/2026\/03\/img_920x518uu2026-03-11-16-08-24-2426230-im-639088421257539401.jpg","contentUrl":"https:\/\/portaltela.pt\/s.01k8rhncp4jt1\/2026\/03\/img_920x518uu2026-03-11-16-08-24-2426230-im-639088421257539401.jpg","width":920,"height":518,"caption":"Tobias Lund Andresen (Decathlon) vence 3.\u00aa etapa do Tirreno-Adri\u00e1tico"},{"@type":"BreadcrumbList","@id":"https:\/\/portaltela.pt\/noticias\/2026\/03\/11\/tobias-lund-andresen-vence-etapa-sem-historia-no-tirreno-adriatico\/#breadcrumb","itemListElement":[{"@type":"ListItem","position":1,"name":"In\u00edcio","item":"https:\/\/portaltela.pt\/"},{"@type":"ListItem","position":2,"name":"Tobias Lund Andresen vence etapa sem hist\u00f3ria no Tirreno-Adri\u00e1tico"}]},{"@type":"WebSite","@id":"https:\/\/portaltela.pt\/#website","url":"https:\/\/portaltela.pt\/","name":"Portal Tela Portugal","description":"","potentialAction":[{"@type":"SearchAction","target":{"@type":"EntryPoint","urlTemplate":"https:\/\/portaltela.pt\/?s={search_term_string}"},"query-input":{"@type":"PropertyValueSpecification","valueRequired":true,"valueName":"search_term_string"}}],"inLanguage":"pt-PT"},{"@type":"Person","@id":"https:\/\/portaltela.pt\/#\/schema\/person\/c4278d4a6028830caff9ee44b42d32ed","name":"Telinha","image":{"@type":"ImageObject","inLanguage":"pt-PT","@id":"https:\/\/portaltela.pt\/s.01k8rhncp4jt1\/2025\/11\/talking-bot-125x125.png","url":"https:\/\/portaltela.pt\/s.01k8rhncp4jt1\/2025\/11\/talking-bot-125x125.png","contentUrl":"https:\/\/portaltela.pt\/s.01k8rhncp4jt1\/2025\/11\/talking-bot-125x125.png","caption":"Telinha"},"sameAs":["https:\/\/portaltela.pt\/"],"url":"https:\/\/portaltela.pt\/por\/367410592786\/"}]}},"_links":{"self":[{"href":"https:\/\/portaltela.pt\/api\/wp\/v2\/posts\/406211","targetHints":{"allow":["GET"]}}],"collection":[{"href":"https:\/\/portaltela.pt\/api\/wp\/v2\/posts"}],"about":[{"href":"https:\/\/portaltela.pt\/api\/wp\/v2\/types\/post"}],"author":[{"embeddable":true,"href":"https:\/\/portaltela.pt\/api\/wp\/v2\/users\/2"}],"replies":[{"embeddable":true,"href":"https:\/\/portaltela.pt\/api\/wp\/v2\/comments?post=406211"}],"version-history":[{"count":0,"href":"https:\/\/portaltela.pt\/api\/wp\/v2\/posts\/406211\/revisions"}],"wp:featuredmedia":[{"embeddable":true,"href":"https:\/\/portaltela.pt\/api\/wp\/v2\/media\/406218"}],"wp:attachment":[{"href":"https:\/\/portaltela.pt\/api\/wp\/v2\/media?parent=406211"}],"wp:term":[{"taxonomy":"category","embeddable":true,"href":"https:\/\/portaltela.pt\/api\/wp\/v2\/categories?post=406211"},{"taxonomy":"post_tag","embeddable":true,"href":"https:\/\/portaltela.pt\/api\/wp\/v2\/tags?post=406211"}],"curies":[{"name":"wp","href":"https:\/\/api.w.org\/{rel}","templated":true}]}}