{"id":406196,"date":"2026-03-11T12:47:00","date_gmt":"2026-03-11T15:47:00","guid":{"rendered":"https:\/\/portaltela.pt\/noticias\/2026\/03\/11\/universidade-de-leiria-contesta-decisao-do-tad-sobre-mecanismo-de-solidariedade\/"},"modified":"2026-03-11T12:47:00","modified_gmt":"2026-03-11T15:47:00","slug":"universidade-de-leiria-contesta-decisao-do-tad-sobre-mecanismo-de-solidariedade","status":"publish","type":"post","link":"https:\/\/portaltela.pt\/desporto\/futebol\/2026\/03\/11\/universidade-de-leiria-contesta-decisao-do-tad-sobre-mecanismo-de-solidariedade\/","title":{"rendered":"Universidade de Leiria contesta decis\u00e3o do TAD sobre mecanismo de solidariedade"},"content":{"rendered":"<p>A Uni\u00e3o de Leiria reagiu hoje \u00e0 decis\u00e3o do Tribunal Arbitral do Desporto (TAD) que indeferiu a provid\u00eancia cautelar apresentada pelos clubes da 2.\u00aa Liga sobre o mecanismo de solidariedade da UEFA. Na pr\u00e1tica, o TAD manteve as delibera\u00e7\u00f5es j\u00e1 tomadas pela LPFP sobre a distribui\u00e7\u00e3o dos meios entre as equipas da 2.\u00aa Liga.<\/p>\n<p>A rea\u00e7\u00e3o foi expressa pela SAD da Uni\u00e3o de Leiria, que classificou a decis\u00e3o como errada e salientou que os argumentos apresentados eram claros, sobretudo para quem acompanhou as Assembleias Gerais que aprovaram a distribui\u00e7\u00e3o do mecanismo entre os clubes da Liga Meo Super.<\/p>\n<h3>Decis\u00e3o e contexto<\/h3>\n<p>O processo envolve a distribui\u00e7\u00e3o de mais de 6 milh\u00f5es de euros das verbas do mecanismo de solidariedade da UEFA, aplicadas \u00e0s sociedades desportivas da 2.\u00aa Liga, seguindo a pr\u00e1tica at\u00e9 2026, em contraste com os 12 milh\u00f5es que ficavam reservados para a 1.\u00aa Liga. Os clubes da 2.\u00aa Liga, com a Uni\u00e3o de Leiria, Felgueiras e Vizela entre os demandantes, contestaram as delibera\u00e7\u00f5es das AG da LPFP de 16 de janeiro e 6 de fevereiro.<\/p>\n<p>O TAD entendeu que o procedimento n\u00e3o foi provado e rejeitou a provid\u00eancia cautelar, mantendo as decis\u00f5es da reuni\u00e3o magna da entidade que gere as competi\u00e7\u00f5es profissionais em Portugal. O presidente da Uni\u00e3o de Leiria afirmou que o acordo de distribui\u00e7\u00e3o para 2024-2027 j\u00e1 tinha sido aprovado por unanimidade pelos clubes da I Liga.<\/p>\n<h3>Rea\u00e7\u00e3o e consequ\u00eancias<\/h3>\n<p>Segundo N\u00e9lio Lucas, o facto de a FPF ter solicitado \u00e0 LPFP a ratifica\u00e7\u00e3o da decis\u00e3o, a pedido da UEFA, explica o recuo de alguns clubes. O dirigente mencionou ainda que a maioria da I Liga aprovou a medida, cerca de 70%, mas cinco clubes n\u00e3o o fizeram por interesses imediatos, com o Famalic\u00e3o entre os que apoiaram, enquanto outros permaneceram em sil\u00eancio.<\/p>\n<p>Apesar da decis\u00e3o do TAD, a Uni\u00e3o de Leiria reiterou a confian\u00e7a na a\u00e7\u00e3o principal, que visa reverter a distribui\u00e7\u00e3o das verbas pelos clubes da II Liga. A SAD salientou que a provid\u00eancia cautelar apenas visava impedir a distribui\u00e7\u00e3o at\u00e9 haver decis\u00e3o final sobre a a\u00e7\u00e3o principal.<\/p>\n","protected":false},"excerpt":{"rendered":"<ul>\n<li>O Tribunal Arbitral do Desporto (TAD) julgou improcedente a provid\u00eancia cautelar apresentada por clubes da 2.\u00aa Liga e manteve as decis\u00f5es da Liga Portuguesa de Futebol Profissional (LPFP) sobre o mecanismo de solidariedade.<\/li>\n<li>A SAD da Uni\u00e3o de Leiria considera a decis\u00e3o errada e sustenta que os argumentos eram claros, defendendo a distribui\u00e7\u00e3o do mecanismo pela 2.\u00aa Liga at\u00e9 2027.<\/li>\n<li>Trata-se da distribui\u00e7\u00e3o de mais de 6 milh\u00f5es de euros das verbas de solidariedade da UEFA entre clubes da 2.\u00aa Liga, em vez de destinar o total de 12 milh\u00f5es apenas aos clubes da 1.\u00aa Liga.<\/li>\n<li>A contesta\u00e7\u00e3o baseou-se nas delibera\u00e7\u00f5es das Assembleias Gerais da LPFP de 16 de janeiro e 6 de fevereiro, que definiram o horizonte financeiro para o tri\u00e9nio 2024-2027.<\/li>\n<li>A Uni\u00e3o de Leiria afirma que a provid\u00eancia cautelar n\u00e3o inviabiliza a a\u00e7\u00e3o principal para reverter a decis\u00e3o e aponta que cerca de 70% dos clubes da I Liga j\u00e1 ratificaram a solu\u00e7\u00e3o, embora cinco n\u00e3o tenham votado.<\/li>\n<\/ul>\n","protected":false},"author":2,"featured_media":406198,"comment_status":"closed","ping_status":"closed","sticky":false,"template":"","format":"standard","meta":{"footnotes":""},"categories":[21,24],"tags":[4175,2705,32,5177,6970,3121],"class_list":["post-406196","post","type-post","status-publish","format-standard","has-post-thumbnail","hentry","category-desporto","category-futebol","tag-2-a-liga","tag-federacao-portuguesa-de-futebol","tag-futebol","tag-mecanismo-de-solidariedade","tag-tad","tag-uniao-de-leiria"],"yoast_head":"<!-- This site is optimized with the Yoast SEO plugin v27.2 - https:\/\/yoast.com\/product\/yoast-seo-wordpress\/ -->\n<title>Universidade de Leiria contesta decis\u00e3o do TAD sobre mecanismo de solidariedade - Portal Tela Portugal<\/title>\n<meta name=\"robots\" content=\"index, follow, max-snippet:-1, max-image-preview:large, max-video-preview:-1\" \/>\n<meta property=\"og:locale\" content=\"pt_PT\" \/>\n<meta property=\"og:type\" content=\"article\" \/>\n<meta property=\"og:title\" content=\"Universidade de Leiria contesta decis\u00e3o do TAD sobre mecanismo de solidariedade - Portal Tela Portugal\" \/>\n<meta property=\"og:description\" content=\"O Tribunal Arbitral do Desporto (TAD) julgou improcedente a provid\u00eancia cautelar apresentada por clubes da 2.\u00aa Liga e manteve as decis\u00f5es da Liga Portuguesa de Futebol Profissional (LPFP) sobre o mecanismo de solidariedade. A SAD da Uni\u00e3o de Leiria considera a decis\u00e3o errada e sustenta que os argumentos eram claros, defendendo a distribui\u00e7\u00e3o do mecanismo pela 2.\u00aa Liga at\u00e9 2027. Trata-se da distribui\u00e7\u00e3o de mais de 6 milh\u00f5es de euros das verbas de solidariedade da UEFA entre clubes da 2.\u00aa Liga, em vez de destinar o total de 12 milh\u00f5es apenas aos clubes da 1.\u00aa Liga. A contesta\u00e7\u00e3o baseou-se nas delibera\u00e7\u00f5es das Assembleias Gerais da LPFP de 16 de janeiro e 6 de fevereiro, que definiram o horizonte financeiro para o tri\u00e9nio 2024-2027. A Uni\u00e3o de Leiria afirma que a provid\u00eancia cautelar n\u00e3o inviabiliza a a\u00e7\u00e3o principal para reverter a decis\u00e3o e aponta que cerca de 70% dos clubes da I Liga j\u00e1 ratificaram a solu\u00e7\u00e3o, embora cinco n\u00e3o tenham votado.\" \/>\n<meta property=\"og:url\" content=\"https:\/\/portaltela.pt\/noticias\/2026\/03\/11\/universidade-de-leiria-contesta-decisao-do-tad-sobre-mecanismo-de-solidariedade\/\" \/>\n<meta property=\"og:site_name\" content=\"Portal Tela Portugal\" \/>\n<meta property=\"article:published_time\" content=\"2026-03-11T15:47:00+00:00\" \/>\n<meta name=\"author\" content=\"Telinha\" \/>\n<meta name=\"twitter:card\" content=\"summary_large_image\" \/>\n<meta name=\"twitter:label1\" content=\"Escrito por\" \/>\n\t<meta name=\"twitter:data1\" content=\"Telinha\" \/>\n\t<meta name=\"twitter:label2\" content=\"Tempo estimado de leitura\" \/>\n\t<meta name=\"twitter:data2\" content=\"2 minutos\" \/>\n<script type=\"application\/ld+json\" class=\"yoast-schema-graph\">{\"@context\":\"https:\/\/schema.org\",\"@graph\":[{\"@type\":\"Article\",\"@id\":\"https:\/\/portaltela.pt\/noticias\/2026\/03\/11\/universidade-de-leiria-contesta-decisao-do-tad-sobre-mecanismo-de-solidariedade\/#article\",\"isPartOf\":{\"@id\":\"https:\/\/portaltela.pt\/noticias\/2026\/03\/11\/universidade-de-leiria-contesta-decisao-do-tad-sobre-mecanismo-de-solidariedade\/\"},\"author\":{\"name\":\"Telinha\",\"@id\":\"https:\/\/portaltela.pt\/#\/schema\/person\/c4278d4a6028830caff9ee44b42d32ed\"},\"headline\":\"Universidade de Leiria contesta decis\u00e3o do TAD sobre mecanismo de solidariedade\",\"datePublished\":\"2026-03-11T15:47:00+00:00\",\"mainEntityOfPage\":{\"@id\":\"https:\/\/portaltela.pt\/noticias\/2026\/03\/11\/universidade-de-leiria-contesta-decisao-do-tad-sobre-mecanismo-de-solidariedade\/\"},\"wordCount\":384,\"image\":{\"@id\":\"https:\/\/portaltela.pt\/noticias\/2026\/03\/11\/universidade-de-leiria-contesta-decisao-do-tad-sobre-mecanismo-de-solidariedade\/#primaryimage\"},\"thumbnailUrl\":\"https:\/\/portaltela.pt\/s.01k8rhncp4jt1\/2026\/03\/img_920x518uu2026-02-06-17-05-15-2419991-im-639088413628561183.jpg\",\"keywords\":[\"2.\u00aa Liga\",\"Federa\u00e7\u00e3o Portuguesa de Futebol\",\"futebol\",\"Mecanismo de Solidariedade\",\"TAD\",\"Uni\u00e3o de Leiria\"],\"articleSection\":[\"Desporto\",\"Futebol\"],\"inLanguage\":\"pt-PT\"},{\"@type\":\"WebPage\",\"@id\":\"https:\/\/portaltela.pt\/noticias\/2026\/03\/11\/universidade-de-leiria-contesta-decisao-do-tad-sobre-mecanismo-de-solidariedade\/\",\"url\":\"https:\/\/portaltela.pt\/noticias\/2026\/03\/11\/universidade-de-leiria-contesta-decisao-do-tad-sobre-mecanismo-de-solidariedade\/\",\"name\":\"Universidade de Leiria contesta decis\u00e3o do TAD sobre mecanismo de solidariedade - Portal Tela Portugal\",\"isPartOf\":{\"@id\":\"https:\/\/portaltela.pt\/#website\"},\"primaryImageOfPage\":{\"@id\":\"https:\/\/portaltela.pt\/noticias\/2026\/03\/11\/universidade-de-leiria-contesta-decisao-do-tad-sobre-mecanismo-de-solidariedade\/#primaryimage\"},\"image\":{\"@id\":\"https:\/\/portaltela.pt\/noticias\/2026\/03\/11\/universidade-de-leiria-contesta-decisao-do-tad-sobre-mecanismo-de-solidariedade\/#primaryimage\"},\"thumbnailUrl\":\"https:\/\/portaltela.pt\/s.01k8rhncp4jt1\/2026\/03\/img_920x518uu2026-02-06-17-05-15-2419991-im-639088413628561183.jpg\",\"datePublished\":\"2026-03-11T15:47:00+00:00\",\"author\":{\"@id\":\"https:\/\/portaltela.pt\/#\/schema\/person\/c4278d4a6028830caff9ee44b42d32ed\"},\"breadcrumb\":{\"@id\":\"https:\/\/portaltela.pt\/noticias\/2026\/03\/11\/universidade-de-leiria-contesta-decisao-do-tad-sobre-mecanismo-de-solidariedade\/#breadcrumb\"},\"inLanguage\":\"pt-PT\",\"potentialAction\":[{\"@type\":\"ReadAction\",\"target\":[\"https:\/\/portaltela.pt\/noticias\/2026\/03\/11\/universidade-de-leiria-contesta-decisao-do-tad-sobre-mecanismo-de-solidariedade\/\"]}]},{\"@type\":\"ImageObject\",\"inLanguage\":\"pt-PT\",\"@id\":\"https:\/\/portaltela.pt\/noticias\/2026\/03\/11\/universidade-de-leiria-contesta-decisao-do-tad-sobre-mecanismo-de-solidariedade\/#primaryimage\",\"url\":\"https:\/\/portaltela.pt\/s.01k8rhncp4jt1\/2026\/03\/img_920x518uu2026-02-06-17-05-15-2419991-im-639088413628561183.jpg\",\"contentUrl\":\"https:\/\/portaltela.pt\/s.01k8rhncp4jt1\/2026\/03\/img_920x518uu2026-02-06-17-05-15-2419991-im-639088413628561183.jpg\",\"width\":796,\"height\":448,\"caption\":\"N\u00e9lio Lucas, presidente da SAD do U. Leiria, na AG da Liga\"},{\"@type\":\"BreadcrumbList\",\"@id\":\"https:\/\/portaltela.pt\/noticias\/2026\/03\/11\/universidade-de-leiria-contesta-decisao-do-tad-sobre-mecanismo-de-solidariedade\/#breadcrumb\",\"itemListElement\":[{\"@type\":\"ListItem\",\"position\":1,\"name\":\"In\u00edcio\",\"item\":\"https:\/\/portaltela.pt\/\"},{\"@type\":\"ListItem\",\"position\":2,\"name\":\"Universidade de Leiria contesta decis\u00e3o do TAD sobre mecanismo de solidariedade\"}]},{\"@type\":\"WebSite\",\"@id\":\"https:\/\/portaltela.pt\/#website\",\"url\":\"https:\/\/portaltela.pt\/\",\"name\":\"Portal Tela Portugal\",\"description\":\"\",\"potentialAction\":[{\"@type\":\"SearchAction\",\"target\":{\"@type\":\"EntryPoint\",\"urlTemplate\":\"https:\/\/portaltela.pt\/?s={search_term_string}\"},\"query-input\":{\"@type\":\"PropertyValueSpecification\",\"valueRequired\":true,\"valueName\":\"search_term_string\"}}],\"inLanguage\":\"pt-PT\"},{\"@type\":\"Person\",\"@id\":\"https:\/\/portaltela.pt\/#\/schema\/person\/c4278d4a6028830caff9ee44b42d32ed\",\"name\":\"Telinha\",\"image\":{\"@type\":\"ImageObject\",\"inLanguage\":\"pt-PT\",\"@id\":\"https:\/\/portaltela.pt\/s.01k8rhncp4jt1\/2025\/11\/talking-bot-125x125.png\",\"url\":\"https:\/\/portaltela.pt\/s.01k8rhncp4jt1\/2025\/11\/talking-bot-125x125.png\",\"contentUrl\":\"https:\/\/portaltela.pt\/s.01k8rhncp4jt1\/2025\/11\/talking-bot-125x125.png\",\"caption\":\"Telinha\"},\"sameAs\":[\"https:\/\/portaltela.pt\/\"],\"url\":\"https:\/\/portaltela.pt\/por\/367410592786\/\"}]}<\/script>\n<!-- \/ Yoast SEO plugin. -->","yoast_head_json":{"title":"Universidade de Leiria contesta decis\u00e3o do TAD sobre mecanismo de solidariedade - Portal Tela Portugal","robots":{"index":"index","follow":"follow","max-snippet":"max-snippet:-1","max-image-preview":"max-image-preview:large","max-video-preview":"max-video-preview:-1"},"og_locale":"pt_PT","og_type":"article","og_title":"Universidade de Leiria contesta decis\u00e3o do TAD sobre mecanismo de solidariedade - Portal Tela Portugal","og_description":"O Tribunal Arbitral do Desporto (TAD) julgou improcedente a provid\u00eancia cautelar apresentada por clubes da 2.\u00aa Liga e manteve as decis\u00f5es da Liga Portuguesa de Futebol Profissional (LPFP) sobre o mecanismo de solidariedade. A SAD da Uni\u00e3o de Leiria considera a decis\u00e3o errada e sustenta que os argumentos eram claros, defendendo a distribui\u00e7\u00e3o do mecanismo pela 2.\u00aa Liga at\u00e9 2027. Trata-se da distribui\u00e7\u00e3o de mais de 6 milh\u00f5es de euros das verbas de solidariedade da UEFA entre clubes da 2.\u00aa Liga, em vez de destinar o total de 12 milh\u00f5es apenas aos clubes da 1.\u00aa Liga. A contesta\u00e7\u00e3o baseou-se nas delibera\u00e7\u00f5es das Assembleias Gerais da LPFP de 16 de janeiro e 6 de fevereiro, que definiram o horizonte financeiro para o tri\u00e9nio 2024-2027. A Uni\u00e3o de Leiria afirma que a provid\u00eancia cautelar n\u00e3o inviabiliza a a\u00e7\u00e3o principal para reverter a decis\u00e3o e aponta que cerca de 70% dos clubes da I Liga j\u00e1 ratificaram a solu\u00e7\u00e3o, embora cinco n\u00e3o tenham votado.","og_url":"https:\/\/portaltela.pt\/noticias\/2026\/03\/11\/universidade-de-leiria-contesta-decisao-do-tad-sobre-mecanismo-de-solidariedade\/","og_site_name":"Portal Tela Portugal","article_published_time":"2026-03-11T15:47:00+00:00","author":"Telinha","twitter_card":"summary_large_image","twitter_misc":{"Escrito por":"Telinha","Tempo estimado de leitura":"2 minutos"},"schema":{"@context":"https:\/\/schema.org","@graph":[{"@type":"Article","@id":"https:\/\/portaltela.pt\/noticias\/2026\/03\/11\/universidade-de-leiria-contesta-decisao-do-tad-sobre-mecanismo-de-solidariedade\/#article","isPartOf":{"@id":"https:\/\/portaltela.pt\/noticias\/2026\/03\/11\/universidade-de-leiria-contesta-decisao-do-tad-sobre-mecanismo-de-solidariedade\/"},"author":{"name":"Telinha","@id":"https:\/\/portaltela.pt\/#\/schema\/person\/c4278d4a6028830caff9ee44b42d32ed"},"headline":"Universidade de Leiria contesta decis\u00e3o do TAD sobre mecanismo de solidariedade","datePublished":"2026-03-11T15:47:00+00:00","mainEntityOfPage":{"@id":"https:\/\/portaltela.pt\/noticias\/2026\/03\/11\/universidade-de-leiria-contesta-decisao-do-tad-sobre-mecanismo-de-solidariedade\/"},"wordCount":384,"image":{"@id":"https:\/\/portaltela.pt\/noticias\/2026\/03\/11\/universidade-de-leiria-contesta-decisao-do-tad-sobre-mecanismo-de-solidariedade\/#primaryimage"},"thumbnailUrl":"https:\/\/portaltela.pt\/s.01k8rhncp4jt1\/2026\/03\/img_920x518uu2026-02-06-17-05-15-2419991-im-639088413628561183.jpg","keywords":["2.\u00aa Liga","Federa\u00e7\u00e3o Portuguesa de Futebol","futebol","Mecanismo de Solidariedade","TAD","Uni\u00e3o de Leiria"],"articleSection":["Desporto","Futebol"],"inLanguage":"pt-PT"},{"@type":"WebPage","@id":"https:\/\/portaltela.pt\/noticias\/2026\/03\/11\/universidade-de-leiria-contesta-decisao-do-tad-sobre-mecanismo-de-solidariedade\/","url":"https:\/\/portaltela.pt\/noticias\/2026\/03\/11\/universidade-de-leiria-contesta-decisao-do-tad-sobre-mecanismo-de-solidariedade\/","name":"Universidade de Leiria contesta decis\u00e3o do TAD sobre mecanismo de solidariedade - Portal Tela Portugal","isPartOf":{"@id":"https:\/\/portaltela.pt\/#website"},"primaryImageOfPage":{"@id":"https:\/\/portaltela.pt\/noticias\/2026\/03\/11\/universidade-de-leiria-contesta-decisao-do-tad-sobre-mecanismo-de-solidariedade\/#primaryimage"},"image":{"@id":"https:\/\/portaltela.pt\/noticias\/2026\/03\/11\/universidade-de-leiria-contesta-decisao-do-tad-sobre-mecanismo-de-solidariedade\/#primaryimage"},"thumbnailUrl":"https:\/\/portaltela.pt\/s.01k8rhncp4jt1\/2026\/03\/img_920x518uu2026-02-06-17-05-15-2419991-im-639088413628561183.jpg","datePublished":"2026-03-11T15:47:00+00:00","author":{"@id":"https:\/\/portaltela.pt\/#\/schema\/person\/c4278d4a6028830caff9ee44b42d32ed"},"breadcrumb":{"@id":"https:\/\/portaltela.pt\/noticias\/2026\/03\/11\/universidade-de-leiria-contesta-decisao-do-tad-sobre-mecanismo-de-solidariedade\/#breadcrumb"},"inLanguage":"pt-PT","potentialAction":[{"@type":"ReadAction","target":["https:\/\/portaltela.pt\/noticias\/2026\/03\/11\/universidade-de-leiria-contesta-decisao-do-tad-sobre-mecanismo-de-solidariedade\/"]}]},{"@type":"ImageObject","inLanguage":"pt-PT","@id":"https:\/\/portaltela.pt\/noticias\/2026\/03\/11\/universidade-de-leiria-contesta-decisao-do-tad-sobre-mecanismo-de-solidariedade\/#primaryimage","url":"https:\/\/portaltela.pt\/s.01k8rhncp4jt1\/2026\/03\/img_920x518uu2026-02-06-17-05-15-2419991-im-639088413628561183.jpg","contentUrl":"https:\/\/portaltela.pt\/s.01k8rhncp4jt1\/2026\/03\/img_920x518uu2026-02-06-17-05-15-2419991-im-639088413628561183.jpg","width":796,"height":448,"caption":"N\u00e9lio Lucas, presidente da SAD do U. Leiria, na AG da Liga"},{"@type":"BreadcrumbList","@id":"https:\/\/portaltela.pt\/noticias\/2026\/03\/11\/universidade-de-leiria-contesta-decisao-do-tad-sobre-mecanismo-de-solidariedade\/#breadcrumb","itemListElement":[{"@type":"ListItem","position":1,"name":"In\u00edcio","item":"https:\/\/portaltela.pt\/"},{"@type":"ListItem","position":2,"name":"Universidade de Leiria contesta decis\u00e3o do TAD sobre mecanismo de solidariedade"}]},{"@type":"WebSite","@id":"https:\/\/portaltela.pt\/#website","url":"https:\/\/portaltela.pt\/","name":"Portal Tela Portugal","description":"","potentialAction":[{"@type":"SearchAction","target":{"@type":"EntryPoint","urlTemplate":"https:\/\/portaltela.pt\/?s={search_term_string}"},"query-input":{"@type":"PropertyValueSpecification","valueRequired":true,"valueName":"search_term_string"}}],"inLanguage":"pt-PT"},{"@type":"Person","@id":"https:\/\/portaltela.pt\/#\/schema\/person\/c4278d4a6028830caff9ee44b42d32ed","name":"Telinha","image":{"@type":"ImageObject","inLanguage":"pt-PT","@id":"https:\/\/portaltela.pt\/s.01k8rhncp4jt1\/2025\/11\/talking-bot-125x125.png","url":"https:\/\/portaltela.pt\/s.01k8rhncp4jt1\/2025\/11\/talking-bot-125x125.png","contentUrl":"https:\/\/portaltela.pt\/s.01k8rhncp4jt1\/2025\/11\/talking-bot-125x125.png","caption":"Telinha"},"sameAs":["https:\/\/portaltela.pt\/"],"url":"https:\/\/portaltela.pt\/por\/367410592786\/"}]}},"_links":{"self":[{"href":"https:\/\/portaltela.pt\/api\/wp\/v2\/posts\/406196","targetHints":{"allow":["GET"]}}],"collection":[{"href":"https:\/\/portaltela.pt\/api\/wp\/v2\/posts"}],"about":[{"href":"https:\/\/portaltela.pt\/api\/wp\/v2\/types\/post"}],"author":[{"embeddable":true,"href":"https:\/\/portaltela.pt\/api\/wp\/v2\/users\/2"}],"replies":[{"embeddable":true,"href":"https:\/\/portaltela.pt\/api\/wp\/v2\/comments?post=406196"}],"version-history":[{"count":0,"href":"https:\/\/portaltela.pt\/api\/wp\/v2\/posts\/406196\/revisions"}],"wp:featuredmedia":[{"embeddable":true,"href":"https:\/\/portaltela.pt\/api\/wp\/v2\/media\/406198"}],"wp:attachment":[{"href":"https:\/\/portaltela.pt\/api\/wp\/v2\/media?parent=406196"}],"wp:term":[{"taxonomy":"category","embeddable":true,"href":"https:\/\/portaltela.pt\/api\/wp\/v2\/categories?post=406196"},{"taxonomy":"post_tag","embeddable":true,"href":"https:\/\/portaltela.pt\/api\/wp\/v2\/tags?post=406196"}],"curies":[{"name":"wp","href":"https:\/\/api.w.org\/{rel}","templated":true}]}}