{"id":406184,"date":"2026-03-11T12:47:34","date_gmt":"2026-03-11T15:47:34","guid":{"rendered":"https:\/\/portaltela.pt\/noticias\/2026\/03\/11\/comissario-da-energia-pede-mais-medidas-perante-subida-dos-precos-no-irao\/"},"modified":"2026-03-11T12:47:34","modified_gmt":"2026-03-11T15:47:34","slug":"comissario-da-energia-pede-mais-medidas-perante-subida-dos-precos-no-irao","status":"publish","type":"post","link":"https:\/\/portaltela.pt\/energia\/2026\/03\/11\/comissario-da-energia-pede-mais-medidas-perante-subida-dos-precos-no-irao\/","title":{"rendered":"Comiss\u00e1rio da Energia pede mais medidas perante subida dos pre\u00e7os no Ir\u00e3o"},"content":{"rendered":"<p>O comiss\u00e1rio europeu para a Energia, Dan J\u00f8rgensen, pediu que Bruxelas implemente mais medidas para reduzir o aumento dos pre\u00e7os da eletricidade e do g\u00e1s, agravados pela instabilidade no M\u00e9dio Oriente. O apelo surge numa altura em que o bloco \u00e9 pressionado a encontrar uma resposta r\u00e1pida.<\/p>\n<p>J\u00f8rgensen explicou numa entrevista \u00e0 Euronews que ainda h\u00e1 muito a fazer para mitigar a escalada dos custos energ\u00e9ticos. Defendeu que reduzir impostos sobre a eletricidade \u00e9 uma forma r\u00e1pida de baixar as faturas, beneficiando fam\u00edlias e a competitividade industrial.<\/p>\n<p>Os l\u00edderes da UE v\u00e3o exigir \u00e0 Comiss\u00e3o propostas concretas para implementa\u00e7\u00e3o r\u00e1pida, numa cimeira em Bruxelas na pr\u00f3xima semana. A reuni\u00e3o antecede uma revis\u00e3o prevista do mercado de carbono da UE, que deve ficar conclu\u00edda at\u00e9 julho de 2026.<\/p>\n<p>De acordo com documentos internos, a UE pode considerar um novo texto revisto do Sistema de Com\u00e9rcio de Emiss\u00f5es. J\u00f8rgensen indicou que a resposta de curto prazo n\u00e3o impede uma transi\u00e7\u00e3o energ\u00e9tica de longo prazo.<\/p>\n<p>A volatilidade atual no setor est\u00e1 relacionada com ataques no Ir\u00e3o a pa\u00edses do Golfo e \u00e0 infraestrutura de petr\u00f3leo. O pre\u00e7o do petr\u00f3leo subiu de forma significativa no in\u00edcio da semana, atingindo valores elevados.<\/p>\n<p>O Presidente dos EUA, Donald Trump, avisou que, caso o Ir\u00e3o amplie a\u00e7\u00f5es no Estreito de Ormuz, poder\u00e3o ocorrer consequ\u00eancias militares sem precedentes. Planos para escoltar navios-tanque tamb\u00e9m foram anunciados, sem detalhes claros.<\/p>\n<p>Fontes indicam que a Ag\u00eancia Internacional de Energia prepara libertar entre 300 e 400 milh\u00f5es de barris de reservas estrat\u00e9gicas. A medida visa estabilizar o mercado, numa interven\u00e7\u00e3o de grande escala pela primeira vez desde a crise de 2022.<\/p>\n<p>J\u00f8rgensen participa numa reuni\u00e3o de ministros da Energia do G7, onde se discute o impacto geoecon\u00f3mico da guerra e as medidas para conter a volatilidade dos pre\u00e7os. O comiss\u00e1rio reiterou que a UE n\u00e3o avalia aliviar san\u00e7\u00f5es sobre a energia russa.<\/p>\n<p>A UE mant\u00e9m a posi\u00e7\u00e3o de n\u00e3o abrir m\u00e3o de fontes energ\u00e9ticas russas, sublinhou o comiss\u00e1rio. A posi\u00e7\u00e3o europeia permanece inalterada face a press\u00f5es externas.<\/p>\n<p>As informa\u00e7\u00f5es foram recolhidas na entrevista \u00e0 Euronews e em documentos internos citados pela imprensa. A Comiss\u00e3o ainda n\u00e3o divulgou propostas oficiais para este momento.<\/p>\n","protected":false},"excerpt":{"rendered":"<ul>\n<li>O Comiss\u00e1rio para a Energia, Dan J\u00f8rgensen, disse que ainda h\u00e1 muito a fazer para atenuar o aumento dos pre\u00e7os da eletricidade e do g\u00e1s, apelando aos Estados-membros para reduzirem j\u00e1 os impostos sobre a eletricidade.<\/li>\n<li>Os l\u00edderes da UE v\u00e3o pedir \u00e0 Comiss\u00e3o propostas espec\u00edficas e r\u00e1pidas para implementar a curto prazo, numa cimeira em Bruxelas na pr\u00f3xima semana.<\/li>\n<li>Um documento interno indica que os chefes v\u00e3o solicitar uma revis\u00e3o do texto do mercado de carbono da UE (Sistema de Com\u00e9rcio de Emiss\u00f5es) at\u00e9 julho de 2026.<\/li>\n<li>O contexto macro envolve o Ir\u00e3o e a escalada no Golfo, com o petr\u00f3leo a chegar a 100 d\u00f3lares por barril; os EUA discutem opera\u00e7\u00f5es no Estreito de Ormuz e o G7 est\u00e1 marcada uma reuni\u00e3o para debater consequ\u00eancias energ\u00e9ticas.<\/li>\n<li>A Ag\u00eancia Internacional de Energia planeia libertar entre 300 e 400 milh\u00f5es de barris de reservas estrat\u00e9gicas; a UE mant\u00e9m posi\u00e7\u00e3o de n\u00e3o aliviar san\u00e7\u00f5es \u00e0 energia russa, apesar de pedidos de alguns pa\u00edses.<\/li>\n<\/ul>\n","protected":false},"author":2,"featured_media":406185,"comment_status":"closed","ping_status":"closed","sticky":false,"template":"","format":"standard","meta":{"footnotes":""},"categories":[6806],"tags":[6115,942,174,3327,2832,2055],"class_list":["post-406184","post","type-post","status-publish","format-standard","has-post-thumbnail","hentry","category-energia","tag-_economia","tag-emissoes-de-gases-de-efeito-de-estufa","tag-energia","tag-iran","tag-politica","tag-uniao-europeia"],"yoast_head":"<!-- This site is optimized with the Yoast SEO plugin v27.2 - https:\/\/yoast.com\/product\/yoast-seo-wordpress\/ -->\n<title>Comiss\u00e1rio da Energia pede mais medidas perante subida dos pre\u00e7os no Ir\u00e3o - Portal Tela Portugal<\/title>\n<meta name=\"robots\" content=\"index, follow, max-snippet:-1, max-image-preview:large, max-video-preview:-1\" \/>\n<meta property=\"og:locale\" content=\"pt_PT\" \/>\n<meta property=\"og:type\" content=\"article\" \/>\n<meta property=\"og:title\" content=\"Comiss\u00e1rio da Energia pede mais medidas perante subida dos pre\u00e7os no Ir\u00e3o - Portal Tela Portugal\" \/>\n<meta property=\"og:description\" content=\"O Comiss\u00e1rio para a Energia, Dan J\u00f8rgensen, disse que ainda h\u00e1 muito a fazer para atenuar o aumento dos pre\u00e7os da eletricidade e do g\u00e1s, apelando aos Estados-membros para reduzirem j\u00e1 os impostos sobre a eletricidade. Os l\u00edderes da UE v\u00e3o pedir \u00e0 Comiss\u00e3o propostas espec\u00edficas e r\u00e1pidas para implementar a curto prazo, numa cimeira em Bruxelas na pr\u00f3xima semana. Um documento interno indica que os chefes v\u00e3o solicitar uma revis\u00e3o do texto do mercado de carbono da UE (Sistema de Com\u00e9rcio de Emiss\u00f5es) at\u00e9 julho de 2026. O contexto macro envolve o Ir\u00e3o e a escalada no Golfo, com o petr\u00f3leo a chegar a 100 d\u00f3lares por barril; os EUA discutem opera\u00e7\u00f5es no Estreito de Ormuz e o G7 est\u00e1 marcada uma reuni\u00e3o para debater consequ\u00eancias energ\u00e9ticas. A Ag\u00eancia Internacional de Energia planeia libertar entre 300 e 400 milh\u00f5es de barris de reservas estrat\u00e9gicas; a UE mant\u00e9m posi\u00e7\u00e3o de n\u00e3o aliviar san\u00e7\u00f5es \u00e0 energia russa, apesar de pedidos de alguns pa\u00edses.\" \/>\n<meta property=\"og:url\" content=\"https:\/\/portaltela.pt\/noticias\/2026\/03\/11\/comissario-da-energia-pede-mais-medidas-perante-subida-dos-precos-no-irao\/\" \/>\n<meta property=\"og:site_name\" content=\"Portal Tela Portugal\" \/>\n<meta property=\"article:published_time\" content=\"2026-03-11T15:47:34+00:00\" \/>\n<meta name=\"author\" content=\"Telinha\" \/>\n<meta name=\"twitter:card\" content=\"summary_large_image\" \/>\n<meta name=\"twitter:label1\" content=\"Escrito por\" \/>\n\t<meta name=\"twitter:data1\" content=\"Telinha\" \/>\n\t<meta name=\"twitter:label2\" content=\"Tempo estimado de leitura\" \/>\n\t<meta name=\"twitter:data2\" content=\"2 minutos\" \/>\n<script type=\"application\/ld+json\" class=\"yoast-schema-graph\">{\"@context\":\"https:\/\/schema.org\",\"@graph\":[{\"@type\":\"Article\",\"@id\":\"https:\/\/portaltela.pt\/noticias\/2026\/03\/11\/comissario-da-energia-pede-mais-medidas-perante-subida-dos-precos-no-irao\/#article\",\"isPartOf\":{\"@id\":\"https:\/\/portaltela.pt\/noticias\/2026\/03\/11\/comissario-da-energia-pede-mais-medidas-perante-subida-dos-precos-no-irao\/\"},\"author\":{\"name\":\"Telinha\",\"@id\":\"https:\/\/portaltela.pt\/#\/schema\/person\/c4278d4a6028830caff9ee44b42d32ed\"},\"headline\":\"Comiss\u00e1rio da Energia pede mais medidas perante subida dos pre\u00e7os no Ir\u00e3o\",\"datePublished\":\"2026-03-11T15:47:34+00:00\",\"mainEntityOfPage\":{\"@id\":\"https:\/\/portaltela.pt\/noticias\/2026\/03\/11\/comissario-da-energia-pede-mais-medidas-perante-subida-dos-precos-no-irao\/\"},\"wordCount\":423,\"image\":{\"@id\":\"https:\/\/portaltela.pt\/noticias\/2026\/03\/11\/comissario-da-energia-pede-mais-medidas-perante-subida-dos-precos-no-irao\/#primaryimage\"},\"thumbnailUrl\":\"https:\/\/portaltela.pt\/s.01k8rhncp4jt1\/2026\/03\/1536x864_cmsv2_b90821fc-3678-5c87-8a84-073c51b2ba9a-9676624.jpg\",\"keywords\":[\"_economia\",\"Emiss\u00f5es de Gases de Efeito de Estufa\",\"energia\",\"\u00cdr\u00e1n\",\"pol\u00edtica\",\"Uni\u00e3o Europeia\"],\"articleSection\":[\"Energia\"],\"inLanguage\":\"pt-PT\"},{\"@type\":\"WebPage\",\"@id\":\"https:\/\/portaltela.pt\/noticias\/2026\/03\/11\/comissario-da-energia-pede-mais-medidas-perante-subida-dos-precos-no-irao\/\",\"url\":\"https:\/\/portaltela.pt\/noticias\/2026\/03\/11\/comissario-da-energia-pede-mais-medidas-perante-subida-dos-precos-no-irao\/\",\"name\":\"Comiss\u00e1rio da Energia pede mais medidas perante subida dos pre\u00e7os no Ir\u00e3o - Portal Tela Portugal\",\"isPartOf\":{\"@id\":\"https:\/\/portaltela.pt\/#website\"},\"primaryImageOfPage\":{\"@id\":\"https:\/\/portaltela.pt\/noticias\/2026\/03\/11\/comissario-da-energia-pede-mais-medidas-perante-subida-dos-precos-no-irao\/#primaryimage\"},\"image\":{\"@id\":\"https:\/\/portaltela.pt\/noticias\/2026\/03\/11\/comissario-da-energia-pede-mais-medidas-perante-subida-dos-precos-no-irao\/#primaryimage\"},\"thumbnailUrl\":\"https:\/\/portaltela.pt\/s.01k8rhncp4jt1\/2026\/03\/1536x864_cmsv2_b90821fc-3678-5c87-8a84-073c51b2ba9a-9676624.jpg\",\"datePublished\":\"2026-03-11T15:47:34+00:00\",\"author\":{\"@id\":\"https:\/\/portaltela.pt\/#\/schema\/person\/c4278d4a6028830caff9ee44b42d32ed\"},\"breadcrumb\":{\"@id\":\"https:\/\/portaltela.pt\/noticias\/2026\/03\/11\/comissario-da-energia-pede-mais-medidas-perante-subida-dos-precos-no-irao\/#breadcrumb\"},\"inLanguage\":\"pt-PT\",\"potentialAction\":[{\"@type\":\"ReadAction\",\"target\":[\"https:\/\/portaltela.pt\/noticias\/2026\/03\/11\/comissario-da-energia-pede-mais-medidas-perante-subida-dos-precos-no-irao\/\"]}]},{\"@type\":\"ImageObject\",\"inLanguage\":\"pt-PT\",\"@id\":\"https:\/\/portaltela.pt\/noticias\/2026\/03\/11\/comissario-da-energia-pede-mais-medidas-perante-subida-dos-precos-no-irao\/#primaryimage\",\"url\":\"https:\/\/portaltela.pt\/s.01k8rhncp4jt1\/2026\/03\/1536x864_cmsv2_b90821fc-3678-5c87-8a84-073c51b2ba9a-9676624.jpg\",\"contentUrl\":\"https:\/\/portaltela.pt\/s.01k8rhncp4jt1\/2026\/03\/1536x864_cmsv2_b90821fc-3678-5c87-8a84-073c51b2ba9a-9676624.jpg\",\"width\":796,\"height\":448,\"caption\":\"Dan J\u00f8rgensen, Comiss\u00e1rio Europeu para a Energia e a Habita\u00e7\u00e3o\"},{\"@type\":\"BreadcrumbList\",\"@id\":\"https:\/\/portaltela.pt\/noticias\/2026\/03\/11\/comissario-da-energia-pede-mais-medidas-perante-subida-dos-precos-no-irao\/#breadcrumb\",\"itemListElement\":[{\"@type\":\"ListItem\",\"position\":1,\"name\":\"In\u00edcio\",\"item\":\"https:\/\/portaltela.pt\/\"},{\"@type\":\"ListItem\",\"position\":2,\"name\":\"Comiss\u00e1rio da Energia pede mais medidas perante subida dos pre\u00e7os no Ir\u00e3o\"}]},{\"@type\":\"WebSite\",\"@id\":\"https:\/\/portaltela.pt\/#website\",\"url\":\"https:\/\/portaltela.pt\/\",\"name\":\"Portal Tela Portugal\",\"description\":\"\",\"potentialAction\":[{\"@type\":\"SearchAction\",\"target\":{\"@type\":\"EntryPoint\",\"urlTemplate\":\"https:\/\/portaltela.pt\/?s={search_term_string}\"},\"query-input\":{\"@type\":\"PropertyValueSpecification\",\"valueRequired\":true,\"valueName\":\"search_term_string\"}}],\"inLanguage\":\"pt-PT\"},{\"@type\":\"Person\",\"@id\":\"https:\/\/portaltela.pt\/#\/schema\/person\/c4278d4a6028830caff9ee44b42d32ed\",\"name\":\"Telinha\",\"image\":{\"@type\":\"ImageObject\",\"inLanguage\":\"pt-PT\",\"@id\":\"https:\/\/portaltela.pt\/s.01k8rhncp4jt1\/2025\/11\/talking-bot-125x125.png\",\"url\":\"https:\/\/portaltela.pt\/s.01k8rhncp4jt1\/2025\/11\/talking-bot-125x125.png\",\"contentUrl\":\"https:\/\/portaltela.pt\/s.01k8rhncp4jt1\/2025\/11\/talking-bot-125x125.png\",\"caption\":\"Telinha\"},\"sameAs\":[\"https:\/\/portaltela.pt\/\"],\"url\":\"https:\/\/portaltela.pt\/por\/367410592786\/\"}]}<\/script>\n<!-- \/ Yoast SEO plugin. -->","yoast_head_json":{"title":"Comiss\u00e1rio da Energia pede mais medidas perante subida dos pre\u00e7os no Ir\u00e3o - Portal Tela Portugal","robots":{"index":"index","follow":"follow","max-snippet":"max-snippet:-1","max-image-preview":"max-image-preview:large","max-video-preview":"max-video-preview:-1"},"og_locale":"pt_PT","og_type":"article","og_title":"Comiss\u00e1rio da Energia pede mais medidas perante subida dos pre\u00e7os no Ir\u00e3o - Portal Tela Portugal","og_description":"O Comiss\u00e1rio para a Energia, Dan J\u00f8rgensen, disse que ainda h\u00e1 muito a fazer para atenuar o aumento dos pre\u00e7os da eletricidade e do g\u00e1s, apelando aos Estados-membros para reduzirem j\u00e1 os impostos sobre a eletricidade. Os l\u00edderes da UE v\u00e3o pedir \u00e0 Comiss\u00e3o propostas espec\u00edficas e r\u00e1pidas para implementar a curto prazo, numa cimeira em Bruxelas na pr\u00f3xima semana. Um documento interno indica que os chefes v\u00e3o solicitar uma revis\u00e3o do texto do mercado de carbono da UE (Sistema de Com\u00e9rcio de Emiss\u00f5es) at\u00e9 julho de 2026. O contexto macro envolve o Ir\u00e3o e a escalada no Golfo, com o petr\u00f3leo a chegar a 100 d\u00f3lares por barril; os EUA discutem opera\u00e7\u00f5es no Estreito de Ormuz e o G7 est\u00e1 marcada uma reuni\u00e3o para debater consequ\u00eancias energ\u00e9ticas. A Ag\u00eancia Internacional de Energia planeia libertar entre 300 e 400 milh\u00f5es de barris de reservas estrat\u00e9gicas; a UE mant\u00e9m posi\u00e7\u00e3o de n\u00e3o aliviar san\u00e7\u00f5es \u00e0 energia russa, apesar de pedidos de alguns pa\u00edses.","og_url":"https:\/\/portaltela.pt\/noticias\/2026\/03\/11\/comissario-da-energia-pede-mais-medidas-perante-subida-dos-precos-no-irao\/","og_site_name":"Portal Tela Portugal","article_published_time":"2026-03-11T15:47:34+00:00","author":"Telinha","twitter_card":"summary_large_image","twitter_misc":{"Escrito por":"Telinha","Tempo estimado de leitura":"2 minutos"},"schema":{"@context":"https:\/\/schema.org","@graph":[{"@type":"Article","@id":"https:\/\/portaltela.pt\/noticias\/2026\/03\/11\/comissario-da-energia-pede-mais-medidas-perante-subida-dos-precos-no-irao\/#article","isPartOf":{"@id":"https:\/\/portaltela.pt\/noticias\/2026\/03\/11\/comissario-da-energia-pede-mais-medidas-perante-subida-dos-precos-no-irao\/"},"author":{"name":"Telinha","@id":"https:\/\/portaltela.pt\/#\/schema\/person\/c4278d4a6028830caff9ee44b42d32ed"},"headline":"Comiss\u00e1rio da Energia pede mais medidas perante subida dos pre\u00e7os no Ir\u00e3o","datePublished":"2026-03-11T15:47:34+00:00","mainEntityOfPage":{"@id":"https:\/\/portaltela.pt\/noticias\/2026\/03\/11\/comissario-da-energia-pede-mais-medidas-perante-subida-dos-precos-no-irao\/"},"wordCount":423,"image":{"@id":"https:\/\/portaltela.pt\/noticias\/2026\/03\/11\/comissario-da-energia-pede-mais-medidas-perante-subida-dos-precos-no-irao\/#primaryimage"},"thumbnailUrl":"https:\/\/portaltela.pt\/s.01k8rhncp4jt1\/2026\/03\/1536x864_cmsv2_b90821fc-3678-5c87-8a84-073c51b2ba9a-9676624.jpg","keywords":["_economia","Emiss\u00f5es de Gases de Efeito de Estufa","energia","\u00cdr\u00e1n","pol\u00edtica","Uni\u00e3o Europeia"],"articleSection":["Energia"],"inLanguage":"pt-PT"},{"@type":"WebPage","@id":"https:\/\/portaltela.pt\/noticias\/2026\/03\/11\/comissario-da-energia-pede-mais-medidas-perante-subida-dos-precos-no-irao\/","url":"https:\/\/portaltela.pt\/noticias\/2026\/03\/11\/comissario-da-energia-pede-mais-medidas-perante-subida-dos-precos-no-irao\/","name":"Comiss\u00e1rio da Energia pede mais medidas perante subida dos pre\u00e7os no Ir\u00e3o - Portal Tela Portugal","isPartOf":{"@id":"https:\/\/portaltela.pt\/#website"},"primaryImageOfPage":{"@id":"https:\/\/portaltela.pt\/noticias\/2026\/03\/11\/comissario-da-energia-pede-mais-medidas-perante-subida-dos-precos-no-irao\/#primaryimage"},"image":{"@id":"https:\/\/portaltela.pt\/noticias\/2026\/03\/11\/comissario-da-energia-pede-mais-medidas-perante-subida-dos-precos-no-irao\/#primaryimage"},"thumbnailUrl":"https:\/\/portaltela.pt\/s.01k8rhncp4jt1\/2026\/03\/1536x864_cmsv2_b90821fc-3678-5c87-8a84-073c51b2ba9a-9676624.jpg","datePublished":"2026-03-11T15:47:34+00:00","author":{"@id":"https:\/\/portaltela.pt\/#\/schema\/person\/c4278d4a6028830caff9ee44b42d32ed"},"breadcrumb":{"@id":"https:\/\/portaltela.pt\/noticias\/2026\/03\/11\/comissario-da-energia-pede-mais-medidas-perante-subida-dos-precos-no-irao\/#breadcrumb"},"inLanguage":"pt-PT","potentialAction":[{"@type":"ReadAction","target":["https:\/\/portaltela.pt\/noticias\/2026\/03\/11\/comissario-da-energia-pede-mais-medidas-perante-subida-dos-precos-no-irao\/"]}]},{"@type":"ImageObject","inLanguage":"pt-PT","@id":"https:\/\/portaltela.pt\/noticias\/2026\/03\/11\/comissario-da-energia-pede-mais-medidas-perante-subida-dos-precos-no-irao\/#primaryimage","url":"https:\/\/portaltela.pt\/s.01k8rhncp4jt1\/2026\/03\/1536x864_cmsv2_b90821fc-3678-5c87-8a84-073c51b2ba9a-9676624.jpg","contentUrl":"https:\/\/portaltela.pt\/s.01k8rhncp4jt1\/2026\/03\/1536x864_cmsv2_b90821fc-3678-5c87-8a84-073c51b2ba9a-9676624.jpg","width":796,"height":448,"caption":"Dan J\u00f8rgensen, Comiss\u00e1rio Europeu para a Energia e a Habita\u00e7\u00e3o"},{"@type":"BreadcrumbList","@id":"https:\/\/portaltela.pt\/noticias\/2026\/03\/11\/comissario-da-energia-pede-mais-medidas-perante-subida-dos-precos-no-irao\/#breadcrumb","itemListElement":[{"@type":"ListItem","position":1,"name":"In\u00edcio","item":"https:\/\/portaltela.pt\/"},{"@type":"ListItem","position":2,"name":"Comiss\u00e1rio da Energia pede mais medidas perante subida dos pre\u00e7os no Ir\u00e3o"}]},{"@type":"WebSite","@id":"https:\/\/portaltela.pt\/#website","url":"https:\/\/portaltela.pt\/","name":"Portal Tela Portugal","description":"","potentialAction":[{"@type":"SearchAction","target":{"@type":"EntryPoint","urlTemplate":"https:\/\/portaltela.pt\/?s={search_term_string}"},"query-input":{"@type":"PropertyValueSpecification","valueRequired":true,"valueName":"search_term_string"}}],"inLanguage":"pt-PT"},{"@type":"Person","@id":"https:\/\/portaltela.pt\/#\/schema\/person\/c4278d4a6028830caff9ee44b42d32ed","name":"Telinha","image":{"@type":"ImageObject","inLanguage":"pt-PT","@id":"https:\/\/portaltela.pt\/s.01k8rhncp4jt1\/2025\/11\/talking-bot-125x125.png","url":"https:\/\/portaltela.pt\/s.01k8rhncp4jt1\/2025\/11\/talking-bot-125x125.png","contentUrl":"https:\/\/portaltela.pt\/s.01k8rhncp4jt1\/2025\/11\/talking-bot-125x125.png","caption":"Telinha"},"sameAs":["https:\/\/portaltela.pt\/"],"url":"https:\/\/portaltela.pt\/por\/367410592786\/"}]}},"_links":{"self":[{"href":"https:\/\/portaltela.pt\/api\/wp\/v2\/posts\/406184","targetHints":{"allow":["GET"]}}],"collection":[{"href":"https:\/\/portaltela.pt\/api\/wp\/v2\/posts"}],"about":[{"href":"https:\/\/portaltela.pt\/api\/wp\/v2\/types\/post"}],"author":[{"embeddable":true,"href":"https:\/\/portaltela.pt\/api\/wp\/v2\/users\/2"}],"replies":[{"embeddable":true,"href":"https:\/\/portaltela.pt\/api\/wp\/v2\/comments?post=406184"}],"version-history":[{"count":0,"href":"https:\/\/portaltela.pt\/api\/wp\/v2\/posts\/406184\/revisions"}],"wp:featuredmedia":[{"embeddable":true,"href":"https:\/\/portaltela.pt\/api\/wp\/v2\/media\/406185"}],"wp:attachment":[{"href":"https:\/\/portaltela.pt\/api\/wp\/v2\/media?parent=406184"}],"wp:term":[{"taxonomy":"category","embeddable":true,"href":"https:\/\/portaltela.pt\/api\/wp\/v2\/categories?post=406184"},{"taxonomy":"post_tag","embeddable":true,"href":"https:\/\/portaltela.pt\/api\/wp\/v2\/tags?post=406184"}],"curies":[{"name":"wp","href":"https:\/\/api.w.org\/{rel}","templated":true}]}}