{"id":406143,"date":"2026-03-11T12:27:43","date_gmt":"2026-03-11T15:27:43","guid":{"rendered":"https:\/\/portaltela.pt\/noticias\/2026\/03\/11\/portugal-convoca-cinco-olimpicos-para-a-taca-da-europa-de-lancamentos\/"},"modified":"2026-03-11T12:27:43","modified_gmt":"2026-03-11T15:27:43","slug":"portugal-convoca-cinco-olimpicos-para-a-taca-da-europa-de-lancamentos","status":"publish","type":"post","link":"https:\/\/portaltela.pt\/desporto\/copa-do-mundo\/2026\/03\/11\/portugal-convoca-cinco-olimpicos-para-a-taca-da-europa-de-lancamentos\/","title":{"rendered":"Portugal convoca cinco ol\u00edmpicos para a Ta\u00e7a da Europa de lan\u00e7amentos"},"content":{"rendered":"<p>A Federa\u00e7\u00e3o Portuguesa de Atletismo anunciou a convocat\u00f3ria da sele\u00e7\u00e3o para a Ta\u00e7a da Europa de lan\u00e7amentos, que se realiza em Nic\u00f3sia, Chipre, durante este fim de semana. A comitiva re\u00fane 16 atletas, com cinco categorias em sub-23, e o Sporting \u00e9 o clube com maior representa\u00e7\u00e3o, ao todo com 10 convocados.<\/p>\n<p>A aus\u00eancia mais marcante \u00e9 a de Auriol Dongmo, recordista nacional do peso, que n\u00e3o compete nesta competi\u00e7\u00e3o porque est\u00e1 apurada para os Mundiais em pista curta, de 20 a 22 de mar\u00e7o, em Torun, Pol\u00f3nia. A comitiva parte para o Chipre na quinta-feira, sob lideran\u00e7a de Paulo Guerra, vice-presidente da FPA.<\/p>\n<h3>Convocados e detalhes<\/h3>\n<p>Femininos:<\/p>\n<ul>\n<li>Peso: Eliana Bandeira (Individual) e J\u00e9ssica Inchude (Sporting)<\/li>\n<li>Disco: Irina Rodrigues (Individual)<\/li>\n<li>Dardo: J\u00e9ssica Barreira (Sporting) e Liliana C\u00e1 (Sporting)<\/li>\n<\/ul>\n<p>Masculinos:<\/p>\n<ul>\n<li>Martelo: D\u00e9cio Andrade (Benfica)<\/li>\n<li>Disco: Edujose Lima (Sporting) e Emanuel Sousa (Benfica)<\/li>\n<li>Dardo: Il\u00edrio Nazar\u00e9 (Sporting) e Leandro Ramos (Benfica)<\/li>\n<\/ul>\n<p>Sub-23 femininos:<\/p>\n<ul>\n<li>Martelo: Catarina Flor (Sporting)<\/li>\n<li>Peso: Mariana C\u00e2mara (Sporting)<\/li>\n<li>Dardo: Marta Trovoada (Sporting)<\/li>\n<\/ul>\n<p>Sub-23 masculinos:<\/p>\n<ul>\n<li>Martelo: Francisco Calhau (Sporting)<\/li>\n<li>Disco e peso: Henrique Gavina (Juventude Vidigalense)<\/li>\n<li>Dardo: Jo\u00e3o Fernandes (Sporting)<\/li>\n<\/ul>\n","protected":false},"excerpt":{"rendered":"<ul>\n<li>A Federa\u00e7\u00e3o Portuguesa de Atletismo anunciou 16 atletas convocados para a Ta\u00e7a da Europa de lan\u00e7amentos em Nic\u00f3sia, Chipre, este fim de semana.<\/li>\n<li>Cinco ol\u00edmpicos integram a lista: Eliana Bandeira, Irina Rodrigues, J\u00e9ssica Inchude, Leandro Ramos e Liliana C\u00e1.<\/li>\n<li>Sporting \u00e9 o clube com mais representantes, totalizando dez atletas na comitiva.<\/li>\n<li>Auriol Dongmo fica de fora da convocat\u00f3ria, focando-se nos Mundiais em pista curta em Torun, Pol\u00f3nia.<\/li>\n<li>A comitiva parte de Portugal para o Chipre na quinta-feira, sendo liderada por Paulo Guerra.<\/li>\n<\/ul>\n","protected":false},"author":2,"featured_media":406148,"comment_status":"closed","ping_status":"closed","sticky":false,"template":"","format":"standard","meta":{"footnotes":""},"categories":[6695,21],"tags":[137,7034,7033,4566,3611,1652],"class_list":["post-406143","post","type-post","status-publish","format-standard","has-post-thumbnail","hentry","category-copa-do-mundo","category-desporto","tag-atletismo","tag-dardo","tag-disco","tag-federacao-portuguesa-de-atletismo","tag-peso","tag-sporting"],"yoast_head":"<!-- This site is optimized with the Yoast SEO plugin v27.2 - https:\/\/yoast.com\/product\/yoast-seo-wordpress\/ -->\n<title>Portugal convoca cinco ol\u00edmpicos para a Ta\u00e7a da Europa de lan\u00e7amentos - Portal Tela Portugal<\/title>\n<meta name=\"robots\" content=\"index, follow, max-snippet:-1, max-image-preview:large, max-video-preview:-1\" \/>\n<meta property=\"og:locale\" content=\"pt_PT\" \/>\n<meta property=\"og:type\" content=\"article\" \/>\n<meta property=\"og:title\" content=\"Portugal convoca cinco ol\u00edmpicos para a Ta\u00e7a da Europa de lan\u00e7amentos - Portal Tela Portugal\" \/>\n<meta property=\"og:description\" content=\"A Federa\u00e7\u00e3o Portuguesa de Atletismo anunciou 16 atletas convocados para a Ta\u00e7a da Europa de lan\u00e7amentos em Nic\u00f3sia, Chipre, este fim de semana. Cinco ol\u00edmpicos integram a lista: Eliana Bandeira, Irina Rodrigues, J\u00e9ssica Inchude, Leandro Ramos e Liliana C\u00e1. Sporting \u00e9 o clube com mais representantes, totalizando dez atletas na comitiva. Auriol Dongmo fica de fora da convocat\u00f3ria, focando-se nos Mundiais em pista curta em Torun, Pol\u00f3nia. A comitiva parte de Portugal para o Chipre na quinta-feira, sendo liderada por Paulo Guerra.\" \/>\n<meta property=\"og:url\" content=\"https:\/\/portaltela.pt\/noticias\/2026\/03\/11\/portugal-convoca-cinco-olimpicos-para-a-taca-da-europa-de-lancamentos\/\" \/>\n<meta property=\"og:site_name\" content=\"Portal Tela Portugal\" \/>\n<meta property=\"article:published_time\" content=\"2026-03-11T15:27:43+00:00\" \/>\n<meta name=\"author\" content=\"Telinha\" \/>\n<meta name=\"twitter:card\" content=\"summary_large_image\" \/>\n<meta name=\"twitter:label1\" content=\"Escrito por\" \/>\n\t<meta name=\"twitter:data1\" content=\"Telinha\" \/>\n\t<meta name=\"twitter:label2\" content=\"Tempo estimado de leitura\" \/>\n\t<meta name=\"twitter:data2\" content=\"1 minuto\" \/>\n<script type=\"application\/ld+json\" class=\"yoast-schema-graph\">{\"@context\":\"https:\/\/schema.org\",\"@graph\":[{\"@type\":\"Article\",\"@id\":\"https:\/\/portaltela.pt\/noticias\/2026\/03\/11\/portugal-convoca-cinco-olimpicos-para-a-taca-da-europa-de-lancamentos\/#article\",\"isPartOf\":{\"@id\":\"https:\/\/portaltela.pt\/noticias\/2026\/03\/11\/portugal-convoca-cinco-olimpicos-para-a-taca-da-europa-de-lancamentos\/\"},\"author\":{\"name\":\"Telinha\",\"@id\":\"https:\/\/portaltela.pt\/#\/schema\/person\/c4278d4a6028830caff9ee44b42d32ed\"},\"headline\":\"Portugal convoca cinco ol\u00edmpicos para a Ta\u00e7a da Europa de lan\u00e7amentos\",\"datePublished\":\"2026-03-11T15:27:43+00:00\",\"mainEntityOfPage\":{\"@id\":\"https:\/\/portaltela.pt\/noticias\/2026\/03\/11\/portugal-convoca-cinco-olimpicos-para-a-taca-da-europa-de-lancamentos\/\"},\"wordCount\":208,\"image\":{\"@id\":\"https:\/\/portaltela.pt\/noticias\/2026\/03\/11\/portugal-convoca-cinco-olimpicos-para-a-taca-da-europa-de-lancamentos\/#primaryimage\"},\"thumbnailUrl\":\"https:\/\/portaltela.pt\/s.01k8rhncp4jt1\/2026\/03\/img_920x518uu2025-03-21-15-34-40-2350835.jpg\",\"keywords\":[\"atletismo\",\"Dardo\",\"Disco\",\"Federa\u00e7\u00e3o Portuguesa de Atletismo\",\"peso\",\"Sporting\"],\"articleSection\":[\"Copa do Mundo\",\"Desporto\"],\"inLanguage\":\"pt-PT\"},{\"@type\":\"WebPage\",\"@id\":\"https:\/\/portaltela.pt\/noticias\/2026\/03\/11\/portugal-convoca-cinco-olimpicos-para-a-taca-da-europa-de-lancamentos\/\",\"url\":\"https:\/\/portaltela.pt\/noticias\/2026\/03\/11\/portugal-convoca-cinco-olimpicos-para-a-taca-da-europa-de-lancamentos\/\",\"name\":\"Portugal convoca cinco ol\u00edmpicos para a Ta\u00e7a da Europa de lan\u00e7amentos - Portal Tela Portugal\",\"isPartOf\":{\"@id\":\"https:\/\/portaltela.pt\/#website\"},\"primaryImageOfPage\":{\"@id\":\"https:\/\/portaltela.pt\/noticias\/2026\/03\/11\/portugal-convoca-cinco-olimpicos-para-a-taca-da-europa-de-lancamentos\/#primaryimage\"},\"image\":{\"@id\":\"https:\/\/portaltela.pt\/noticias\/2026\/03\/11\/portugal-convoca-cinco-olimpicos-para-a-taca-da-europa-de-lancamentos\/#primaryimage\"},\"thumbnailUrl\":\"https:\/\/portaltela.pt\/s.01k8rhncp4jt1\/2026\/03\/img_920x518uu2025-03-21-15-34-40-2350835.jpg\",\"datePublished\":\"2026-03-11T15:27:43+00:00\",\"author\":{\"@id\":\"https:\/\/portaltela.pt\/#\/schema\/person\/c4278d4a6028830caff9ee44b42d32ed\"},\"breadcrumb\":{\"@id\":\"https:\/\/portaltela.pt\/noticias\/2026\/03\/11\/portugal-convoca-cinco-olimpicos-para-a-taca-da-europa-de-lancamentos\/#breadcrumb\"},\"inLanguage\":\"pt-PT\",\"potentialAction\":[{\"@type\":\"ReadAction\",\"target\":[\"https:\/\/portaltela.pt\/noticias\/2026\/03\/11\/portugal-convoca-cinco-olimpicos-para-a-taca-da-europa-de-lancamentos\/\"]}]},{\"@type\":\"ImageObject\",\"inLanguage\":\"pt-PT\",\"@id\":\"https:\/\/portaltela.pt\/noticias\/2026\/03\/11\/portugal-convoca-cinco-olimpicos-para-a-taca-da-europa-de-lancamentos\/#primaryimage\",\"url\":\"https:\/\/portaltela.pt\/s.01k8rhncp4jt1\/2026\/03\/img_920x518uu2025-03-21-15-34-40-2350835.jpg\",\"contentUrl\":\"https:\/\/portaltela.pt\/s.01k8rhncp4jt1\/2026\/03\/img_920x518uu2025-03-21-15-34-40-2350835.jpg\",\"width\":796,\"height\":448,\"caption\":\"Jessica Inchude nos convocados para a Ta\u00e7a da Europa\"},{\"@type\":\"BreadcrumbList\",\"@id\":\"https:\/\/portaltela.pt\/noticias\/2026\/03\/11\/portugal-convoca-cinco-olimpicos-para-a-taca-da-europa-de-lancamentos\/#breadcrumb\",\"itemListElement\":[{\"@type\":\"ListItem\",\"position\":1,\"name\":\"In\u00edcio\",\"item\":\"https:\/\/portaltela.pt\/\"},{\"@type\":\"ListItem\",\"position\":2,\"name\":\"Portugal convoca cinco ol\u00edmpicos para a Ta\u00e7a da Europa de lan\u00e7amentos\"}]},{\"@type\":\"WebSite\",\"@id\":\"https:\/\/portaltela.pt\/#website\",\"url\":\"https:\/\/portaltela.pt\/\",\"name\":\"Portal Tela Portugal\",\"description\":\"\",\"potentialAction\":[{\"@type\":\"SearchAction\",\"target\":{\"@type\":\"EntryPoint\",\"urlTemplate\":\"https:\/\/portaltela.pt\/?s={search_term_string}\"},\"query-input\":{\"@type\":\"PropertyValueSpecification\",\"valueRequired\":true,\"valueName\":\"search_term_string\"}}],\"inLanguage\":\"pt-PT\"},{\"@type\":\"Person\",\"@id\":\"https:\/\/portaltela.pt\/#\/schema\/person\/c4278d4a6028830caff9ee44b42d32ed\",\"name\":\"Telinha\",\"image\":{\"@type\":\"ImageObject\",\"inLanguage\":\"pt-PT\",\"@id\":\"https:\/\/portaltela.pt\/s.01k8rhncp4jt1\/2025\/11\/talking-bot-125x125.png\",\"url\":\"https:\/\/portaltela.pt\/s.01k8rhncp4jt1\/2025\/11\/talking-bot-125x125.png\",\"contentUrl\":\"https:\/\/portaltela.pt\/s.01k8rhncp4jt1\/2025\/11\/talking-bot-125x125.png\",\"caption\":\"Telinha\"},\"sameAs\":[\"https:\/\/portaltela.pt\/\"],\"url\":\"https:\/\/portaltela.pt\/por\/367410592786\/\"}]}<\/script>\n<!-- \/ Yoast SEO plugin. -->","yoast_head_json":{"title":"Portugal convoca cinco ol\u00edmpicos para a Ta\u00e7a da Europa de lan\u00e7amentos - Portal Tela Portugal","robots":{"index":"index","follow":"follow","max-snippet":"max-snippet:-1","max-image-preview":"max-image-preview:large","max-video-preview":"max-video-preview:-1"},"og_locale":"pt_PT","og_type":"article","og_title":"Portugal convoca cinco ol\u00edmpicos para a Ta\u00e7a da Europa de lan\u00e7amentos - Portal Tela Portugal","og_description":"A Federa\u00e7\u00e3o Portuguesa de Atletismo anunciou 16 atletas convocados para a Ta\u00e7a da Europa de lan\u00e7amentos em Nic\u00f3sia, Chipre, este fim de semana. Cinco ol\u00edmpicos integram a lista: Eliana Bandeira, Irina Rodrigues, J\u00e9ssica Inchude, Leandro Ramos e Liliana C\u00e1. Sporting \u00e9 o clube com mais representantes, totalizando dez atletas na comitiva. Auriol Dongmo fica de fora da convocat\u00f3ria, focando-se nos Mundiais em pista curta em Torun, Pol\u00f3nia. A comitiva parte de Portugal para o Chipre na quinta-feira, sendo liderada por Paulo Guerra.","og_url":"https:\/\/portaltela.pt\/noticias\/2026\/03\/11\/portugal-convoca-cinco-olimpicos-para-a-taca-da-europa-de-lancamentos\/","og_site_name":"Portal Tela Portugal","article_published_time":"2026-03-11T15:27:43+00:00","author":"Telinha","twitter_card":"summary_large_image","twitter_misc":{"Escrito por":"Telinha","Tempo estimado de leitura":"1 minuto"},"schema":{"@context":"https:\/\/schema.org","@graph":[{"@type":"Article","@id":"https:\/\/portaltela.pt\/noticias\/2026\/03\/11\/portugal-convoca-cinco-olimpicos-para-a-taca-da-europa-de-lancamentos\/#article","isPartOf":{"@id":"https:\/\/portaltela.pt\/noticias\/2026\/03\/11\/portugal-convoca-cinco-olimpicos-para-a-taca-da-europa-de-lancamentos\/"},"author":{"name":"Telinha","@id":"https:\/\/portaltela.pt\/#\/schema\/person\/c4278d4a6028830caff9ee44b42d32ed"},"headline":"Portugal convoca cinco ol\u00edmpicos para a Ta\u00e7a da Europa de lan\u00e7amentos","datePublished":"2026-03-11T15:27:43+00:00","mainEntityOfPage":{"@id":"https:\/\/portaltela.pt\/noticias\/2026\/03\/11\/portugal-convoca-cinco-olimpicos-para-a-taca-da-europa-de-lancamentos\/"},"wordCount":208,"image":{"@id":"https:\/\/portaltela.pt\/noticias\/2026\/03\/11\/portugal-convoca-cinco-olimpicos-para-a-taca-da-europa-de-lancamentos\/#primaryimage"},"thumbnailUrl":"https:\/\/portaltela.pt\/s.01k8rhncp4jt1\/2026\/03\/img_920x518uu2025-03-21-15-34-40-2350835.jpg","keywords":["atletismo","Dardo","Disco","Federa\u00e7\u00e3o Portuguesa de Atletismo","peso","Sporting"],"articleSection":["Copa do Mundo","Desporto"],"inLanguage":"pt-PT"},{"@type":"WebPage","@id":"https:\/\/portaltela.pt\/noticias\/2026\/03\/11\/portugal-convoca-cinco-olimpicos-para-a-taca-da-europa-de-lancamentos\/","url":"https:\/\/portaltela.pt\/noticias\/2026\/03\/11\/portugal-convoca-cinco-olimpicos-para-a-taca-da-europa-de-lancamentos\/","name":"Portugal convoca cinco ol\u00edmpicos para a Ta\u00e7a da Europa de lan\u00e7amentos - Portal Tela Portugal","isPartOf":{"@id":"https:\/\/portaltela.pt\/#website"},"primaryImageOfPage":{"@id":"https:\/\/portaltela.pt\/noticias\/2026\/03\/11\/portugal-convoca-cinco-olimpicos-para-a-taca-da-europa-de-lancamentos\/#primaryimage"},"image":{"@id":"https:\/\/portaltela.pt\/noticias\/2026\/03\/11\/portugal-convoca-cinco-olimpicos-para-a-taca-da-europa-de-lancamentos\/#primaryimage"},"thumbnailUrl":"https:\/\/portaltela.pt\/s.01k8rhncp4jt1\/2026\/03\/img_920x518uu2025-03-21-15-34-40-2350835.jpg","datePublished":"2026-03-11T15:27:43+00:00","author":{"@id":"https:\/\/portaltela.pt\/#\/schema\/person\/c4278d4a6028830caff9ee44b42d32ed"},"breadcrumb":{"@id":"https:\/\/portaltela.pt\/noticias\/2026\/03\/11\/portugal-convoca-cinco-olimpicos-para-a-taca-da-europa-de-lancamentos\/#breadcrumb"},"inLanguage":"pt-PT","potentialAction":[{"@type":"ReadAction","target":["https:\/\/portaltela.pt\/noticias\/2026\/03\/11\/portugal-convoca-cinco-olimpicos-para-a-taca-da-europa-de-lancamentos\/"]}]},{"@type":"ImageObject","inLanguage":"pt-PT","@id":"https:\/\/portaltela.pt\/noticias\/2026\/03\/11\/portugal-convoca-cinco-olimpicos-para-a-taca-da-europa-de-lancamentos\/#primaryimage","url":"https:\/\/portaltela.pt\/s.01k8rhncp4jt1\/2026\/03\/img_920x518uu2025-03-21-15-34-40-2350835.jpg","contentUrl":"https:\/\/portaltela.pt\/s.01k8rhncp4jt1\/2026\/03\/img_920x518uu2025-03-21-15-34-40-2350835.jpg","width":796,"height":448,"caption":"Jessica Inchude nos convocados para a Ta\u00e7a da Europa"},{"@type":"BreadcrumbList","@id":"https:\/\/portaltela.pt\/noticias\/2026\/03\/11\/portugal-convoca-cinco-olimpicos-para-a-taca-da-europa-de-lancamentos\/#breadcrumb","itemListElement":[{"@type":"ListItem","position":1,"name":"In\u00edcio","item":"https:\/\/portaltela.pt\/"},{"@type":"ListItem","position":2,"name":"Portugal convoca cinco ol\u00edmpicos para a Ta\u00e7a da Europa de lan\u00e7amentos"}]},{"@type":"WebSite","@id":"https:\/\/portaltela.pt\/#website","url":"https:\/\/portaltela.pt\/","name":"Portal Tela Portugal","description":"","potentialAction":[{"@type":"SearchAction","target":{"@type":"EntryPoint","urlTemplate":"https:\/\/portaltela.pt\/?s={search_term_string}"},"query-input":{"@type":"PropertyValueSpecification","valueRequired":true,"valueName":"search_term_string"}}],"inLanguage":"pt-PT"},{"@type":"Person","@id":"https:\/\/portaltela.pt\/#\/schema\/person\/c4278d4a6028830caff9ee44b42d32ed","name":"Telinha","image":{"@type":"ImageObject","inLanguage":"pt-PT","@id":"https:\/\/portaltela.pt\/s.01k8rhncp4jt1\/2025\/11\/talking-bot-125x125.png","url":"https:\/\/portaltela.pt\/s.01k8rhncp4jt1\/2025\/11\/talking-bot-125x125.png","contentUrl":"https:\/\/portaltela.pt\/s.01k8rhncp4jt1\/2025\/11\/talking-bot-125x125.png","caption":"Telinha"},"sameAs":["https:\/\/portaltela.pt\/"],"url":"https:\/\/portaltela.pt\/por\/367410592786\/"}]}},"_links":{"self":[{"href":"https:\/\/portaltela.pt\/api\/wp\/v2\/posts\/406143","targetHints":{"allow":["GET"]}}],"collection":[{"href":"https:\/\/portaltela.pt\/api\/wp\/v2\/posts"}],"about":[{"href":"https:\/\/portaltela.pt\/api\/wp\/v2\/types\/post"}],"author":[{"embeddable":true,"href":"https:\/\/portaltela.pt\/api\/wp\/v2\/users\/2"}],"replies":[{"embeddable":true,"href":"https:\/\/portaltela.pt\/api\/wp\/v2\/comments?post=406143"}],"version-history":[{"count":0,"href":"https:\/\/portaltela.pt\/api\/wp\/v2\/posts\/406143\/revisions"}],"wp:featuredmedia":[{"embeddable":true,"href":"https:\/\/portaltela.pt\/api\/wp\/v2\/media\/406148"}],"wp:attachment":[{"href":"https:\/\/portaltela.pt\/api\/wp\/v2\/media?parent=406143"}],"wp:term":[{"taxonomy":"category","embeddable":true,"href":"https:\/\/portaltela.pt\/api\/wp\/v2\/categories?post=406143"},{"taxonomy":"post_tag","embeddable":true,"href":"https:\/\/portaltela.pt\/api\/wp\/v2\/tags?post=406143"}],"curies":[{"name":"wp","href":"https:\/\/api.w.org\/{rel}","templated":true}]}}