{"id":406114,"date":"2026-03-11T10:12:00","date_gmt":"2026-03-11T13:12:00","guid":{"rendered":"https:\/\/portaltela.pt\/noticias\/2026\/03\/11\/governo-mira-esgotar-aproximacao-na-legislacao-laboral-com-parceiros\/"},"modified":"2026-03-11T10:12:00","modified_gmt":"2026-03-11T13:12:00","slug":"governo-mira-esgotar-aproximacao-na-legislacao-laboral-com-parceiros","status":"publish","type":"post","link":"https:\/\/portaltela.pt\/sociedade\/2026\/03\/11\/governo-mira-esgotar-aproximacao-na-legislacao-laboral-com-parceiros\/","title":{"rendered":"Governo mira esgotar aproxima\u00e7\u00e3o na legisla\u00e7\u00e3o laboral com parceiros"},"content":{"rendered":"<p>O governo anunciou que pretende esgotar as possibilidades de aproxima\u00e7\u00e3o na lei laboral. A informa\u00e7\u00e3o foi avan\u00e7ada pelo Primeiro-Ministro (PM). Ainda n\u00e3o foram divulgadas medidas concretas.<\/p>\n<p>Segundo o PM, o objetivo \u00e9 alcan\u00e7ar consenso com os parceiros sociais. A agenda envolve negocia\u00e7\u00f5es sobre o conte\u00fado da lei laboral e eventuais altera\u00e7\u00f5es param\u00e9tricas. O timing ainda n\u00e3o est\u00e1 totalmente definido.<\/p>\n<p>O governo reuniu-se com parceiros para a pr\u00f3xima semana, sem indicar locais. A participa\u00e7\u00e3o dever\u00e1 incluir representantes de associa\u00e7\u00f5es patronais e sindicais. A comunica\u00e7\u00e3o enfatiza a busca de uma solu\u00e7\u00e3o equilibrada.<\/p>\n<h3>Pr\u00f3ximos passos<\/h3>\n<ul>\n<li>A agenda das conversas ser\u00e1 afinada com as entidades envolvidas.<\/li>\n<li>Ser\u00e3o discutidos pontos de diverg\u00eancia e poss\u00edveis compromissos.<\/li>\n<li>O resultado pode influenciar a orienta\u00e7\u00e3o final da Lei laboral.<\/li>\n<\/ul>\n","protected":false},"excerpt":{"rendered":"<ul>\n<li>O Governo quer esgotar possibilidades de aproxima\u00e7\u00e3o na lei laboral.<\/li>\n<li>O Primeiro-Ministro anunciou que se reunir\u00e1 na pr\u00f3xima semana com parceiros.<\/li>\n<li>A reuni\u00e3o visa discutir perspetivas de alinhamento da legisla\u00e7\u00e3o laboral.<\/li>\n<li>A comunica\u00e7\u00e3o \u00e9 dirigida a parceiros e partes interessadas no processo.<\/li>\n<\/ul>\n","protected":false},"author":2,"featured_media":406117,"comment_status":"closed","ping_status":"closed","sticky":false,"template":"","format":"standard","meta":{"footnotes":""},"categories":[1,6871],"tags":[6094,34,5539,43,5426,2201],"class_list":["post-406114","post","type-post","status-publish","format-standard","has-post-thumbnail","hentry","category-noticias","category-sociedade","tag-direitos-dos-trabalhadores","tag-governo","tag-lei","tag-leis","tag-negociacao-coletiva","tag-trabalho"],"yoast_head":"<!-- This site is optimized with the Yoast SEO plugin v27.2 - https:\/\/yoast.com\/product\/yoast-seo-wordpress\/ -->\n<title>Governo mira esgotar aproxima\u00e7\u00e3o na legisla\u00e7\u00e3o laboral com parceiros - Portal Tela Portugal<\/title>\n<meta name=\"robots\" content=\"index, follow, max-snippet:-1, max-image-preview:large, max-video-preview:-1\" \/>\n<meta property=\"og:locale\" content=\"pt_PT\" \/>\n<meta property=\"og:type\" content=\"article\" \/>\n<meta property=\"og:title\" content=\"Governo mira esgotar aproxima\u00e7\u00e3o na legisla\u00e7\u00e3o laboral com parceiros - Portal Tela Portugal\" \/>\n<meta property=\"og:description\" content=\"O Governo quer esgotar possibilidades de aproxima\u00e7\u00e3o na lei laboral. O Primeiro-Ministro anunciou que se reunir\u00e1 na pr\u00f3xima semana com parceiros. A reuni\u00e3o visa discutir perspetivas de alinhamento da legisla\u00e7\u00e3o laboral. A comunica\u00e7\u00e3o \u00e9 dirigida a parceiros e partes interessadas no processo.\" \/>\n<meta property=\"og:url\" content=\"https:\/\/portaltela.pt\/noticias\/2026\/03\/11\/governo-mira-esgotar-aproximacao-na-legislacao-laboral-com-parceiros\/\" \/>\n<meta property=\"og:site_name\" content=\"Portal Tela Portugal\" \/>\n<meta property=\"article:published_time\" content=\"2026-03-11T13:12:00+00:00\" \/>\n<meta name=\"author\" content=\"Telinha\" \/>\n<meta name=\"twitter:card\" content=\"summary_large_image\" \/>\n<meta name=\"twitter:label1\" content=\"Escrito por\" \/>\n\t<meta name=\"twitter:data1\" content=\"Telinha\" \/>\n\t<meta name=\"twitter:label2\" content=\"Tempo estimado de leitura\" \/>\n\t<meta name=\"twitter:data2\" content=\"1 minuto\" \/>\n<script type=\"application\/ld+json\" class=\"yoast-schema-graph\">{\"@context\":\"https:\/\/schema.org\",\"@graph\":[{\"@type\":\"Article\",\"@id\":\"https:\/\/portaltela.pt\/noticias\/2026\/03\/11\/governo-mira-esgotar-aproximacao-na-legislacao-laboral-com-parceiros\/#article\",\"isPartOf\":{\"@id\":\"https:\/\/portaltela.pt\/noticias\/2026\/03\/11\/governo-mira-esgotar-aproximacao-na-legislacao-laboral-com-parceiros\/\"},\"author\":{\"name\":\"Telinha\",\"@id\":\"https:\/\/portaltela.pt\/#\/schema\/person\/c4278d4a6028830caff9ee44b42d32ed\"},\"headline\":\"Governo mira esgotar aproxima\u00e7\u00e3o na legisla\u00e7\u00e3o laboral com parceiros\",\"datePublished\":\"2026-03-11T13:12:00+00:00\",\"mainEntityOfPage\":{\"@id\":\"https:\/\/portaltela.pt\/noticias\/2026\/03\/11\/governo-mira-esgotar-aproximacao-na-legislacao-laboral-com-parceiros\/\"},\"wordCount\":150,\"image\":{\"@id\":\"https:\/\/portaltela.pt\/noticias\/2026\/03\/11\/governo-mira-esgotar-aproximacao-na-legislacao-laboral-com-parceiros\/#primaryimage\"},\"thumbnailUrl\":\"https:\/\/portaltela.pt\/s.01k8rhncp4jt1\/2026\/03\/CACHE_780X1200_ANALOG_WATERMARKED_46730965_4160999_11032026011144.jpg\",\"keywords\":[\"direitos dos trabalhadores\",\"governo\",\"lei\",\"leis\",\"negocia\u00e7\u00e3o coletiva\",\"trabalho\"],\"articleSection\":[\"Not\u00edcias\",\"Sociedade\"],\"inLanguage\":\"pt-PT\"},{\"@type\":\"WebPage\",\"@id\":\"https:\/\/portaltela.pt\/noticias\/2026\/03\/11\/governo-mira-esgotar-aproximacao-na-legislacao-laboral-com-parceiros\/\",\"url\":\"https:\/\/portaltela.pt\/noticias\/2026\/03\/11\/governo-mira-esgotar-aproximacao-na-legislacao-laboral-com-parceiros\/\",\"name\":\"Governo mira esgotar aproxima\u00e7\u00e3o na legisla\u00e7\u00e3o laboral com parceiros - Portal Tela Portugal\",\"isPartOf\":{\"@id\":\"https:\/\/portaltela.pt\/#website\"},\"primaryImageOfPage\":{\"@id\":\"https:\/\/portaltela.pt\/noticias\/2026\/03\/11\/governo-mira-esgotar-aproximacao-na-legislacao-laboral-com-parceiros\/#primaryimage\"},\"image\":{\"@id\":\"https:\/\/portaltela.pt\/noticias\/2026\/03\/11\/governo-mira-esgotar-aproximacao-na-legislacao-laboral-com-parceiros\/#primaryimage\"},\"thumbnailUrl\":\"https:\/\/portaltela.pt\/s.01k8rhncp4jt1\/2026\/03\/CACHE_780X1200_ANALOG_WATERMARKED_46730965_4160999_11032026011144.jpg\",\"datePublished\":\"2026-03-11T13:12:00+00:00\",\"author\":{\"@id\":\"https:\/\/portaltela.pt\/#\/schema\/person\/c4278d4a6028830caff9ee44b42d32ed\"},\"breadcrumb\":{\"@id\":\"https:\/\/portaltela.pt\/noticias\/2026\/03\/11\/governo-mira-esgotar-aproximacao-na-legislacao-laboral-com-parceiros\/#breadcrumb\"},\"inLanguage\":\"pt-PT\",\"potentialAction\":[{\"@type\":\"ReadAction\",\"target\":[\"https:\/\/portaltela.pt\/noticias\/2026\/03\/11\/governo-mira-esgotar-aproximacao-na-legislacao-laboral-com-parceiros\/\"]}]},{\"@type\":\"ImageObject\",\"inLanguage\":\"pt-PT\",\"@id\":\"https:\/\/portaltela.pt\/noticias\/2026\/03\/11\/governo-mira-esgotar-aproximacao-na-legislacao-laboral-com-parceiros\/#primaryimage\",\"url\":\"https:\/\/portaltela.pt\/s.01k8rhncp4jt1\/2026\/03\/CACHE_780X1200_ANALOG_WATERMARKED_46730965_4160999_11032026011144.jpg\",\"contentUrl\":\"https:\/\/portaltela.pt\/s.01k8rhncp4jt1\/2026\/03\/CACHE_780X1200_ANALOG_WATERMARKED_46730965_4160999_11032026011144.jpg\",\"width\":796,\"height\":448,\"caption\":\"Governo quer \u201cesgotar possibilidades de aproxima\u00e7\u00e3o\u201d na lei laboral e re\u00fane-se na pr\u00f3xima semana com parceiros - PM\"},{\"@type\":\"BreadcrumbList\",\"@id\":\"https:\/\/portaltela.pt\/noticias\/2026\/03\/11\/governo-mira-esgotar-aproximacao-na-legislacao-laboral-com-parceiros\/#breadcrumb\",\"itemListElement\":[{\"@type\":\"ListItem\",\"position\":1,\"name\":\"In\u00edcio\",\"item\":\"https:\/\/portaltela.pt\/\"},{\"@type\":\"ListItem\",\"position\":2,\"name\":\"Governo mira esgotar aproxima\u00e7\u00e3o na legisla\u00e7\u00e3o laboral com parceiros\"}]},{\"@type\":\"WebSite\",\"@id\":\"https:\/\/portaltela.pt\/#website\",\"url\":\"https:\/\/portaltela.pt\/\",\"name\":\"Portal Tela Portugal\",\"description\":\"\",\"potentialAction\":[{\"@type\":\"SearchAction\",\"target\":{\"@type\":\"EntryPoint\",\"urlTemplate\":\"https:\/\/portaltela.pt\/?s={search_term_string}\"},\"query-input\":{\"@type\":\"PropertyValueSpecification\",\"valueRequired\":true,\"valueName\":\"search_term_string\"}}],\"inLanguage\":\"pt-PT\"},{\"@type\":\"Person\",\"@id\":\"https:\/\/portaltela.pt\/#\/schema\/person\/c4278d4a6028830caff9ee44b42d32ed\",\"name\":\"Telinha\",\"image\":{\"@type\":\"ImageObject\",\"inLanguage\":\"pt-PT\",\"@id\":\"https:\/\/portaltela.pt\/s.01k8rhncp4jt1\/2025\/11\/talking-bot-125x125.png\",\"url\":\"https:\/\/portaltela.pt\/s.01k8rhncp4jt1\/2025\/11\/talking-bot-125x125.png\",\"contentUrl\":\"https:\/\/portaltela.pt\/s.01k8rhncp4jt1\/2025\/11\/talking-bot-125x125.png\",\"caption\":\"Telinha\"},\"sameAs\":[\"https:\/\/portaltela.pt\/\"],\"url\":\"https:\/\/portaltela.pt\/por\/367410592786\/\"}]}<\/script>\n<!-- \/ Yoast SEO plugin. -->","yoast_head_json":{"title":"Governo mira esgotar aproxima\u00e7\u00e3o na legisla\u00e7\u00e3o laboral com parceiros - Portal Tela Portugal","robots":{"index":"index","follow":"follow","max-snippet":"max-snippet:-1","max-image-preview":"max-image-preview:large","max-video-preview":"max-video-preview:-1"},"og_locale":"pt_PT","og_type":"article","og_title":"Governo mira esgotar aproxima\u00e7\u00e3o na legisla\u00e7\u00e3o laboral com parceiros - Portal Tela Portugal","og_description":"O Governo quer esgotar possibilidades de aproxima\u00e7\u00e3o na lei laboral. O Primeiro-Ministro anunciou que se reunir\u00e1 na pr\u00f3xima semana com parceiros. A reuni\u00e3o visa discutir perspetivas de alinhamento da legisla\u00e7\u00e3o laboral. A comunica\u00e7\u00e3o \u00e9 dirigida a parceiros e partes interessadas no processo.","og_url":"https:\/\/portaltela.pt\/noticias\/2026\/03\/11\/governo-mira-esgotar-aproximacao-na-legislacao-laboral-com-parceiros\/","og_site_name":"Portal Tela Portugal","article_published_time":"2026-03-11T13:12:00+00:00","author":"Telinha","twitter_card":"summary_large_image","twitter_misc":{"Escrito por":"Telinha","Tempo estimado de leitura":"1 minuto"},"schema":{"@context":"https:\/\/schema.org","@graph":[{"@type":"Article","@id":"https:\/\/portaltela.pt\/noticias\/2026\/03\/11\/governo-mira-esgotar-aproximacao-na-legislacao-laboral-com-parceiros\/#article","isPartOf":{"@id":"https:\/\/portaltela.pt\/noticias\/2026\/03\/11\/governo-mira-esgotar-aproximacao-na-legislacao-laboral-com-parceiros\/"},"author":{"name":"Telinha","@id":"https:\/\/portaltela.pt\/#\/schema\/person\/c4278d4a6028830caff9ee44b42d32ed"},"headline":"Governo mira esgotar aproxima\u00e7\u00e3o na legisla\u00e7\u00e3o laboral com parceiros","datePublished":"2026-03-11T13:12:00+00:00","mainEntityOfPage":{"@id":"https:\/\/portaltela.pt\/noticias\/2026\/03\/11\/governo-mira-esgotar-aproximacao-na-legislacao-laboral-com-parceiros\/"},"wordCount":150,"image":{"@id":"https:\/\/portaltela.pt\/noticias\/2026\/03\/11\/governo-mira-esgotar-aproximacao-na-legislacao-laboral-com-parceiros\/#primaryimage"},"thumbnailUrl":"https:\/\/portaltela.pt\/s.01k8rhncp4jt1\/2026\/03\/CACHE_780X1200_ANALOG_WATERMARKED_46730965_4160999_11032026011144.jpg","keywords":["direitos dos trabalhadores","governo","lei","leis","negocia\u00e7\u00e3o coletiva","trabalho"],"articleSection":["Not\u00edcias","Sociedade"],"inLanguage":"pt-PT"},{"@type":"WebPage","@id":"https:\/\/portaltela.pt\/noticias\/2026\/03\/11\/governo-mira-esgotar-aproximacao-na-legislacao-laboral-com-parceiros\/","url":"https:\/\/portaltela.pt\/noticias\/2026\/03\/11\/governo-mira-esgotar-aproximacao-na-legislacao-laboral-com-parceiros\/","name":"Governo mira esgotar aproxima\u00e7\u00e3o na legisla\u00e7\u00e3o laboral com parceiros - Portal Tela Portugal","isPartOf":{"@id":"https:\/\/portaltela.pt\/#website"},"primaryImageOfPage":{"@id":"https:\/\/portaltela.pt\/noticias\/2026\/03\/11\/governo-mira-esgotar-aproximacao-na-legislacao-laboral-com-parceiros\/#primaryimage"},"image":{"@id":"https:\/\/portaltela.pt\/noticias\/2026\/03\/11\/governo-mira-esgotar-aproximacao-na-legislacao-laboral-com-parceiros\/#primaryimage"},"thumbnailUrl":"https:\/\/portaltela.pt\/s.01k8rhncp4jt1\/2026\/03\/CACHE_780X1200_ANALOG_WATERMARKED_46730965_4160999_11032026011144.jpg","datePublished":"2026-03-11T13:12:00+00:00","author":{"@id":"https:\/\/portaltela.pt\/#\/schema\/person\/c4278d4a6028830caff9ee44b42d32ed"},"breadcrumb":{"@id":"https:\/\/portaltela.pt\/noticias\/2026\/03\/11\/governo-mira-esgotar-aproximacao-na-legislacao-laboral-com-parceiros\/#breadcrumb"},"inLanguage":"pt-PT","potentialAction":[{"@type":"ReadAction","target":["https:\/\/portaltela.pt\/noticias\/2026\/03\/11\/governo-mira-esgotar-aproximacao-na-legislacao-laboral-com-parceiros\/"]}]},{"@type":"ImageObject","inLanguage":"pt-PT","@id":"https:\/\/portaltela.pt\/noticias\/2026\/03\/11\/governo-mira-esgotar-aproximacao-na-legislacao-laboral-com-parceiros\/#primaryimage","url":"https:\/\/portaltela.pt\/s.01k8rhncp4jt1\/2026\/03\/CACHE_780X1200_ANALOG_WATERMARKED_46730965_4160999_11032026011144.jpg","contentUrl":"https:\/\/portaltela.pt\/s.01k8rhncp4jt1\/2026\/03\/CACHE_780X1200_ANALOG_WATERMARKED_46730965_4160999_11032026011144.jpg","width":796,"height":448,"caption":"Governo quer \u201cesgotar possibilidades de aproxima\u00e7\u00e3o\u201d na lei laboral e re\u00fane-se na pr\u00f3xima semana com parceiros - PM"},{"@type":"BreadcrumbList","@id":"https:\/\/portaltela.pt\/noticias\/2026\/03\/11\/governo-mira-esgotar-aproximacao-na-legislacao-laboral-com-parceiros\/#breadcrumb","itemListElement":[{"@type":"ListItem","position":1,"name":"In\u00edcio","item":"https:\/\/portaltela.pt\/"},{"@type":"ListItem","position":2,"name":"Governo mira esgotar aproxima\u00e7\u00e3o na legisla\u00e7\u00e3o laboral com parceiros"}]},{"@type":"WebSite","@id":"https:\/\/portaltela.pt\/#website","url":"https:\/\/portaltela.pt\/","name":"Portal Tela Portugal","description":"","potentialAction":[{"@type":"SearchAction","target":{"@type":"EntryPoint","urlTemplate":"https:\/\/portaltela.pt\/?s={search_term_string}"},"query-input":{"@type":"PropertyValueSpecification","valueRequired":true,"valueName":"search_term_string"}}],"inLanguage":"pt-PT"},{"@type":"Person","@id":"https:\/\/portaltela.pt\/#\/schema\/person\/c4278d4a6028830caff9ee44b42d32ed","name":"Telinha","image":{"@type":"ImageObject","inLanguage":"pt-PT","@id":"https:\/\/portaltela.pt\/s.01k8rhncp4jt1\/2025\/11\/talking-bot-125x125.png","url":"https:\/\/portaltela.pt\/s.01k8rhncp4jt1\/2025\/11\/talking-bot-125x125.png","contentUrl":"https:\/\/portaltela.pt\/s.01k8rhncp4jt1\/2025\/11\/talking-bot-125x125.png","caption":"Telinha"},"sameAs":["https:\/\/portaltela.pt\/"],"url":"https:\/\/portaltela.pt\/por\/367410592786\/"}]}},"_links":{"self":[{"href":"https:\/\/portaltela.pt\/api\/wp\/v2\/posts\/406114","targetHints":{"allow":["GET"]}}],"collection":[{"href":"https:\/\/portaltela.pt\/api\/wp\/v2\/posts"}],"about":[{"href":"https:\/\/portaltela.pt\/api\/wp\/v2\/types\/post"}],"author":[{"embeddable":true,"href":"https:\/\/portaltela.pt\/api\/wp\/v2\/users\/2"}],"replies":[{"embeddable":true,"href":"https:\/\/portaltela.pt\/api\/wp\/v2\/comments?post=406114"}],"version-history":[{"count":0,"href":"https:\/\/portaltela.pt\/api\/wp\/v2\/posts\/406114\/revisions"}],"wp:featuredmedia":[{"embeddable":true,"href":"https:\/\/portaltela.pt\/api\/wp\/v2\/media\/406117"}],"wp:attachment":[{"href":"https:\/\/portaltela.pt\/api\/wp\/v2\/media?parent=406114"}],"wp:term":[{"taxonomy":"category","embeddable":true,"href":"https:\/\/portaltela.pt\/api\/wp\/v2\/categories?post=406114"},{"taxonomy":"post_tag","embeddable":true,"href":"https:\/\/portaltela.pt\/api\/wp\/v2\/tags?post=406114"}],"curies":[{"name":"wp","href":"https:\/\/api.w.org\/{rel}","templated":true}]}}