{"id":406104,"date":"2026-03-11T11:53:00","date_gmt":"2026-03-11T14:53:00","guid":{"rendered":"https:\/\/portaltela.pt\/noticias\/2026\/03\/11\/organizacao-defende-reconhecimento-da-covid-19-longa-como-invisivel-e-subdiagnosticada\/"},"modified":"2026-03-11T11:53:00","modified_gmt":"2026-03-11T14:53:00","slug":"organizacao-defende-reconhecimento-da-covid-19-longa-como-invisivel-e-subdiagnosticada","status":"publish","type":"post","link":"https:\/\/portaltela.pt\/saude\/2026\/03\/11\/organizacao-defende-reconhecimento-da-covid-19-longa-como-invisivel-e-subdiagnosticada\/","title":{"rendered":"Organiza\u00e7\u00e3o defende reconhecimento da covid-19 longa como invis\u00edvel e subdiagnosticada"},"content":{"rendered":"<p>A Covid-19 longa continua invis\u00edvel, subdiagnosticada e sem resposta estruturada em Portugal, segundo a Associa\u00e7\u00e3o de M\u00e9dicina de Portugal (AMM). A organiza\u00e7\u00e3o aponta ainda para a aus\u00eancia de dados epidemiol\u00f3gicos, de centros de refer\u00eancia dedicados e de forma\u00e7\u00e3o cl\u00ednica adequada para enfrentar a condi\u00e7\u00e3o.<\/p>\n<p>A Sociedade Portuguesa de Pneumologia e a AMM sustentam que n\u00e3o existe defini\u00e7\u00e3o universal sobre o que \u00e9 a Covid-19 longa. A Organiza\u00e7\u00e3o Mundial da Sa\u00fade indica que a condi\u00e7\u00e3o p\u00f3s-infec\u00e7\u00e3o costuma surgir nos primeiros tr\u00eas meses ap\u00f3s a infe\u00e7\u00e3o inicial, com sintomas que persistem por pelo menos dois meses e sem explica\u00e7\u00e3o por outro diagn\u00f3stico.<\/p>\n<p>Para o pneumologista Jo\u00e3o Carlos Winck, membro do Conselho Cient\u00edfico da AMM, a Covid-19 longa integra o grupo das s\u00edndromes p\u00f3s-infeciosas, que inclui tamb\u00e9m a EM\/SFC. Estas condi\u00e7\u00f5es podem gerar fadiga extrema, mal-estar ap\u00f3s esfor\u00e7o, disfun\u00e7\u00e3o cognitiva, intoler\u00e2ncia ortost\u00e1tica, dist\u00farbios do sono e dor musculoesquel\u00e9tica, tornando-se muitas vezes incapacitantes.<\/p>\n<p>Em v\u00e9speras do Dia Internacional de Consciencializa\u00e7\u00e3o para a Covid Longa, a AMM afirma que a invisibilidade da doen\u00e7a cr\u00f3nica acarreta consequ\u00eancias profundas, como perda de autonomia, dificuldades no mercado de trabalho e estigmatiza\u00e7\u00e3o social, sublinhando a necessidade de respostas estruturadas no sistema de sa\u00fade.<\/p>\n<p>A organiza\u00e7\u00e3o estima que mais de 400 milh\u00f5es de pessoas vivam com Covid longa, e estudos indicam que mais da metade dos doentes permanece sintom\u00e1tica um ano ap\u00f3s a infe\u00e7\u00e3o, segundo dados citados pela AMM.<\/p>\n","protected":false},"excerpt":{"rendered":"<ul>\n<li>A AMM afirma que a covid longa continua invis\u00edvel e subdiagnosticada em Portugal, apontando para a aus\u00eancia de dados epidemiol\u00f3gicos, centros de refer\u00eancia e forma\u00e7\u00e3o cl\u00ednica adequada.<\/li>\n<li>A Sociedade Portuguesa de Pneumologia sustenta que ainda n\u00e3o existe defini\u00e7\u00e3o consensual; a Organiza\u00e7\u00e3o Mundial da Sa\u00fade indica que a condi\u00e7\u00e3o p\u00f3s\u2011covid ocorre habitualmente nos primeiros tr\u00eas meses ap\u00f3s a infe\u00e7\u00e3o, com sintomas persistentes por pelo menos dois meses e sem explica\u00e7\u00e3o por outro diagn\u00f3stico.<\/li>\n<li>O pneumologista Jo\u00e3o Carlos Winck, do Conselho Cient\u00edfico da AMM, disse que a covid longa integra o grupo das s\u00edndromes p\u00f3s-infeciosas (PAIS), que inclui tamb\u00e9m a EM\/SFC (Encefalomielite Mi\u00e1lgica\/S\u00edndrome de Fadiga Cr\u00f3nica).<\/li>\n<li>Estas condi\u00e7\u00f5es podem provocar fadiga extrema, mal-estar p\u00f3s\u2011esfor\u00e7o (PEM), disfun\u00e7\u00e3o cognitiva, intoler\u00e2ncia ortost\u00e1tica, dist\u00farbios do sono e dor musculoesquel\u00e9tica, tornando\u2011se altamente incapacitantes.<\/li>\n<li>A AMM sublinha que a invisibilidade da doen\u00e7a cr\u00f3nica tem consequ\u00eancias profundas na vida dos afetados, incluindo perda de autonomia, dificuldades laborais e estigmatiza\u00e7\u00e3o social; estima-se que mais de quatrocentos milh\u00f5es vivam com covid longa, com estudos a indicar que mais da metade permanece sintom\u00e1tica um ano ap\u00f3s a infe\u00e7\u00e3o.<\/li>\n<\/ul>\n","protected":false},"author":2,"featured_media":406108,"comment_status":"closed","ping_status":"closed","sticky":false,"template":"","format":"standard","meta":{"footnotes":""},"categories":[1,6745],"tags":[4911,61,5563,215,172,271],"class_list":["post-406104","post","type-post","status-publish","format-standard","has-post-thumbnail","hentry","category-noticias","category-saude","tag-consciencializacao","tag-doencas","tag-informacao-publica","tag-investigacao","tag-saude","tag-saude-publica"],"yoast_head":"<!-- This site is optimized with the Yoast SEO plugin v27.2 - https:\/\/yoast.com\/product\/yoast-seo-wordpress\/ -->\n<title>Organiza\u00e7\u00e3o defende reconhecimento da covid-19 longa como invis\u00edvel e subdiagnosticada - Portal Tela Portugal<\/title>\n<meta name=\"robots\" content=\"index, follow, max-snippet:-1, max-image-preview:large, max-video-preview:-1\" \/>\n<meta property=\"og:locale\" content=\"pt_PT\" \/>\n<meta property=\"og:type\" content=\"article\" \/>\n<meta property=\"og:title\" content=\"Organiza\u00e7\u00e3o defende reconhecimento da covid-19 longa como invis\u00edvel e subdiagnosticada - Portal Tela Portugal\" \/>\n<meta property=\"og:description\" content=\"A AMM afirma que a covid longa continua invis\u00edvel e subdiagnosticada em Portugal, apontando para a aus\u00eancia de dados epidemiol\u00f3gicos, centros de refer\u00eancia e forma\u00e7\u00e3o cl\u00ednica adequada. A Sociedade Portuguesa de Pneumologia sustenta que ainda n\u00e3o existe defini\u00e7\u00e3o consensual; a Organiza\u00e7\u00e3o Mundial da Sa\u00fade indica que a condi\u00e7\u00e3o p\u00f3s\u2011covid ocorre habitualmente nos primeiros tr\u00eas meses ap\u00f3s a infe\u00e7\u00e3o, com sintomas persistentes por pelo menos dois meses e sem explica\u00e7\u00e3o por outro diagn\u00f3stico. O pneumologista Jo\u00e3o Carlos Winck, do Conselho Cient\u00edfico da AMM, disse que a covid longa integra o grupo das s\u00edndromes p\u00f3s-infeciosas (PAIS), que inclui tamb\u00e9m a EM\/SFC (Encefalomielite Mi\u00e1lgica\/S\u00edndrome de Fadiga Cr\u00f3nica). Estas condi\u00e7\u00f5es podem provocar fadiga extrema, mal-estar p\u00f3s\u2011esfor\u00e7o (PEM), disfun\u00e7\u00e3o cognitiva, intoler\u00e2ncia ortost\u00e1tica, dist\u00farbios do sono e dor musculoesquel\u00e9tica, tornando\u2011se altamente incapacitantes. A AMM sublinha que a invisibilidade da doen\u00e7a cr\u00f3nica tem consequ\u00eancias profundas na vida dos afetados, incluindo perda de autonomia, dificuldades laborais e estigmatiza\u00e7\u00e3o social; estima-se que mais de quatrocentos milh\u00f5es vivam com covid longa, com estudos a indicar que mais da metade permanece sintom\u00e1tica um ano ap\u00f3s a infe\u00e7\u00e3o.\" \/>\n<meta property=\"og:url\" content=\"https:\/\/portaltela.pt\/noticias\/2026\/03\/11\/organizacao-defende-reconhecimento-da-covid-19-longa-como-invisivel-e-subdiagnosticada\/\" \/>\n<meta property=\"og:site_name\" content=\"Portal Tela Portugal\" \/>\n<meta property=\"article:published_time\" content=\"2026-03-11T14:53:00+00:00\" \/>\n<meta name=\"author\" content=\"Telinha\" \/>\n<meta name=\"twitter:card\" content=\"summary_large_image\" \/>\n<meta name=\"twitter:label1\" content=\"Escrito por\" \/>\n\t<meta name=\"twitter:data1\" content=\"Telinha\" \/>\n\t<meta name=\"twitter:label2\" content=\"Tempo estimado de leitura\" \/>\n\t<meta name=\"twitter:data2\" content=\"1 minuto\" \/>\n<script type=\"application\/ld+json\" class=\"yoast-schema-graph\">{\"@context\":\"https:\/\/schema.org\",\"@graph\":[{\"@type\":\"Article\",\"@id\":\"https:\/\/portaltela.pt\/noticias\/2026\/03\/11\/organizacao-defende-reconhecimento-da-covid-19-longa-como-invisivel-e-subdiagnosticada\/#article\",\"isPartOf\":{\"@id\":\"https:\/\/portaltela.pt\/noticias\/2026\/03\/11\/organizacao-defende-reconhecimento-da-covid-19-longa-como-invisivel-e-subdiagnosticada\/\"},\"author\":{\"name\":\"Telinha\",\"@id\":\"https:\/\/portaltela.pt\/#\/schema\/person\/c4278d4a6028830caff9ee44b42d32ed\"},\"headline\":\"Organiza\u00e7\u00e3o defende reconhecimento da covid-19 longa como invis\u00edvel e subdiagnosticada\",\"datePublished\":\"2026-03-11T14:53:00+00:00\",\"mainEntityOfPage\":{\"@id\":\"https:\/\/portaltela.pt\/noticias\/2026\/03\/11\/organizacao-defende-reconhecimento-da-covid-19-longa-como-invisivel-e-subdiagnosticada\/\"},\"wordCount\":287,\"image\":{\"@id\":\"https:\/\/portaltela.pt\/noticias\/2026\/03\/11\/organizacao-defende-reconhecimento-da-covid-19-longa-como-invisivel-e-subdiagnosticada\/#primaryimage\"},\"thumbnailUrl\":\"https:\/\/portaltela.pt\/s.01k8rhncp4jt1\/2026\/03\/image-717.jpg\",\"keywords\":[\"consciencializa\u00e7\u00e3o\",\"doen\u00e7as\",\"informa\u00e7\u00e3o p\u00fablica\",\"investiga\u00e7\u00e3o\",\"sa\u00fade\",\"sa\u00fade p\u00fablica\"],\"articleSection\":[\"Not\u00edcias\",\"Sa\u00fade\"],\"inLanguage\":\"pt-PT\"},{\"@type\":\"WebPage\",\"@id\":\"https:\/\/portaltela.pt\/noticias\/2026\/03\/11\/organizacao-defende-reconhecimento-da-covid-19-longa-como-invisivel-e-subdiagnosticada\/\",\"url\":\"https:\/\/portaltela.pt\/noticias\/2026\/03\/11\/organizacao-defende-reconhecimento-da-covid-19-longa-como-invisivel-e-subdiagnosticada\/\",\"name\":\"Organiza\u00e7\u00e3o defende reconhecimento da covid-19 longa como invis\u00edvel e subdiagnosticada - Portal Tela Portugal\",\"isPartOf\":{\"@id\":\"https:\/\/portaltela.pt\/#website\"},\"primaryImageOfPage\":{\"@id\":\"https:\/\/portaltela.pt\/noticias\/2026\/03\/11\/organizacao-defende-reconhecimento-da-covid-19-longa-como-invisivel-e-subdiagnosticada\/#primaryimage\"},\"image\":{\"@id\":\"https:\/\/portaltela.pt\/noticias\/2026\/03\/11\/organizacao-defende-reconhecimento-da-covid-19-longa-como-invisivel-e-subdiagnosticada\/#primaryimage\"},\"thumbnailUrl\":\"https:\/\/portaltela.pt\/s.01k8rhncp4jt1\/2026\/03\/image-717.jpg\",\"datePublished\":\"2026-03-11T14:53:00+00:00\",\"author\":{\"@id\":\"https:\/\/portaltela.pt\/#\/schema\/person\/c4278d4a6028830caff9ee44b42d32ed\"},\"breadcrumb\":{\"@id\":\"https:\/\/portaltela.pt\/noticias\/2026\/03\/11\/organizacao-defende-reconhecimento-da-covid-19-longa-como-invisivel-e-subdiagnosticada\/#breadcrumb\"},\"inLanguage\":\"pt-PT\",\"potentialAction\":[{\"@type\":\"ReadAction\",\"target\":[\"https:\/\/portaltela.pt\/noticias\/2026\/03\/11\/organizacao-defende-reconhecimento-da-covid-19-longa-como-invisivel-e-subdiagnosticada\/\"]}]},{\"@type\":\"ImageObject\",\"inLanguage\":\"pt-PT\",\"@id\":\"https:\/\/portaltela.pt\/noticias\/2026\/03\/11\/organizacao-defende-reconhecimento-da-covid-19-longa-como-invisivel-e-subdiagnosticada\/#primaryimage\",\"url\":\"https:\/\/portaltela.pt\/s.01k8rhncp4jt1\/2026\/03\/image-717.jpg\",\"contentUrl\":\"https:\/\/portaltela.pt\/s.01k8rhncp4jt1\/2026\/03\/image-717.jpg\",\"width\":796,\"height\":448,\"caption\":\"Calcula-se que mais de 400 milh\u00f5es de pessoas vivam com covid longa\"},{\"@type\":\"BreadcrumbList\",\"@id\":\"https:\/\/portaltela.pt\/noticias\/2026\/03\/11\/organizacao-defende-reconhecimento-da-covid-19-longa-como-invisivel-e-subdiagnosticada\/#breadcrumb\",\"itemListElement\":[{\"@type\":\"ListItem\",\"position\":1,\"name\":\"In\u00edcio\",\"item\":\"https:\/\/portaltela.pt\/\"},{\"@type\":\"ListItem\",\"position\":2,\"name\":\"Organiza\u00e7\u00e3o defende reconhecimento da covid-19 longa como invis\u00edvel e subdiagnosticada\"}]},{\"@type\":\"WebSite\",\"@id\":\"https:\/\/portaltela.pt\/#website\",\"url\":\"https:\/\/portaltela.pt\/\",\"name\":\"Portal Tela Portugal\",\"description\":\"\",\"potentialAction\":[{\"@type\":\"SearchAction\",\"target\":{\"@type\":\"EntryPoint\",\"urlTemplate\":\"https:\/\/portaltela.pt\/?s={search_term_string}\"},\"query-input\":{\"@type\":\"PropertyValueSpecification\",\"valueRequired\":true,\"valueName\":\"search_term_string\"}}],\"inLanguage\":\"pt-PT\"},{\"@type\":\"Person\",\"@id\":\"https:\/\/portaltela.pt\/#\/schema\/person\/c4278d4a6028830caff9ee44b42d32ed\",\"name\":\"Telinha\",\"image\":{\"@type\":\"ImageObject\",\"inLanguage\":\"pt-PT\",\"@id\":\"https:\/\/portaltela.pt\/s.01k8rhncp4jt1\/2025\/11\/talking-bot-125x125.png\",\"url\":\"https:\/\/portaltela.pt\/s.01k8rhncp4jt1\/2025\/11\/talking-bot-125x125.png\",\"contentUrl\":\"https:\/\/portaltela.pt\/s.01k8rhncp4jt1\/2025\/11\/talking-bot-125x125.png\",\"caption\":\"Telinha\"},\"sameAs\":[\"https:\/\/portaltela.pt\/\"],\"url\":\"https:\/\/portaltela.pt\/por\/367410592786\/\"}]}<\/script>\n<!-- \/ Yoast SEO plugin. -->","yoast_head_json":{"title":"Organiza\u00e7\u00e3o defende reconhecimento da covid-19 longa como invis\u00edvel e subdiagnosticada - Portal Tela Portugal","robots":{"index":"index","follow":"follow","max-snippet":"max-snippet:-1","max-image-preview":"max-image-preview:large","max-video-preview":"max-video-preview:-1"},"og_locale":"pt_PT","og_type":"article","og_title":"Organiza\u00e7\u00e3o defende reconhecimento da covid-19 longa como invis\u00edvel e subdiagnosticada - Portal Tela Portugal","og_description":"A AMM afirma que a covid longa continua invis\u00edvel e subdiagnosticada em Portugal, apontando para a aus\u00eancia de dados epidemiol\u00f3gicos, centros de refer\u00eancia e forma\u00e7\u00e3o cl\u00ednica adequada. A Sociedade Portuguesa de Pneumologia sustenta que ainda n\u00e3o existe defini\u00e7\u00e3o consensual; a Organiza\u00e7\u00e3o Mundial da Sa\u00fade indica que a condi\u00e7\u00e3o p\u00f3s\u2011covid ocorre habitualmente nos primeiros tr\u00eas meses ap\u00f3s a infe\u00e7\u00e3o, com sintomas persistentes por pelo menos dois meses e sem explica\u00e7\u00e3o por outro diagn\u00f3stico. O pneumologista Jo\u00e3o Carlos Winck, do Conselho Cient\u00edfico da AMM, disse que a covid longa integra o grupo das s\u00edndromes p\u00f3s-infeciosas (PAIS), que inclui tamb\u00e9m a EM\/SFC (Encefalomielite Mi\u00e1lgica\/S\u00edndrome de Fadiga Cr\u00f3nica). Estas condi\u00e7\u00f5es podem provocar fadiga extrema, mal-estar p\u00f3s\u2011esfor\u00e7o (PEM), disfun\u00e7\u00e3o cognitiva, intoler\u00e2ncia ortost\u00e1tica, dist\u00farbios do sono e dor musculoesquel\u00e9tica, tornando\u2011se altamente incapacitantes. A AMM sublinha que a invisibilidade da doen\u00e7a cr\u00f3nica tem consequ\u00eancias profundas na vida dos afetados, incluindo perda de autonomia, dificuldades laborais e estigmatiza\u00e7\u00e3o social; estima-se que mais de quatrocentos milh\u00f5es vivam com covid longa, com estudos a indicar que mais da metade permanece sintom\u00e1tica um ano ap\u00f3s a infe\u00e7\u00e3o.","og_url":"https:\/\/portaltela.pt\/noticias\/2026\/03\/11\/organizacao-defende-reconhecimento-da-covid-19-longa-como-invisivel-e-subdiagnosticada\/","og_site_name":"Portal Tela Portugal","article_published_time":"2026-03-11T14:53:00+00:00","author":"Telinha","twitter_card":"summary_large_image","twitter_misc":{"Escrito por":"Telinha","Tempo estimado de leitura":"1 minuto"},"schema":{"@context":"https:\/\/schema.org","@graph":[{"@type":"Article","@id":"https:\/\/portaltela.pt\/noticias\/2026\/03\/11\/organizacao-defende-reconhecimento-da-covid-19-longa-como-invisivel-e-subdiagnosticada\/#article","isPartOf":{"@id":"https:\/\/portaltela.pt\/noticias\/2026\/03\/11\/organizacao-defende-reconhecimento-da-covid-19-longa-como-invisivel-e-subdiagnosticada\/"},"author":{"name":"Telinha","@id":"https:\/\/portaltela.pt\/#\/schema\/person\/c4278d4a6028830caff9ee44b42d32ed"},"headline":"Organiza\u00e7\u00e3o defende reconhecimento da covid-19 longa como invis\u00edvel e subdiagnosticada","datePublished":"2026-03-11T14:53:00+00:00","mainEntityOfPage":{"@id":"https:\/\/portaltela.pt\/noticias\/2026\/03\/11\/organizacao-defende-reconhecimento-da-covid-19-longa-como-invisivel-e-subdiagnosticada\/"},"wordCount":287,"image":{"@id":"https:\/\/portaltela.pt\/noticias\/2026\/03\/11\/organizacao-defende-reconhecimento-da-covid-19-longa-como-invisivel-e-subdiagnosticada\/#primaryimage"},"thumbnailUrl":"https:\/\/portaltela.pt\/s.01k8rhncp4jt1\/2026\/03\/image-717.jpg","keywords":["consciencializa\u00e7\u00e3o","doen\u00e7as","informa\u00e7\u00e3o p\u00fablica","investiga\u00e7\u00e3o","sa\u00fade","sa\u00fade p\u00fablica"],"articleSection":["Not\u00edcias","Sa\u00fade"],"inLanguage":"pt-PT"},{"@type":"WebPage","@id":"https:\/\/portaltela.pt\/noticias\/2026\/03\/11\/organizacao-defende-reconhecimento-da-covid-19-longa-como-invisivel-e-subdiagnosticada\/","url":"https:\/\/portaltela.pt\/noticias\/2026\/03\/11\/organizacao-defende-reconhecimento-da-covid-19-longa-como-invisivel-e-subdiagnosticada\/","name":"Organiza\u00e7\u00e3o defende reconhecimento da covid-19 longa como invis\u00edvel e subdiagnosticada - Portal Tela Portugal","isPartOf":{"@id":"https:\/\/portaltela.pt\/#website"},"primaryImageOfPage":{"@id":"https:\/\/portaltela.pt\/noticias\/2026\/03\/11\/organizacao-defende-reconhecimento-da-covid-19-longa-como-invisivel-e-subdiagnosticada\/#primaryimage"},"image":{"@id":"https:\/\/portaltela.pt\/noticias\/2026\/03\/11\/organizacao-defende-reconhecimento-da-covid-19-longa-como-invisivel-e-subdiagnosticada\/#primaryimage"},"thumbnailUrl":"https:\/\/portaltela.pt\/s.01k8rhncp4jt1\/2026\/03\/image-717.jpg","datePublished":"2026-03-11T14:53:00+00:00","author":{"@id":"https:\/\/portaltela.pt\/#\/schema\/person\/c4278d4a6028830caff9ee44b42d32ed"},"breadcrumb":{"@id":"https:\/\/portaltela.pt\/noticias\/2026\/03\/11\/organizacao-defende-reconhecimento-da-covid-19-longa-como-invisivel-e-subdiagnosticada\/#breadcrumb"},"inLanguage":"pt-PT","potentialAction":[{"@type":"ReadAction","target":["https:\/\/portaltela.pt\/noticias\/2026\/03\/11\/organizacao-defende-reconhecimento-da-covid-19-longa-como-invisivel-e-subdiagnosticada\/"]}]},{"@type":"ImageObject","inLanguage":"pt-PT","@id":"https:\/\/portaltela.pt\/noticias\/2026\/03\/11\/organizacao-defende-reconhecimento-da-covid-19-longa-como-invisivel-e-subdiagnosticada\/#primaryimage","url":"https:\/\/portaltela.pt\/s.01k8rhncp4jt1\/2026\/03\/image-717.jpg","contentUrl":"https:\/\/portaltela.pt\/s.01k8rhncp4jt1\/2026\/03\/image-717.jpg","width":796,"height":448,"caption":"Calcula-se que mais de 400 milh\u00f5es de pessoas vivam com covid longa"},{"@type":"BreadcrumbList","@id":"https:\/\/portaltela.pt\/noticias\/2026\/03\/11\/organizacao-defende-reconhecimento-da-covid-19-longa-como-invisivel-e-subdiagnosticada\/#breadcrumb","itemListElement":[{"@type":"ListItem","position":1,"name":"In\u00edcio","item":"https:\/\/portaltela.pt\/"},{"@type":"ListItem","position":2,"name":"Organiza\u00e7\u00e3o defende reconhecimento da covid-19 longa como invis\u00edvel e subdiagnosticada"}]},{"@type":"WebSite","@id":"https:\/\/portaltela.pt\/#website","url":"https:\/\/portaltela.pt\/","name":"Portal Tela Portugal","description":"","potentialAction":[{"@type":"SearchAction","target":{"@type":"EntryPoint","urlTemplate":"https:\/\/portaltela.pt\/?s={search_term_string}"},"query-input":{"@type":"PropertyValueSpecification","valueRequired":true,"valueName":"search_term_string"}}],"inLanguage":"pt-PT"},{"@type":"Person","@id":"https:\/\/portaltela.pt\/#\/schema\/person\/c4278d4a6028830caff9ee44b42d32ed","name":"Telinha","image":{"@type":"ImageObject","inLanguage":"pt-PT","@id":"https:\/\/portaltela.pt\/s.01k8rhncp4jt1\/2025\/11\/talking-bot-125x125.png","url":"https:\/\/portaltela.pt\/s.01k8rhncp4jt1\/2025\/11\/talking-bot-125x125.png","contentUrl":"https:\/\/portaltela.pt\/s.01k8rhncp4jt1\/2025\/11\/talking-bot-125x125.png","caption":"Telinha"},"sameAs":["https:\/\/portaltela.pt\/"],"url":"https:\/\/portaltela.pt\/por\/367410592786\/"}]}},"_links":{"self":[{"href":"https:\/\/portaltela.pt\/api\/wp\/v2\/posts\/406104","targetHints":{"allow":["GET"]}}],"collection":[{"href":"https:\/\/portaltela.pt\/api\/wp\/v2\/posts"}],"about":[{"href":"https:\/\/portaltela.pt\/api\/wp\/v2\/types\/post"}],"author":[{"embeddable":true,"href":"https:\/\/portaltela.pt\/api\/wp\/v2\/users\/2"}],"replies":[{"embeddable":true,"href":"https:\/\/portaltela.pt\/api\/wp\/v2\/comments?post=406104"}],"version-history":[{"count":0,"href":"https:\/\/portaltela.pt\/api\/wp\/v2\/posts\/406104\/revisions"}],"wp:featuredmedia":[{"embeddable":true,"href":"https:\/\/portaltela.pt\/api\/wp\/v2\/media\/406108"}],"wp:attachment":[{"href":"https:\/\/portaltela.pt\/api\/wp\/v2\/media?parent=406104"}],"wp:term":[{"taxonomy":"category","embeddable":true,"href":"https:\/\/portaltela.pt\/api\/wp\/v2\/categories?post=406104"},{"taxonomy":"post_tag","embeddable":true,"href":"https:\/\/portaltela.pt\/api\/wp\/v2\/tags?post=406104"}],"curies":[{"name":"wp","href":"https:\/\/api.w.org\/{rel}","templated":true}]}}