{"id":406101,"date":"2026-03-11T11:33:00","date_gmt":"2026-03-11T14:33:00","guid":{"rendered":"https:\/\/portaltela.pt\/noticias\/2026\/03\/11\/expedicao-para-analisar-o-degelo-na-groenlandia-durante-dois-meses\/"},"modified":"2026-03-11T11:33:00","modified_gmt":"2026-03-11T14:33:00","slug":"expedicao-para-analisar-o-degelo-na-groenlandia-durante-dois-meses","status":"publish","type":"post","link":"https:\/\/portaltela.pt\/noticias\/2026\/03\/11\/expedicao-para-analisar-o-degelo-na-groenlandia-durante-dois-meses\/","title":{"rendered":"Expedi\u00e7\u00e3o para analisar o degelo na Groenl\u00e2ndia durante dois meses"},"content":{"rendered":"<p>Uma expedi\u00e7\u00e3o vai analisar o degelo na Gronel\u00e2ndia durante dois meses. O foco \u00e9 acompanhar a evolu\u00e7\u00e3o das geleiras e a din\u00e2mica do degelo na regi\u00e3o.<\/p>\n<p>Ainda n\u00e3o foram divulgados detalhes sobre quem est\u00e1 envolvido, quando come\u00e7a a expedi\u00e7\u00e3o, onde exatamente na Gronel\u00e2ndia ir\u00e1 decorrer ou quais m\u00e9todos ser\u00e3o usados.<\/p>\n<p>A iniciativa insere-se num contexto de crescente preocupa\u00e7\u00e3o com as altera\u00e7\u00f5es clim\u00e1ticas e o impacto do aquecimento global no n\u00edvel do mar, sem que haja informa\u00e7\u00f5es sobre resultados esperados.<\/p>\n","protected":false},"excerpt":{"rendered":"<ul>\n<li>Expedi\u00e7\u00e3o vai analisar o degelo na Gronel\u00e2ndia.<\/li>\n<li>Dura\u00e7\u00e3o prevista: dois meses.<\/li>\n<li>O conte\u00fado completo est\u00e1 acess\u00edvel apenas para subscritores.<\/li>\n<li>O objetivo \u00e9 acompanhar mudan\u00e7as no gelo e o impacto clim\u00e1tico.<\/li>\n<li>A not\u00edcia n\u00e3o detalha os m\u00e9todos ou locais exatos da an\u00e1lise.<\/li>\n<\/ul>\n","protected":false},"author":2,"featured_media":406106,"comment_status":"closed","ping_status":"closed","sticky":false,"template":"","format":"standard","meta":{"footnotes":""},"categories":[6725,1],"tags":[2665,1992,5224,3783,215,45],"class_list":["post-406101","post","type-post","status-publish","format-standard","has-post-thumbnail","hentry","category-meio-ambiente","category-noticias","tag-alteracoes-climaticas","tag-ciencia","tag-clima","tag-groenlandia","tag-investigacao","tag-meio-ambiente"],"yoast_head":"<!-- This site is optimized with the Yoast SEO plugin v27.2 - https:\/\/yoast.com\/product\/yoast-seo-wordpress\/ -->\n<title>Expedi\u00e7\u00e3o para analisar o degelo na Groenl\u00e2ndia durante dois meses - Portal Tela Portugal<\/title>\n<meta name=\"robots\" content=\"index, follow, max-snippet:-1, max-image-preview:large, max-video-preview:-1\" \/>\n<meta property=\"og:locale\" content=\"pt_PT\" \/>\n<meta property=\"og:type\" content=\"article\" \/>\n<meta property=\"og:title\" content=\"Expedi\u00e7\u00e3o para analisar o degelo na Groenl\u00e2ndia durante dois meses - Portal Tela Portugal\" \/>\n<meta property=\"og:description\" content=\"Expedi\u00e7\u00e3o vai analisar o degelo na Gronel\u00e2ndia. Dura\u00e7\u00e3o prevista: dois meses. O conte\u00fado completo est\u00e1 acess\u00edvel apenas para subscritores. O objetivo \u00e9 acompanhar mudan\u00e7as no gelo e o impacto clim\u00e1tico. A not\u00edcia n\u00e3o detalha os m\u00e9todos ou locais exatos da an\u00e1lise.\" \/>\n<meta property=\"og:url\" content=\"https:\/\/portaltela.pt\/noticias\/2026\/03\/11\/expedicao-para-analisar-o-degelo-na-groenlandia-durante-dois-meses\/\" \/>\n<meta property=\"og:site_name\" content=\"Portal Tela Portugal\" \/>\n<meta property=\"article:published_time\" content=\"2026-03-11T14:33:00+00:00\" \/>\n<meta name=\"author\" content=\"Telinha\" \/>\n<meta name=\"twitter:card\" content=\"summary_large_image\" \/>\n<meta name=\"twitter:label1\" content=\"Escrito por\" \/>\n\t<meta name=\"twitter:data1\" content=\"Telinha\" \/>\n<script type=\"application\/ld+json\" class=\"yoast-schema-graph\">{\"@context\":\"https:\/\/schema.org\",\"@graph\":[{\"@type\":\"Article\",\"@id\":\"https:\/\/portaltela.pt\/noticias\/2026\/03\/11\/expedicao-para-analisar-o-degelo-na-groenlandia-durante-dois-meses\/#article\",\"isPartOf\":{\"@id\":\"https:\/\/portaltela.pt\/noticias\/2026\/03\/11\/expedicao-para-analisar-o-degelo-na-groenlandia-durante-dois-meses\/\"},\"author\":{\"name\":\"Telinha\",\"@id\":\"https:\/\/portaltela.pt\/#\/schema\/person\/c4278d4a6028830caff9ee44b42d32ed\"},\"headline\":\"Expedi\u00e7\u00e3o para analisar o degelo na Groenl\u00e2ndia durante dois meses\",\"datePublished\":\"2026-03-11T14:33:00+00:00\",\"mainEntityOfPage\":{\"@id\":\"https:\/\/portaltela.pt\/noticias\/2026\/03\/11\/expedicao-para-analisar-o-degelo-na-groenlandia-durante-dois-meses\/\"},\"wordCount\":106,\"image\":{\"@id\":\"https:\/\/portaltela.pt\/noticias\/2026\/03\/11\/expedicao-para-analisar-o-degelo-na-groenlandia-durante-dois-meses\/#primaryimage\"},\"thumbnailUrl\":\"https:\/\/portaltela.pt\/s.01k8rhncp4jt1\/2026\/03\/CACHE_780X1200_ANALOG_WATERMARKED_46399616_2685744449766477.jpg\",\"keywords\":[\"Altera\u00e7\u00f5es Clim\u00e1ticas\",\"ci\u00eancia\",\"clima\",\"Groenl\u00e2ndia\",\"investiga\u00e7\u00e3o\",\"meio-ambiente\"],\"articleSection\":[\"Meio Ambiente\",\"Not\u00edcias\"],\"inLanguage\":\"pt-PT\"},{\"@type\":\"WebPage\",\"@id\":\"https:\/\/portaltela.pt\/noticias\/2026\/03\/11\/expedicao-para-analisar-o-degelo-na-groenlandia-durante-dois-meses\/\",\"url\":\"https:\/\/portaltela.pt\/noticias\/2026\/03\/11\/expedicao-para-analisar-o-degelo-na-groenlandia-durante-dois-meses\/\",\"name\":\"Expedi\u00e7\u00e3o para analisar o degelo na Groenl\u00e2ndia durante dois meses - Portal Tela Portugal\",\"isPartOf\":{\"@id\":\"https:\/\/portaltela.pt\/#website\"},\"primaryImageOfPage\":{\"@id\":\"https:\/\/portaltela.pt\/noticias\/2026\/03\/11\/expedicao-para-analisar-o-degelo-na-groenlandia-durante-dois-meses\/#primaryimage\"},\"image\":{\"@id\":\"https:\/\/portaltela.pt\/noticias\/2026\/03\/11\/expedicao-para-analisar-o-degelo-na-groenlandia-durante-dois-meses\/#primaryimage\"},\"thumbnailUrl\":\"https:\/\/portaltela.pt\/s.01k8rhncp4jt1\/2026\/03\/CACHE_780X1200_ANALOG_WATERMARKED_46399616_2685744449766477.jpg\",\"datePublished\":\"2026-03-11T14:33:00+00:00\",\"author\":{\"@id\":\"https:\/\/portaltela.pt\/#\/schema\/person\/c4278d4a6028830caff9ee44b42d32ed\"},\"breadcrumb\":{\"@id\":\"https:\/\/portaltela.pt\/noticias\/2026\/03\/11\/expedicao-para-analisar-o-degelo-na-groenlandia-durante-dois-meses\/#breadcrumb\"},\"inLanguage\":\"pt-PT\",\"potentialAction\":[{\"@type\":\"ReadAction\",\"target\":[\"https:\/\/portaltela.pt\/noticias\/2026\/03\/11\/expedicao-para-analisar-o-degelo-na-groenlandia-durante-dois-meses\/\"]}]},{\"@type\":\"ImageObject\",\"inLanguage\":\"pt-PT\",\"@id\":\"https:\/\/portaltela.pt\/noticias\/2026\/03\/11\/expedicao-para-analisar-o-degelo-na-groenlandia-durante-dois-meses\/#primaryimage\",\"url\":\"https:\/\/portaltela.pt\/s.01k8rhncp4jt1\/2026\/03\/CACHE_780X1200_ANALOG_WATERMARKED_46399616_2685744449766477.jpg\",\"contentUrl\":\"https:\/\/portaltela.pt\/s.01k8rhncp4jt1\/2026\/03\/CACHE_780X1200_ANALOG_WATERMARKED_46399616_2685744449766477.jpg\",\"width\":796,\"height\":448,\"caption\":\"Expedi\u00e7\u00e3o vai analisar degelo na Gronel\u00e2ndia durante dois meses\"},{\"@type\":\"BreadcrumbList\",\"@id\":\"https:\/\/portaltela.pt\/noticias\/2026\/03\/11\/expedicao-para-analisar-o-degelo-na-groenlandia-durante-dois-meses\/#breadcrumb\",\"itemListElement\":[{\"@type\":\"ListItem\",\"position\":1,\"name\":\"In\u00edcio\",\"item\":\"https:\/\/portaltela.pt\/\"},{\"@type\":\"ListItem\",\"position\":2,\"name\":\"Expedi\u00e7\u00e3o para analisar o degelo na Groenl\u00e2ndia durante dois meses\"}]},{\"@type\":\"WebSite\",\"@id\":\"https:\/\/portaltela.pt\/#website\",\"url\":\"https:\/\/portaltela.pt\/\",\"name\":\"Portal Tela Portugal\",\"description\":\"\",\"potentialAction\":[{\"@type\":\"SearchAction\",\"target\":{\"@type\":\"EntryPoint\",\"urlTemplate\":\"https:\/\/portaltela.pt\/?s={search_term_string}\"},\"query-input\":{\"@type\":\"PropertyValueSpecification\",\"valueRequired\":true,\"valueName\":\"search_term_string\"}}],\"inLanguage\":\"pt-PT\"},{\"@type\":\"Person\",\"@id\":\"https:\/\/portaltela.pt\/#\/schema\/person\/c4278d4a6028830caff9ee44b42d32ed\",\"name\":\"Telinha\",\"image\":{\"@type\":\"ImageObject\",\"inLanguage\":\"pt-PT\",\"@id\":\"https:\/\/portaltela.pt\/s.01k8rhncp4jt1\/2025\/11\/talking-bot-125x125.png\",\"url\":\"https:\/\/portaltela.pt\/s.01k8rhncp4jt1\/2025\/11\/talking-bot-125x125.png\",\"contentUrl\":\"https:\/\/portaltela.pt\/s.01k8rhncp4jt1\/2025\/11\/talking-bot-125x125.png\",\"caption\":\"Telinha\"},\"sameAs\":[\"https:\/\/portaltela.pt\/\"],\"url\":\"https:\/\/portaltela.pt\/por\/367410592786\/\"}]}<\/script>\n<!-- \/ Yoast SEO plugin. -->","yoast_head_json":{"title":"Expedi\u00e7\u00e3o para analisar o degelo na Groenl\u00e2ndia durante dois meses - Portal Tela Portugal","robots":{"index":"index","follow":"follow","max-snippet":"max-snippet:-1","max-image-preview":"max-image-preview:large","max-video-preview":"max-video-preview:-1"},"og_locale":"pt_PT","og_type":"article","og_title":"Expedi\u00e7\u00e3o para analisar o degelo na Groenl\u00e2ndia durante dois meses - Portal Tela Portugal","og_description":"Expedi\u00e7\u00e3o vai analisar o degelo na Gronel\u00e2ndia. Dura\u00e7\u00e3o prevista: dois meses. O conte\u00fado completo est\u00e1 acess\u00edvel apenas para subscritores. O objetivo \u00e9 acompanhar mudan\u00e7as no gelo e o impacto clim\u00e1tico. A not\u00edcia n\u00e3o detalha os m\u00e9todos ou locais exatos da an\u00e1lise.","og_url":"https:\/\/portaltela.pt\/noticias\/2026\/03\/11\/expedicao-para-analisar-o-degelo-na-groenlandia-durante-dois-meses\/","og_site_name":"Portal Tela Portugal","article_published_time":"2026-03-11T14:33:00+00:00","author":"Telinha","twitter_card":"summary_large_image","twitter_misc":{"Escrito por":"Telinha"},"schema":{"@context":"https:\/\/schema.org","@graph":[{"@type":"Article","@id":"https:\/\/portaltela.pt\/noticias\/2026\/03\/11\/expedicao-para-analisar-o-degelo-na-groenlandia-durante-dois-meses\/#article","isPartOf":{"@id":"https:\/\/portaltela.pt\/noticias\/2026\/03\/11\/expedicao-para-analisar-o-degelo-na-groenlandia-durante-dois-meses\/"},"author":{"name":"Telinha","@id":"https:\/\/portaltela.pt\/#\/schema\/person\/c4278d4a6028830caff9ee44b42d32ed"},"headline":"Expedi\u00e7\u00e3o para analisar o degelo na Groenl\u00e2ndia durante dois meses","datePublished":"2026-03-11T14:33:00+00:00","mainEntityOfPage":{"@id":"https:\/\/portaltela.pt\/noticias\/2026\/03\/11\/expedicao-para-analisar-o-degelo-na-groenlandia-durante-dois-meses\/"},"wordCount":106,"image":{"@id":"https:\/\/portaltela.pt\/noticias\/2026\/03\/11\/expedicao-para-analisar-o-degelo-na-groenlandia-durante-dois-meses\/#primaryimage"},"thumbnailUrl":"https:\/\/portaltela.pt\/s.01k8rhncp4jt1\/2026\/03\/CACHE_780X1200_ANALOG_WATERMARKED_46399616_2685744449766477.jpg","keywords":["Altera\u00e7\u00f5es Clim\u00e1ticas","ci\u00eancia","clima","Groenl\u00e2ndia","investiga\u00e7\u00e3o","meio-ambiente"],"articleSection":["Meio Ambiente","Not\u00edcias"],"inLanguage":"pt-PT"},{"@type":"WebPage","@id":"https:\/\/portaltela.pt\/noticias\/2026\/03\/11\/expedicao-para-analisar-o-degelo-na-groenlandia-durante-dois-meses\/","url":"https:\/\/portaltela.pt\/noticias\/2026\/03\/11\/expedicao-para-analisar-o-degelo-na-groenlandia-durante-dois-meses\/","name":"Expedi\u00e7\u00e3o para analisar o degelo na Groenl\u00e2ndia durante dois meses - Portal Tela Portugal","isPartOf":{"@id":"https:\/\/portaltela.pt\/#website"},"primaryImageOfPage":{"@id":"https:\/\/portaltela.pt\/noticias\/2026\/03\/11\/expedicao-para-analisar-o-degelo-na-groenlandia-durante-dois-meses\/#primaryimage"},"image":{"@id":"https:\/\/portaltela.pt\/noticias\/2026\/03\/11\/expedicao-para-analisar-o-degelo-na-groenlandia-durante-dois-meses\/#primaryimage"},"thumbnailUrl":"https:\/\/portaltela.pt\/s.01k8rhncp4jt1\/2026\/03\/CACHE_780X1200_ANALOG_WATERMARKED_46399616_2685744449766477.jpg","datePublished":"2026-03-11T14:33:00+00:00","author":{"@id":"https:\/\/portaltela.pt\/#\/schema\/person\/c4278d4a6028830caff9ee44b42d32ed"},"breadcrumb":{"@id":"https:\/\/portaltela.pt\/noticias\/2026\/03\/11\/expedicao-para-analisar-o-degelo-na-groenlandia-durante-dois-meses\/#breadcrumb"},"inLanguage":"pt-PT","potentialAction":[{"@type":"ReadAction","target":["https:\/\/portaltela.pt\/noticias\/2026\/03\/11\/expedicao-para-analisar-o-degelo-na-groenlandia-durante-dois-meses\/"]}]},{"@type":"ImageObject","inLanguage":"pt-PT","@id":"https:\/\/portaltela.pt\/noticias\/2026\/03\/11\/expedicao-para-analisar-o-degelo-na-groenlandia-durante-dois-meses\/#primaryimage","url":"https:\/\/portaltela.pt\/s.01k8rhncp4jt1\/2026\/03\/CACHE_780X1200_ANALOG_WATERMARKED_46399616_2685744449766477.jpg","contentUrl":"https:\/\/portaltela.pt\/s.01k8rhncp4jt1\/2026\/03\/CACHE_780X1200_ANALOG_WATERMARKED_46399616_2685744449766477.jpg","width":796,"height":448,"caption":"Expedi\u00e7\u00e3o vai analisar degelo na Gronel\u00e2ndia durante dois meses"},{"@type":"BreadcrumbList","@id":"https:\/\/portaltela.pt\/noticias\/2026\/03\/11\/expedicao-para-analisar-o-degelo-na-groenlandia-durante-dois-meses\/#breadcrumb","itemListElement":[{"@type":"ListItem","position":1,"name":"In\u00edcio","item":"https:\/\/portaltela.pt\/"},{"@type":"ListItem","position":2,"name":"Expedi\u00e7\u00e3o para analisar o degelo na Groenl\u00e2ndia durante dois meses"}]},{"@type":"WebSite","@id":"https:\/\/portaltela.pt\/#website","url":"https:\/\/portaltela.pt\/","name":"Portal Tela Portugal","description":"","potentialAction":[{"@type":"SearchAction","target":{"@type":"EntryPoint","urlTemplate":"https:\/\/portaltela.pt\/?s={search_term_string}"},"query-input":{"@type":"PropertyValueSpecification","valueRequired":true,"valueName":"search_term_string"}}],"inLanguage":"pt-PT"},{"@type":"Person","@id":"https:\/\/portaltela.pt\/#\/schema\/person\/c4278d4a6028830caff9ee44b42d32ed","name":"Telinha","image":{"@type":"ImageObject","inLanguage":"pt-PT","@id":"https:\/\/portaltela.pt\/s.01k8rhncp4jt1\/2025\/11\/talking-bot-125x125.png","url":"https:\/\/portaltela.pt\/s.01k8rhncp4jt1\/2025\/11\/talking-bot-125x125.png","contentUrl":"https:\/\/portaltela.pt\/s.01k8rhncp4jt1\/2025\/11\/talking-bot-125x125.png","caption":"Telinha"},"sameAs":["https:\/\/portaltela.pt\/"],"url":"https:\/\/portaltela.pt\/por\/367410592786\/"}]}},"_links":{"self":[{"href":"https:\/\/portaltela.pt\/api\/wp\/v2\/posts\/406101","targetHints":{"allow":["GET"]}}],"collection":[{"href":"https:\/\/portaltela.pt\/api\/wp\/v2\/posts"}],"about":[{"href":"https:\/\/portaltela.pt\/api\/wp\/v2\/types\/post"}],"author":[{"embeddable":true,"href":"https:\/\/portaltela.pt\/api\/wp\/v2\/users\/2"}],"replies":[{"embeddable":true,"href":"https:\/\/portaltela.pt\/api\/wp\/v2\/comments?post=406101"}],"version-history":[{"count":0,"href":"https:\/\/portaltela.pt\/api\/wp\/v2\/posts\/406101\/revisions"}],"wp:featuredmedia":[{"embeddable":true,"href":"https:\/\/portaltela.pt\/api\/wp\/v2\/media\/406106"}],"wp:attachment":[{"href":"https:\/\/portaltela.pt\/api\/wp\/v2\/media?parent=406101"}],"wp:term":[{"taxonomy":"category","embeddable":true,"href":"https:\/\/portaltela.pt\/api\/wp\/v2\/categories?post=406101"},{"taxonomy":"post_tag","embeddable":true,"href":"https:\/\/portaltela.pt\/api\/wp\/v2\/tags?post=406101"}],"curies":[{"name":"wp","href":"https:\/\/api.w.org\/{rel}","templated":true}]}}