{"id":406087,"date":"2026-03-11T11:37:08","date_gmt":"2026-03-11T14:37:08","guid":{"rendered":"https:\/\/portaltela.pt\/noticias\/2026\/03\/11\/organizacao-defende-reconhecimento-clinico-e-institucional-da-covid-longa\/"},"modified":"2026-03-11T11:37:08","modified_gmt":"2026-03-11T14:37:08","slug":"organizacao-defende-reconhecimento-clinico-e-institucional-da-covid-longa","status":"publish","type":"post","link":"https:\/\/portaltela.pt\/saude\/2026\/03\/11\/organizacao-defende-reconhecimento-clinico-e-institucional-da-covid-longa\/","title":{"rendered":"Organiza\u00e7\u00e3o defende reconhecimento cl\u00ednico e institucional da covid longa"},"content":{"rendered":"<p>A organiza\u00e7\u00e3o Alian\u00e7a Millions Missing (AMM), dedicada \u00e0 defesa das pessoas com covid longa, pediu em Portugal o reconhecimento cl\u00ednico e institucional da chamada s\u00edndrome p\u00f3s-infeciosa. A AMM afirma que a covid longa continua invis\u00edvel, subdiagnosticada e sem resposta estruturada no pa\u00eds.<\/p>\n<p>Segundo a AMM, n\u00e3o h\u00e1 dados epidemiol\u00f3gicos robustos, centros de refer\u00eancia ou forma\u00e7\u00e3o cl\u00ednica adequada para a condi\u00e7\u00e3o. O grupo destaca a necessidade de respostas organizadas no sistema de sa\u00fade para lidar com a doen\u00e7a cr\u00f3nica associada \u00e0 infe\u00e7\u00e3o por SARS-CoV-2.<\/p>\n<p>A Sociedade Portuguesa de Pneumologia indica que n\u00e3o existe ainda uma defini\u00e7\u00e3o consensual da covid longa. A organiza\u00e7\u00e3o cita a posi\u00e7\u00e3o da Organiza\u00e7\u00e3o Mundial da Sa\u00fade, que descreve a condi\u00e7\u00e3o como t\u00edpica nos tr\u00eas meses ap\u00f3s a infe\u00e7\u00e3o inicial, com sintomas que persistem por pelo menos dois meses sem explica\u00e7\u00e3o por outro diagn\u00f3stico.<\/p>\n<p>Para o pneumologista Jo\u00e3o Carlos Winck, membro do Conselho Cient\u00edfico da AMM, a covid longa integra o grupo das s\u00edndromes p\u00f3s-infeciosas, que inclui tamb\u00e9m a EM\/SFC. Estas s\u00edndromes podem causar fadiga extrema, mal-estar p\u00f3s-esfor\u00e7o, disfun\u00e7\u00e3o cognitiva, disfun\u00e7\u00e3o ortost\u00e1tica, dist\u00farbios do sono e dor, com impacto significativo na qualidade de vida.<\/p>\n<p>A AMM lembra, numa altura que se aproxima o Dia Internacional de Consciencializa\u00e7\u00e3o para a Covid Longa, que a invisibilidade da doen\u00e7a acarreta consequ\u00eancias profundas. S\u00e3o apontadas perdas de autonomia, dificuldades laborais e estigma social, justificando a necessidade de respostas estruturadas no sistema de sa\u00fade.<\/p>\n<p>A organiza\u00e7\u00e3o estima que mais de 400 milh\u00f5es de pessoas vivam com covid longa mundialmente. Em estudos, mais da metade dos pacientes permanece sintom\u00e1tica um ano ap\u00f3s a infe\u00e7\u00e3o, segundo dados referidos pela AMM.<\/p>\n","protected":false},"excerpt":{"rendered":"<ul>\n<li>A organiza\u00e7\u00e3o Alian\u00e7a Millions Missing pediu, em Portugal, o reconhecimento cl\u00ednico e institucional da covid longa, qualificando-a como &#8220;s\u00edndrome p\u00f3s-infeciosa&#8221;.<\/li>\n<li>A AMM afirma que a Covid Longa continua invis\u00edvel, subdiagnosticada e sem resposta estruturada no pa\u00eds, destacando a falta de dados epidemiol\u00f3gicos, centros de refer\u00eancia e forma\u00e7\u00e3o cl\u00ednica.<\/li>\n<li>A Sociedade Portuguesa de Pneumologia aponta que ainda n\u00e3o existe defini\u00e7\u00e3o consensual; a Organiza\u00e7\u00e3o Mundial da Sa\u00fade indica que a condi\u00e7\u00e3o ocorre nos primeiros tr\u00eas meses ap\u00f3s infe\u00e7\u00e3o e persiste por pelo menos dois meses.<\/li>\n<li>O pneumologista Jo\u00e3o Carlos Winck, do Conselho Cient\u00edfico da AMM, afirma que a Covid Longa faz parte das s\u00edndromes PAIS (como EM\/SFC), com fadiga extrema, mal-estar p\u00f3s-esfor\u00e7o, disfun\u00e7\u00e3o cognitiva e dor.<\/li>\n<li>A AMM alerta para as consequ\u00eancias da invisibilidade da doen\u00e7a, como perda de autonomia e dificuldades laborais, pedindo respostas estruturadas no sistema de sa\u00fade; estima-se que mais de quatrocentos milh\u00f5es de pessoas vivam com Covid Longa e que mais da metade permane\u00e7a sintom\u00e1tica um ano ap\u00f3s a infe\u00e7\u00e3o.<\/li>\n<\/ul>\n","protected":false},"author":2,"featured_media":406091,"comment_status":"closed","ping_status":"closed","sticky":false,"template":"","format":"standard","meta":{"footnotes":""},"categories":[6745],"tags":[4911,6483,4684,1861,172,271],"class_list":["post-406087","post","type-post","status-publish","format-standard","has-post-thumbnail","hentry","category-saude","tag-consciencializacao","tag-doencas-infecciosas-e-parasitarias","tag-epidemiologia","tag-pneumologia","tag-saude","tag-saude-publica"],"yoast_head":"<!-- This site is optimized with the Yoast SEO plugin v27.2 - https:\/\/yoast.com\/product\/yoast-seo-wordpress\/ -->\n<title>Organiza\u00e7\u00e3o defende reconhecimento cl\u00ednico e institucional da covid longa - Portal Tela Portugal<\/title>\n<meta name=\"robots\" content=\"index, follow, max-snippet:-1, max-image-preview:large, max-video-preview:-1\" \/>\n<meta property=\"og:locale\" content=\"pt_PT\" \/>\n<meta property=\"og:type\" content=\"article\" \/>\n<meta property=\"og:title\" content=\"Organiza\u00e7\u00e3o defende reconhecimento cl\u00ednico e institucional da covid longa - Portal Tela Portugal\" \/>\n<meta property=\"og:description\" content=\"A organiza\u00e7\u00e3o Alian\u00e7a Millions Missing pediu, em Portugal, o reconhecimento cl\u00ednico e institucional da covid longa, qualificando-a como &quot;s\u00edndrome p\u00f3s-infeciosa&quot;. A AMM afirma que a Covid Longa continua invis\u00edvel, subdiagnosticada e sem resposta estruturada no pa\u00eds, destacando a falta de dados epidemiol\u00f3gicos, centros de refer\u00eancia e forma\u00e7\u00e3o cl\u00ednica. A Sociedade Portuguesa de Pneumologia aponta que ainda n\u00e3o existe defini\u00e7\u00e3o consensual; a Organiza\u00e7\u00e3o Mundial da Sa\u00fade indica que a condi\u00e7\u00e3o ocorre nos primeiros tr\u00eas meses ap\u00f3s infe\u00e7\u00e3o e persiste por pelo menos dois meses. O pneumologista Jo\u00e3o Carlos Winck, do Conselho Cient\u00edfico da AMM, afirma que a Covid Longa faz parte das s\u00edndromes PAIS (como EM\/SFC), com fadiga extrema, mal-estar p\u00f3s-esfor\u00e7o, disfun\u00e7\u00e3o cognitiva e dor. A AMM alerta para as consequ\u00eancias da invisibilidade da doen\u00e7a, como perda de autonomia e dificuldades laborais, pedindo respostas estruturadas no sistema de sa\u00fade; estima-se que mais de quatrocentos milh\u00f5es de pessoas vivam com Covid Longa e que mais da metade permane\u00e7a sintom\u00e1tica um ano ap\u00f3s a infe\u00e7\u00e3o.\" \/>\n<meta property=\"og:url\" content=\"https:\/\/portaltela.pt\/noticias\/2026\/03\/11\/organizacao-defende-reconhecimento-clinico-e-institucional-da-covid-longa\/\" \/>\n<meta property=\"og:site_name\" content=\"Portal Tela Portugal\" \/>\n<meta property=\"article:published_time\" content=\"2026-03-11T14:37:08+00:00\" \/>\n<meta name=\"author\" content=\"Telinha\" \/>\n<meta name=\"twitter:card\" content=\"summary_large_image\" \/>\n<meta name=\"twitter:label1\" content=\"Escrito por\" \/>\n\t<meta name=\"twitter:data1\" content=\"Telinha\" \/>\n\t<meta name=\"twitter:label2\" content=\"Tempo estimado de leitura\" \/>\n\t<meta name=\"twitter:data2\" content=\"2 minutos\" \/>\n<script type=\"application\/ld+json\" class=\"yoast-schema-graph\">{\"@context\":\"https:\/\/schema.org\",\"@graph\":[{\"@type\":\"Article\",\"@id\":\"https:\/\/portaltela.pt\/noticias\/2026\/03\/11\/organizacao-defende-reconhecimento-clinico-e-institucional-da-covid-longa\/#article\",\"isPartOf\":{\"@id\":\"https:\/\/portaltela.pt\/noticias\/2026\/03\/11\/organizacao-defende-reconhecimento-clinico-e-institucional-da-covid-longa\/\"},\"author\":{\"name\":\"Telinha\",\"@id\":\"https:\/\/portaltela.pt\/#\/schema\/person\/c4278d4a6028830caff9ee44b42d32ed\"},\"headline\":\"Organiza\u00e7\u00e3o defende reconhecimento cl\u00ednico e institucional da covid longa\",\"datePublished\":\"2026-03-11T14:37:08+00:00\",\"mainEntityOfPage\":{\"@id\":\"https:\/\/portaltela.pt\/noticias\/2026\/03\/11\/organizacao-defende-reconhecimento-clinico-e-institucional-da-covid-longa\/\"},\"wordCount\":326,\"image\":{\"@id\":\"https:\/\/portaltela.pt\/noticias\/2026\/03\/11\/organizacao-defende-reconhecimento-clinico-e-institucional-da-covid-longa\/#primaryimage\"},\"thumbnailUrl\":\"https:\/\/portaltela.pt\/s.01k8rhncp4jt1\/2026\/03\/img_1500x1000uu2025-02-13-22-44-36-2193228.jpg\",\"keywords\":[\"consciencializa\u00e7\u00e3o\",\"Doen\u00e7as infecciosas e parasit\u00e1rias\",\"epidemiologia\",\"pneumologia\",\"sa\u00fade\",\"sa\u00fade p\u00fablica\"],\"articleSection\":[\"Sa\u00fade\"],\"inLanguage\":\"pt-PT\"},{\"@type\":\"WebPage\",\"@id\":\"https:\/\/portaltela.pt\/noticias\/2026\/03\/11\/organizacao-defende-reconhecimento-clinico-e-institucional-da-covid-longa\/\",\"url\":\"https:\/\/portaltela.pt\/noticias\/2026\/03\/11\/organizacao-defende-reconhecimento-clinico-e-institucional-da-covid-longa\/\",\"name\":\"Organiza\u00e7\u00e3o defende reconhecimento cl\u00ednico e institucional da covid longa - Portal Tela Portugal\",\"isPartOf\":{\"@id\":\"https:\/\/portaltela.pt\/#website\"},\"primaryImageOfPage\":{\"@id\":\"https:\/\/portaltela.pt\/noticias\/2026\/03\/11\/organizacao-defende-reconhecimento-clinico-e-institucional-da-covid-longa\/#primaryimage\"},\"image\":{\"@id\":\"https:\/\/portaltela.pt\/noticias\/2026\/03\/11\/organizacao-defende-reconhecimento-clinico-e-institucional-da-covid-longa\/#primaryimage\"},\"thumbnailUrl\":\"https:\/\/portaltela.pt\/s.01k8rhncp4jt1\/2026\/03\/img_1500x1000uu2025-02-13-22-44-36-2193228.jpg\",\"datePublished\":\"2026-03-11T14:37:08+00:00\",\"author\":{\"@id\":\"https:\/\/portaltela.pt\/#\/schema\/person\/c4278d4a6028830caff9ee44b42d32ed\"},\"breadcrumb\":{\"@id\":\"https:\/\/portaltela.pt\/noticias\/2026\/03\/11\/organizacao-defende-reconhecimento-clinico-e-institucional-da-covid-longa\/#breadcrumb\"},\"inLanguage\":\"pt-PT\",\"potentialAction\":[{\"@type\":\"ReadAction\",\"target\":[\"https:\/\/portaltela.pt\/noticias\/2026\/03\/11\/organizacao-defende-reconhecimento-clinico-e-institucional-da-covid-longa\/\"]}]},{\"@type\":\"ImageObject\",\"inLanguage\":\"pt-PT\",\"@id\":\"https:\/\/portaltela.pt\/noticias\/2026\/03\/11\/organizacao-defende-reconhecimento-clinico-e-institucional-da-covid-longa\/#primaryimage\",\"url\":\"https:\/\/portaltela.pt\/s.01k8rhncp4jt1\/2026\/03\/img_1500x1000uu2025-02-13-22-44-36-2193228.jpg\",\"contentUrl\":\"https:\/\/portaltela.pt\/s.01k8rhncp4jt1\/2026\/03\/img_1500x1000uu2025-02-13-22-44-36-2193228.jpg\",\"width\":796,\"height\":448,\"caption\":\"Coronav\u00edrus SARS-CoV-2 visto ao microsc\u00f3pio\"},{\"@type\":\"BreadcrumbList\",\"@id\":\"https:\/\/portaltela.pt\/noticias\/2026\/03\/11\/organizacao-defende-reconhecimento-clinico-e-institucional-da-covid-longa\/#breadcrumb\",\"itemListElement\":[{\"@type\":\"ListItem\",\"position\":1,\"name\":\"In\u00edcio\",\"item\":\"https:\/\/portaltela.pt\/\"},{\"@type\":\"ListItem\",\"position\":2,\"name\":\"Organiza\u00e7\u00e3o defende reconhecimento cl\u00ednico e institucional da covid longa\"}]},{\"@type\":\"WebSite\",\"@id\":\"https:\/\/portaltela.pt\/#website\",\"url\":\"https:\/\/portaltela.pt\/\",\"name\":\"Portal Tela Portugal\",\"description\":\"\",\"potentialAction\":[{\"@type\":\"SearchAction\",\"target\":{\"@type\":\"EntryPoint\",\"urlTemplate\":\"https:\/\/portaltela.pt\/?s={search_term_string}\"},\"query-input\":{\"@type\":\"PropertyValueSpecification\",\"valueRequired\":true,\"valueName\":\"search_term_string\"}}],\"inLanguage\":\"pt-PT\"},{\"@type\":\"Person\",\"@id\":\"https:\/\/portaltela.pt\/#\/schema\/person\/c4278d4a6028830caff9ee44b42d32ed\",\"name\":\"Telinha\",\"image\":{\"@type\":\"ImageObject\",\"inLanguage\":\"pt-PT\",\"@id\":\"https:\/\/portaltela.pt\/s.01k8rhncp4jt1\/2025\/11\/talking-bot-125x125.png\",\"url\":\"https:\/\/portaltela.pt\/s.01k8rhncp4jt1\/2025\/11\/talking-bot-125x125.png\",\"contentUrl\":\"https:\/\/portaltela.pt\/s.01k8rhncp4jt1\/2025\/11\/talking-bot-125x125.png\",\"caption\":\"Telinha\"},\"sameAs\":[\"https:\/\/portaltela.pt\/\"],\"url\":\"https:\/\/portaltela.pt\/por\/367410592786\/\"}]}<\/script>\n<!-- \/ Yoast SEO plugin. -->","yoast_head_json":{"title":"Organiza\u00e7\u00e3o defende reconhecimento cl\u00ednico e institucional da covid longa - Portal Tela Portugal","robots":{"index":"index","follow":"follow","max-snippet":"max-snippet:-1","max-image-preview":"max-image-preview:large","max-video-preview":"max-video-preview:-1"},"og_locale":"pt_PT","og_type":"article","og_title":"Organiza\u00e7\u00e3o defende reconhecimento cl\u00ednico e institucional da covid longa - Portal Tela Portugal","og_description":"A organiza\u00e7\u00e3o Alian\u00e7a Millions Missing pediu, em Portugal, o reconhecimento cl\u00ednico e institucional da covid longa, qualificando-a como \"s\u00edndrome p\u00f3s-infeciosa\". A AMM afirma que a Covid Longa continua invis\u00edvel, subdiagnosticada e sem resposta estruturada no pa\u00eds, destacando a falta de dados epidemiol\u00f3gicos, centros de refer\u00eancia e forma\u00e7\u00e3o cl\u00ednica. A Sociedade Portuguesa de Pneumologia aponta que ainda n\u00e3o existe defini\u00e7\u00e3o consensual; a Organiza\u00e7\u00e3o Mundial da Sa\u00fade indica que a condi\u00e7\u00e3o ocorre nos primeiros tr\u00eas meses ap\u00f3s infe\u00e7\u00e3o e persiste por pelo menos dois meses. O pneumologista Jo\u00e3o Carlos Winck, do Conselho Cient\u00edfico da AMM, afirma que a Covid Longa faz parte das s\u00edndromes PAIS (como EM\/SFC), com fadiga extrema, mal-estar p\u00f3s-esfor\u00e7o, disfun\u00e7\u00e3o cognitiva e dor. A AMM alerta para as consequ\u00eancias da invisibilidade da doen\u00e7a, como perda de autonomia e dificuldades laborais, pedindo respostas estruturadas no sistema de sa\u00fade; estima-se que mais de quatrocentos milh\u00f5es de pessoas vivam com Covid Longa e que mais da metade permane\u00e7a sintom\u00e1tica um ano ap\u00f3s a infe\u00e7\u00e3o.","og_url":"https:\/\/portaltela.pt\/noticias\/2026\/03\/11\/organizacao-defende-reconhecimento-clinico-e-institucional-da-covid-longa\/","og_site_name":"Portal Tela Portugal","article_published_time":"2026-03-11T14:37:08+00:00","author":"Telinha","twitter_card":"summary_large_image","twitter_misc":{"Escrito por":"Telinha","Tempo estimado de leitura":"2 minutos"},"schema":{"@context":"https:\/\/schema.org","@graph":[{"@type":"Article","@id":"https:\/\/portaltela.pt\/noticias\/2026\/03\/11\/organizacao-defende-reconhecimento-clinico-e-institucional-da-covid-longa\/#article","isPartOf":{"@id":"https:\/\/portaltela.pt\/noticias\/2026\/03\/11\/organizacao-defende-reconhecimento-clinico-e-institucional-da-covid-longa\/"},"author":{"name":"Telinha","@id":"https:\/\/portaltela.pt\/#\/schema\/person\/c4278d4a6028830caff9ee44b42d32ed"},"headline":"Organiza\u00e7\u00e3o defende reconhecimento cl\u00ednico e institucional da covid longa","datePublished":"2026-03-11T14:37:08+00:00","mainEntityOfPage":{"@id":"https:\/\/portaltela.pt\/noticias\/2026\/03\/11\/organizacao-defende-reconhecimento-clinico-e-institucional-da-covid-longa\/"},"wordCount":326,"image":{"@id":"https:\/\/portaltela.pt\/noticias\/2026\/03\/11\/organizacao-defende-reconhecimento-clinico-e-institucional-da-covid-longa\/#primaryimage"},"thumbnailUrl":"https:\/\/portaltela.pt\/s.01k8rhncp4jt1\/2026\/03\/img_1500x1000uu2025-02-13-22-44-36-2193228.jpg","keywords":["consciencializa\u00e7\u00e3o","Doen\u00e7as infecciosas e parasit\u00e1rias","epidemiologia","pneumologia","sa\u00fade","sa\u00fade p\u00fablica"],"articleSection":["Sa\u00fade"],"inLanguage":"pt-PT"},{"@type":"WebPage","@id":"https:\/\/portaltela.pt\/noticias\/2026\/03\/11\/organizacao-defende-reconhecimento-clinico-e-institucional-da-covid-longa\/","url":"https:\/\/portaltela.pt\/noticias\/2026\/03\/11\/organizacao-defende-reconhecimento-clinico-e-institucional-da-covid-longa\/","name":"Organiza\u00e7\u00e3o defende reconhecimento cl\u00ednico e institucional da covid longa - Portal Tela Portugal","isPartOf":{"@id":"https:\/\/portaltela.pt\/#website"},"primaryImageOfPage":{"@id":"https:\/\/portaltela.pt\/noticias\/2026\/03\/11\/organizacao-defende-reconhecimento-clinico-e-institucional-da-covid-longa\/#primaryimage"},"image":{"@id":"https:\/\/portaltela.pt\/noticias\/2026\/03\/11\/organizacao-defende-reconhecimento-clinico-e-institucional-da-covid-longa\/#primaryimage"},"thumbnailUrl":"https:\/\/portaltela.pt\/s.01k8rhncp4jt1\/2026\/03\/img_1500x1000uu2025-02-13-22-44-36-2193228.jpg","datePublished":"2026-03-11T14:37:08+00:00","author":{"@id":"https:\/\/portaltela.pt\/#\/schema\/person\/c4278d4a6028830caff9ee44b42d32ed"},"breadcrumb":{"@id":"https:\/\/portaltela.pt\/noticias\/2026\/03\/11\/organizacao-defende-reconhecimento-clinico-e-institucional-da-covid-longa\/#breadcrumb"},"inLanguage":"pt-PT","potentialAction":[{"@type":"ReadAction","target":["https:\/\/portaltela.pt\/noticias\/2026\/03\/11\/organizacao-defende-reconhecimento-clinico-e-institucional-da-covid-longa\/"]}]},{"@type":"ImageObject","inLanguage":"pt-PT","@id":"https:\/\/portaltela.pt\/noticias\/2026\/03\/11\/organizacao-defende-reconhecimento-clinico-e-institucional-da-covid-longa\/#primaryimage","url":"https:\/\/portaltela.pt\/s.01k8rhncp4jt1\/2026\/03\/img_1500x1000uu2025-02-13-22-44-36-2193228.jpg","contentUrl":"https:\/\/portaltela.pt\/s.01k8rhncp4jt1\/2026\/03\/img_1500x1000uu2025-02-13-22-44-36-2193228.jpg","width":796,"height":448,"caption":"Coronav\u00edrus SARS-CoV-2 visto ao microsc\u00f3pio"},{"@type":"BreadcrumbList","@id":"https:\/\/portaltela.pt\/noticias\/2026\/03\/11\/organizacao-defende-reconhecimento-clinico-e-institucional-da-covid-longa\/#breadcrumb","itemListElement":[{"@type":"ListItem","position":1,"name":"In\u00edcio","item":"https:\/\/portaltela.pt\/"},{"@type":"ListItem","position":2,"name":"Organiza\u00e7\u00e3o defende reconhecimento cl\u00ednico e institucional da covid longa"}]},{"@type":"WebSite","@id":"https:\/\/portaltela.pt\/#website","url":"https:\/\/portaltela.pt\/","name":"Portal Tela Portugal","description":"","potentialAction":[{"@type":"SearchAction","target":{"@type":"EntryPoint","urlTemplate":"https:\/\/portaltela.pt\/?s={search_term_string}"},"query-input":{"@type":"PropertyValueSpecification","valueRequired":true,"valueName":"search_term_string"}}],"inLanguage":"pt-PT"},{"@type":"Person","@id":"https:\/\/portaltela.pt\/#\/schema\/person\/c4278d4a6028830caff9ee44b42d32ed","name":"Telinha","image":{"@type":"ImageObject","inLanguage":"pt-PT","@id":"https:\/\/portaltela.pt\/s.01k8rhncp4jt1\/2025\/11\/talking-bot-125x125.png","url":"https:\/\/portaltela.pt\/s.01k8rhncp4jt1\/2025\/11\/talking-bot-125x125.png","contentUrl":"https:\/\/portaltela.pt\/s.01k8rhncp4jt1\/2025\/11\/talking-bot-125x125.png","caption":"Telinha"},"sameAs":["https:\/\/portaltela.pt\/"],"url":"https:\/\/portaltela.pt\/por\/367410592786\/"}]}},"_links":{"self":[{"href":"https:\/\/portaltela.pt\/api\/wp\/v2\/posts\/406087","targetHints":{"allow":["GET"]}}],"collection":[{"href":"https:\/\/portaltela.pt\/api\/wp\/v2\/posts"}],"about":[{"href":"https:\/\/portaltela.pt\/api\/wp\/v2\/types\/post"}],"author":[{"embeddable":true,"href":"https:\/\/portaltela.pt\/api\/wp\/v2\/users\/2"}],"replies":[{"embeddable":true,"href":"https:\/\/portaltela.pt\/api\/wp\/v2\/comments?post=406087"}],"version-history":[{"count":0,"href":"https:\/\/portaltela.pt\/api\/wp\/v2\/posts\/406087\/revisions"}],"wp:featuredmedia":[{"embeddable":true,"href":"https:\/\/portaltela.pt\/api\/wp\/v2\/media\/406091"}],"wp:attachment":[{"href":"https:\/\/portaltela.pt\/api\/wp\/v2\/media?parent=406087"}],"wp:term":[{"taxonomy":"category","embeddable":true,"href":"https:\/\/portaltela.pt\/api\/wp\/v2\/categories?post=406087"},{"taxonomy":"post_tag","embeddable":true,"href":"https:\/\/portaltela.pt\/api\/wp\/v2\/tags?post=406087"}],"curies":[{"name":"wp","href":"https:\/\/api.w.org\/{rel}","templated":true}]}}