{"id":406076,"date":"2026-03-11T11:30:00","date_gmt":"2026-03-11T14:30:00","guid":{"rendered":"https:\/\/portaltela.pt\/noticias\/2026\/03\/11\/campanha-em-portugal-para-apoiar-885-mil-deslocados\/"},"modified":"2026-03-11T11:30:00","modified_gmt":"2026-03-11T14:30:00","slug":"campanha-em-portugal-para-apoiar-885-mil-deslocados","status":"publish","type":"post","link":"https:\/\/portaltela.pt\/noticias\/internacional\/2026\/03\/11\/campanha-em-portugal-para-apoiar-885-mil-deslocados\/","title":{"rendered":"Campanha em Portugal para apoiar 885 mil deslocados"},"content":{"rendered":"<p>A Funda\u00e7\u00e3o Portugal com ACNUR lan\u00e7ou uma campanha de angaria\u00e7\u00e3o de fundos para responder \u00e0 crise humanit\u00e1ria decorrente da guerra no M\u00e9dio Oriente, onde j\u00e1 se registam 885 mil deslocados desde o in\u00edcio do conflito, em 28 de fevereiro. A iniciativa surge em parceria com o ACNUR, ag\u00eancia da ONU para refugiados.<\/p>\n<p>Soraya Ventura, diretora da Funda\u00e7\u00e3o, explica que o n\u00famero de pessoas que precisam de ajuda continua a aumentar. Ao mesmo tempo, sublinha que o apoio humanit\u00e1rio tem de chegar em seguran\u00e7a a quem foge da viol\u00eancia, com foco em itens b\u00e1sicos e prote\u00e7\u00e3o.<\/p>\n<p>A a\u00e7\u00e3o envolve donativos atrav\u00e9s da p\u00e1gina da Funda\u00e7\u00e3o, assegura a respons\u00e1vel. O apoio financeiro pode traduzir-se em mantas, esteiras, kits de higiene, artigos essenciais, bem como orienta\u00e7\u00e3o e prote\u00e7\u00e3o para equipas no terreno do ACNUR.<\/p>\n<p>Ventura apela aos portugueses para que reflitam sobre o que levariam se tivessem de evacuar as suas casas, destacando que por tr\u00e1s de cada n\u00famero h\u00e1 pessoas com hist\u00f3rias, fam\u00edlias e vidas em risco.<\/p>\n<p>Antes do conflito, quase 25 milh\u00f5es de pessoas j\u00e1 eram deslocadas ou ap\u00e1tridas no M\u00e9dio Oriente e Norte de \u00c1frica, segundo a institui\u00e7\u00e3o. O ACNUR manifesta preocupa\u00e7\u00e3o com a intensifica\u00e7\u00e3o do confronto e defende desescalada, respeito pelo direito humanit\u00e1rio e acesso sem restri\u00e7\u00f5es a ajuda.<\/p>\n<p>Entre os pa\u00edses mais atingidos, o Ir\u00e3o acolhe cerca de 1,65 milh\u00f5es de pessoas refugiadas e necessitadas de prote\u00e7\u00e3o, a maior parte de origem afeg\u00e3 e iraquiana. No L\u00edbano, cerca de 120 mil pessoas est\u00e3o em 570 abrigos coletivos, com muitos j\u00e1 no limite da capacidade.<\/p>\n<p>Mais de 78 mil s\u00edrios que estavam no L\u00edbano regressaram \u00e0 S\u00edria, enquanto oito mil libaneses fugiram para a S\u00edria. As popula\u00e7\u00f5es enfrentam incerteza sobre o futuro, perda de meios de subsist\u00eancia, quest\u00f5es de documenta\u00e7\u00e3o e necessidade de transporte e abrigo.<\/p>\n<p>Por fim, o ACNUR observa que a ofensiva, iniciada a 28 de fevereiro, envolve ataques contra institui\u00e7\u00f5es norte\u2011americanas e alvos israelitas, num contexto de escalada que j\u00e1 atingiu regi\u00f5es vizinhas, incluindo o L\u00edbano desde 2 de mar\u00e7o.<\/p>\n","protected":false},"excerpt":{"rendered":"<ul>\n<li>A Funda\u00e7\u00e3o Portugal com ACNUR lan\u00e7ou uma campanha de angaria\u00e7\u00e3o de fundos para responder \u00e0 crise humanit\u00e1ria no M\u00e9dio Oriente, com 885 mil deslocados at\u00e9 hoje.<\/li>\n<li>Os pa\u00edses mais afetados s\u00e3o Ir\u00e3o, L\u00edbano, S\u00edria, Turquia, Afeganist\u00e3o e Iraque, segundo Soraya Ventura, diretora da Funda\u00e7\u00e3o Portugal com ACNUR.<\/li>\n<li>A ajuda distribu\u00edda inclui mantas, esteiras, kits de higiene e artigos essenciais, bem como orienta\u00e7\u00e3o e prote\u00e7\u00e3o para quem trabalha com o ACNUR no terreno.<\/li>\n<li>Ventura frisou que \u201cningu\u00e9m quer ser refugiado\u201d e apelou aos portugueses para pensarem no que levariam numa evacua\u00e7\u00e3o, destacando a dignidade das pessoas afetadas.<\/li>\n<li>O ACNUR faz um apelo \u00e0 desescalada do conflito, ao respeito pelo direito humanit\u00e1rio e ao acesso humanit\u00e1rio sem restri\u00e7\u00f5es; no Ir\u00e3o h\u00e1 1,65 milh\u00f5es de refugiados e pessoas em necessidade, no L\u00edbano cerca de 120 mil em 570 abrigos.<\/li>\n<\/ul>\n","protected":false},"author":2,"featured_media":406081,"comment_status":"closed","ping_status":"closed","sticky":false,"template":"","format":"standard","meta":{"footnotes":""},"categories":[4,1],"tags":[4019,5747,2792,62,5123,3786],"class_list":["post-406076","post","type-post","status-publish","format-standard","has-post-thumbnail","hentry","category-internacional","category-noticias","tag-acnur","tag-ajuda-humanitaria","tag-conflito-internacional","tag-guerra","tag-onu","tag-refugiados-internos"],"yoast_head":"<!-- This site is optimized with the Yoast SEO plugin v27.2 - https:\/\/yoast.com\/product\/yoast-seo-wordpress\/ -->\n<title>Campanha em Portugal para apoiar 885 mil deslocados - Portal Tela Portugal<\/title>\n<meta name=\"robots\" content=\"index, follow, max-snippet:-1, max-image-preview:large, max-video-preview:-1\" \/>\n<meta property=\"og:locale\" content=\"pt_PT\" \/>\n<meta property=\"og:type\" content=\"article\" \/>\n<meta property=\"og:title\" content=\"Campanha em Portugal para apoiar 885 mil deslocados - Portal Tela Portugal\" \/>\n<meta property=\"og:description\" content=\"A Funda\u00e7\u00e3o Portugal com ACNUR lan\u00e7ou uma campanha de angaria\u00e7\u00e3o de fundos para responder \u00e0 crise humanit\u00e1ria no M\u00e9dio Oriente, com 885 mil deslocados at\u00e9 hoje. Os pa\u00edses mais afetados s\u00e3o Ir\u00e3o, L\u00edbano, S\u00edria, Turquia, Afeganist\u00e3o e Iraque, segundo Soraya Ventura, diretora da Funda\u00e7\u00e3o Portugal com ACNUR. A ajuda distribu\u00edda inclui mantas, esteiras, kits de higiene e artigos essenciais, bem como orienta\u00e7\u00e3o e prote\u00e7\u00e3o para quem trabalha com o ACNUR no terreno. Ventura frisou que \u201cningu\u00e9m quer ser refugiado\u201d e apelou aos portugueses para pensarem no que levariam numa evacua\u00e7\u00e3o, destacando a dignidade das pessoas afetadas. O ACNUR faz um apelo \u00e0 desescalada do conflito, ao respeito pelo direito humanit\u00e1rio e ao acesso humanit\u00e1rio sem restri\u00e7\u00f5es; no Ir\u00e3o h\u00e1 1,65 milh\u00f5es de refugiados e pessoas em necessidade, no L\u00edbano cerca de 120 mil em 570 abrigos.\" \/>\n<meta property=\"og:url\" content=\"https:\/\/portaltela.pt\/noticias\/2026\/03\/11\/campanha-em-portugal-para-apoiar-885-mil-deslocados\/\" \/>\n<meta property=\"og:site_name\" content=\"Portal Tela Portugal\" \/>\n<meta property=\"article:published_time\" content=\"2026-03-11T14:30:00+00:00\" \/>\n<meta name=\"author\" content=\"Telinha\" \/>\n<meta name=\"twitter:card\" content=\"summary_large_image\" \/>\n<meta name=\"twitter:label1\" content=\"Escrito por\" \/>\n\t<meta name=\"twitter:data1\" content=\"Telinha\" \/>\n\t<meta name=\"twitter:label2\" content=\"Tempo estimado de leitura\" \/>\n\t<meta name=\"twitter:data2\" content=\"2 minutos\" \/>\n<script type=\"application\/ld+json\" class=\"yoast-schema-graph\">{\"@context\":\"https:\/\/schema.org\",\"@graph\":[{\"@type\":\"Article\",\"@id\":\"https:\/\/portaltela.pt\/noticias\/2026\/03\/11\/campanha-em-portugal-para-apoiar-885-mil-deslocados\/#article\",\"isPartOf\":{\"@id\":\"https:\/\/portaltela.pt\/noticias\/2026\/03\/11\/campanha-em-portugal-para-apoiar-885-mil-deslocados\/\"},\"author\":{\"name\":\"Telinha\",\"@id\":\"https:\/\/portaltela.pt\/#\/schema\/person\/c4278d4a6028830caff9ee44b42d32ed\"},\"headline\":\"Campanha em Portugal para apoiar 885 mil deslocados\",\"datePublished\":\"2026-03-11T14:30:00+00:00\",\"mainEntityOfPage\":{\"@id\":\"https:\/\/portaltela.pt\/noticias\/2026\/03\/11\/campanha-em-portugal-para-apoiar-885-mil-deslocados\/\"},\"wordCount\":382,\"image\":{\"@id\":\"https:\/\/portaltela.pt\/noticias\/2026\/03\/11\/campanha-em-portugal-para-apoiar-885-mil-deslocados\/#primaryimage\"},\"thumbnailUrl\":\"https:\/\/portaltela.pt\/s.01k8rhncp4jt1\/2026\/03\/image-716.jpg\",\"keywords\":[\"ACNUR\",\"ajuda humanit\u00e1ria\",\"conflito internacional\",\"guerra\",\"ONU\",\"refugiados internos\"],\"articleSection\":[\"Internacional\",\"Not\u00edcias\"],\"inLanguage\":\"pt-PT\"},{\"@type\":\"WebPage\",\"@id\":\"https:\/\/portaltela.pt\/noticias\/2026\/03\/11\/campanha-em-portugal-para-apoiar-885-mil-deslocados\/\",\"url\":\"https:\/\/portaltela.pt\/noticias\/2026\/03\/11\/campanha-em-portugal-para-apoiar-885-mil-deslocados\/\",\"name\":\"Campanha em Portugal para apoiar 885 mil deslocados - Portal Tela Portugal\",\"isPartOf\":{\"@id\":\"https:\/\/portaltela.pt\/#website\"},\"primaryImageOfPage\":{\"@id\":\"https:\/\/portaltela.pt\/noticias\/2026\/03\/11\/campanha-em-portugal-para-apoiar-885-mil-deslocados\/#primaryimage\"},\"image\":{\"@id\":\"https:\/\/portaltela.pt\/noticias\/2026\/03\/11\/campanha-em-portugal-para-apoiar-885-mil-deslocados\/#primaryimage\"},\"thumbnailUrl\":\"https:\/\/portaltela.pt\/s.01k8rhncp4jt1\/2026\/03\/image-716.jpg\",\"datePublished\":\"2026-03-11T14:30:00+00:00\",\"author\":{\"@id\":\"https:\/\/portaltela.pt\/#\/schema\/person\/c4278d4a6028830caff9ee44b42d32ed\"},\"breadcrumb\":{\"@id\":\"https:\/\/portaltela.pt\/noticias\/2026\/03\/11\/campanha-em-portugal-para-apoiar-885-mil-deslocados\/#breadcrumb\"},\"inLanguage\":\"pt-PT\",\"potentialAction\":[{\"@type\":\"ReadAction\",\"target\":[\"https:\/\/portaltela.pt\/noticias\/2026\/03\/11\/campanha-em-portugal-para-apoiar-885-mil-deslocados\/\"]}]},{\"@type\":\"ImageObject\",\"inLanguage\":\"pt-PT\",\"@id\":\"https:\/\/portaltela.pt\/noticias\/2026\/03\/11\/campanha-em-portugal-para-apoiar-885-mil-deslocados\/#primaryimage\",\"url\":\"https:\/\/portaltela.pt\/s.01k8rhncp4jt1\/2026\/03\/image-716.jpg\",\"contentUrl\":\"https:\/\/portaltela.pt\/s.01k8rhncp4jt1\/2026\/03\/image-716.jpg\",\"width\":796,\"height\":448,\"caption\":\"885 mil deslocados desde o in\u00edcio da ofensiva, em 28 de fevereiro\"},{\"@type\":\"BreadcrumbList\",\"@id\":\"https:\/\/portaltela.pt\/noticias\/2026\/03\/11\/campanha-em-portugal-para-apoiar-885-mil-deslocados\/#breadcrumb\",\"itemListElement\":[{\"@type\":\"ListItem\",\"position\":1,\"name\":\"In\u00edcio\",\"item\":\"https:\/\/portaltela.pt\/\"},{\"@type\":\"ListItem\",\"position\":2,\"name\":\"Campanha em Portugal para apoiar 885 mil deslocados\"}]},{\"@type\":\"WebSite\",\"@id\":\"https:\/\/portaltela.pt\/#website\",\"url\":\"https:\/\/portaltela.pt\/\",\"name\":\"Portal Tela Portugal\",\"description\":\"\",\"potentialAction\":[{\"@type\":\"SearchAction\",\"target\":{\"@type\":\"EntryPoint\",\"urlTemplate\":\"https:\/\/portaltela.pt\/?s={search_term_string}\"},\"query-input\":{\"@type\":\"PropertyValueSpecification\",\"valueRequired\":true,\"valueName\":\"search_term_string\"}}],\"inLanguage\":\"pt-PT\"},{\"@type\":\"Person\",\"@id\":\"https:\/\/portaltela.pt\/#\/schema\/person\/c4278d4a6028830caff9ee44b42d32ed\",\"name\":\"Telinha\",\"image\":{\"@type\":\"ImageObject\",\"inLanguage\":\"pt-PT\",\"@id\":\"https:\/\/portaltela.pt\/s.01k8rhncp4jt1\/2025\/11\/talking-bot-125x125.png\",\"url\":\"https:\/\/portaltela.pt\/s.01k8rhncp4jt1\/2025\/11\/talking-bot-125x125.png\",\"contentUrl\":\"https:\/\/portaltela.pt\/s.01k8rhncp4jt1\/2025\/11\/talking-bot-125x125.png\",\"caption\":\"Telinha\"},\"sameAs\":[\"https:\/\/portaltela.pt\/\"],\"url\":\"https:\/\/portaltela.pt\/por\/367410592786\/\"}]}<\/script>\n<!-- \/ Yoast SEO plugin. -->","yoast_head_json":{"title":"Campanha em Portugal para apoiar 885 mil deslocados - Portal Tela Portugal","robots":{"index":"index","follow":"follow","max-snippet":"max-snippet:-1","max-image-preview":"max-image-preview:large","max-video-preview":"max-video-preview:-1"},"og_locale":"pt_PT","og_type":"article","og_title":"Campanha em Portugal para apoiar 885 mil deslocados - Portal Tela Portugal","og_description":"A Funda\u00e7\u00e3o Portugal com ACNUR lan\u00e7ou uma campanha de angaria\u00e7\u00e3o de fundos para responder \u00e0 crise humanit\u00e1ria no M\u00e9dio Oriente, com 885 mil deslocados at\u00e9 hoje. Os pa\u00edses mais afetados s\u00e3o Ir\u00e3o, L\u00edbano, S\u00edria, Turquia, Afeganist\u00e3o e Iraque, segundo Soraya Ventura, diretora da Funda\u00e7\u00e3o Portugal com ACNUR. A ajuda distribu\u00edda inclui mantas, esteiras, kits de higiene e artigos essenciais, bem como orienta\u00e7\u00e3o e prote\u00e7\u00e3o para quem trabalha com o ACNUR no terreno. Ventura frisou que \u201cningu\u00e9m quer ser refugiado\u201d e apelou aos portugueses para pensarem no que levariam numa evacua\u00e7\u00e3o, destacando a dignidade das pessoas afetadas. O ACNUR faz um apelo \u00e0 desescalada do conflito, ao respeito pelo direito humanit\u00e1rio e ao acesso humanit\u00e1rio sem restri\u00e7\u00f5es; no Ir\u00e3o h\u00e1 1,65 milh\u00f5es de refugiados e pessoas em necessidade, no L\u00edbano cerca de 120 mil em 570 abrigos.","og_url":"https:\/\/portaltela.pt\/noticias\/2026\/03\/11\/campanha-em-portugal-para-apoiar-885-mil-deslocados\/","og_site_name":"Portal Tela Portugal","article_published_time":"2026-03-11T14:30:00+00:00","author":"Telinha","twitter_card":"summary_large_image","twitter_misc":{"Escrito por":"Telinha","Tempo estimado de leitura":"2 minutos"},"schema":{"@context":"https:\/\/schema.org","@graph":[{"@type":"Article","@id":"https:\/\/portaltela.pt\/noticias\/2026\/03\/11\/campanha-em-portugal-para-apoiar-885-mil-deslocados\/#article","isPartOf":{"@id":"https:\/\/portaltela.pt\/noticias\/2026\/03\/11\/campanha-em-portugal-para-apoiar-885-mil-deslocados\/"},"author":{"name":"Telinha","@id":"https:\/\/portaltela.pt\/#\/schema\/person\/c4278d4a6028830caff9ee44b42d32ed"},"headline":"Campanha em Portugal para apoiar 885 mil deslocados","datePublished":"2026-03-11T14:30:00+00:00","mainEntityOfPage":{"@id":"https:\/\/portaltela.pt\/noticias\/2026\/03\/11\/campanha-em-portugal-para-apoiar-885-mil-deslocados\/"},"wordCount":382,"image":{"@id":"https:\/\/portaltela.pt\/noticias\/2026\/03\/11\/campanha-em-portugal-para-apoiar-885-mil-deslocados\/#primaryimage"},"thumbnailUrl":"https:\/\/portaltela.pt\/s.01k8rhncp4jt1\/2026\/03\/image-716.jpg","keywords":["ACNUR","ajuda humanit\u00e1ria","conflito internacional","guerra","ONU","refugiados internos"],"articleSection":["Internacional","Not\u00edcias"],"inLanguage":"pt-PT"},{"@type":"WebPage","@id":"https:\/\/portaltela.pt\/noticias\/2026\/03\/11\/campanha-em-portugal-para-apoiar-885-mil-deslocados\/","url":"https:\/\/portaltela.pt\/noticias\/2026\/03\/11\/campanha-em-portugal-para-apoiar-885-mil-deslocados\/","name":"Campanha em Portugal para apoiar 885 mil deslocados - Portal Tela Portugal","isPartOf":{"@id":"https:\/\/portaltela.pt\/#website"},"primaryImageOfPage":{"@id":"https:\/\/portaltela.pt\/noticias\/2026\/03\/11\/campanha-em-portugal-para-apoiar-885-mil-deslocados\/#primaryimage"},"image":{"@id":"https:\/\/portaltela.pt\/noticias\/2026\/03\/11\/campanha-em-portugal-para-apoiar-885-mil-deslocados\/#primaryimage"},"thumbnailUrl":"https:\/\/portaltela.pt\/s.01k8rhncp4jt1\/2026\/03\/image-716.jpg","datePublished":"2026-03-11T14:30:00+00:00","author":{"@id":"https:\/\/portaltela.pt\/#\/schema\/person\/c4278d4a6028830caff9ee44b42d32ed"},"breadcrumb":{"@id":"https:\/\/portaltela.pt\/noticias\/2026\/03\/11\/campanha-em-portugal-para-apoiar-885-mil-deslocados\/#breadcrumb"},"inLanguage":"pt-PT","potentialAction":[{"@type":"ReadAction","target":["https:\/\/portaltela.pt\/noticias\/2026\/03\/11\/campanha-em-portugal-para-apoiar-885-mil-deslocados\/"]}]},{"@type":"ImageObject","inLanguage":"pt-PT","@id":"https:\/\/portaltela.pt\/noticias\/2026\/03\/11\/campanha-em-portugal-para-apoiar-885-mil-deslocados\/#primaryimage","url":"https:\/\/portaltela.pt\/s.01k8rhncp4jt1\/2026\/03\/image-716.jpg","contentUrl":"https:\/\/portaltela.pt\/s.01k8rhncp4jt1\/2026\/03\/image-716.jpg","width":796,"height":448,"caption":"885 mil deslocados desde o in\u00edcio da ofensiva, em 28 de fevereiro"},{"@type":"BreadcrumbList","@id":"https:\/\/portaltela.pt\/noticias\/2026\/03\/11\/campanha-em-portugal-para-apoiar-885-mil-deslocados\/#breadcrumb","itemListElement":[{"@type":"ListItem","position":1,"name":"In\u00edcio","item":"https:\/\/portaltela.pt\/"},{"@type":"ListItem","position":2,"name":"Campanha em Portugal para apoiar 885 mil deslocados"}]},{"@type":"WebSite","@id":"https:\/\/portaltela.pt\/#website","url":"https:\/\/portaltela.pt\/","name":"Portal Tela Portugal","description":"","potentialAction":[{"@type":"SearchAction","target":{"@type":"EntryPoint","urlTemplate":"https:\/\/portaltela.pt\/?s={search_term_string}"},"query-input":{"@type":"PropertyValueSpecification","valueRequired":true,"valueName":"search_term_string"}}],"inLanguage":"pt-PT"},{"@type":"Person","@id":"https:\/\/portaltela.pt\/#\/schema\/person\/c4278d4a6028830caff9ee44b42d32ed","name":"Telinha","image":{"@type":"ImageObject","inLanguage":"pt-PT","@id":"https:\/\/portaltela.pt\/s.01k8rhncp4jt1\/2025\/11\/talking-bot-125x125.png","url":"https:\/\/portaltela.pt\/s.01k8rhncp4jt1\/2025\/11\/talking-bot-125x125.png","contentUrl":"https:\/\/portaltela.pt\/s.01k8rhncp4jt1\/2025\/11\/talking-bot-125x125.png","caption":"Telinha"},"sameAs":["https:\/\/portaltela.pt\/"],"url":"https:\/\/portaltela.pt\/por\/367410592786\/"}]}},"_links":{"self":[{"href":"https:\/\/portaltela.pt\/api\/wp\/v2\/posts\/406076","targetHints":{"allow":["GET"]}}],"collection":[{"href":"https:\/\/portaltela.pt\/api\/wp\/v2\/posts"}],"about":[{"href":"https:\/\/portaltela.pt\/api\/wp\/v2\/types\/post"}],"author":[{"embeddable":true,"href":"https:\/\/portaltela.pt\/api\/wp\/v2\/users\/2"}],"replies":[{"embeddable":true,"href":"https:\/\/portaltela.pt\/api\/wp\/v2\/comments?post=406076"}],"version-history":[{"count":0,"href":"https:\/\/portaltela.pt\/api\/wp\/v2\/posts\/406076\/revisions"}],"wp:featuredmedia":[{"embeddable":true,"href":"https:\/\/portaltela.pt\/api\/wp\/v2\/media\/406081"}],"wp:attachment":[{"href":"https:\/\/portaltela.pt\/api\/wp\/v2\/media?parent=406076"}],"wp:term":[{"taxonomy":"category","embeddable":true,"href":"https:\/\/portaltela.pt\/api\/wp\/v2\/categories?post=406076"},{"taxonomy":"post_tag","embeddable":true,"href":"https:\/\/portaltela.pt\/api\/wp\/v2\/tags?post=406076"}],"curies":[{"name":"wp","href":"https:\/\/api.w.org\/{rel}","templated":true}]}}