{"id":406067,"date":"2026-03-11T08:37:00","date_gmt":"2026-03-11T11:37:00","guid":{"rendered":"https:\/\/portaltela.pt\/noticias\/2026\/03\/11\/castro-almeida-admite-que-apoios-a-reconstrucao-nao-estao-a-correr-bem\/"},"modified":"2026-03-11T08:37:00","modified_gmt":"2026-03-11T11:37:00","slug":"castro-almeida-admite-que-apoios-a-reconstrucao-nao-estao-a-correr-bem","status":"publish","type":"post","link":"https:\/\/portaltela.pt\/sociedade\/2026\/03\/11\/castro-almeida-admite-que-apoios-a-reconstrucao-nao-estao-a-correr-bem\/","title":{"rendered":"Castro Almeida admite que apoios \u00e0 reconstru\u00e7\u00e3o n\u00e3o est\u00e3o a correr bem"},"content":{"rendered":"<p>Castro Almeida admite que o processo de apoios \u00e0 reconstru\u00e7\u00e3o n\u00e3o est\u00e1 a correr bem. A declara\u00e7\u00e3o foi publicada hoje, sem detalhar prazos ou solu\u00e7\u00f5es concretas.<\/p>\n<p>O conte\u00fado completo da not\u00edcia est\u00e1 dispon\u00edvel apenas para subscritores. Este resumo n\u00e3o apresenta informa\u00e7\u00f5es adicionais nem dados t\u00e9cnicos.<\/p>\n<p>Sem detalhes oficiais, n\u00e3o \u00e9 poss\u00edvel confirmar respons\u00e1veis ou consequ\u00eancias pol\u00edticas associadas ao impasse no processo de apoios \u00e0 reconstru\u00e7\u00e3o.<\/p>\n","protected":false},"excerpt":{"rendered":"<ul>\n<li>Castro Almeida admite que o processo de apoios \u00e0 reconstru\u00e7\u00e3o n\u00e3o est\u00e1 a correr bem.<\/li>\n<li>O conte\u00fado completo da not\u00edcia est\u00e1 dispon\u00edvel apenas para subscritores.<\/li>\n<li>N\u00e3o foram apresentados detalhes sobre as causas nem sobre eventuais medidas a tomar no \u00e2mbito deste processo.<\/li>\n<li>A not\u00edcia foca-se na avalia\u00e7\u00e3o negativa do andamento dos apoios \u00e0 reconstru\u00e7\u00e3o.<\/li>\n<\/ul>\n","protected":false},"author":2,"featured_media":406072,"comment_status":"closed","ping_status":"closed","sticky":false,"template":"","format":"standard","meta":{"footnotes":""},"categories":[1,6871],"tags":[6115,1738,2417,34,316,2832],"class_list":["post-406067","post","type-post","status-publish","format-standard","has-post-thumbnail","hentry","category-noticias","category-sociedade","tag-_economia","tag-apoio-institucional","tag-financiamento","tag-governo","tag-investimento","tag-politica"],"yoast_head":"<!-- This site is optimized with the Yoast SEO plugin v27.2 - https:\/\/yoast.com\/product\/yoast-seo-wordpress\/ -->\n<title>Castro Almeida admite que apoios \u00e0 reconstru\u00e7\u00e3o n\u00e3o est\u00e3o a correr bem - Portal Tela Portugal<\/title>\n<meta name=\"robots\" content=\"index, follow, max-snippet:-1, max-image-preview:large, max-video-preview:-1\" \/>\n<meta property=\"og:locale\" content=\"pt_PT\" \/>\n<meta property=\"og:type\" content=\"article\" \/>\n<meta property=\"og:title\" content=\"Castro Almeida admite que apoios \u00e0 reconstru\u00e7\u00e3o n\u00e3o est\u00e3o a correr bem - Portal Tela Portugal\" \/>\n<meta property=\"og:description\" content=\"Castro Almeida admite que o processo de apoios \u00e0 reconstru\u00e7\u00e3o n\u00e3o est\u00e1 a correr bem. O conte\u00fado completo da not\u00edcia est\u00e1 dispon\u00edvel apenas para subscritores. N\u00e3o foram apresentados detalhes sobre as causas nem sobre eventuais medidas a tomar no \u00e2mbito deste processo. A not\u00edcia foca-se na avalia\u00e7\u00e3o negativa do andamento dos apoios \u00e0 reconstru\u00e7\u00e3o.\" \/>\n<meta property=\"og:url\" content=\"https:\/\/portaltela.pt\/noticias\/2026\/03\/11\/castro-almeida-admite-que-apoios-a-reconstrucao-nao-estao-a-correr-bem\/\" \/>\n<meta property=\"og:site_name\" content=\"Portal Tela Portugal\" \/>\n<meta property=\"article:published_time\" content=\"2026-03-11T11:37:00+00:00\" \/>\n<meta name=\"author\" content=\"Telinha\" \/>\n<meta name=\"twitter:card\" content=\"summary_large_image\" \/>\n<meta name=\"twitter:label1\" content=\"Escrito por\" \/>\n\t<meta name=\"twitter:data1\" content=\"Telinha\" \/>\n<script type=\"application\/ld+json\" class=\"yoast-schema-graph\">{\"@context\":\"https:\/\/schema.org\",\"@graph\":[{\"@type\":\"Article\",\"@id\":\"https:\/\/portaltela.pt\/noticias\/2026\/03\/11\/castro-almeida-admite-que-apoios-a-reconstrucao-nao-estao-a-correr-bem\/#article\",\"isPartOf\":{\"@id\":\"https:\/\/portaltela.pt\/noticias\/2026\/03\/11\/castro-almeida-admite-que-apoios-a-reconstrucao-nao-estao-a-correr-bem\/\"},\"author\":{\"name\":\"Telinha\",\"@id\":\"https:\/\/portaltela.pt\/#\/schema\/person\/c4278d4a6028830caff9ee44b42d32ed\"},\"headline\":\"Castro Almeida admite que apoios \u00e0 reconstru\u00e7\u00e3o n\u00e3o est\u00e3o a correr bem\",\"datePublished\":\"2026-03-11T11:37:00+00:00\",\"mainEntityOfPage\":{\"@id\":\"https:\/\/portaltela.pt\/noticias\/2026\/03\/11\/castro-almeida-admite-que-apoios-a-reconstrucao-nao-estao-a-correr-bem\/\"},\"wordCount\":92,\"image\":{\"@id\":\"https:\/\/portaltela.pt\/noticias\/2026\/03\/11\/castro-almeida-admite-que-apoios-a-reconstrucao-nao-estao-a-correr-bem\/#primaryimage\"},\"thumbnailUrl\":\"https:\/\/portaltela.pt\/s.01k8rhncp4jt1\/2026\/03\/CACHE_780X1200_ANALOG_WATERMARKED_46730200_3227829_11032026114724.jpg\",\"keywords\":[\"_economia\",\"apoio institucional\",\"financiamento\",\"governo\",\"investimento\",\"pol\u00edtica\"],\"articleSection\":[\"Not\u00edcias\",\"Sociedade\"],\"inLanguage\":\"pt-PT\"},{\"@type\":\"WebPage\",\"@id\":\"https:\/\/portaltela.pt\/noticias\/2026\/03\/11\/castro-almeida-admite-que-apoios-a-reconstrucao-nao-estao-a-correr-bem\/\",\"url\":\"https:\/\/portaltela.pt\/noticias\/2026\/03\/11\/castro-almeida-admite-que-apoios-a-reconstrucao-nao-estao-a-correr-bem\/\",\"name\":\"Castro Almeida admite que apoios \u00e0 reconstru\u00e7\u00e3o n\u00e3o est\u00e3o a correr bem - Portal Tela Portugal\",\"isPartOf\":{\"@id\":\"https:\/\/portaltela.pt\/#website\"},\"primaryImageOfPage\":{\"@id\":\"https:\/\/portaltela.pt\/noticias\/2026\/03\/11\/castro-almeida-admite-que-apoios-a-reconstrucao-nao-estao-a-correr-bem\/#primaryimage\"},\"image\":{\"@id\":\"https:\/\/portaltela.pt\/noticias\/2026\/03\/11\/castro-almeida-admite-que-apoios-a-reconstrucao-nao-estao-a-correr-bem\/#primaryimage\"},\"thumbnailUrl\":\"https:\/\/portaltela.pt\/s.01k8rhncp4jt1\/2026\/03\/CACHE_780X1200_ANALOG_WATERMARKED_46730200_3227829_11032026114724.jpg\",\"datePublished\":\"2026-03-11T11:37:00+00:00\",\"author\":{\"@id\":\"https:\/\/portaltela.pt\/#\/schema\/person\/c4278d4a6028830caff9ee44b42d32ed\"},\"breadcrumb\":{\"@id\":\"https:\/\/portaltela.pt\/noticias\/2026\/03\/11\/castro-almeida-admite-que-apoios-a-reconstrucao-nao-estao-a-correr-bem\/#breadcrumb\"},\"inLanguage\":\"pt-PT\",\"potentialAction\":[{\"@type\":\"ReadAction\",\"target\":[\"https:\/\/portaltela.pt\/noticias\/2026\/03\/11\/castro-almeida-admite-que-apoios-a-reconstrucao-nao-estao-a-correr-bem\/\"]}]},{\"@type\":\"ImageObject\",\"inLanguage\":\"pt-PT\",\"@id\":\"https:\/\/portaltela.pt\/noticias\/2026\/03\/11\/castro-almeida-admite-que-apoios-a-reconstrucao-nao-estao-a-correr-bem\/#primaryimage\",\"url\":\"https:\/\/portaltela.pt\/s.01k8rhncp4jt1\/2026\/03\/CACHE_780X1200_ANALOG_WATERMARKED_46730200_3227829_11032026114724.jpg\",\"contentUrl\":\"https:\/\/portaltela.pt\/s.01k8rhncp4jt1\/2026\/03\/CACHE_780X1200_ANALOG_WATERMARKED_46730200_3227829_11032026114724.jpg\",\"width\":796,\"height\":448,\"caption\":\"Castro Almeida admite que processo de apoios \u00e0 reconstru\u00e7\u00e3o \u201cn\u00e3o est\u00e1 a correr bem\u201d\"},{\"@type\":\"BreadcrumbList\",\"@id\":\"https:\/\/portaltela.pt\/noticias\/2026\/03\/11\/castro-almeida-admite-que-apoios-a-reconstrucao-nao-estao-a-correr-bem\/#breadcrumb\",\"itemListElement\":[{\"@type\":\"ListItem\",\"position\":1,\"name\":\"In\u00edcio\",\"item\":\"https:\/\/portaltela.pt\/\"},{\"@type\":\"ListItem\",\"position\":2,\"name\":\"Castro Almeida admite que apoios \u00e0 reconstru\u00e7\u00e3o n\u00e3o est\u00e3o a correr bem\"}]},{\"@type\":\"WebSite\",\"@id\":\"https:\/\/portaltela.pt\/#website\",\"url\":\"https:\/\/portaltela.pt\/\",\"name\":\"Portal Tela Portugal\",\"description\":\"\",\"potentialAction\":[{\"@type\":\"SearchAction\",\"target\":{\"@type\":\"EntryPoint\",\"urlTemplate\":\"https:\/\/portaltela.pt\/?s={search_term_string}\"},\"query-input\":{\"@type\":\"PropertyValueSpecification\",\"valueRequired\":true,\"valueName\":\"search_term_string\"}}],\"inLanguage\":\"pt-PT\"},{\"@type\":\"Person\",\"@id\":\"https:\/\/portaltela.pt\/#\/schema\/person\/c4278d4a6028830caff9ee44b42d32ed\",\"name\":\"Telinha\",\"image\":{\"@type\":\"ImageObject\",\"inLanguage\":\"pt-PT\",\"@id\":\"https:\/\/portaltela.pt\/s.01k8rhncp4jt1\/2025\/11\/talking-bot-125x125.png\",\"url\":\"https:\/\/portaltela.pt\/s.01k8rhncp4jt1\/2025\/11\/talking-bot-125x125.png\",\"contentUrl\":\"https:\/\/portaltela.pt\/s.01k8rhncp4jt1\/2025\/11\/talking-bot-125x125.png\",\"caption\":\"Telinha\"},\"sameAs\":[\"https:\/\/portaltela.pt\/\"],\"url\":\"https:\/\/portaltela.pt\/por\/367410592786\/\"}]}<\/script>\n<!-- \/ Yoast SEO plugin. -->","yoast_head_json":{"title":"Castro Almeida admite que apoios \u00e0 reconstru\u00e7\u00e3o n\u00e3o est\u00e3o a correr bem - Portal Tela Portugal","robots":{"index":"index","follow":"follow","max-snippet":"max-snippet:-1","max-image-preview":"max-image-preview:large","max-video-preview":"max-video-preview:-1"},"og_locale":"pt_PT","og_type":"article","og_title":"Castro Almeida admite que apoios \u00e0 reconstru\u00e7\u00e3o n\u00e3o est\u00e3o a correr bem - Portal Tela Portugal","og_description":"Castro Almeida admite que o processo de apoios \u00e0 reconstru\u00e7\u00e3o n\u00e3o est\u00e1 a correr bem. O conte\u00fado completo da not\u00edcia est\u00e1 dispon\u00edvel apenas para subscritores. N\u00e3o foram apresentados detalhes sobre as causas nem sobre eventuais medidas a tomar no \u00e2mbito deste processo. A not\u00edcia foca-se na avalia\u00e7\u00e3o negativa do andamento dos apoios \u00e0 reconstru\u00e7\u00e3o.","og_url":"https:\/\/portaltela.pt\/noticias\/2026\/03\/11\/castro-almeida-admite-que-apoios-a-reconstrucao-nao-estao-a-correr-bem\/","og_site_name":"Portal Tela Portugal","article_published_time":"2026-03-11T11:37:00+00:00","author":"Telinha","twitter_card":"summary_large_image","twitter_misc":{"Escrito por":"Telinha"},"schema":{"@context":"https:\/\/schema.org","@graph":[{"@type":"Article","@id":"https:\/\/portaltela.pt\/noticias\/2026\/03\/11\/castro-almeida-admite-que-apoios-a-reconstrucao-nao-estao-a-correr-bem\/#article","isPartOf":{"@id":"https:\/\/portaltela.pt\/noticias\/2026\/03\/11\/castro-almeida-admite-que-apoios-a-reconstrucao-nao-estao-a-correr-bem\/"},"author":{"name":"Telinha","@id":"https:\/\/portaltela.pt\/#\/schema\/person\/c4278d4a6028830caff9ee44b42d32ed"},"headline":"Castro Almeida admite que apoios \u00e0 reconstru\u00e7\u00e3o n\u00e3o est\u00e3o a correr bem","datePublished":"2026-03-11T11:37:00+00:00","mainEntityOfPage":{"@id":"https:\/\/portaltela.pt\/noticias\/2026\/03\/11\/castro-almeida-admite-que-apoios-a-reconstrucao-nao-estao-a-correr-bem\/"},"wordCount":92,"image":{"@id":"https:\/\/portaltela.pt\/noticias\/2026\/03\/11\/castro-almeida-admite-que-apoios-a-reconstrucao-nao-estao-a-correr-bem\/#primaryimage"},"thumbnailUrl":"https:\/\/portaltela.pt\/s.01k8rhncp4jt1\/2026\/03\/CACHE_780X1200_ANALOG_WATERMARKED_46730200_3227829_11032026114724.jpg","keywords":["_economia","apoio institucional","financiamento","governo","investimento","pol\u00edtica"],"articleSection":["Not\u00edcias","Sociedade"],"inLanguage":"pt-PT"},{"@type":"WebPage","@id":"https:\/\/portaltela.pt\/noticias\/2026\/03\/11\/castro-almeida-admite-que-apoios-a-reconstrucao-nao-estao-a-correr-bem\/","url":"https:\/\/portaltela.pt\/noticias\/2026\/03\/11\/castro-almeida-admite-que-apoios-a-reconstrucao-nao-estao-a-correr-bem\/","name":"Castro Almeida admite que apoios \u00e0 reconstru\u00e7\u00e3o n\u00e3o est\u00e3o a correr bem - Portal Tela Portugal","isPartOf":{"@id":"https:\/\/portaltela.pt\/#website"},"primaryImageOfPage":{"@id":"https:\/\/portaltela.pt\/noticias\/2026\/03\/11\/castro-almeida-admite-que-apoios-a-reconstrucao-nao-estao-a-correr-bem\/#primaryimage"},"image":{"@id":"https:\/\/portaltela.pt\/noticias\/2026\/03\/11\/castro-almeida-admite-que-apoios-a-reconstrucao-nao-estao-a-correr-bem\/#primaryimage"},"thumbnailUrl":"https:\/\/portaltela.pt\/s.01k8rhncp4jt1\/2026\/03\/CACHE_780X1200_ANALOG_WATERMARKED_46730200_3227829_11032026114724.jpg","datePublished":"2026-03-11T11:37:00+00:00","author":{"@id":"https:\/\/portaltela.pt\/#\/schema\/person\/c4278d4a6028830caff9ee44b42d32ed"},"breadcrumb":{"@id":"https:\/\/portaltela.pt\/noticias\/2026\/03\/11\/castro-almeida-admite-que-apoios-a-reconstrucao-nao-estao-a-correr-bem\/#breadcrumb"},"inLanguage":"pt-PT","potentialAction":[{"@type":"ReadAction","target":["https:\/\/portaltela.pt\/noticias\/2026\/03\/11\/castro-almeida-admite-que-apoios-a-reconstrucao-nao-estao-a-correr-bem\/"]}]},{"@type":"ImageObject","inLanguage":"pt-PT","@id":"https:\/\/portaltela.pt\/noticias\/2026\/03\/11\/castro-almeida-admite-que-apoios-a-reconstrucao-nao-estao-a-correr-bem\/#primaryimage","url":"https:\/\/portaltela.pt\/s.01k8rhncp4jt1\/2026\/03\/CACHE_780X1200_ANALOG_WATERMARKED_46730200_3227829_11032026114724.jpg","contentUrl":"https:\/\/portaltela.pt\/s.01k8rhncp4jt1\/2026\/03\/CACHE_780X1200_ANALOG_WATERMARKED_46730200_3227829_11032026114724.jpg","width":796,"height":448,"caption":"Castro Almeida admite que processo de apoios \u00e0 reconstru\u00e7\u00e3o \u201cn\u00e3o est\u00e1 a correr bem\u201d"},{"@type":"BreadcrumbList","@id":"https:\/\/portaltela.pt\/noticias\/2026\/03\/11\/castro-almeida-admite-que-apoios-a-reconstrucao-nao-estao-a-correr-bem\/#breadcrumb","itemListElement":[{"@type":"ListItem","position":1,"name":"In\u00edcio","item":"https:\/\/portaltela.pt\/"},{"@type":"ListItem","position":2,"name":"Castro Almeida admite que apoios \u00e0 reconstru\u00e7\u00e3o n\u00e3o est\u00e3o a correr bem"}]},{"@type":"WebSite","@id":"https:\/\/portaltela.pt\/#website","url":"https:\/\/portaltela.pt\/","name":"Portal Tela Portugal","description":"","potentialAction":[{"@type":"SearchAction","target":{"@type":"EntryPoint","urlTemplate":"https:\/\/portaltela.pt\/?s={search_term_string}"},"query-input":{"@type":"PropertyValueSpecification","valueRequired":true,"valueName":"search_term_string"}}],"inLanguage":"pt-PT"},{"@type":"Person","@id":"https:\/\/portaltela.pt\/#\/schema\/person\/c4278d4a6028830caff9ee44b42d32ed","name":"Telinha","image":{"@type":"ImageObject","inLanguage":"pt-PT","@id":"https:\/\/portaltela.pt\/s.01k8rhncp4jt1\/2025\/11\/talking-bot-125x125.png","url":"https:\/\/portaltela.pt\/s.01k8rhncp4jt1\/2025\/11\/talking-bot-125x125.png","contentUrl":"https:\/\/portaltela.pt\/s.01k8rhncp4jt1\/2025\/11\/talking-bot-125x125.png","caption":"Telinha"},"sameAs":["https:\/\/portaltela.pt\/"],"url":"https:\/\/portaltela.pt\/por\/367410592786\/"}]}},"_links":{"self":[{"href":"https:\/\/portaltela.pt\/api\/wp\/v2\/posts\/406067","targetHints":{"allow":["GET"]}}],"collection":[{"href":"https:\/\/portaltela.pt\/api\/wp\/v2\/posts"}],"about":[{"href":"https:\/\/portaltela.pt\/api\/wp\/v2\/types\/post"}],"author":[{"embeddable":true,"href":"https:\/\/portaltela.pt\/api\/wp\/v2\/users\/2"}],"replies":[{"embeddable":true,"href":"https:\/\/portaltela.pt\/api\/wp\/v2\/comments?post=406067"}],"version-history":[{"count":0,"href":"https:\/\/portaltela.pt\/api\/wp\/v2\/posts\/406067\/revisions"}],"wp:featuredmedia":[{"embeddable":true,"href":"https:\/\/portaltela.pt\/api\/wp\/v2\/media\/406072"}],"wp:attachment":[{"href":"https:\/\/portaltela.pt\/api\/wp\/v2\/media?parent=406067"}],"wp:term":[{"taxonomy":"category","embeddable":true,"href":"https:\/\/portaltela.pt\/api\/wp\/v2\/categories?post=406067"},{"taxonomy":"post_tag","embeddable":true,"href":"https:\/\/portaltela.pt\/api\/wp\/v2\/tags?post=406067"}],"curies":[{"name":"wp","href":"https:\/\/api.w.org\/{rel}","templated":true}]}}