{"id":406048,"date":"2026-03-11T11:18:00","date_gmt":"2026-03-11T14:18:00","guid":{"rendered":"https:\/\/portaltela.pt\/noticias\/2026\/03\/11\/ucrania-denuncia-pressoes-da-organizacao-dos-paralimpicos-de-inverno\/"},"modified":"2026-03-11T11:18:00","modified_gmt":"2026-03-11T14:18:00","slug":"ucrania-denuncia-pressoes-da-organizacao-dos-paralimpicos-de-inverno","status":"publish","type":"post","link":"https:\/\/portaltela.pt\/desporto\/copa-do-mundo\/2026\/03\/11\/ucrania-denuncia-pressoes-da-organizacao-dos-paralimpicos-de-inverno\/","title":{"rendered":"Ucr\u00e2nia denuncia press\u00f5es da organiza\u00e7\u00e3o dos Paral\u00edmpicos de Inverno"},"content":{"rendered":"<p>A Ucr\u00e2nia denunciou press\u00f5es \u201csistem\u00e1ticas\u201d e sem precedentes sobre a sua equipa durante os Jogos Paral\u00edmpicos de Inverno, que decorrem com atletas russos e bielorrussos a competir sob as bandeiras dos respetivos pa\u00edses. A delega\u00e7\u00e3o ucraniana afirma que as atitudes come\u00e7aram desde o in\u00edcio do evento. A den\u00fancia foi apresentada num comunicado divulgado pela pr\u00f3pria equipa.<\/p>\n<p>Entre as ocorr\u00eancias mencionadas, a Ucr\u00e2nia aponta a retirada da bandeira do pa\u00eds na Aldeia Paral\u00edmpica por um membro da organiza\u00e7\u00e3o, ap\u00f3s uma reclama\u00e7\u00e3o a bandeira foi recolocada num local menos vis\u00edvel. Em paralelo, atletas e t\u00e9cnicos teriam sido impedidos de reunir-se \u00e0 noite para planear o dia seguinte, segundo a delega\u00e7\u00e3o.<\/p>\n<p>Ainda segundo o comunicado, houve um incidente envolvendo a biatleta Oleksandra Kononova, que j\u00e1 conquistou medalhas, a quem teria sido tentada a remo\u00e7\u00e3o violenta de pequenos brincos com a bandeira ucraniana e a inscri\u00e7\u00e3o Parem a Guerra. Seis atletas russos e quatro bielorrussos participam nestes Jogos, com vagas atribu\u00eddas pelo IPC, sob as respetivas bandeiras.<\/p>\n<h3>Contexto da competi\u00e7\u00e3o<\/h3>\n<p>O IPC autorizou a participa\u00e7\u00e3o de atletas russos e bielorrussos nos Jogos Paral\u00edmpicos, o que gerou cr\u00edticas na Ucr\u00e2nia. O evento come\u00e7ou na sexta-feira anterior e inclui a possibilidade de exibir as bandeiras dos pa\u00edses, ainda que tenham sido impedidos de as exibir desde a invas\u00e3o da Ucr\u00e2nia, em fevereiro de 2022.<\/p>\n<h3>Rea\u00e7\u00e3o e cerim\u00f3nia de abertura<\/h3>\n<p>A Ucr\u00e2nia anunciou o boicote \u00e0 cerim\u00f3nia de abertura, realizada na sexta-feira, na qual as comitivas da R\u00fassia e da Bielorr\u00fassia foram vaiadas. O protesto foi acompanhado por pa\u00edses como Rep\u00fablica Checa, Est\u00f3nia, Finl\u00e2ndia, Let\u00f3nia, Pol\u00f3nia e Litu\u00e2nia, que expressaram solidariedade com a Ucr\u00e2nia.<\/p>\n","protected":false},"excerpt":{"rendered":"<ul>\n<li>A Ucr\u00e2nia denunciou press\u00f5es \u201csem precedentes\u201d e sistem\u00e1ticas desde o in\u00edcio dos Jogos Paral\u00edmpicos de Inverno, com participa\u00e7\u00e3o de atletas russos e bielorrussos sob s\u00edmbolos nacionais.<\/li>\n<li>O comit\u00e9 ucraniano afirma que houve comportamentos vergonhosos, incluindo a retirada da bandeira da Ucr\u00e2nia da Aldeia Paral\u00edmpica e a sua reposi\u00e7\u00e3o num local menos vis\u00edvel ap\u00f3s reclama\u00e7\u00e3o.<\/li>\n<li>Tamb\u00e9m acusa impedimentos a atletas e treinadores de se reunirem \u00e0 noite para planear o dia seguinte, e relata um incidente com a biatleta Oleksandra Kononova, a quem supostamente tentaram remover brincos com a bandeira ucraniana e a inscri\u00e7\u00e3o \u201cParem a Guerra\u201d.<\/li>\n<li>No total, foram admitidos seis atletas da R\u00fassia e quatro da Bielorr\u00fassia para competir nos Jogos Paral\u00edmpicos, que come\u00e7aram na sexta-feira, com os s\u00edmbolos dos respetivos pa\u00edses.<\/li>\n<li>A Ucr\u00e2nia boicotou a cerim\u00f3nia de abertura ap\u00f3s a decis\u00e3o do Comit\u00e9 Paral\u00edmpico Internacional (IPC) anunciada a 17 de fevereiro, sendo saudada por vaias \u00e0 comitiva russa e bielorrussa e apoio de v\u00e1rios pa\u00edses europeus.<\/li>\n<\/ul>\n","protected":false},"author":2,"featured_media":406055,"comment_status":"closed","ping_status":"closed","sticky":false,"template":"","format":"standard","meta":{"footnotes":""},"categories":[6695,21],"tags":[152,2681,466,2730,3110,2134],"class_list":["post-406048","post","type-post","status-publish","format-standard","has-post-thumbnail","hentry","category-copa-do-mundo","category-desporto","tag-desporto","tag-desporto-internacional","tag-organizacao-internacional","tag-protestos-internacionais","tag-russia","tag-ucrania"],"yoast_head":"<!-- This site is optimized with the Yoast SEO plugin v27.2 - https:\/\/yoast.com\/product\/yoast-seo-wordpress\/ -->\n<title>Ucr\u00e2nia denuncia press\u00f5es da organiza\u00e7\u00e3o dos Paral\u00edmpicos de Inverno - Portal Tela Portugal<\/title>\n<meta name=\"robots\" content=\"index, follow, max-snippet:-1, max-image-preview:large, max-video-preview:-1\" \/>\n<meta property=\"og:locale\" content=\"pt_PT\" \/>\n<meta property=\"og:type\" content=\"article\" \/>\n<meta property=\"og:title\" content=\"Ucr\u00e2nia denuncia press\u00f5es da organiza\u00e7\u00e3o dos Paral\u00edmpicos de Inverno - Portal Tela Portugal\" \/>\n<meta property=\"og:description\" content=\"A Ucr\u00e2nia denunciou press\u00f5es \u201csem precedentes\u201d e sistem\u00e1ticas desde o in\u00edcio dos Jogos Paral\u00edmpicos de Inverno, com participa\u00e7\u00e3o de atletas russos e bielorrussos sob s\u00edmbolos nacionais. O comit\u00e9 ucraniano afirma que houve comportamentos vergonhosos, incluindo a retirada da bandeira da Ucr\u00e2nia da Aldeia Paral\u00edmpica e a sua reposi\u00e7\u00e3o num local menos vis\u00edvel ap\u00f3s reclama\u00e7\u00e3o. Tamb\u00e9m acusa impedimentos a atletas e treinadores de se reunirem \u00e0 noite para planear o dia seguinte, e relata um incidente com a biatleta Oleksandra Kononova, a quem supostamente tentaram remover brincos com a bandeira ucraniana e a inscri\u00e7\u00e3o \u201cParem a Guerra\u201d. No total, foram admitidos seis atletas da R\u00fassia e quatro da Bielorr\u00fassia para competir nos Jogos Paral\u00edmpicos, que come\u00e7aram na sexta-feira, com os s\u00edmbolos dos respetivos pa\u00edses. A Ucr\u00e2nia boicotou a cerim\u00f3nia de abertura ap\u00f3s a decis\u00e3o do Comit\u00e9 Paral\u00edmpico Internacional (IPC) anunciada a 17 de fevereiro, sendo saudada por vaias \u00e0 comitiva russa e bielorrussa e apoio de v\u00e1rios pa\u00edses europeus.\" \/>\n<meta property=\"og:url\" content=\"https:\/\/portaltela.pt\/noticias\/2026\/03\/11\/ucrania-denuncia-pressoes-da-organizacao-dos-paralimpicos-de-inverno\/\" \/>\n<meta property=\"og:site_name\" content=\"Portal Tela Portugal\" \/>\n<meta property=\"article:published_time\" content=\"2026-03-11T14:18:00+00:00\" \/>\n<meta name=\"author\" content=\"Telinha\" \/>\n<meta name=\"twitter:card\" content=\"summary_large_image\" \/>\n<meta name=\"twitter:label1\" content=\"Escrito por\" \/>\n\t<meta name=\"twitter:data1\" content=\"Telinha\" \/>\n\t<meta name=\"twitter:label2\" content=\"Tempo estimado de leitura\" \/>\n\t<meta name=\"twitter:data2\" content=\"2 minutos\" \/>\n<script type=\"application\/ld+json\" class=\"yoast-schema-graph\">{\"@context\":\"https:\/\/schema.org\",\"@graph\":[{\"@type\":\"Article\",\"@id\":\"https:\/\/portaltela.pt\/noticias\/2026\/03\/11\/ucrania-denuncia-pressoes-da-organizacao-dos-paralimpicos-de-inverno\/#article\",\"isPartOf\":{\"@id\":\"https:\/\/portaltela.pt\/noticias\/2026\/03\/11\/ucrania-denuncia-pressoes-da-organizacao-dos-paralimpicos-de-inverno\/\"},\"author\":{\"name\":\"Telinha\",\"@id\":\"https:\/\/portaltela.pt\/#\/schema\/person\/c4278d4a6028830caff9ee44b42d32ed\"},\"headline\":\"Ucr\u00e2nia denuncia press\u00f5es da organiza\u00e7\u00e3o dos Paral\u00edmpicos de Inverno\",\"datePublished\":\"2026-03-11T14:18:00+00:00\",\"mainEntityOfPage\":{\"@id\":\"https:\/\/portaltela.pt\/noticias\/2026\/03\/11\/ucrania-denuncia-pressoes-da-organizacao-dos-paralimpicos-de-inverno\/\"},\"wordCount\":323,\"image\":{\"@id\":\"https:\/\/portaltela.pt\/noticias\/2026\/03\/11\/ucrania-denuncia-pressoes-da-organizacao-dos-paralimpicos-de-inverno\/#primaryimage\"},\"thumbnailUrl\":\"https:\/\/portaltela.pt\/s.01k8rhncp4jt1\/2026\/03\/image-715.jpg\",\"keywords\":[\"desporto\",\"desporto internacional\",\"organiza\u00e7\u00e3o internacional\",\"protestos internacionais\",\"R\u00fassia\",\"Ucr\u00e2nia\"],\"articleSection\":[\"Copa do Mundo\",\"Desporto\"],\"inLanguage\":\"pt-PT\"},{\"@type\":\"WebPage\",\"@id\":\"https:\/\/portaltela.pt\/noticias\/2026\/03\/11\/ucrania-denuncia-pressoes-da-organizacao-dos-paralimpicos-de-inverno\/\",\"url\":\"https:\/\/portaltela.pt\/noticias\/2026\/03\/11\/ucrania-denuncia-pressoes-da-organizacao-dos-paralimpicos-de-inverno\/\",\"name\":\"Ucr\u00e2nia denuncia press\u00f5es da organiza\u00e7\u00e3o dos Paral\u00edmpicos de Inverno - Portal Tela Portugal\",\"isPartOf\":{\"@id\":\"https:\/\/portaltela.pt\/#website\"},\"primaryImageOfPage\":{\"@id\":\"https:\/\/portaltela.pt\/noticias\/2026\/03\/11\/ucrania-denuncia-pressoes-da-organizacao-dos-paralimpicos-de-inverno\/#primaryimage\"},\"image\":{\"@id\":\"https:\/\/portaltela.pt\/noticias\/2026\/03\/11\/ucrania-denuncia-pressoes-da-organizacao-dos-paralimpicos-de-inverno\/#primaryimage\"},\"thumbnailUrl\":\"https:\/\/portaltela.pt\/s.01k8rhncp4jt1\/2026\/03\/image-715.jpg\",\"datePublished\":\"2026-03-11T14:18:00+00:00\",\"author\":{\"@id\":\"https:\/\/portaltela.pt\/#\/schema\/person\/c4278d4a6028830caff9ee44b42d32ed\"},\"breadcrumb\":{\"@id\":\"https:\/\/portaltela.pt\/noticias\/2026\/03\/11\/ucrania-denuncia-pressoes-da-organizacao-dos-paralimpicos-de-inverno\/#breadcrumb\"},\"inLanguage\":\"pt-PT\",\"potentialAction\":[{\"@type\":\"ReadAction\",\"target\":[\"https:\/\/portaltela.pt\/noticias\/2026\/03\/11\/ucrania-denuncia-pressoes-da-organizacao-dos-paralimpicos-de-inverno\/\"]}]},{\"@type\":\"ImageObject\",\"inLanguage\":\"pt-PT\",\"@id\":\"https:\/\/portaltela.pt\/noticias\/2026\/03\/11\/ucrania-denuncia-pressoes-da-organizacao-dos-paralimpicos-de-inverno\/#primaryimage\",\"url\":\"https:\/\/portaltela.pt\/s.01k8rhncp4jt1\/2026\/03\/image-715.jpg\",\"contentUrl\":\"https:\/\/portaltela.pt\/s.01k8rhncp4jt1\/2026\/03\/image-715.jpg\",\"width\":796,\"height\":448,\"caption\":\"Atletas ucranianas na prova\"},{\"@type\":\"BreadcrumbList\",\"@id\":\"https:\/\/portaltela.pt\/noticias\/2026\/03\/11\/ucrania-denuncia-pressoes-da-organizacao-dos-paralimpicos-de-inverno\/#breadcrumb\",\"itemListElement\":[{\"@type\":\"ListItem\",\"position\":1,\"name\":\"In\u00edcio\",\"item\":\"https:\/\/portaltela.pt\/\"},{\"@type\":\"ListItem\",\"position\":2,\"name\":\"Ucr\u00e2nia denuncia press\u00f5es da organiza\u00e7\u00e3o dos Paral\u00edmpicos de Inverno\"}]},{\"@type\":\"WebSite\",\"@id\":\"https:\/\/portaltela.pt\/#website\",\"url\":\"https:\/\/portaltela.pt\/\",\"name\":\"Portal Tela Portugal\",\"description\":\"\",\"potentialAction\":[{\"@type\":\"SearchAction\",\"target\":{\"@type\":\"EntryPoint\",\"urlTemplate\":\"https:\/\/portaltela.pt\/?s={search_term_string}\"},\"query-input\":{\"@type\":\"PropertyValueSpecification\",\"valueRequired\":true,\"valueName\":\"search_term_string\"}}],\"inLanguage\":\"pt-PT\"},{\"@type\":\"Person\",\"@id\":\"https:\/\/portaltela.pt\/#\/schema\/person\/c4278d4a6028830caff9ee44b42d32ed\",\"name\":\"Telinha\",\"image\":{\"@type\":\"ImageObject\",\"inLanguage\":\"pt-PT\",\"@id\":\"https:\/\/portaltela.pt\/s.01k8rhncp4jt1\/2025\/11\/talking-bot-125x125.png\",\"url\":\"https:\/\/portaltela.pt\/s.01k8rhncp4jt1\/2025\/11\/talking-bot-125x125.png\",\"contentUrl\":\"https:\/\/portaltela.pt\/s.01k8rhncp4jt1\/2025\/11\/talking-bot-125x125.png\",\"caption\":\"Telinha\"},\"sameAs\":[\"https:\/\/portaltela.pt\/\"],\"url\":\"https:\/\/portaltela.pt\/por\/367410592786\/\"}]}<\/script>\n<!-- \/ Yoast SEO plugin. -->","yoast_head_json":{"title":"Ucr\u00e2nia denuncia press\u00f5es da organiza\u00e7\u00e3o dos Paral\u00edmpicos de Inverno - Portal Tela Portugal","robots":{"index":"index","follow":"follow","max-snippet":"max-snippet:-1","max-image-preview":"max-image-preview:large","max-video-preview":"max-video-preview:-1"},"og_locale":"pt_PT","og_type":"article","og_title":"Ucr\u00e2nia denuncia press\u00f5es da organiza\u00e7\u00e3o dos Paral\u00edmpicos de Inverno - Portal Tela Portugal","og_description":"A Ucr\u00e2nia denunciou press\u00f5es \u201csem precedentes\u201d e sistem\u00e1ticas desde o in\u00edcio dos Jogos Paral\u00edmpicos de Inverno, com participa\u00e7\u00e3o de atletas russos e bielorrussos sob s\u00edmbolos nacionais. O comit\u00e9 ucraniano afirma que houve comportamentos vergonhosos, incluindo a retirada da bandeira da Ucr\u00e2nia da Aldeia Paral\u00edmpica e a sua reposi\u00e7\u00e3o num local menos vis\u00edvel ap\u00f3s reclama\u00e7\u00e3o. Tamb\u00e9m acusa impedimentos a atletas e treinadores de se reunirem \u00e0 noite para planear o dia seguinte, e relata um incidente com a biatleta Oleksandra Kononova, a quem supostamente tentaram remover brincos com a bandeira ucraniana e a inscri\u00e7\u00e3o \u201cParem a Guerra\u201d. No total, foram admitidos seis atletas da R\u00fassia e quatro da Bielorr\u00fassia para competir nos Jogos Paral\u00edmpicos, que come\u00e7aram na sexta-feira, com os s\u00edmbolos dos respetivos pa\u00edses. A Ucr\u00e2nia boicotou a cerim\u00f3nia de abertura ap\u00f3s a decis\u00e3o do Comit\u00e9 Paral\u00edmpico Internacional (IPC) anunciada a 17 de fevereiro, sendo saudada por vaias \u00e0 comitiva russa e bielorrussa e apoio de v\u00e1rios pa\u00edses europeus.","og_url":"https:\/\/portaltela.pt\/noticias\/2026\/03\/11\/ucrania-denuncia-pressoes-da-organizacao-dos-paralimpicos-de-inverno\/","og_site_name":"Portal Tela Portugal","article_published_time":"2026-03-11T14:18:00+00:00","author":"Telinha","twitter_card":"summary_large_image","twitter_misc":{"Escrito por":"Telinha","Tempo estimado de leitura":"2 minutos"},"schema":{"@context":"https:\/\/schema.org","@graph":[{"@type":"Article","@id":"https:\/\/portaltela.pt\/noticias\/2026\/03\/11\/ucrania-denuncia-pressoes-da-organizacao-dos-paralimpicos-de-inverno\/#article","isPartOf":{"@id":"https:\/\/portaltela.pt\/noticias\/2026\/03\/11\/ucrania-denuncia-pressoes-da-organizacao-dos-paralimpicos-de-inverno\/"},"author":{"name":"Telinha","@id":"https:\/\/portaltela.pt\/#\/schema\/person\/c4278d4a6028830caff9ee44b42d32ed"},"headline":"Ucr\u00e2nia denuncia press\u00f5es da organiza\u00e7\u00e3o dos Paral\u00edmpicos de Inverno","datePublished":"2026-03-11T14:18:00+00:00","mainEntityOfPage":{"@id":"https:\/\/portaltela.pt\/noticias\/2026\/03\/11\/ucrania-denuncia-pressoes-da-organizacao-dos-paralimpicos-de-inverno\/"},"wordCount":323,"image":{"@id":"https:\/\/portaltela.pt\/noticias\/2026\/03\/11\/ucrania-denuncia-pressoes-da-organizacao-dos-paralimpicos-de-inverno\/#primaryimage"},"thumbnailUrl":"https:\/\/portaltela.pt\/s.01k8rhncp4jt1\/2026\/03\/image-715.jpg","keywords":["desporto","desporto internacional","organiza\u00e7\u00e3o internacional","protestos internacionais","R\u00fassia","Ucr\u00e2nia"],"articleSection":["Copa do Mundo","Desporto"],"inLanguage":"pt-PT"},{"@type":"WebPage","@id":"https:\/\/portaltela.pt\/noticias\/2026\/03\/11\/ucrania-denuncia-pressoes-da-organizacao-dos-paralimpicos-de-inverno\/","url":"https:\/\/portaltela.pt\/noticias\/2026\/03\/11\/ucrania-denuncia-pressoes-da-organizacao-dos-paralimpicos-de-inverno\/","name":"Ucr\u00e2nia denuncia press\u00f5es da organiza\u00e7\u00e3o dos Paral\u00edmpicos de Inverno - Portal Tela Portugal","isPartOf":{"@id":"https:\/\/portaltela.pt\/#website"},"primaryImageOfPage":{"@id":"https:\/\/portaltela.pt\/noticias\/2026\/03\/11\/ucrania-denuncia-pressoes-da-organizacao-dos-paralimpicos-de-inverno\/#primaryimage"},"image":{"@id":"https:\/\/portaltela.pt\/noticias\/2026\/03\/11\/ucrania-denuncia-pressoes-da-organizacao-dos-paralimpicos-de-inverno\/#primaryimage"},"thumbnailUrl":"https:\/\/portaltela.pt\/s.01k8rhncp4jt1\/2026\/03\/image-715.jpg","datePublished":"2026-03-11T14:18:00+00:00","author":{"@id":"https:\/\/portaltela.pt\/#\/schema\/person\/c4278d4a6028830caff9ee44b42d32ed"},"breadcrumb":{"@id":"https:\/\/portaltela.pt\/noticias\/2026\/03\/11\/ucrania-denuncia-pressoes-da-organizacao-dos-paralimpicos-de-inverno\/#breadcrumb"},"inLanguage":"pt-PT","potentialAction":[{"@type":"ReadAction","target":["https:\/\/portaltela.pt\/noticias\/2026\/03\/11\/ucrania-denuncia-pressoes-da-organizacao-dos-paralimpicos-de-inverno\/"]}]},{"@type":"ImageObject","inLanguage":"pt-PT","@id":"https:\/\/portaltela.pt\/noticias\/2026\/03\/11\/ucrania-denuncia-pressoes-da-organizacao-dos-paralimpicos-de-inverno\/#primaryimage","url":"https:\/\/portaltela.pt\/s.01k8rhncp4jt1\/2026\/03\/image-715.jpg","contentUrl":"https:\/\/portaltela.pt\/s.01k8rhncp4jt1\/2026\/03\/image-715.jpg","width":796,"height":448,"caption":"Atletas ucranianas na prova"},{"@type":"BreadcrumbList","@id":"https:\/\/portaltela.pt\/noticias\/2026\/03\/11\/ucrania-denuncia-pressoes-da-organizacao-dos-paralimpicos-de-inverno\/#breadcrumb","itemListElement":[{"@type":"ListItem","position":1,"name":"In\u00edcio","item":"https:\/\/portaltela.pt\/"},{"@type":"ListItem","position":2,"name":"Ucr\u00e2nia denuncia press\u00f5es da organiza\u00e7\u00e3o dos Paral\u00edmpicos de Inverno"}]},{"@type":"WebSite","@id":"https:\/\/portaltela.pt\/#website","url":"https:\/\/portaltela.pt\/","name":"Portal Tela Portugal","description":"","potentialAction":[{"@type":"SearchAction","target":{"@type":"EntryPoint","urlTemplate":"https:\/\/portaltela.pt\/?s={search_term_string}"},"query-input":{"@type":"PropertyValueSpecification","valueRequired":true,"valueName":"search_term_string"}}],"inLanguage":"pt-PT"},{"@type":"Person","@id":"https:\/\/portaltela.pt\/#\/schema\/person\/c4278d4a6028830caff9ee44b42d32ed","name":"Telinha","image":{"@type":"ImageObject","inLanguage":"pt-PT","@id":"https:\/\/portaltela.pt\/s.01k8rhncp4jt1\/2025\/11\/talking-bot-125x125.png","url":"https:\/\/portaltela.pt\/s.01k8rhncp4jt1\/2025\/11\/talking-bot-125x125.png","contentUrl":"https:\/\/portaltela.pt\/s.01k8rhncp4jt1\/2025\/11\/talking-bot-125x125.png","caption":"Telinha"},"sameAs":["https:\/\/portaltela.pt\/"],"url":"https:\/\/portaltela.pt\/por\/367410592786\/"}]}},"_links":{"self":[{"href":"https:\/\/portaltela.pt\/api\/wp\/v2\/posts\/406048","targetHints":{"allow":["GET"]}}],"collection":[{"href":"https:\/\/portaltela.pt\/api\/wp\/v2\/posts"}],"about":[{"href":"https:\/\/portaltela.pt\/api\/wp\/v2\/types\/post"}],"author":[{"embeddable":true,"href":"https:\/\/portaltela.pt\/api\/wp\/v2\/users\/2"}],"replies":[{"embeddable":true,"href":"https:\/\/portaltela.pt\/api\/wp\/v2\/comments?post=406048"}],"version-history":[{"count":0,"href":"https:\/\/portaltela.pt\/api\/wp\/v2\/posts\/406048\/revisions"}],"wp:featuredmedia":[{"embeddable":true,"href":"https:\/\/portaltela.pt\/api\/wp\/v2\/media\/406055"}],"wp:attachment":[{"href":"https:\/\/portaltela.pt\/api\/wp\/v2\/media?parent=406048"}],"wp:term":[{"taxonomy":"category","embeddable":true,"href":"https:\/\/portaltela.pt\/api\/wp\/v2\/categories?post=406048"},{"taxonomy":"post_tag","embeddable":true,"href":"https:\/\/portaltela.pt\/api\/wp\/v2\/tags?post=406048"}],"curies":[{"name":"wp","href":"https:\/\/api.w.org\/{rel}","templated":true}]}}