{"id":406041,"date":"2026-03-11T11:17:32","date_gmt":"2026-03-11T14:17:32","guid":{"rendered":"https:\/\/portaltela.pt\/noticias\/2026\/03\/11\/alemanha-e-japao-recorrem-a-reservas-de-petroleo-iea-e-g7-ponderam-libertacao\/"},"modified":"2026-03-11T11:17:32","modified_gmt":"2026-03-11T14:17:32","slug":"alemanha-e-japao-recorrem-a-reservas-de-petroleo-iea-e-g7-ponderam-libertacao","status":"publish","type":"post","link":"https:\/\/portaltela.pt\/energia\/2026\/03\/11\/alemanha-e-japao-recorrem-a-reservas-de-petroleo-iea-e-g7-ponderam-libertacao\/","title":{"rendered":"Alemanha e Jap\u00e3o recorrem a reservas de petr\u00f3leo; IEA e G7 ponderam liberta\u00e7\u00e3o"},"content":{"rendered":"<p>A Alemanha e a \u00c1ustria anunciaram a liberta\u00e7\u00e3o de parte das suas reservas de petr\u00f3leo, ap\u00f3s um pedido da Ag\u00eancia Internacional da Energia (AIE) para libertar 400 milh\u00f5es de barris, com o objetivo de atenuar o aumento dos pre\u00e7os provocados pela guerra com o Ir\u00e3o. O Jap\u00e3o tamb\u00e9m informou que come\u00e7ar\u00e1 a libertar parte das suas reservas a partir de segunda-feira.<\/p>\n<p>O an\u00fancio ocorre no contexto de uma reuni\u00e3o extraordin\u00e1ria do G7, grupo que re\u00fane Estados Unidos, Reino Unido, Fran\u00e7a, Alemanha, It\u00e1lia, Canad\u00e1 e Jap\u00e3o, para responder \u00e0 escalada de custos de energia. O G7 pediu \u00e0 AIE uma avalia\u00e7\u00e3o e op\u00e7\u00f5es para uma liberta\u00e7\u00e3o coordenada das reservas estrat\u00e9gicas.<\/p>\n<p>A AIE convocou uma reuni\u00e3o de 32 pa\u00edses membros para decidir se avan\u00e7ava com a medida. O resultado dessa reuni\u00e3o dever\u00e1 sair na quarta-feira, com a proposta de libertar 400 milh\u00f5es de barris. O objetivo \u00e9 colocar mais crude no mercado global.<\/p>\n<h3>Papel do G7 e da AIE<\/h3>\n<p>O G7 orientou a poss\u00edvel a\u00e7\u00e3o, definindo diretrizes para uma liberta\u00e7\u00e3o coordenada. A AIE, por sua vez, fica respons\u00e1vel pela aprova\u00e7\u00e3o formal e pela coordena\u00e7\u00e3o pr\u00e1tica de disponibilizar o petr\u00f3leo. As reservas p\u00fablicas de emerg\u00eancia da AIE totalizam mais de 1,2 mil milh\u00f5es de barris, com mais 600 milh\u00f5es de barris em reservas industriais.<\/p>\n<p>Na ter\u00e7a-feira, ministros da Energia do G7 apoiaram a implementa\u00e7\u00e3o de medidas proativas, abrindo caminho \u00e0 resposta prevista para quarta-feira, a partir de Berlim e Viena. A liberta\u00e7\u00e3o pretende aliviar a press\u00e3o sobre os pre\u00e7os globais da energia.<\/p>\n<h3>Impacto e contexto regional<\/h3>\n<p>O Ir\u00e3o intensifica ataques a navios comerciais no Golfo P\u00e9rsico, numa tentativa de fortalecimento do controlo sobre a regi\u00e3o rica em petr\u00f3leo. O estreito de Ormuz continua sob press\u00e3o, com o tr\u00e1fego de carga mar\u00edtima ainda em funcionamento, apesar da amea\u00e7a sanit\u00e1ria.<\/p>\n<p>O Brent mantinha-se acima de 20% face aos n\u00edveis pr\u00e9-guerra, apesar de recuar dos picos recentes. Consumidores em todo o mundo sentem j\u00e1 o impacto ao abastecerem os seus ve\u00edculos, refletindo a volatilidade do mercado.<\/p>\n","protected":false},"excerpt":{"rendered":"<ul>\n<li>Alemanha e Jap\u00e3o anunciaram libertar parte das respetivas reservas de petr\u00f3leo, ap\u00f3s pedido da Ag\u00eancia Internacional de Energia para libertar 400 milh\u00f5es de barris no mercado.<\/li>\n<li>O objetivo \u00e9 atenuar a subida dos pre\u00e7os da energia associada ao conflito com o Ir\u00e3o; o Jap\u00e3o informou que come\u00e7ar\u00e1 a libertar reservas a partir de segunda-feira.<\/li>\n<li>O G7, que inclui Alemanha, Jap\u00e3o e outros pa\u00edses, discutiu a liberta\u00e7\u00e3o coordenada, pedindo \u00e0 AIE que avaliasse op\u00e7\u00f5es e apresentasse um plano.<\/li>\n<li>A liberta\u00e7\u00e3o ser\u00e1 formalizada pela AIE, que convocou uma reuni\u00e3o extraordin\u00e1ria dos seus 32 membros para decidir os pr\u00f3ximos passos, com decis\u00e3o esperada at\u00e9 quarta-feira.<\/li>\n<li>O Brent mantinha-se significativamente acima dos n\u00edveis pr\u00e9-confli\u00adto, refletindo a press\u00e3o cont\u00ednua no mercado de energia global.<\/li>\n<\/ul>\n","protected":false},"author":2,"featured_media":406044,"comment_status":"closed","ping_status":"closed","sticky":false,"template":"","format":"standard","meta":{"footnotes":""},"categories":[6806],"tags":[4729,5679,2198,174,6014,6371],"class_list":["post-406041","post","type-post","status-publish","format-standard","has-post-thumbnail","hentry","category-energia","tag-abastecimento-de-energia","tag-aiea","tag-conflitos-internacionais","tag-energia","tag-noticias-internacionais","tag-sancoes"],"yoast_head":"<!-- This site is optimized with the Yoast SEO plugin v27.2 - https:\/\/yoast.com\/product\/yoast-seo-wordpress\/ -->\n<title>Alemanha e Jap\u00e3o recorrem a reservas de petr\u00f3leo; IEA e G7 ponderam liberta\u00e7\u00e3o - Portal Tela Portugal<\/title>\n<meta name=\"robots\" content=\"index, follow, max-snippet:-1, max-image-preview:large, max-video-preview:-1\" \/>\n<meta property=\"og:locale\" content=\"pt_PT\" \/>\n<meta property=\"og:type\" content=\"article\" \/>\n<meta property=\"og:title\" content=\"Alemanha e Jap\u00e3o recorrem a reservas de petr\u00f3leo; IEA e G7 ponderam liberta\u00e7\u00e3o - Portal Tela Portugal\" \/>\n<meta property=\"og:description\" content=\"Alemanha e Jap\u00e3o anunciaram libertar parte das respetivas reservas de petr\u00f3leo, ap\u00f3s pedido da Ag\u00eancia Internacional de Energia para libertar 400 milh\u00f5es de barris no mercado. O objetivo \u00e9 atenuar a subida dos pre\u00e7os da energia associada ao conflito com o Ir\u00e3o; o Jap\u00e3o informou que come\u00e7ar\u00e1 a libertar reservas a partir de segunda-feira. O G7, que inclui Alemanha, Jap\u00e3o e outros pa\u00edses, discutiu a liberta\u00e7\u00e3o coordenada, pedindo \u00e0 AIE que avaliasse op\u00e7\u00f5es e apresentasse um plano. A liberta\u00e7\u00e3o ser\u00e1 formalizada pela AIE, que convocou uma reuni\u00e3o extraordin\u00e1ria dos seus 32 membros para decidir os pr\u00f3ximos passos, com decis\u00e3o esperada at\u00e9 quarta-feira. O Brent mantinha-se significativamente acima dos n\u00edveis pr\u00e9-confli\u00adto, refletindo a press\u00e3o cont\u00ednua no mercado de energia global.\" \/>\n<meta property=\"og:url\" content=\"https:\/\/portaltela.pt\/noticias\/2026\/03\/11\/alemanha-e-japao-recorrem-a-reservas-de-petroleo-iea-e-g7-ponderam-libertacao\/\" \/>\n<meta property=\"og:site_name\" content=\"Portal Tela Portugal\" \/>\n<meta property=\"article:published_time\" content=\"2026-03-11T14:17:32+00:00\" \/>\n<meta name=\"author\" content=\"Telinha\" \/>\n<meta name=\"twitter:card\" content=\"summary_large_image\" \/>\n<meta name=\"twitter:label1\" content=\"Escrito por\" \/>\n\t<meta name=\"twitter:data1\" content=\"Telinha\" \/>\n\t<meta name=\"twitter:label2\" content=\"Tempo estimado de leitura\" \/>\n\t<meta name=\"twitter:data2\" content=\"2 minutos\" \/>\n<script type=\"application\/ld+json\" class=\"yoast-schema-graph\">{\"@context\":\"https:\/\/schema.org\",\"@graph\":[{\"@type\":\"Article\",\"@id\":\"https:\/\/portaltela.pt\/noticias\/2026\/03\/11\/alemanha-e-japao-recorrem-a-reservas-de-petroleo-iea-e-g7-ponderam-libertacao\/#article\",\"isPartOf\":{\"@id\":\"https:\/\/portaltela.pt\/noticias\/2026\/03\/11\/alemanha-e-japao-recorrem-a-reservas-de-petroleo-iea-e-g7-ponderam-libertacao\/\"},\"author\":{\"name\":\"Telinha\",\"@id\":\"https:\/\/portaltela.pt\/#\/schema\/person\/c4278d4a6028830caff9ee44b42d32ed\"},\"headline\":\"Alemanha e Jap\u00e3o recorrem a reservas de petr\u00f3leo; IEA e G7 ponderam liberta\u00e7\u00e3o\",\"datePublished\":\"2026-03-11T14:17:32+00:00\",\"mainEntityOfPage\":{\"@id\":\"https:\/\/portaltela.pt\/noticias\/2026\/03\/11\/alemanha-e-japao-recorrem-a-reservas-de-petroleo-iea-e-g7-ponderam-libertacao\/\"},\"wordCount\":391,\"image\":{\"@id\":\"https:\/\/portaltela.pt\/noticias\/2026\/03\/11\/alemanha-e-japao-recorrem-a-reservas-de-petroleo-iea-e-g7-ponderam-libertacao\/#primaryimage\"},\"thumbnailUrl\":\"https:\/\/portaltela.pt\/s.01k8rhncp4jt1\/2026\/03\/1536x864_cmsv2_e8063f8a-d41d-5e76-805d-d0c9a5df6130-9682081.jpg\",\"keywords\":[\"abastecimento de energia\",\"AIEA\",\"conflitos internacionais\",\"energia\",\"not\u00edcias internacionais\",\"san\u00e7\u00f5es\"],\"articleSection\":[\"Energia\"],\"inLanguage\":\"pt-PT\"},{\"@type\":\"WebPage\",\"@id\":\"https:\/\/portaltela.pt\/noticias\/2026\/03\/11\/alemanha-e-japao-recorrem-a-reservas-de-petroleo-iea-e-g7-ponderam-libertacao\/\",\"url\":\"https:\/\/portaltela.pt\/noticias\/2026\/03\/11\/alemanha-e-japao-recorrem-a-reservas-de-petroleo-iea-e-g7-ponderam-libertacao\/\",\"name\":\"Alemanha e Jap\u00e3o recorrem a reservas de petr\u00f3leo; IEA e G7 ponderam liberta\u00e7\u00e3o - Portal Tela Portugal\",\"isPartOf\":{\"@id\":\"https:\/\/portaltela.pt\/#website\"},\"primaryImageOfPage\":{\"@id\":\"https:\/\/portaltela.pt\/noticias\/2026\/03\/11\/alemanha-e-japao-recorrem-a-reservas-de-petroleo-iea-e-g7-ponderam-libertacao\/#primaryimage\"},\"image\":{\"@id\":\"https:\/\/portaltela.pt\/noticias\/2026\/03\/11\/alemanha-e-japao-recorrem-a-reservas-de-petroleo-iea-e-g7-ponderam-libertacao\/#primaryimage\"},\"thumbnailUrl\":\"https:\/\/portaltela.pt\/s.01k8rhncp4jt1\/2026\/03\/1536x864_cmsv2_e8063f8a-d41d-5e76-805d-d0c9a5df6130-9682081.jpg\",\"datePublished\":\"2026-03-11T14:17:32+00:00\",\"author\":{\"@id\":\"https:\/\/portaltela.pt\/#\/schema\/person\/c4278d4a6028830caff9ee44b42d32ed\"},\"breadcrumb\":{\"@id\":\"https:\/\/portaltela.pt\/noticias\/2026\/03\/11\/alemanha-e-japao-recorrem-a-reservas-de-petroleo-iea-e-g7-ponderam-libertacao\/#breadcrumb\"},\"inLanguage\":\"pt-PT\",\"potentialAction\":[{\"@type\":\"ReadAction\",\"target\":[\"https:\/\/portaltela.pt\/noticias\/2026\/03\/11\/alemanha-e-japao-recorrem-a-reservas-de-petroleo-iea-e-g7-ponderam-libertacao\/\"]}]},{\"@type\":\"ImageObject\",\"inLanguage\":\"pt-PT\",\"@id\":\"https:\/\/portaltela.pt\/noticias\/2026\/03\/11\/alemanha-e-japao-recorrem-a-reservas-de-petroleo-iea-e-g7-ponderam-libertacao\/#primaryimage\",\"url\":\"https:\/\/portaltela.pt\/s.01k8rhncp4jt1\/2026\/03\/1536x864_cmsv2_e8063f8a-d41d-5e76-805d-d0c9a5df6130-9682081.jpg\",\"contentUrl\":\"https:\/\/portaltela.pt\/s.01k8rhncp4jt1\/2026\/03\/1536x864_cmsv2_e8063f8a-d41d-5e76-805d-d0c9a5df6130-9682081.jpg\",\"width\":1536,\"height\":864,\"caption\":\"Foto de arquivo de 8 de junho de 2011 mostra o p\u00f4r do sol atr\u00e1s de uma bomba de extra\u00e7\u00e3o nos campos petrol\u00edferos des\u00e9rticos de Sakhir, no Bar\u00e9m.\"},{\"@type\":\"BreadcrumbList\",\"@id\":\"https:\/\/portaltela.pt\/noticias\/2026\/03\/11\/alemanha-e-japao-recorrem-a-reservas-de-petroleo-iea-e-g7-ponderam-libertacao\/#breadcrumb\",\"itemListElement\":[{\"@type\":\"ListItem\",\"position\":1,\"name\":\"In\u00edcio\",\"item\":\"https:\/\/portaltela.pt\/\"},{\"@type\":\"ListItem\",\"position\":2,\"name\":\"Alemanha e Jap\u00e3o recorrem a reservas de petr\u00f3leo; IEA e G7 ponderam liberta\u00e7\u00e3o\"}]},{\"@type\":\"WebSite\",\"@id\":\"https:\/\/portaltela.pt\/#website\",\"url\":\"https:\/\/portaltela.pt\/\",\"name\":\"Portal Tela Portugal\",\"description\":\"\",\"potentialAction\":[{\"@type\":\"SearchAction\",\"target\":{\"@type\":\"EntryPoint\",\"urlTemplate\":\"https:\/\/portaltela.pt\/?s={search_term_string}\"},\"query-input\":{\"@type\":\"PropertyValueSpecification\",\"valueRequired\":true,\"valueName\":\"search_term_string\"}}],\"inLanguage\":\"pt-PT\"},{\"@type\":\"Person\",\"@id\":\"https:\/\/portaltela.pt\/#\/schema\/person\/c4278d4a6028830caff9ee44b42d32ed\",\"name\":\"Telinha\",\"image\":{\"@type\":\"ImageObject\",\"inLanguage\":\"pt-PT\",\"@id\":\"https:\/\/portaltela.pt\/s.01k8rhncp4jt1\/2025\/11\/talking-bot-125x125.png\",\"url\":\"https:\/\/portaltela.pt\/s.01k8rhncp4jt1\/2025\/11\/talking-bot-125x125.png\",\"contentUrl\":\"https:\/\/portaltela.pt\/s.01k8rhncp4jt1\/2025\/11\/talking-bot-125x125.png\",\"caption\":\"Telinha\"},\"sameAs\":[\"https:\/\/portaltela.pt\/\"],\"url\":\"https:\/\/portaltela.pt\/por\/367410592786\/\"}]}<\/script>\n<!-- \/ Yoast SEO plugin. -->","yoast_head_json":{"title":"Alemanha e Jap\u00e3o recorrem a reservas de petr\u00f3leo; IEA e G7 ponderam liberta\u00e7\u00e3o - Portal Tela Portugal","robots":{"index":"index","follow":"follow","max-snippet":"max-snippet:-1","max-image-preview":"max-image-preview:large","max-video-preview":"max-video-preview:-1"},"og_locale":"pt_PT","og_type":"article","og_title":"Alemanha e Jap\u00e3o recorrem a reservas de petr\u00f3leo; IEA e G7 ponderam liberta\u00e7\u00e3o - Portal Tela Portugal","og_description":"Alemanha e Jap\u00e3o anunciaram libertar parte das respetivas reservas de petr\u00f3leo, ap\u00f3s pedido da Ag\u00eancia Internacional de Energia para libertar 400 milh\u00f5es de barris no mercado. O objetivo \u00e9 atenuar a subida dos pre\u00e7os da energia associada ao conflito com o Ir\u00e3o; o Jap\u00e3o informou que come\u00e7ar\u00e1 a libertar reservas a partir de segunda-feira. O G7, que inclui Alemanha, Jap\u00e3o e outros pa\u00edses, discutiu a liberta\u00e7\u00e3o coordenada, pedindo \u00e0 AIE que avaliasse op\u00e7\u00f5es e apresentasse um plano. A liberta\u00e7\u00e3o ser\u00e1 formalizada pela AIE, que convocou uma reuni\u00e3o extraordin\u00e1ria dos seus 32 membros para decidir os pr\u00f3ximos passos, com decis\u00e3o esperada at\u00e9 quarta-feira. O Brent mantinha-se significativamente acima dos n\u00edveis pr\u00e9-confli\u00adto, refletindo a press\u00e3o cont\u00ednua no mercado de energia global.","og_url":"https:\/\/portaltela.pt\/noticias\/2026\/03\/11\/alemanha-e-japao-recorrem-a-reservas-de-petroleo-iea-e-g7-ponderam-libertacao\/","og_site_name":"Portal Tela Portugal","article_published_time":"2026-03-11T14:17:32+00:00","author":"Telinha","twitter_card":"summary_large_image","twitter_misc":{"Escrito por":"Telinha","Tempo estimado de leitura":"2 minutos"},"schema":{"@context":"https:\/\/schema.org","@graph":[{"@type":"Article","@id":"https:\/\/portaltela.pt\/noticias\/2026\/03\/11\/alemanha-e-japao-recorrem-a-reservas-de-petroleo-iea-e-g7-ponderam-libertacao\/#article","isPartOf":{"@id":"https:\/\/portaltela.pt\/noticias\/2026\/03\/11\/alemanha-e-japao-recorrem-a-reservas-de-petroleo-iea-e-g7-ponderam-libertacao\/"},"author":{"name":"Telinha","@id":"https:\/\/portaltela.pt\/#\/schema\/person\/c4278d4a6028830caff9ee44b42d32ed"},"headline":"Alemanha e Jap\u00e3o recorrem a reservas de petr\u00f3leo; IEA e G7 ponderam liberta\u00e7\u00e3o","datePublished":"2026-03-11T14:17:32+00:00","mainEntityOfPage":{"@id":"https:\/\/portaltela.pt\/noticias\/2026\/03\/11\/alemanha-e-japao-recorrem-a-reservas-de-petroleo-iea-e-g7-ponderam-libertacao\/"},"wordCount":391,"image":{"@id":"https:\/\/portaltela.pt\/noticias\/2026\/03\/11\/alemanha-e-japao-recorrem-a-reservas-de-petroleo-iea-e-g7-ponderam-libertacao\/#primaryimage"},"thumbnailUrl":"https:\/\/portaltela.pt\/s.01k8rhncp4jt1\/2026\/03\/1536x864_cmsv2_e8063f8a-d41d-5e76-805d-d0c9a5df6130-9682081.jpg","keywords":["abastecimento de energia","AIEA","conflitos internacionais","energia","not\u00edcias internacionais","san\u00e7\u00f5es"],"articleSection":["Energia"],"inLanguage":"pt-PT"},{"@type":"WebPage","@id":"https:\/\/portaltela.pt\/noticias\/2026\/03\/11\/alemanha-e-japao-recorrem-a-reservas-de-petroleo-iea-e-g7-ponderam-libertacao\/","url":"https:\/\/portaltela.pt\/noticias\/2026\/03\/11\/alemanha-e-japao-recorrem-a-reservas-de-petroleo-iea-e-g7-ponderam-libertacao\/","name":"Alemanha e Jap\u00e3o recorrem a reservas de petr\u00f3leo; IEA e G7 ponderam liberta\u00e7\u00e3o - Portal Tela Portugal","isPartOf":{"@id":"https:\/\/portaltela.pt\/#website"},"primaryImageOfPage":{"@id":"https:\/\/portaltela.pt\/noticias\/2026\/03\/11\/alemanha-e-japao-recorrem-a-reservas-de-petroleo-iea-e-g7-ponderam-libertacao\/#primaryimage"},"image":{"@id":"https:\/\/portaltela.pt\/noticias\/2026\/03\/11\/alemanha-e-japao-recorrem-a-reservas-de-petroleo-iea-e-g7-ponderam-libertacao\/#primaryimage"},"thumbnailUrl":"https:\/\/portaltela.pt\/s.01k8rhncp4jt1\/2026\/03\/1536x864_cmsv2_e8063f8a-d41d-5e76-805d-d0c9a5df6130-9682081.jpg","datePublished":"2026-03-11T14:17:32+00:00","author":{"@id":"https:\/\/portaltela.pt\/#\/schema\/person\/c4278d4a6028830caff9ee44b42d32ed"},"breadcrumb":{"@id":"https:\/\/portaltela.pt\/noticias\/2026\/03\/11\/alemanha-e-japao-recorrem-a-reservas-de-petroleo-iea-e-g7-ponderam-libertacao\/#breadcrumb"},"inLanguage":"pt-PT","potentialAction":[{"@type":"ReadAction","target":["https:\/\/portaltela.pt\/noticias\/2026\/03\/11\/alemanha-e-japao-recorrem-a-reservas-de-petroleo-iea-e-g7-ponderam-libertacao\/"]}]},{"@type":"ImageObject","inLanguage":"pt-PT","@id":"https:\/\/portaltela.pt\/noticias\/2026\/03\/11\/alemanha-e-japao-recorrem-a-reservas-de-petroleo-iea-e-g7-ponderam-libertacao\/#primaryimage","url":"https:\/\/portaltela.pt\/s.01k8rhncp4jt1\/2026\/03\/1536x864_cmsv2_e8063f8a-d41d-5e76-805d-d0c9a5df6130-9682081.jpg","contentUrl":"https:\/\/portaltela.pt\/s.01k8rhncp4jt1\/2026\/03\/1536x864_cmsv2_e8063f8a-d41d-5e76-805d-d0c9a5df6130-9682081.jpg","width":1536,"height":864,"caption":"Foto de arquivo de 8 de junho de 2011 mostra o p\u00f4r do sol atr\u00e1s de uma bomba de extra\u00e7\u00e3o nos campos petrol\u00edferos des\u00e9rticos de Sakhir, no Bar\u00e9m."},{"@type":"BreadcrumbList","@id":"https:\/\/portaltela.pt\/noticias\/2026\/03\/11\/alemanha-e-japao-recorrem-a-reservas-de-petroleo-iea-e-g7-ponderam-libertacao\/#breadcrumb","itemListElement":[{"@type":"ListItem","position":1,"name":"In\u00edcio","item":"https:\/\/portaltela.pt\/"},{"@type":"ListItem","position":2,"name":"Alemanha e Jap\u00e3o recorrem a reservas de petr\u00f3leo; IEA e G7 ponderam liberta\u00e7\u00e3o"}]},{"@type":"WebSite","@id":"https:\/\/portaltela.pt\/#website","url":"https:\/\/portaltela.pt\/","name":"Portal Tela Portugal","description":"","potentialAction":[{"@type":"SearchAction","target":{"@type":"EntryPoint","urlTemplate":"https:\/\/portaltela.pt\/?s={search_term_string}"},"query-input":{"@type":"PropertyValueSpecification","valueRequired":true,"valueName":"search_term_string"}}],"inLanguage":"pt-PT"},{"@type":"Person","@id":"https:\/\/portaltela.pt\/#\/schema\/person\/c4278d4a6028830caff9ee44b42d32ed","name":"Telinha","image":{"@type":"ImageObject","inLanguage":"pt-PT","@id":"https:\/\/portaltela.pt\/s.01k8rhncp4jt1\/2025\/11\/talking-bot-125x125.png","url":"https:\/\/portaltela.pt\/s.01k8rhncp4jt1\/2025\/11\/talking-bot-125x125.png","contentUrl":"https:\/\/portaltela.pt\/s.01k8rhncp4jt1\/2025\/11\/talking-bot-125x125.png","caption":"Telinha"},"sameAs":["https:\/\/portaltela.pt\/"],"url":"https:\/\/portaltela.pt\/por\/367410592786\/"}]}},"_links":{"self":[{"href":"https:\/\/portaltela.pt\/api\/wp\/v2\/posts\/406041","targetHints":{"allow":["GET"]}}],"collection":[{"href":"https:\/\/portaltela.pt\/api\/wp\/v2\/posts"}],"about":[{"href":"https:\/\/portaltela.pt\/api\/wp\/v2\/types\/post"}],"author":[{"embeddable":true,"href":"https:\/\/portaltela.pt\/api\/wp\/v2\/users\/2"}],"replies":[{"embeddable":true,"href":"https:\/\/portaltela.pt\/api\/wp\/v2\/comments?post=406041"}],"version-history":[{"count":0,"href":"https:\/\/portaltela.pt\/api\/wp\/v2\/posts\/406041\/revisions"}],"wp:featuredmedia":[{"embeddable":true,"href":"https:\/\/portaltela.pt\/api\/wp\/v2\/media\/406044"}],"wp:attachment":[{"href":"https:\/\/portaltela.pt\/api\/wp\/v2\/media?parent=406041"}],"wp:term":[{"taxonomy":"category","embeddable":true,"href":"https:\/\/portaltela.pt\/api\/wp\/v2\/categories?post=406041"},{"taxonomy":"post_tag","embeddable":true,"href":"https:\/\/portaltela.pt\/api\/wp\/v2\/tags?post=406041"}],"curies":[{"name":"wp","href":"https:\/\/api.w.org\/{rel}","templated":true}]}}