{"id":406015,"date":"2026-03-11T10:59:29","date_gmt":"2026-03-11T13:59:29","guid":{"rendered":"https:\/\/portaltela.pt\/noticias\/2026\/03\/11\/diogo-carmona-diz-que-qualquer-resultado-e-vitoria-nos-paralimpicos-de-inverno\/"},"modified":"2026-03-11T10:59:29","modified_gmt":"2026-03-11T13:59:29","slug":"diogo-carmona-diz-que-qualquer-resultado-e-vitoria-nos-paralimpicos-de-inverno","status":"publish","type":"post","link":"https:\/\/portaltela.pt\/desporto\/futebol\/2026\/03\/11\/diogo-carmona-diz-que-qualquer-resultado-e-vitoria-nos-paralimpicos-de-inverno\/","title":{"rendered":"Diogo Carmona diz que qualquer resultado \u00e9 vit\u00f3ria nos Paral\u00edmpicos de Inverno"},"content":{"rendered":"<p>Diogo Carmona, ator de 28 anos, estreia Portugal nos Jogos Paral\u00edmpicos de Inverno, em Mil\u00e3o-Cortina, na prova de banket slalom, com a afirma\u00e7\u00e3o de que qualquer resultado ser\u00e1 uma vit\u00f3ria. A participa\u00e7\u00e3o ocorre num contexto de recupera\u00e7\u00e3o de uma les\u00e3o no p\u00e9. A competi\u00e7\u00e3o termina neste domingo.<\/p>\n<p>Carmona foi atropelado em 2019, epis\u00f3dio que lhe retirou parte da perna esquerda. Desde ent\u00e3o, voltou ao gin\u00e1sio e ao skate, antes de abra\u00e7ar o snowboard. Em 2022 iniciou o treino da modalidade de inverno, com apenas 97 dias de neve at\u00e9 este desafio.<\/p>\n<p>O atleta revelou ter ficado surpreendido com os progressos alcan\u00e7ados, apesar das dores residuais que atravessou at\u00e9 fevereiro. Hoje afirma estar pr\u00f3ximo dos 100% e preparado para competir, mantendo foco no objetivo de surpreender quem assiste \u00e0 prova.<\/p>\n<h3>Prepara\u00e7\u00e3o e apoio<\/h3>\n<p>O treinador Nuno Marques, conhecido por orientar Carmona no snowboard, foi determinante na sua inicia\u00e7\u00e3o. O.selected grupo de treino incluiu participa\u00e7\u00e3o de atletas internacionais, como um jovem atleta ucraniano, que partilhou a realidade de treinar em contextos desafiantes.<\/p>\n<p>Carmona descreve-se como ambicioso e admite que a imagem p\u00fablica pode ajudar a promover o desporto para pessoas com defici\u00eancia. O objetivo imediato \u00e9 competir com corpo e mente preparados, sem estabelecer metas excessivamente impositivas.<\/p>\n<h3>Olhar para o futuro<\/h3>\n<p>Al\u00e9m do desporto, Carmona aponta para a possibilidade de competir nos Jogos Paral\u00edmpicos de Ver\u00e3o, caso o skate seja inclu\u00eddo no programa. O atleta entende que a sua trajet\u00f3ria pode inspirar outros a seguir caminhos menos convencionais.<\/p>\n<p>A participa\u00e7\u00e3o em Mil\u00e3o-Cortina junta-se \u00e0 vis\u00e3o de que o desafio paral\u00edmpico \u00e9 uma oportunidade de supera\u00e7\u00e3o pessoal. Carmona enfatiza a import\u00e2ncia de continuar a treinar com regularidade e de manter a concentra\u00e7\u00e3o nas provas seguintes.<\/p>\n","protected":false},"excerpt":{"rendered":"<ul>\n<li>Diogo Carmona assume que, nos Jogos Paral\u00edmpicos de Inverno em Mil\u00e3o-Cortina, qualquer resultado ser\u00e1 uma vit\u00f3ria para Portugal, competindo na prova de banket slalom.<\/li>\n<li>O atleta, de 28 anos, come\u00e7ou a snowboard em 2022, tr\u00eas anos ap\u00f3s perder parte da perna esquerda num acidente de comboio, e far\u00e1 a sua estreia paral\u00edmpica.<\/li>\n<li>Procura manter foco na competi\u00e7\u00e3o, n\u00e3o estabelecendo metas concretas, e admite ter ficado surpreendido com o seu desempenho apesar de ter apenas 97 dias de neve.<\/li>\n<li>A recupera\u00e7\u00e3o ap\u00f3s uma les\u00e3o no p\u00e9 foi progressiva e j\u00e1 est\u00e1 praticamente 100% controlada, permitindo treinos consistentes para o evento.<\/li>\n<li>Carmona destaca a import\u00e2ncia do treinador Nuno Marques, conhecido por &#8220;Mancha&#8221;, e revela que tamb\u00e9m ambiciona competir nos Jogos Paral\u00edmpicos de Ver\u00e3o no skate quando esse desporto integrar o programa.<\/li>\n<\/ul>\n","protected":false},"author":2,"featured_media":406021,"comment_status":"closed","ping_status":"closed","sticky":false,"template":"","format":"standard","meta":{"footnotes":""},"categories":[21,24],"tags":[252,6633,152,635,2737,1014],"class_list":["post-406015","post","type-post","status-publish","format-standard","has-post-thumbnail","hentry","category-desporto","category-futebol","tag-atletas","tag-atletas-internacionais","tag-desporto","tag-desporto-adaptado","tag-pessoas-com-deficiencia","tag-portugal"],"yoast_head":"<!-- This site is optimized with the Yoast SEO plugin v27.2 - https:\/\/yoast.com\/product\/yoast-seo-wordpress\/ -->\n<title>Diogo Carmona diz que qualquer resultado \u00e9 vit\u00f3ria nos Paral\u00edmpicos de Inverno - Portal Tela Portugal<\/title>\n<meta name=\"robots\" content=\"index, follow, max-snippet:-1, max-image-preview:large, max-video-preview:-1\" \/>\n<meta property=\"og:locale\" content=\"pt_PT\" \/>\n<meta property=\"og:type\" content=\"article\" \/>\n<meta property=\"og:title\" content=\"Diogo Carmona diz que qualquer resultado \u00e9 vit\u00f3ria nos Paral\u00edmpicos de Inverno - Portal Tela Portugal\" \/>\n<meta property=\"og:description\" content=\"Diogo Carmona assume que, nos Jogos Paral\u00edmpicos de Inverno em Mil\u00e3o-Cortina, qualquer resultado ser\u00e1 uma vit\u00f3ria para Portugal, competindo na prova de banket slalom. O atleta, de 28 anos, come\u00e7ou a snowboard em 2022, tr\u00eas anos ap\u00f3s perder parte da perna esquerda num acidente de comboio, e far\u00e1 a sua estreia paral\u00edmpica. Procura manter foco na competi\u00e7\u00e3o, n\u00e3o estabelecendo metas concretas, e admite ter ficado surpreendido com o seu desempenho apesar de ter apenas 97 dias de neve. A recupera\u00e7\u00e3o ap\u00f3s uma les\u00e3o no p\u00e9 foi progressiva e j\u00e1 est\u00e1 praticamente 100% controlada, permitindo treinos consistentes para o evento. Carmona destaca a import\u00e2ncia do treinador Nuno Marques, conhecido por &quot;Mancha&quot;, e revela que tamb\u00e9m ambiciona competir nos Jogos Paral\u00edmpicos de Ver\u00e3o no skate quando esse desporto integrar o programa.\" \/>\n<meta property=\"og:url\" content=\"https:\/\/portaltela.pt\/noticias\/2026\/03\/11\/diogo-carmona-diz-que-qualquer-resultado-e-vitoria-nos-paralimpicos-de-inverno\/\" \/>\n<meta property=\"og:site_name\" content=\"Portal Tela Portugal\" \/>\n<meta property=\"article:published_time\" content=\"2026-03-11T13:59:29+00:00\" \/>\n<meta name=\"author\" content=\"Telinha\" \/>\n<meta name=\"twitter:card\" content=\"summary_large_image\" \/>\n<meta name=\"twitter:label1\" content=\"Escrito por\" \/>\n\t<meta name=\"twitter:data1\" content=\"Telinha\" \/>\n\t<meta name=\"twitter:label2\" content=\"Tempo estimado de leitura\" \/>\n\t<meta name=\"twitter:data2\" content=\"2 minutos\" \/>\n<script type=\"application\/ld+json\" class=\"yoast-schema-graph\">{\"@context\":\"https:\/\/schema.org\",\"@graph\":[{\"@type\":\"Article\",\"@id\":\"https:\/\/portaltela.pt\/noticias\/2026\/03\/11\/diogo-carmona-diz-que-qualquer-resultado-e-vitoria-nos-paralimpicos-de-inverno\/#article\",\"isPartOf\":{\"@id\":\"https:\/\/portaltela.pt\/noticias\/2026\/03\/11\/diogo-carmona-diz-que-qualquer-resultado-e-vitoria-nos-paralimpicos-de-inverno\/\"},\"author\":{\"name\":\"Telinha\",\"@id\":\"https:\/\/portaltela.pt\/#\/schema\/person\/c4278d4a6028830caff9ee44b42d32ed\"},\"headline\":\"Diogo Carmona diz que qualquer resultado \u00e9 vit\u00f3ria nos Paral\u00edmpicos de Inverno\",\"datePublished\":\"2026-03-11T13:59:29+00:00\",\"mainEntityOfPage\":{\"@id\":\"https:\/\/portaltela.pt\/noticias\/2026\/03\/11\/diogo-carmona-diz-que-qualquer-resultado-e-vitoria-nos-paralimpicos-de-inverno\/\"},\"wordCount\":318,\"image\":{\"@id\":\"https:\/\/portaltela.pt\/noticias\/2026\/03\/11\/diogo-carmona-diz-que-qualquer-resultado-e-vitoria-nos-paralimpicos-de-inverno\/#primaryimage\"},\"thumbnailUrl\":\"https:\/\/portaltela.pt\/s.01k8rhncp4jt1\/2026\/03\/img_1200x721uu2026-02-22-18-12-54-2423135.jpg\",\"keywords\":[\"atletas\",\"atletas internacionais\",\"desporto\",\"desporto adaptado\",\"pessoas com defici\u00eancia\",\"Portugal\"],\"articleSection\":[\"Desporto\",\"Futebol\"],\"inLanguage\":\"pt-PT\"},{\"@type\":\"WebPage\",\"@id\":\"https:\/\/portaltela.pt\/noticias\/2026\/03\/11\/diogo-carmona-diz-que-qualquer-resultado-e-vitoria-nos-paralimpicos-de-inverno\/\",\"url\":\"https:\/\/portaltela.pt\/noticias\/2026\/03\/11\/diogo-carmona-diz-que-qualquer-resultado-e-vitoria-nos-paralimpicos-de-inverno\/\",\"name\":\"Diogo Carmona diz que qualquer resultado \u00e9 vit\u00f3ria nos Paral\u00edmpicos de Inverno - Portal Tela Portugal\",\"isPartOf\":{\"@id\":\"https:\/\/portaltela.pt\/#website\"},\"primaryImageOfPage\":{\"@id\":\"https:\/\/portaltela.pt\/noticias\/2026\/03\/11\/diogo-carmona-diz-que-qualquer-resultado-e-vitoria-nos-paralimpicos-de-inverno\/#primaryimage\"},\"image\":{\"@id\":\"https:\/\/portaltela.pt\/noticias\/2026\/03\/11\/diogo-carmona-diz-que-qualquer-resultado-e-vitoria-nos-paralimpicos-de-inverno\/#primaryimage\"},\"thumbnailUrl\":\"https:\/\/portaltela.pt\/s.01k8rhncp4jt1\/2026\/03\/img_1200x721uu2026-02-22-18-12-54-2423135.jpg\",\"datePublished\":\"2026-03-11T13:59:29+00:00\",\"author\":{\"@id\":\"https:\/\/portaltela.pt\/#\/schema\/person\/c4278d4a6028830caff9ee44b42d32ed\"},\"breadcrumb\":{\"@id\":\"https:\/\/portaltela.pt\/noticias\/2026\/03\/11\/diogo-carmona-diz-que-qualquer-resultado-e-vitoria-nos-paralimpicos-de-inverno\/#breadcrumb\"},\"inLanguage\":\"pt-PT\",\"potentialAction\":[{\"@type\":\"ReadAction\",\"target\":[\"https:\/\/portaltela.pt\/noticias\/2026\/03\/11\/diogo-carmona-diz-que-qualquer-resultado-e-vitoria-nos-paralimpicos-de-inverno\/\"]}]},{\"@type\":\"ImageObject\",\"inLanguage\":\"pt-PT\",\"@id\":\"https:\/\/portaltela.pt\/noticias\/2026\/03\/11\/diogo-carmona-diz-que-qualquer-resultado-e-vitoria-nos-paralimpicos-de-inverno\/#primaryimage\",\"url\":\"https:\/\/portaltela.pt\/s.01k8rhncp4jt1\/2026\/03\/img_1200x721uu2026-02-22-18-12-54-2423135.jpg\",\"contentUrl\":\"https:\/\/portaltela.pt\/s.01k8rhncp4jt1\/2026\/03\/img_1200x721uu2026-02-22-18-12-54-2423135.jpg\",\"width\":1200,\"height\":721,\"caption\":\"Diogo Carmona assume que \\\"qualquer resultado\\\" \u00e9 uma vit\u00f3ria nos Paral\u00edmpicos de Inverno\"},{\"@type\":\"BreadcrumbList\",\"@id\":\"https:\/\/portaltela.pt\/noticias\/2026\/03\/11\/diogo-carmona-diz-que-qualquer-resultado-e-vitoria-nos-paralimpicos-de-inverno\/#breadcrumb\",\"itemListElement\":[{\"@type\":\"ListItem\",\"position\":1,\"name\":\"In\u00edcio\",\"item\":\"https:\/\/portaltela.pt\/\"},{\"@type\":\"ListItem\",\"position\":2,\"name\":\"Diogo Carmona diz que qualquer resultado \u00e9 vit\u00f3ria nos Paral\u00edmpicos de Inverno\"}]},{\"@type\":\"WebSite\",\"@id\":\"https:\/\/portaltela.pt\/#website\",\"url\":\"https:\/\/portaltela.pt\/\",\"name\":\"Portal Tela Portugal\",\"description\":\"\",\"potentialAction\":[{\"@type\":\"SearchAction\",\"target\":{\"@type\":\"EntryPoint\",\"urlTemplate\":\"https:\/\/portaltela.pt\/?s={search_term_string}\"},\"query-input\":{\"@type\":\"PropertyValueSpecification\",\"valueRequired\":true,\"valueName\":\"search_term_string\"}}],\"inLanguage\":\"pt-PT\"},{\"@type\":\"Person\",\"@id\":\"https:\/\/portaltela.pt\/#\/schema\/person\/c4278d4a6028830caff9ee44b42d32ed\",\"name\":\"Telinha\",\"image\":{\"@type\":\"ImageObject\",\"inLanguage\":\"pt-PT\",\"@id\":\"https:\/\/portaltela.pt\/s.01k8rhncp4jt1\/2025\/11\/talking-bot-125x125.png\",\"url\":\"https:\/\/portaltela.pt\/s.01k8rhncp4jt1\/2025\/11\/talking-bot-125x125.png\",\"contentUrl\":\"https:\/\/portaltela.pt\/s.01k8rhncp4jt1\/2025\/11\/talking-bot-125x125.png\",\"caption\":\"Telinha\"},\"sameAs\":[\"https:\/\/portaltela.pt\/\"],\"url\":\"https:\/\/portaltela.pt\/por\/367410592786\/\"}]}<\/script>\n<!-- \/ Yoast SEO plugin. -->","yoast_head_json":{"title":"Diogo Carmona diz que qualquer resultado \u00e9 vit\u00f3ria nos Paral\u00edmpicos de Inverno - Portal Tela Portugal","robots":{"index":"index","follow":"follow","max-snippet":"max-snippet:-1","max-image-preview":"max-image-preview:large","max-video-preview":"max-video-preview:-1"},"og_locale":"pt_PT","og_type":"article","og_title":"Diogo Carmona diz que qualquer resultado \u00e9 vit\u00f3ria nos Paral\u00edmpicos de Inverno - Portal Tela Portugal","og_description":"Diogo Carmona assume que, nos Jogos Paral\u00edmpicos de Inverno em Mil\u00e3o-Cortina, qualquer resultado ser\u00e1 uma vit\u00f3ria para Portugal, competindo na prova de banket slalom. O atleta, de 28 anos, come\u00e7ou a snowboard em 2022, tr\u00eas anos ap\u00f3s perder parte da perna esquerda num acidente de comboio, e far\u00e1 a sua estreia paral\u00edmpica. Procura manter foco na competi\u00e7\u00e3o, n\u00e3o estabelecendo metas concretas, e admite ter ficado surpreendido com o seu desempenho apesar de ter apenas 97 dias de neve. A recupera\u00e7\u00e3o ap\u00f3s uma les\u00e3o no p\u00e9 foi progressiva e j\u00e1 est\u00e1 praticamente 100% controlada, permitindo treinos consistentes para o evento. Carmona destaca a import\u00e2ncia do treinador Nuno Marques, conhecido por \"Mancha\", e revela que tamb\u00e9m ambiciona competir nos Jogos Paral\u00edmpicos de Ver\u00e3o no skate quando esse desporto integrar o programa.","og_url":"https:\/\/portaltela.pt\/noticias\/2026\/03\/11\/diogo-carmona-diz-que-qualquer-resultado-e-vitoria-nos-paralimpicos-de-inverno\/","og_site_name":"Portal Tela Portugal","article_published_time":"2026-03-11T13:59:29+00:00","author":"Telinha","twitter_card":"summary_large_image","twitter_misc":{"Escrito por":"Telinha","Tempo estimado de leitura":"2 minutos"},"schema":{"@context":"https:\/\/schema.org","@graph":[{"@type":"Article","@id":"https:\/\/portaltela.pt\/noticias\/2026\/03\/11\/diogo-carmona-diz-que-qualquer-resultado-e-vitoria-nos-paralimpicos-de-inverno\/#article","isPartOf":{"@id":"https:\/\/portaltela.pt\/noticias\/2026\/03\/11\/diogo-carmona-diz-que-qualquer-resultado-e-vitoria-nos-paralimpicos-de-inverno\/"},"author":{"name":"Telinha","@id":"https:\/\/portaltela.pt\/#\/schema\/person\/c4278d4a6028830caff9ee44b42d32ed"},"headline":"Diogo Carmona diz que qualquer resultado \u00e9 vit\u00f3ria nos Paral\u00edmpicos de Inverno","datePublished":"2026-03-11T13:59:29+00:00","mainEntityOfPage":{"@id":"https:\/\/portaltela.pt\/noticias\/2026\/03\/11\/diogo-carmona-diz-que-qualquer-resultado-e-vitoria-nos-paralimpicos-de-inverno\/"},"wordCount":318,"image":{"@id":"https:\/\/portaltela.pt\/noticias\/2026\/03\/11\/diogo-carmona-diz-que-qualquer-resultado-e-vitoria-nos-paralimpicos-de-inverno\/#primaryimage"},"thumbnailUrl":"https:\/\/portaltela.pt\/s.01k8rhncp4jt1\/2026\/03\/img_1200x721uu2026-02-22-18-12-54-2423135.jpg","keywords":["atletas","atletas internacionais","desporto","desporto adaptado","pessoas com defici\u00eancia","Portugal"],"articleSection":["Desporto","Futebol"],"inLanguage":"pt-PT"},{"@type":"WebPage","@id":"https:\/\/portaltela.pt\/noticias\/2026\/03\/11\/diogo-carmona-diz-que-qualquer-resultado-e-vitoria-nos-paralimpicos-de-inverno\/","url":"https:\/\/portaltela.pt\/noticias\/2026\/03\/11\/diogo-carmona-diz-que-qualquer-resultado-e-vitoria-nos-paralimpicos-de-inverno\/","name":"Diogo Carmona diz que qualquer resultado \u00e9 vit\u00f3ria nos Paral\u00edmpicos de Inverno - Portal Tela Portugal","isPartOf":{"@id":"https:\/\/portaltela.pt\/#website"},"primaryImageOfPage":{"@id":"https:\/\/portaltela.pt\/noticias\/2026\/03\/11\/diogo-carmona-diz-que-qualquer-resultado-e-vitoria-nos-paralimpicos-de-inverno\/#primaryimage"},"image":{"@id":"https:\/\/portaltela.pt\/noticias\/2026\/03\/11\/diogo-carmona-diz-que-qualquer-resultado-e-vitoria-nos-paralimpicos-de-inverno\/#primaryimage"},"thumbnailUrl":"https:\/\/portaltela.pt\/s.01k8rhncp4jt1\/2026\/03\/img_1200x721uu2026-02-22-18-12-54-2423135.jpg","datePublished":"2026-03-11T13:59:29+00:00","author":{"@id":"https:\/\/portaltela.pt\/#\/schema\/person\/c4278d4a6028830caff9ee44b42d32ed"},"breadcrumb":{"@id":"https:\/\/portaltela.pt\/noticias\/2026\/03\/11\/diogo-carmona-diz-que-qualquer-resultado-e-vitoria-nos-paralimpicos-de-inverno\/#breadcrumb"},"inLanguage":"pt-PT","potentialAction":[{"@type":"ReadAction","target":["https:\/\/portaltela.pt\/noticias\/2026\/03\/11\/diogo-carmona-diz-que-qualquer-resultado-e-vitoria-nos-paralimpicos-de-inverno\/"]}]},{"@type":"ImageObject","inLanguage":"pt-PT","@id":"https:\/\/portaltela.pt\/noticias\/2026\/03\/11\/diogo-carmona-diz-que-qualquer-resultado-e-vitoria-nos-paralimpicos-de-inverno\/#primaryimage","url":"https:\/\/portaltela.pt\/s.01k8rhncp4jt1\/2026\/03\/img_1200x721uu2026-02-22-18-12-54-2423135.jpg","contentUrl":"https:\/\/portaltela.pt\/s.01k8rhncp4jt1\/2026\/03\/img_1200x721uu2026-02-22-18-12-54-2423135.jpg","width":1200,"height":721,"caption":"Diogo Carmona assume que \"qualquer resultado\" \u00e9 uma vit\u00f3ria nos Paral\u00edmpicos de Inverno"},{"@type":"BreadcrumbList","@id":"https:\/\/portaltela.pt\/noticias\/2026\/03\/11\/diogo-carmona-diz-que-qualquer-resultado-e-vitoria-nos-paralimpicos-de-inverno\/#breadcrumb","itemListElement":[{"@type":"ListItem","position":1,"name":"In\u00edcio","item":"https:\/\/portaltela.pt\/"},{"@type":"ListItem","position":2,"name":"Diogo Carmona diz que qualquer resultado \u00e9 vit\u00f3ria nos Paral\u00edmpicos de Inverno"}]},{"@type":"WebSite","@id":"https:\/\/portaltela.pt\/#website","url":"https:\/\/portaltela.pt\/","name":"Portal Tela Portugal","description":"","potentialAction":[{"@type":"SearchAction","target":{"@type":"EntryPoint","urlTemplate":"https:\/\/portaltela.pt\/?s={search_term_string}"},"query-input":{"@type":"PropertyValueSpecification","valueRequired":true,"valueName":"search_term_string"}}],"inLanguage":"pt-PT"},{"@type":"Person","@id":"https:\/\/portaltela.pt\/#\/schema\/person\/c4278d4a6028830caff9ee44b42d32ed","name":"Telinha","image":{"@type":"ImageObject","inLanguage":"pt-PT","@id":"https:\/\/portaltela.pt\/s.01k8rhncp4jt1\/2025\/11\/talking-bot-125x125.png","url":"https:\/\/portaltela.pt\/s.01k8rhncp4jt1\/2025\/11\/talking-bot-125x125.png","contentUrl":"https:\/\/portaltela.pt\/s.01k8rhncp4jt1\/2025\/11\/talking-bot-125x125.png","caption":"Telinha"},"sameAs":["https:\/\/portaltela.pt\/"],"url":"https:\/\/portaltela.pt\/por\/367410592786\/"}]}},"_links":{"self":[{"href":"https:\/\/portaltela.pt\/api\/wp\/v2\/posts\/406015","targetHints":{"allow":["GET"]}}],"collection":[{"href":"https:\/\/portaltela.pt\/api\/wp\/v2\/posts"}],"about":[{"href":"https:\/\/portaltela.pt\/api\/wp\/v2\/types\/post"}],"author":[{"embeddable":true,"href":"https:\/\/portaltela.pt\/api\/wp\/v2\/users\/2"}],"replies":[{"embeddable":true,"href":"https:\/\/portaltela.pt\/api\/wp\/v2\/comments?post=406015"}],"version-history":[{"count":0,"href":"https:\/\/portaltela.pt\/api\/wp\/v2\/posts\/406015\/revisions"}],"wp:featuredmedia":[{"embeddable":true,"href":"https:\/\/portaltela.pt\/api\/wp\/v2\/media\/406021"}],"wp:attachment":[{"href":"https:\/\/portaltela.pt\/api\/wp\/v2\/media?parent=406015"}],"wp:term":[{"taxonomy":"category","embeddable":true,"href":"https:\/\/portaltela.pt\/api\/wp\/v2\/categories?post=406015"},{"taxonomy":"post_tag","embeddable":true,"href":"https:\/\/portaltela.pt\/api\/wp\/v2\/tags?post=406015"}],"curies":[{"name":"wp","href":"https:\/\/api.w.org\/{rel}","templated":true}]}}