{"id":406010,"date":"2026-03-11T10:55:12","date_gmt":"2026-03-11T13:55:12","guid":{"rendered":"https:\/\/portaltela.pt\/noticias\/2026\/03\/11\/bruxelas-processa-portugal-por-nao-transpor-normas-sobre-partilha-policial\/"},"modified":"2026-03-11T10:55:12","modified_gmt":"2026-03-11T13:55:12","slug":"bruxelas-processa-portugal-por-nao-transpor-normas-sobre-partilha-policial","status":"publish","type":"post","link":"https:\/\/portaltela.pt\/noticias\/2026\/03\/11\/bruxelas-processa-portugal-por-nao-transpor-normas-sobre-partilha-policial\/","title":{"rendered":"Bruxelas processa Portugal por n\u00e3o transpor normas sobre partilha policial"},"content":{"rendered":"<p>A Comiss\u00e3o Europeia determinou que Portugal ainda n\u00e3o transposou integralmente uma diretiva que define regras para a troca de informa\u00e7\u00f5es entre for\u00e7as de autoridade da UE. A medida faz parte de um pacote de infra\u00e7\u00f5es e fixa um prazo de dois meses para cumprir a transposi\u00e7\u00e3o.<\/p>\n<p>A diretiva, descrita como essencial para combater crimes transfronteiri\u00e7os, visa garantir que agentes de um Estado-membro tenham acesso \u00e0s mesmas informa\u00e7\u00f5es que os de outros pa\u00edses. O objetivo \u00e9 facilitar uma coopera\u00e7\u00e3o r\u00e1pida e eficaz entre as for\u00e7as de seguran\u00e7a.<\/p>\n<p>A Comiss\u00e3o sustenta que Portugal, Fran\u00e7a e Bulg\u00e1ria transpondo apenas parcialmente as medidas, ficam agora sujeitas a uma segunda fase do processo de infra\u00e7\u00e3o. Se n\u00e3o houver resposta satisfat\u00f3ria, o caso pode seguir para o Tribunal de Justi\u00e7a da UE e implicar san\u00e7\u00f5es financeiras.<\/p>\n<h3>Substitui\u00e7\u00e3o de informa\u00e7\u00f5es e PNRE<\/h3>\n<p>Paralelamente, o executivo europeu abriu outro processo contra Portugal, juntamente com 18 Estados-membros, por n\u00e3o submeter at\u00e9 31 de dezembro o Plano Nacional de Renova\u00e7\u00e3o de Edif\u00edcios (PNRE). Este plano \u00e9 visto como ferramenta estrat\u00e9gica para melhorar o desempenho energ\u00e9tico do parque edificado.<\/p>\n<p>Os PNRE s\u00e3o apresentados como essenciais para descarbonizar edif\u00edcios e reduzir faturas energ\u00e9ticas. A Comiss\u00e3o afirma que a submiss\u00e3o atempada permite avaliar estrat\u00e9gias nacionais e garantir planos abrangentes e exequ\u00edveis, alinhados com metas clim\u00e1ticas da UE.<\/p>\n<p>A Comiss\u00e3o apela aos Estados-membros para responderem \u00e0s cartas com medidas concretas, mantendo o prazo de dois meses para cada caso. Caso n\u00e3o haja progressos suficientes, novos passos legais poder\u00e3o ser acionados.<\/p>\n","protected":false},"excerpt":{"rendered":"<ul>\n<li>A Comiss\u00e3o Europeia deu a Portugal dois meses para transpor totalmente uma diretiva sobre a troca de informa\u00e7\u00f5es entre for\u00e7as de autoridade da Uni\u00e3o Europeia, ap\u00f3s emitir um parecer fundamentado.<\/li>\n<li>A diretiva visa refor\u00e7ar a preven\u00e7\u00e3o, dete\u00e7\u00e3o e investiga\u00e7\u00e3o de crimes transfronteiri\u00e7os, criando regras para a partilha de informa\u00e7\u00f5es entre Estados-membros e um ponto \u00fanico de contacto.<\/li>\n<li>Portugal, Fran\u00e7a e Bulg\u00e1ria comunicaram apenas a transposi\u00e7\u00e3o parcial das medidas; t\u00eam agora dois meses para completar a transposi\u00e7\u00e3o, sob pena de serem enviados ao Tribunal de Justi\u00e7a da Uni\u00e3o Europeia com poss\u00edvel san\u00e7\u00e3o financeira.<\/li>\n<li>Este \u00e9 o segundo passo no processo de infra\u00e7\u00e3o, ap\u00f3s a emiss\u00e3o de uma carta de notifica\u00e7\u00e3o formal; se n\u00e3o houver resposta satisfat\u00f3ria, o caso pode seguir para o TJUE.<\/li>\n<li>Em paralelo, a Comiss\u00e3o abriu outro processo contra Portugal por n\u00e3o submeter, at\u00e9 31 de dezembro, o Plano Nacional de Renova\u00e7\u00e3o de Edif\u00edcios (PNRE), ferramenta para melhorar o desempenho energ\u00e9tico dos edif\u00edcios.<\/li>\n<\/ul>\n","protected":false},"author":2,"featured_media":406016,"comment_status":"closed","ping_status":"closed","sticky":false,"template":"","format":"standard","meta":{"footnotes":""},"categories":[6815,1],"tags":[256,5072,1022,174,5547,2055],"class_list":["post-406010","post","type-post","status-publish","format-standard","has-post-thumbnail","hentry","category-justica","category-noticias","tag-cooperacao-internacional","tag-descarbonizacao","tag-eficiencia-energetica","tag-energia","tag-informacao-internacional","tag-uniao-europeia"],"yoast_head":"<!-- This site is optimized with the Yoast SEO plugin v27.2 - https:\/\/yoast.com\/product\/yoast-seo-wordpress\/ -->\n<title>Bruxelas processa Portugal por n\u00e3o transpor normas sobre partilha policial - Portal Tela Portugal<\/title>\n<meta name=\"robots\" content=\"index, follow, max-snippet:-1, max-image-preview:large, max-video-preview:-1\" \/>\n<meta property=\"og:locale\" content=\"pt_PT\" \/>\n<meta property=\"og:type\" content=\"article\" \/>\n<meta property=\"og:title\" content=\"Bruxelas processa Portugal por n\u00e3o transpor normas sobre partilha policial - Portal Tela Portugal\" \/>\n<meta property=\"og:description\" content=\"A Comiss\u00e3o Europeia deu a Portugal dois meses para transpor totalmente uma diretiva sobre a troca de informa\u00e7\u00f5es entre for\u00e7as de autoridade da Uni\u00e3o Europeia, ap\u00f3s emitir um parecer fundamentado. A diretiva visa refor\u00e7ar a preven\u00e7\u00e3o, dete\u00e7\u00e3o e investiga\u00e7\u00e3o de crimes transfronteiri\u00e7os, criando regras para a partilha de informa\u00e7\u00f5es entre Estados-membros e um ponto \u00fanico de contacto. Portugal, Fran\u00e7a e Bulg\u00e1ria comunicaram apenas a transposi\u00e7\u00e3o parcial das medidas; t\u00eam agora dois meses para completar a transposi\u00e7\u00e3o, sob pena de serem enviados ao Tribunal de Justi\u00e7a da Uni\u00e3o Europeia com poss\u00edvel san\u00e7\u00e3o financeira. Este \u00e9 o segundo passo no processo de infra\u00e7\u00e3o, ap\u00f3s a emiss\u00e3o de uma carta de notifica\u00e7\u00e3o formal; se n\u00e3o houver resposta satisfat\u00f3ria, o caso pode seguir para o TJUE. Em paralelo, a Comiss\u00e3o abriu outro processo contra Portugal por n\u00e3o submeter, at\u00e9 31 de dezembro, o Plano Nacional de Renova\u00e7\u00e3o de Edif\u00edcios (PNRE), ferramenta para melhorar o desempenho energ\u00e9tico dos edif\u00edcios.\" \/>\n<meta property=\"og:url\" content=\"https:\/\/portaltela.pt\/noticias\/2026\/03\/11\/bruxelas-processa-portugal-por-nao-transpor-normas-sobre-partilha-policial\/\" \/>\n<meta property=\"og:site_name\" content=\"Portal Tela Portugal\" \/>\n<meta property=\"article:published_time\" content=\"2026-03-11T13:55:12+00:00\" \/>\n<meta name=\"author\" content=\"Telinha\" \/>\n<meta name=\"twitter:card\" content=\"summary_large_image\" \/>\n<meta name=\"twitter:label1\" content=\"Escrito por\" \/>\n\t<meta name=\"twitter:data1\" content=\"Telinha\" \/>\n\t<meta name=\"twitter:label2\" content=\"Tempo estimado de leitura\" \/>\n\t<meta name=\"twitter:data2\" content=\"1 minuto\" \/>\n<script type=\"application\/ld+json\" class=\"yoast-schema-graph\">{\"@context\":\"https:\/\/schema.org\",\"@graph\":[{\"@type\":\"Article\",\"@id\":\"https:\/\/portaltela.pt\/noticias\/2026\/03\/11\/bruxelas-processa-portugal-por-nao-transpor-normas-sobre-partilha-policial\/#article\",\"isPartOf\":{\"@id\":\"https:\/\/portaltela.pt\/noticias\/2026\/03\/11\/bruxelas-processa-portugal-por-nao-transpor-normas-sobre-partilha-policial\/\"},\"author\":{\"name\":\"Telinha\",\"@id\":\"https:\/\/portaltela.pt\/#\/schema\/person\/c4278d4a6028830caff9ee44b42d32ed\"},\"headline\":\"Bruxelas processa Portugal por n\u00e3o transpor normas sobre partilha policial\",\"datePublished\":\"2026-03-11T13:55:12+00:00\",\"mainEntityOfPage\":{\"@id\":\"https:\/\/portaltela.pt\/noticias\/2026\/03\/11\/bruxelas-processa-portugal-por-nao-transpor-normas-sobre-partilha-policial\/\"},\"wordCount\":292,\"image\":{\"@id\":\"https:\/\/portaltela.pt\/noticias\/2026\/03\/11\/bruxelas-processa-portugal-por-nao-transpor-normas-sobre-partilha-policial\/#primaryimage\"},\"thumbnailUrl\":\"https:\/\/portaltela.pt\/s.01k8rhncp4jt1\/2026\/03\/img_1280x721uu2026-02-18-13-21-11-2233243.jpg\",\"keywords\":[\"coopera\u00e7\u00e3o internacional\",\"descarboniza\u00e7\u00e3o\",\"Efici\u00eancia Energ\u00e9tica\",\"energia\",\"informa\u00e7\u00e3o internacional\",\"Uni\u00e3o Europeia\"],\"articleSection\":[\"Justi\u00e7a\",\"Not\u00edcias\"],\"inLanguage\":\"pt-PT\"},{\"@type\":\"WebPage\",\"@id\":\"https:\/\/portaltela.pt\/noticias\/2026\/03\/11\/bruxelas-processa-portugal-por-nao-transpor-normas-sobre-partilha-policial\/\",\"url\":\"https:\/\/portaltela.pt\/noticias\/2026\/03\/11\/bruxelas-processa-portugal-por-nao-transpor-normas-sobre-partilha-policial\/\",\"name\":\"Bruxelas processa Portugal por n\u00e3o transpor normas sobre partilha policial - Portal Tela Portugal\",\"isPartOf\":{\"@id\":\"https:\/\/portaltela.pt\/#website\"},\"primaryImageOfPage\":{\"@id\":\"https:\/\/portaltela.pt\/noticias\/2026\/03\/11\/bruxelas-processa-portugal-por-nao-transpor-normas-sobre-partilha-policial\/#primaryimage\"},\"image\":{\"@id\":\"https:\/\/portaltela.pt\/noticias\/2026\/03\/11\/bruxelas-processa-portugal-por-nao-transpor-normas-sobre-partilha-policial\/#primaryimage\"},\"thumbnailUrl\":\"https:\/\/portaltela.pt\/s.01k8rhncp4jt1\/2026\/03\/img_1280x721uu2026-02-18-13-21-11-2233243.jpg\",\"datePublished\":\"2026-03-11T13:55:12+00:00\",\"author\":{\"@id\":\"https:\/\/portaltela.pt\/#\/schema\/person\/c4278d4a6028830caff9ee44b42d32ed\"},\"breadcrumb\":{\"@id\":\"https:\/\/portaltela.pt\/noticias\/2026\/03\/11\/bruxelas-processa-portugal-por-nao-transpor-normas-sobre-partilha-policial\/#breadcrumb\"},\"inLanguage\":\"pt-PT\",\"potentialAction\":[{\"@type\":\"ReadAction\",\"target\":[\"https:\/\/portaltela.pt\/noticias\/2026\/03\/11\/bruxelas-processa-portugal-por-nao-transpor-normas-sobre-partilha-policial\/\"]}]},{\"@type\":\"ImageObject\",\"inLanguage\":\"pt-PT\",\"@id\":\"https:\/\/portaltela.pt\/noticias\/2026\/03\/11\/bruxelas-processa-portugal-por-nao-transpor-normas-sobre-partilha-policial\/#primaryimage\",\"url\":\"https:\/\/portaltela.pt\/s.01k8rhncp4jt1\/2026\/03\/img_1280x721uu2026-02-18-13-21-11-2233243.jpg\",\"contentUrl\":\"https:\/\/portaltela.pt\/s.01k8rhncp4jt1\/2026\/03\/img_1280x721uu2026-02-18-13-21-11-2233243.jpg\",\"width\":796,\"height\":448,\"caption\":\"Bandeiras da Uni\u00e3o Europeia\"},{\"@type\":\"BreadcrumbList\",\"@id\":\"https:\/\/portaltela.pt\/noticias\/2026\/03\/11\/bruxelas-processa-portugal-por-nao-transpor-normas-sobre-partilha-policial\/#breadcrumb\",\"itemListElement\":[{\"@type\":\"ListItem\",\"position\":1,\"name\":\"In\u00edcio\",\"item\":\"https:\/\/portaltela.pt\/\"},{\"@type\":\"ListItem\",\"position\":2,\"name\":\"Bruxelas processa Portugal por n\u00e3o transpor normas sobre partilha policial\"}]},{\"@type\":\"WebSite\",\"@id\":\"https:\/\/portaltela.pt\/#website\",\"url\":\"https:\/\/portaltela.pt\/\",\"name\":\"Portal Tela Portugal\",\"description\":\"\",\"potentialAction\":[{\"@type\":\"SearchAction\",\"target\":{\"@type\":\"EntryPoint\",\"urlTemplate\":\"https:\/\/portaltela.pt\/?s={search_term_string}\"},\"query-input\":{\"@type\":\"PropertyValueSpecification\",\"valueRequired\":true,\"valueName\":\"search_term_string\"}}],\"inLanguage\":\"pt-PT\"},{\"@type\":\"Person\",\"@id\":\"https:\/\/portaltela.pt\/#\/schema\/person\/c4278d4a6028830caff9ee44b42d32ed\",\"name\":\"Telinha\",\"image\":{\"@type\":\"ImageObject\",\"inLanguage\":\"pt-PT\",\"@id\":\"https:\/\/portaltela.pt\/s.01k8rhncp4jt1\/2025\/11\/talking-bot-125x125.png\",\"url\":\"https:\/\/portaltela.pt\/s.01k8rhncp4jt1\/2025\/11\/talking-bot-125x125.png\",\"contentUrl\":\"https:\/\/portaltela.pt\/s.01k8rhncp4jt1\/2025\/11\/talking-bot-125x125.png\",\"caption\":\"Telinha\"},\"sameAs\":[\"https:\/\/portaltela.pt\/\"],\"url\":\"https:\/\/portaltela.pt\/por\/367410592786\/\"}]}<\/script>\n<!-- \/ Yoast SEO plugin. -->","yoast_head_json":{"title":"Bruxelas processa Portugal por n\u00e3o transpor normas sobre partilha policial - Portal Tela Portugal","robots":{"index":"index","follow":"follow","max-snippet":"max-snippet:-1","max-image-preview":"max-image-preview:large","max-video-preview":"max-video-preview:-1"},"og_locale":"pt_PT","og_type":"article","og_title":"Bruxelas processa Portugal por n\u00e3o transpor normas sobre partilha policial - Portal Tela Portugal","og_description":"A Comiss\u00e3o Europeia deu a Portugal dois meses para transpor totalmente uma diretiva sobre a troca de informa\u00e7\u00f5es entre for\u00e7as de autoridade da Uni\u00e3o Europeia, ap\u00f3s emitir um parecer fundamentado. A diretiva visa refor\u00e7ar a preven\u00e7\u00e3o, dete\u00e7\u00e3o e investiga\u00e7\u00e3o de crimes transfronteiri\u00e7os, criando regras para a partilha de informa\u00e7\u00f5es entre Estados-membros e um ponto \u00fanico de contacto. Portugal, Fran\u00e7a e Bulg\u00e1ria comunicaram apenas a transposi\u00e7\u00e3o parcial das medidas; t\u00eam agora dois meses para completar a transposi\u00e7\u00e3o, sob pena de serem enviados ao Tribunal de Justi\u00e7a da Uni\u00e3o Europeia com poss\u00edvel san\u00e7\u00e3o financeira. Este \u00e9 o segundo passo no processo de infra\u00e7\u00e3o, ap\u00f3s a emiss\u00e3o de uma carta de notifica\u00e7\u00e3o formal; se n\u00e3o houver resposta satisfat\u00f3ria, o caso pode seguir para o TJUE. Em paralelo, a Comiss\u00e3o abriu outro processo contra Portugal por n\u00e3o submeter, at\u00e9 31 de dezembro, o Plano Nacional de Renova\u00e7\u00e3o de Edif\u00edcios (PNRE), ferramenta para melhorar o desempenho energ\u00e9tico dos edif\u00edcios.","og_url":"https:\/\/portaltela.pt\/noticias\/2026\/03\/11\/bruxelas-processa-portugal-por-nao-transpor-normas-sobre-partilha-policial\/","og_site_name":"Portal Tela Portugal","article_published_time":"2026-03-11T13:55:12+00:00","author":"Telinha","twitter_card":"summary_large_image","twitter_misc":{"Escrito por":"Telinha","Tempo estimado de leitura":"1 minuto"},"schema":{"@context":"https:\/\/schema.org","@graph":[{"@type":"Article","@id":"https:\/\/portaltela.pt\/noticias\/2026\/03\/11\/bruxelas-processa-portugal-por-nao-transpor-normas-sobre-partilha-policial\/#article","isPartOf":{"@id":"https:\/\/portaltela.pt\/noticias\/2026\/03\/11\/bruxelas-processa-portugal-por-nao-transpor-normas-sobre-partilha-policial\/"},"author":{"name":"Telinha","@id":"https:\/\/portaltela.pt\/#\/schema\/person\/c4278d4a6028830caff9ee44b42d32ed"},"headline":"Bruxelas processa Portugal por n\u00e3o transpor normas sobre partilha policial","datePublished":"2026-03-11T13:55:12+00:00","mainEntityOfPage":{"@id":"https:\/\/portaltela.pt\/noticias\/2026\/03\/11\/bruxelas-processa-portugal-por-nao-transpor-normas-sobre-partilha-policial\/"},"wordCount":292,"image":{"@id":"https:\/\/portaltela.pt\/noticias\/2026\/03\/11\/bruxelas-processa-portugal-por-nao-transpor-normas-sobre-partilha-policial\/#primaryimage"},"thumbnailUrl":"https:\/\/portaltela.pt\/s.01k8rhncp4jt1\/2026\/03\/img_1280x721uu2026-02-18-13-21-11-2233243.jpg","keywords":["coopera\u00e7\u00e3o internacional","descarboniza\u00e7\u00e3o","Efici\u00eancia Energ\u00e9tica","energia","informa\u00e7\u00e3o internacional","Uni\u00e3o Europeia"],"articleSection":["Justi\u00e7a","Not\u00edcias"],"inLanguage":"pt-PT"},{"@type":"WebPage","@id":"https:\/\/portaltela.pt\/noticias\/2026\/03\/11\/bruxelas-processa-portugal-por-nao-transpor-normas-sobre-partilha-policial\/","url":"https:\/\/portaltela.pt\/noticias\/2026\/03\/11\/bruxelas-processa-portugal-por-nao-transpor-normas-sobre-partilha-policial\/","name":"Bruxelas processa Portugal por n\u00e3o transpor normas sobre partilha policial - Portal Tela Portugal","isPartOf":{"@id":"https:\/\/portaltela.pt\/#website"},"primaryImageOfPage":{"@id":"https:\/\/portaltela.pt\/noticias\/2026\/03\/11\/bruxelas-processa-portugal-por-nao-transpor-normas-sobre-partilha-policial\/#primaryimage"},"image":{"@id":"https:\/\/portaltela.pt\/noticias\/2026\/03\/11\/bruxelas-processa-portugal-por-nao-transpor-normas-sobre-partilha-policial\/#primaryimage"},"thumbnailUrl":"https:\/\/portaltela.pt\/s.01k8rhncp4jt1\/2026\/03\/img_1280x721uu2026-02-18-13-21-11-2233243.jpg","datePublished":"2026-03-11T13:55:12+00:00","author":{"@id":"https:\/\/portaltela.pt\/#\/schema\/person\/c4278d4a6028830caff9ee44b42d32ed"},"breadcrumb":{"@id":"https:\/\/portaltela.pt\/noticias\/2026\/03\/11\/bruxelas-processa-portugal-por-nao-transpor-normas-sobre-partilha-policial\/#breadcrumb"},"inLanguage":"pt-PT","potentialAction":[{"@type":"ReadAction","target":["https:\/\/portaltela.pt\/noticias\/2026\/03\/11\/bruxelas-processa-portugal-por-nao-transpor-normas-sobre-partilha-policial\/"]}]},{"@type":"ImageObject","inLanguage":"pt-PT","@id":"https:\/\/portaltela.pt\/noticias\/2026\/03\/11\/bruxelas-processa-portugal-por-nao-transpor-normas-sobre-partilha-policial\/#primaryimage","url":"https:\/\/portaltela.pt\/s.01k8rhncp4jt1\/2026\/03\/img_1280x721uu2026-02-18-13-21-11-2233243.jpg","contentUrl":"https:\/\/portaltela.pt\/s.01k8rhncp4jt1\/2026\/03\/img_1280x721uu2026-02-18-13-21-11-2233243.jpg","width":796,"height":448,"caption":"Bandeiras da Uni\u00e3o Europeia"},{"@type":"BreadcrumbList","@id":"https:\/\/portaltela.pt\/noticias\/2026\/03\/11\/bruxelas-processa-portugal-por-nao-transpor-normas-sobre-partilha-policial\/#breadcrumb","itemListElement":[{"@type":"ListItem","position":1,"name":"In\u00edcio","item":"https:\/\/portaltela.pt\/"},{"@type":"ListItem","position":2,"name":"Bruxelas processa Portugal por n\u00e3o transpor normas sobre partilha policial"}]},{"@type":"WebSite","@id":"https:\/\/portaltela.pt\/#website","url":"https:\/\/portaltela.pt\/","name":"Portal Tela Portugal","description":"","potentialAction":[{"@type":"SearchAction","target":{"@type":"EntryPoint","urlTemplate":"https:\/\/portaltela.pt\/?s={search_term_string}"},"query-input":{"@type":"PropertyValueSpecification","valueRequired":true,"valueName":"search_term_string"}}],"inLanguage":"pt-PT"},{"@type":"Person","@id":"https:\/\/portaltela.pt\/#\/schema\/person\/c4278d4a6028830caff9ee44b42d32ed","name":"Telinha","image":{"@type":"ImageObject","inLanguage":"pt-PT","@id":"https:\/\/portaltela.pt\/s.01k8rhncp4jt1\/2025\/11\/talking-bot-125x125.png","url":"https:\/\/portaltela.pt\/s.01k8rhncp4jt1\/2025\/11\/talking-bot-125x125.png","contentUrl":"https:\/\/portaltela.pt\/s.01k8rhncp4jt1\/2025\/11\/talking-bot-125x125.png","caption":"Telinha"},"sameAs":["https:\/\/portaltela.pt\/"],"url":"https:\/\/portaltela.pt\/por\/367410592786\/"}]}},"_links":{"self":[{"href":"https:\/\/portaltela.pt\/api\/wp\/v2\/posts\/406010","targetHints":{"allow":["GET"]}}],"collection":[{"href":"https:\/\/portaltela.pt\/api\/wp\/v2\/posts"}],"about":[{"href":"https:\/\/portaltela.pt\/api\/wp\/v2\/types\/post"}],"author":[{"embeddable":true,"href":"https:\/\/portaltela.pt\/api\/wp\/v2\/users\/2"}],"replies":[{"embeddable":true,"href":"https:\/\/portaltela.pt\/api\/wp\/v2\/comments?post=406010"}],"version-history":[{"count":0,"href":"https:\/\/portaltela.pt\/api\/wp\/v2\/posts\/406010\/revisions"}],"wp:featuredmedia":[{"embeddable":true,"href":"https:\/\/portaltela.pt\/api\/wp\/v2\/media\/406016"}],"wp:attachment":[{"href":"https:\/\/portaltela.pt\/api\/wp\/v2\/media?parent=406010"}],"wp:term":[{"taxonomy":"category","embeddable":true,"href":"https:\/\/portaltela.pt\/api\/wp\/v2\/categories?post=406010"},{"taxonomy":"post_tag","embeddable":true,"href":"https:\/\/portaltela.pt\/api\/wp\/v2\/tags?post=406010"}],"curies":[{"name":"wp","href":"https:\/\/api.w.org\/{rel}","templated":true}]}}