{"id":406003,"date":"2026-03-11T10:55:00","date_gmt":"2026-03-11T13:55:00","guid":{"rendered":"https:\/\/portaltela.pt\/noticias\/2026\/03\/11\/montenegro-afirma-que-reformismo-de-palavras-e-comum-acao-nao-e-para-todos\/"},"modified":"2026-03-11T10:55:00","modified_gmt":"2026-03-11T13:55:00","slug":"montenegro-afirma-que-reformismo-de-palavras-e-comum-acao-nao-e-para-todos","status":"publish","type":"post","link":"https:\/\/portaltela.pt\/noticias\/politica\/2026\/03\/11\/montenegro-afirma-que-reformismo-de-palavras-e-comum-acao-nao-e-para-todos\/","title":{"rendered":"Montenegro afirma que reformismo de palavras \u00e9 comum, a\u00e7\u00e3o n\u00e3o \u00e9 para todos"},"content":{"rendered":"<p>Montenegro afirmou que existem reformistas que falam muito, mas que a a\u00e7\u00e3o \u00e9 reservada a poucos. A declara\u00e7ao foi partilhada numa mensagem associada a conte\u00fado exclusivo.<\/p>\n<p>Segundo o material dispon\u00edvel publicamente, o que est\u00e1 em causa \u00e9 a diferen\u00e7a entre reformismo verbal e reformismo de a\u00e7\u00e3o. O tom permanece cr\u00edtico em rela\u00e7\u00e3o \u00e0 pr\u00e1tica.<\/p>\n<p>O texto completo da ideia, assim como o contexto, est\u00e1 acess\u00edvel apenas aos subscritores. N\u00e3o foi divulgado um local p\u00fablico com mais detalhes sobre a origem da afirma\u00e7\u00e3o.<\/p>\n<p>N\u00e3o h\u00e1 informa\u00e7\u00f5es adicionais sobre data, local ou testemunhas associadas \u00e0 declara\u00e7\u00e3o. O portal limita-se a disponibilizar o resumo dispon\u00edvel ao p\u00fablico.<\/p>\n","protected":false},"excerpt":{"rendered":"<ul>\n<li>O t\u00edtulo do texto \u00e9 \u201cReformismo de boca t\u00eam muitos, reformismo de a\u00e7\u00e3o n\u00e3o \u00e9 para todos\u201d, associado a Montenegro.<\/li>\n<li>O foco \u00e9 a diferen\u00e7a entre reformismo expresso e a\u00e7\u00e3o pr\u00e1tica.<\/li>\n<li>O conte\u00fado completo est\u00e1 dispon\u00edvel apenas para subscritores.<\/li>\n<li>Para aceder, \u00e9 necess\u00e1rio entrar na conta de subscri\u00e7\u00e3o.<\/li>\n<\/ul>\n","protected":false},"author":2,"featured_media":406009,"comment_status":"closed","ping_status":"closed","sticky":false,"template":"","format":"standard","meta":{"footnotes":""},"categories":[1,5],"tags":[7028,3111,2832,5698,229,30],"class_list":["post-406003","post","type-post","status-publish","format-standard","has-post-thumbnail","hentry","category-noticias","category-politica","tag-declaracoes","tag-montenegro","tag-politica","tag-politica-internacional","tag-politica-publica","tag-presidente"],"yoast_head":"<!-- This site is optimized with the Yoast SEO plugin v27.2 - https:\/\/yoast.com\/product\/yoast-seo-wordpress\/ -->\n<title>Montenegro afirma que reformismo de palavras \u00e9 comum, a\u00e7\u00e3o n\u00e3o \u00e9 para todos - Portal Tela Portugal<\/title>\n<meta name=\"robots\" content=\"index, follow, max-snippet:-1, max-image-preview:large, max-video-preview:-1\" \/>\n<meta property=\"og:locale\" content=\"pt_PT\" \/>\n<meta property=\"og:type\" content=\"article\" \/>\n<meta property=\"og:title\" content=\"Montenegro afirma que reformismo de palavras \u00e9 comum, a\u00e7\u00e3o n\u00e3o \u00e9 para todos - Portal Tela Portugal\" \/>\n<meta property=\"og:description\" content=\"O t\u00edtulo do texto \u00e9 \u201cReformismo de boca t\u00eam muitos, reformismo de a\u00e7\u00e3o n\u00e3o \u00e9 para todos\u201d, associado a Montenegro. O foco \u00e9 a diferen\u00e7a entre reformismo expresso e a\u00e7\u00e3o pr\u00e1tica. O conte\u00fado completo est\u00e1 dispon\u00edvel apenas para subscritores. Para aceder, \u00e9 necess\u00e1rio entrar na conta de subscri\u00e7\u00e3o.\" \/>\n<meta property=\"og:url\" content=\"https:\/\/portaltela.pt\/noticias\/2026\/03\/11\/montenegro-afirma-que-reformismo-de-palavras-e-comum-acao-nao-e-para-todos\/\" \/>\n<meta property=\"og:site_name\" content=\"Portal Tela Portugal\" \/>\n<meta property=\"article:published_time\" content=\"2026-03-11T13:55:00+00:00\" \/>\n<meta name=\"author\" content=\"Telinha\" \/>\n<meta name=\"twitter:card\" content=\"summary_large_image\" \/>\n<meta name=\"twitter:label1\" content=\"Escrito por\" \/>\n\t<meta name=\"twitter:data1\" content=\"Telinha\" \/>\n\t<meta name=\"twitter:label2\" content=\"Tempo estimado de leitura\" \/>\n\t<meta name=\"twitter:data2\" content=\"1 minuto\" \/>\n<script type=\"application\/ld+json\" class=\"yoast-schema-graph\">{\"@context\":\"https:\/\/schema.org\",\"@graph\":[{\"@type\":\"Article\",\"@id\":\"https:\/\/portaltela.pt\/noticias\/2026\/03\/11\/montenegro-afirma-que-reformismo-de-palavras-e-comum-acao-nao-e-para-todos\/#article\",\"isPartOf\":{\"@id\":\"https:\/\/portaltela.pt\/noticias\/2026\/03\/11\/montenegro-afirma-que-reformismo-de-palavras-e-comum-acao-nao-e-para-todos\/\"},\"author\":{\"name\":\"Telinha\",\"@id\":\"https:\/\/portaltela.pt\/#\/schema\/person\/c4278d4a6028830caff9ee44b42d32ed\"},\"headline\":\"Montenegro afirma que reformismo de palavras \u00e9 comum, a\u00e7\u00e3o n\u00e3o \u00e9 para todos\",\"datePublished\":\"2026-03-11T13:55:00+00:00\",\"mainEntityOfPage\":{\"@id\":\"https:\/\/portaltela.pt\/noticias\/2026\/03\/11\/montenegro-afirma-que-reformismo-de-palavras-e-comum-acao-nao-e-para-todos\/\"},\"wordCount\":131,\"image\":{\"@id\":\"https:\/\/portaltela.pt\/noticias\/2026\/03\/11\/montenegro-afirma-que-reformismo-de-palavras-e-comum-acao-nao-e-para-todos\/#primaryimage\"},\"thumbnailUrl\":\"https:\/\/portaltela.pt\/s.01k8rhncp4jt1\/2026\/03\/CACHE_780X1200_ANALOG_WATERMARKED_46730962_3899642_11032026011242.jpg\",\"keywords\":[\"declara\u00e7\u00f5es\",\"Montenegro\",\"pol\u00edtica\",\"pol\u00edtica internacional\",\"pol\u00edtica p\u00fablica\",\"presidente\"],\"articleSection\":[\"Not\u00edcias\",\"Pol\u00edtica\"],\"inLanguage\":\"pt-PT\"},{\"@type\":\"WebPage\",\"@id\":\"https:\/\/portaltela.pt\/noticias\/2026\/03\/11\/montenegro-afirma-que-reformismo-de-palavras-e-comum-acao-nao-e-para-todos\/\",\"url\":\"https:\/\/portaltela.pt\/noticias\/2026\/03\/11\/montenegro-afirma-que-reformismo-de-palavras-e-comum-acao-nao-e-para-todos\/\",\"name\":\"Montenegro afirma que reformismo de palavras \u00e9 comum, a\u00e7\u00e3o n\u00e3o \u00e9 para todos - Portal Tela Portugal\",\"isPartOf\":{\"@id\":\"https:\/\/portaltela.pt\/#website\"},\"primaryImageOfPage\":{\"@id\":\"https:\/\/portaltela.pt\/noticias\/2026\/03\/11\/montenegro-afirma-que-reformismo-de-palavras-e-comum-acao-nao-e-para-todos\/#primaryimage\"},\"image\":{\"@id\":\"https:\/\/portaltela.pt\/noticias\/2026\/03\/11\/montenegro-afirma-que-reformismo-de-palavras-e-comum-acao-nao-e-para-todos\/#primaryimage\"},\"thumbnailUrl\":\"https:\/\/portaltela.pt\/s.01k8rhncp4jt1\/2026\/03\/CACHE_780X1200_ANALOG_WATERMARKED_46730962_3899642_11032026011242.jpg\",\"datePublished\":\"2026-03-11T13:55:00+00:00\",\"author\":{\"@id\":\"https:\/\/portaltela.pt\/#\/schema\/person\/c4278d4a6028830caff9ee44b42d32ed\"},\"breadcrumb\":{\"@id\":\"https:\/\/portaltela.pt\/noticias\/2026\/03\/11\/montenegro-afirma-que-reformismo-de-palavras-e-comum-acao-nao-e-para-todos\/#breadcrumb\"},\"inLanguage\":\"pt-PT\",\"potentialAction\":[{\"@type\":\"ReadAction\",\"target\":[\"https:\/\/portaltela.pt\/noticias\/2026\/03\/11\/montenegro-afirma-que-reformismo-de-palavras-e-comum-acao-nao-e-para-todos\/\"]}]},{\"@type\":\"ImageObject\",\"inLanguage\":\"pt-PT\",\"@id\":\"https:\/\/portaltela.pt\/noticias\/2026\/03\/11\/montenegro-afirma-que-reformismo-de-palavras-e-comum-acao-nao-e-para-todos\/#primaryimage\",\"url\":\"https:\/\/portaltela.pt\/s.01k8rhncp4jt1\/2026\/03\/CACHE_780X1200_ANALOG_WATERMARKED_46730962_3899642_11032026011242.jpg\",\"contentUrl\":\"https:\/\/portaltela.pt\/s.01k8rhncp4jt1\/2026\/03\/CACHE_780X1200_ANALOG_WATERMARKED_46730962_3899642_11032026011242.jpg\",\"width\":796,\"height\":448,\"caption\":\"\u201cReformismo de boca t\u00eam muitos, reformismo de a\u00e7\u00e3o n\u00e3o \u00e9 para todos\u201d \u2013 Montenegro\"},{\"@type\":\"BreadcrumbList\",\"@id\":\"https:\/\/portaltela.pt\/noticias\/2026\/03\/11\/montenegro-afirma-que-reformismo-de-palavras-e-comum-acao-nao-e-para-todos\/#breadcrumb\",\"itemListElement\":[{\"@type\":\"ListItem\",\"position\":1,\"name\":\"In\u00edcio\",\"item\":\"https:\/\/portaltela.pt\/\"},{\"@type\":\"ListItem\",\"position\":2,\"name\":\"Montenegro afirma que reformismo de palavras \u00e9 comum, a\u00e7\u00e3o n\u00e3o \u00e9 para todos\"}]},{\"@type\":\"WebSite\",\"@id\":\"https:\/\/portaltela.pt\/#website\",\"url\":\"https:\/\/portaltela.pt\/\",\"name\":\"Portal Tela Portugal\",\"description\":\"\",\"potentialAction\":[{\"@type\":\"SearchAction\",\"target\":{\"@type\":\"EntryPoint\",\"urlTemplate\":\"https:\/\/portaltela.pt\/?s={search_term_string}\"},\"query-input\":{\"@type\":\"PropertyValueSpecification\",\"valueRequired\":true,\"valueName\":\"search_term_string\"}}],\"inLanguage\":\"pt-PT\"},{\"@type\":\"Person\",\"@id\":\"https:\/\/portaltela.pt\/#\/schema\/person\/c4278d4a6028830caff9ee44b42d32ed\",\"name\":\"Telinha\",\"image\":{\"@type\":\"ImageObject\",\"inLanguage\":\"pt-PT\",\"@id\":\"https:\/\/portaltela.pt\/s.01k8rhncp4jt1\/2025\/11\/talking-bot-125x125.png\",\"url\":\"https:\/\/portaltela.pt\/s.01k8rhncp4jt1\/2025\/11\/talking-bot-125x125.png\",\"contentUrl\":\"https:\/\/portaltela.pt\/s.01k8rhncp4jt1\/2025\/11\/talking-bot-125x125.png\",\"caption\":\"Telinha\"},\"sameAs\":[\"https:\/\/portaltela.pt\/\"],\"url\":\"https:\/\/portaltela.pt\/por\/367410592786\/\"}]}<\/script>\n<!-- \/ Yoast SEO plugin. -->","yoast_head_json":{"title":"Montenegro afirma que reformismo de palavras \u00e9 comum, a\u00e7\u00e3o n\u00e3o \u00e9 para todos - Portal Tela Portugal","robots":{"index":"index","follow":"follow","max-snippet":"max-snippet:-1","max-image-preview":"max-image-preview:large","max-video-preview":"max-video-preview:-1"},"og_locale":"pt_PT","og_type":"article","og_title":"Montenegro afirma que reformismo de palavras \u00e9 comum, a\u00e7\u00e3o n\u00e3o \u00e9 para todos - Portal Tela Portugal","og_description":"O t\u00edtulo do texto \u00e9 \u201cReformismo de boca t\u00eam muitos, reformismo de a\u00e7\u00e3o n\u00e3o \u00e9 para todos\u201d, associado a Montenegro. O foco \u00e9 a diferen\u00e7a entre reformismo expresso e a\u00e7\u00e3o pr\u00e1tica. O conte\u00fado completo est\u00e1 dispon\u00edvel apenas para subscritores. Para aceder, \u00e9 necess\u00e1rio entrar na conta de subscri\u00e7\u00e3o.","og_url":"https:\/\/portaltela.pt\/noticias\/2026\/03\/11\/montenegro-afirma-que-reformismo-de-palavras-e-comum-acao-nao-e-para-todos\/","og_site_name":"Portal Tela Portugal","article_published_time":"2026-03-11T13:55:00+00:00","author":"Telinha","twitter_card":"summary_large_image","twitter_misc":{"Escrito por":"Telinha","Tempo estimado de leitura":"1 minuto"},"schema":{"@context":"https:\/\/schema.org","@graph":[{"@type":"Article","@id":"https:\/\/portaltela.pt\/noticias\/2026\/03\/11\/montenegro-afirma-que-reformismo-de-palavras-e-comum-acao-nao-e-para-todos\/#article","isPartOf":{"@id":"https:\/\/portaltela.pt\/noticias\/2026\/03\/11\/montenegro-afirma-que-reformismo-de-palavras-e-comum-acao-nao-e-para-todos\/"},"author":{"name":"Telinha","@id":"https:\/\/portaltela.pt\/#\/schema\/person\/c4278d4a6028830caff9ee44b42d32ed"},"headline":"Montenegro afirma que reformismo de palavras \u00e9 comum, a\u00e7\u00e3o n\u00e3o \u00e9 para todos","datePublished":"2026-03-11T13:55:00+00:00","mainEntityOfPage":{"@id":"https:\/\/portaltela.pt\/noticias\/2026\/03\/11\/montenegro-afirma-que-reformismo-de-palavras-e-comum-acao-nao-e-para-todos\/"},"wordCount":131,"image":{"@id":"https:\/\/portaltela.pt\/noticias\/2026\/03\/11\/montenegro-afirma-que-reformismo-de-palavras-e-comum-acao-nao-e-para-todos\/#primaryimage"},"thumbnailUrl":"https:\/\/portaltela.pt\/s.01k8rhncp4jt1\/2026\/03\/CACHE_780X1200_ANALOG_WATERMARKED_46730962_3899642_11032026011242.jpg","keywords":["declara\u00e7\u00f5es","Montenegro","pol\u00edtica","pol\u00edtica internacional","pol\u00edtica p\u00fablica","presidente"],"articleSection":["Not\u00edcias","Pol\u00edtica"],"inLanguage":"pt-PT"},{"@type":"WebPage","@id":"https:\/\/portaltela.pt\/noticias\/2026\/03\/11\/montenegro-afirma-que-reformismo-de-palavras-e-comum-acao-nao-e-para-todos\/","url":"https:\/\/portaltela.pt\/noticias\/2026\/03\/11\/montenegro-afirma-que-reformismo-de-palavras-e-comum-acao-nao-e-para-todos\/","name":"Montenegro afirma que reformismo de palavras \u00e9 comum, a\u00e7\u00e3o n\u00e3o \u00e9 para todos - Portal Tela Portugal","isPartOf":{"@id":"https:\/\/portaltela.pt\/#website"},"primaryImageOfPage":{"@id":"https:\/\/portaltela.pt\/noticias\/2026\/03\/11\/montenegro-afirma-que-reformismo-de-palavras-e-comum-acao-nao-e-para-todos\/#primaryimage"},"image":{"@id":"https:\/\/portaltela.pt\/noticias\/2026\/03\/11\/montenegro-afirma-que-reformismo-de-palavras-e-comum-acao-nao-e-para-todos\/#primaryimage"},"thumbnailUrl":"https:\/\/portaltela.pt\/s.01k8rhncp4jt1\/2026\/03\/CACHE_780X1200_ANALOG_WATERMARKED_46730962_3899642_11032026011242.jpg","datePublished":"2026-03-11T13:55:00+00:00","author":{"@id":"https:\/\/portaltela.pt\/#\/schema\/person\/c4278d4a6028830caff9ee44b42d32ed"},"breadcrumb":{"@id":"https:\/\/portaltela.pt\/noticias\/2026\/03\/11\/montenegro-afirma-que-reformismo-de-palavras-e-comum-acao-nao-e-para-todos\/#breadcrumb"},"inLanguage":"pt-PT","potentialAction":[{"@type":"ReadAction","target":["https:\/\/portaltela.pt\/noticias\/2026\/03\/11\/montenegro-afirma-que-reformismo-de-palavras-e-comum-acao-nao-e-para-todos\/"]}]},{"@type":"ImageObject","inLanguage":"pt-PT","@id":"https:\/\/portaltela.pt\/noticias\/2026\/03\/11\/montenegro-afirma-que-reformismo-de-palavras-e-comum-acao-nao-e-para-todos\/#primaryimage","url":"https:\/\/portaltela.pt\/s.01k8rhncp4jt1\/2026\/03\/CACHE_780X1200_ANALOG_WATERMARKED_46730962_3899642_11032026011242.jpg","contentUrl":"https:\/\/portaltela.pt\/s.01k8rhncp4jt1\/2026\/03\/CACHE_780X1200_ANALOG_WATERMARKED_46730962_3899642_11032026011242.jpg","width":796,"height":448,"caption":"\u201cReformismo de boca t\u00eam muitos, reformismo de a\u00e7\u00e3o n\u00e3o \u00e9 para todos\u201d \u2013 Montenegro"},{"@type":"BreadcrumbList","@id":"https:\/\/portaltela.pt\/noticias\/2026\/03\/11\/montenegro-afirma-que-reformismo-de-palavras-e-comum-acao-nao-e-para-todos\/#breadcrumb","itemListElement":[{"@type":"ListItem","position":1,"name":"In\u00edcio","item":"https:\/\/portaltela.pt\/"},{"@type":"ListItem","position":2,"name":"Montenegro afirma que reformismo de palavras \u00e9 comum, a\u00e7\u00e3o n\u00e3o \u00e9 para todos"}]},{"@type":"WebSite","@id":"https:\/\/portaltela.pt\/#website","url":"https:\/\/portaltela.pt\/","name":"Portal Tela Portugal","description":"","potentialAction":[{"@type":"SearchAction","target":{"@type":"EntryPoint","urlTemplate":"https:\/\/portaltela.pt\/?s={search_term_string}"},"query-input":{"@type":"PropertyValueSpecification","valueRequired":true,"valueName":"search_term_string"}}],"inLanguage":"pt-PT"},{"@type":"Person","@id":"https:\/\/portaltela.pt\/#\/schema\/person\/c4278d4a6028830caff9ee44b42d32ed","name":"Telinha","image":{"@type":"ImageObject","inLanguage":"pt-PT","@id":"https:\/\/portaltela.pt\/s.01k8rhncp4jt1\/2025\/11\/talking-bot-125x125.png","url":"https:\/\/portaltela.pt\/s.01k8rhncp4jt1\/2025\/11\/talking-bot-125x125.png","contentUrl":"https:\/\/portaltela.pt\/s.01k8rhncp4jt1\/2025\/11\/talking-bot-125x125.png","caption":"Telinha"},"sameAs":["https:\/\/portaltela.pt\/"],"url":"https:\/\/portaltela.pt\/por\/367410592786\/"}]}},"_links":{"self":[{"href":"https:\/\/portaltela.pt\/api\/wp\/v2\/posts\/406003","targetHints":{"allow":["GET"]}}],"collection":[{"href":"https:\/\/portaltela.pt\/api\/wp\/v2\/posts"}],"about":[{"href":"https:\/\/portaltela.pt\/api\/wp\/v2\/types\/post"}],"author":[{"embeddable":true,"href":"https:\/\/portaltela.pt\/api\/wp\/v2\/users\/2"}],"replies":[{"embeddable":true,"href":"https:\/\/portaltela.pt\/api\/wp\/v2\/comments?post=406003"}],"version-history":[{"count":0,"href":"https:\/\/portaltela.pt\/api\/wp\/v2\/posts\/406003\/revisions"}],"wp:featuredmedia":[{"embeddable":true,"href":"https:\/\/portaltela.pt\/api\/wp\/v2\/media\/406009"}],"wp:attachment":[{"href":"https:\/\/portaltela.pt\/api\/wp\/v2\/media?parent=406003"}],"wp:term":[{"taxonomy":"category","embeddable":true,"href":"https:\/\/portaltela.pt\/api\/wp\/v2\/categories?post=406003"},{"taxonomy":"post_tag","embeddable":true,"href":"https:\/\/portaltela.pt\/api\/wp\/v2\/tags?post=406003"}],"curies":[{"name":"wp","href":"https:\/\/api.w.org\/{rel}","templated":true}]}}