{"id":405981,"date":"2026-03-11T10:20:00","date_gmt":"2026-03-11T13:20:00","guid":{"rendered":"https:\/\/portaltela.pt\/noticias\/2026\/03\/11\/vereadora-do-chega-renuncia-ao-mandato-na-camara-de-ourem-2\/"},"modified":"2026-03-11T10:20:00","modified_gmt":"2026-03-11T13:20:00","slug":"vereadora-do-chega-renuncia-ao-mandato-na-camara-de-ourem-2","status":"publish","type":"post","link":"https:\/\/portaltela.pt\/noticias\/politica\/2026\/03\/11\/vereadora-do-chega-renuncia-ao-mandato-na-camara-de-ourem-2\/","title":{"rendered":"Vereadora do Chega renuncia ao mandato na C\u00e2mara de Our\u00e9m"},"content":{"rendered":"<p>Rita Sousa, vereadora do Chega na C\u00e2mara de Our\u00e9m, renunciou ao mandato por motivos pessoais, confirmou hoje \u00e0 Lusa a autarquia do distrito de Santar\u00e9m. A comunica\u00e7\u00e3o de ren\u00fancia chegou \u00e0 c\u00e2mara no dia 4 de mar\u00e7o e dever\u00e1 constar na ordem de trabalhos da pr\u00f3xima reuni\u00e3o do executivo.<\/p>\n<p>No dia seguinte, foi convocada a segunda da lista, Natalina Vieira, que tamb\u00e9m renunciou. Os servi\u00e7os municipais j\u00e1 convocaram o terceiro elemento da lista do Chega, Lu\u00eds Alves, para integrar o executivo.<\/p>\n<p>Rita Sousa era cabe\u00e7a de lista nas Aut\u00e1rquicas de 12 de outubro no munic\u00edpio de Our\u00e9m. Em julho, \u00e0 Lusa, explicou que aceitou o desafio para ajudar a popula\u00e7\u00e3o e procurar uma mudan\u00e7a no pa\u00eds, mantendo expectativas de um bom resultado para abrir ventos de mudan\u00e7a em Our\u00e9m.<\/p>\n<p>Nas aut\u00e1rquicas de 2025, o presidente da c\u00e2mara Lu\u00eds Albuquerque, da coliga\u00e7\u00e3o PSD\/CDS-PP, foi eleito para o terceiro e \u00faltimo mandato. A coliga\u00e7\u00e3o ganhou cinco mandatos; o Chega ficou em segundo e o PS em terceiro, com os dois mandatos restantes repartidos entre estes partidos.<\/p>\n<h3>Contexto pol\u00edtico local<\/h3>\n<p>No in\u00edcio de mar\u00e7o, a substitui\u00e7\u00e3o de dois membros da lista do Chega ocorreu ap\u00f3s as ren\u00fancias de Rita Sousa e Natalina Vieira. A C\u00e2mara de Our\u00e9m dever\u00e1 confirmar a entrada de Lu\u00eds Alves no executivo, completando a composi\u00e7\u00e3o conforme as regras da verea\u00e7\u00e3o. A situa\u00e7\u00e3o mant\u00e9m-se sob an\u00e1lise institucional.<\/p>\n","protected":false},"excerpt":{"rendered":"<ul>\n<li>A vereadora Rita Sousa, do Chega, renunciou ao mandato na C\u00e2mara de Our\u00e9m por raz\u00f5es pessoais, com a comunica\u00e7\u00e3o da ren\u00fancia a chegar \u00e0 c\u00e2mara a 4 de Mar\u00e7o.<\/li>\n<li>A segunda da lista, Natalina Vieira, tamb\u00e9m renunciou, tendo o munic\u00edpio j\u00e1 convocado o terceiro elemento, Lu\u00eds Alves, para integrar o executivo.<\/li>\n<li>Rita Sousa era cabe\u00e7a de lista do Chega nas aut\u00e1rquicas de 12 de Outubro, em Our\u00e9m; na altura, afirmou querer contribuir para mudan\u00e7as e ajudar a popula\u00e7\u00e3o.<\/li>\n<li>Em Outubro de 2025, o presidente da c\u00e2mara, Lu\u00eds Albuquerque (PSD\/CDS-PP), foi eleito para o terceiro e \u00faltimo mandato; o Chega ficou em segundo lugar, com dois mandatos a distribuir.<\/li>\n<li>A C\u00e2mara de Our\u00e9m fica agora sem dois vereadores do Chega e com o terceiro elemento convocado para o executivo.<\/li>\n<\/ul>\n","protected":false},"author":2,"featured_media":405983,"comment_status":"closed","ping_status":"closed","sticky":false,"template":"","format":"standard","meta":{"footnotes":""},"categories":[1,5],"tags":[2706,5449,2142,2357,2832,7025],"class_list":["post-405981","post","type-post","status-publish","format-standard","has-post-thumbnail","hentry","category-noticias","category-politica","tag-autarquias","tag-camara-municipal","tag-chega","tag-ourem","tag-politica","tag-renuncias"],"yoast_head":"<!-- This site is optimized with the Yoast SEO plugin v27.2 - https:\/\/yoast.com\/product\/yoast-seo-wordpress\/ -->\n<title>Vereadora do Chega renuncia ao mandato na C\u00e2mara de Our\u00e9m - Portal Tela Portugal<\/title>\n<meta name=\"robots\" content=\"index, follow, max-snippet:-1, max-image-preview:large, max-video-preview:-1\" \/>\n<meta property=\"og:locale\" content=\"pt_PT\" \/>\n<meta property=\"og:type\" content=\"article\" \/>\n<meta property=\"og:title\" content=\"Vereadora do Chega renuncia ao mandato na C\u00e2mara de Our\u00e9m - Portal Tela Portugal\" \/>\n<meta property=\"og:description\" content=\"A vereadora Rita Sousa, do Chega, renunciou ao mandato na C\u00e2mara de Our\u00e9m por raz\u00f5es pessoais, com a comunica\u00e7\u00e3o da ren\u00fancia a chegar \u00e0 c\u00e2mara a 4 de Mar\u00e7o. A segunda da lista, Natalina Vieira, tamb\u00e9m renunciou, tendo o munic\u00edpio j\u00e1 convocado o terceiro elemento, Lu\u00eds Alves, para integrar o executivo. Rita Sousa era cabe\u00e7a de lista do Chega nas aut\u00e1rquicas de 12 de Outubro, em Our\u00e9m; na altura, afirmou querer contribuir para mudan\u00e7as e ajudar a popula\u00e7\u00e3o. Em Outubro de 2025, o presidente da c\u00e2mara, Lu\u00eds Albuquerque (PSD\/CDS-PP), foi eleito para o terceiro e \u00faltimo mandato; o Chega ficou em segundo lugar, com dois mandatos a distribuir. A C\u00e2mara de Our\u00e9m fica agora sem dois vereadores do Chega e com o terceiro elemento convocado para o executivo.\" \/>\n<meta property=\"og:url\" content=\"https:\/\/portaltela.pt\/noticias\/2026\/03\/11\/vereadora-do-chega-renuncia-ao-mandato-na-camara-de-ourem-2\/\" \/>\n<meta property=\"og:site_name\" content=\"Portal Tela Portugal\" \/>\n<meta property=\"article:published_time\" content=\"2026-03-11T13:20:00+00:00\" \/>\n<meta name=\"author\" content=\"Telinha\" \/>\n<meta name=\"twitter:card\" content=\"summary_large_image\" \/>\n<meta name=\"twitter:label1\" content=\"Escrito por\" \/>\n\t<meta name=\"twitter:data1\" content=\"Telinha\" \/>\n\t<meta name=\"twitter:label2\" content=\"Tempo estimado de leitura\" \/>\n\t<meta name=\"twitter:data2\" content=\"1 minuto\" \/>\n<script type=\"application\/ld+json\" class=\"yoast-schema-graph\">{\"@context\":\"https:\/\/schema.org\",\"@graph\":[{\"@type\":\"Article\",\"@id\":\"https:\/\/portaltela.pt\/noticias\/2026\/03\/11\/vereadora-do-chega-renuncia-ao-mandato-na-camara-de-ourem-2\/#article\",\"isPartOf\":{\"@id\":\"https:\/\/portaltela.pt\/noticias\/2026\/03\/11\/vereadora-do-chega-renuncia-ao-mandato-na-camara-de-ourem-2\/\"},\"author\":{\"name\":\"Telinha\",\"@id\":\"https:\/\/portaltela.pt\/#\/schema\/person\/c4278d4a6028830caff9ee44b42d32ed\"},\"headline\":\"Vereadora do Chega renuncia ao mandato na C\u00e2mara de Our\u00e9m\",\"datePublished\":\"2026-03-11T13:20:00+00:00\",\"mainEntityOfPage\":{\"@id\":\"https:\/\/portaltela.pt\/noticias\/2026\/03\/11\/vereadora-do-chega-renuncia-ao-mandato-na-camara-de-ourem-2\/\"},\"wordCount\":274,\"image\":{\"@id\":\"https:\/\/portaltela.pt\/noticias\/2026\/03\/11\/vereadora-do-chega-renuncia-ao-mandato-na-camara-de-ourem-2\/#primaryimage\"},\"thumbnailUrl\":\"https:\/\/portaltela.pt\/s.01k8rhncp4jt1\/2026\/03\/2073324.jpg\",\"keywords\":[\"autarquias\",\"C\u00e2mara Municipal\",\"CHEGA\",\"Our\u00e9m\",\"pol\u00edtica\",\"ren\u00fancias\"],\"articleSection\":[\"Not\u00edcias\",\"Pol\u00edtica\"],\"inLanguage\":\"pt-PT\"},{\"@type\":\"WebPage\",\"@id\":\"https:\/\/portaltela.pt\/noticias\/2026\/03\/11\/vereadora-do-chega-renuncia-ao-mandato-na-camara-de-ourem-2\/\",\"url\":\"https:\/\/portaltela.pt\/noticias\/2026\/03\/11\/vereadora-do-chega-renuncia-ao-mandato-na-camara-de-ourem-2\/\",\"name\":\"Vereadora do Chega renuncia ao mandato na C\u00e2mara de Our\u00e9m - Portal Tela Portugal\",\"isPartOf\":{\"@id\":\"https:\/\/portaltela.pt\/#website\"},\"primaryImageOfPage\":{\"@id\":\"https:\/\/portaltela.pt\/noticias\/2026\/03\/11\/vereadora-do-chega-renuncia-ao-mandato-na-camara-de-ourem-2\/#primaryimage\"},\"image\":{\"@id\":\"https:\/\/portaltela.pt\/noticias\/2026\/03\/11\/vereadora-do-chega-renuncia-ao-mandato-na-camara-de-ourem-2\/#primaryimage\"},\"thumbnailUrl\":\"https:\/\/portaltela.pt\/s.01k8rhncp4jt1\/2026\/03\/2073324.jpg\",\"datePublished\":\"2026-03-11T13:20:00+00:00\",\"author\":{\"@id\":\"https:\/\/portaltela.pt\/#\/schema\/person\/c4278d4a6028830caff9ee44b42d32ed\"},\"breadcrumb\":{\"@id\":\"https:\/\/portaltela.pt\/noticias\/2026\/03\/11\/vereadora-do-chega-renuncia-ao-mandato-na-camara-de-ourem-2\/#breadcrumb\"},\"inLanguage\":\"pt-PT\",\"potentialAction\":[{\"@type\":\"ReadAction\",\"target\":[\"https:\/\/portaltela.pt\/noticias\/2026\/03\/11\/vereadora-do-chega-renuncia-ao-mandato-na-camara-de-ourem-2\/\"]}]},{\"@type\":\"ImageObject\",\"inLanguage\":\"pt-PT\",\"@id\":\"https:\/\/portaltela.pt\/noticias\/2026\/03\/11\/vereadora-do-chega-renuncia-ao-mandato-na-camara-de-ourem-2\/#primaryimage\",\"url\":\"https:\/\/portaltela.pt\/s.01k8rhncp4jt1\/2026\/03\/2073324.jpg\",\"contentUrl\":\"https:\/\/portaltela.pt\/s.01k8rhncp4jt1\/2026\/03\/2073324.jpg\",\"width\":796,\"height\":448,\"caption\":\"Chega ficou em segundo lugar em Our\u00e9m\"},{\"@type\":\"BreadcrumbList\",\"@id\":\"https:\/\/portaltela.pt\/noticias\/2026\/03\/11\/vereadora-do-chega-renuncia-ao-mandato-na-camara-de-ourem-2\/#breadcrumb\",\"itemListElement\":[{\"@type\":\"ListItem\",\"position\":1,\"name\":\"In\u00edcio\",\"item\":\"https:\/\/portaltela.pt\/\"},{\"@type\":\"ListItem\",\"position\":2,\"name\":\"Vereadora do Chega renuncia ao mandato na C\u00e2mara de Our\u00e9m\"}]},{\"@type\":\"WebSite\",\"@id\":\"https:\/\/portaltela.pt\/#website\",\"url\":\"https:\/\/portaltela.pt\/\",\"name\":\"Portal Tela Portugal\",\"description\":\"\",\"potentialAction\":[{\"@type\":\"SearchAction\",\"target\":{\"@type\":\"EntryPoint\",\"urlTemplate\":\"https:\/\/portaltela.pt\/?s={search_term_string}\"},\"query-input\":{\"@type\":\"PropertyValueSpecification\",\"valueRequired\":true,\"valueName\":\"search_term_string\"}}],\"inLanguage\":\"pt-PT\"},{\"@type\":\"Person\",\"@id\":\"https:\/\/portaltela.pt\/#\/schema\/person\/c4278d4a6028830caff9ee44b42d32ed\",\"name\":\"Telinha\",\"image\":{\"@type\":\"ImageObject\",\"inLanguage\":\"pt-PT\",\"@id\":\"https:\/\/portaltela.pt\/s.01k8rhncp4jt1\/2025\/11\/talking-bot-125x125.png\",\"url\":\"https:\/\/portaltela.pt\/s.01k8rhncp4jt1\/2025\/11\/talking-bot-125x125.png\",\"contentUrl\":\"https:\/\/portaltela.pt\/s.01k8rhncp4jt1\/2025\/11\/talking-bot-125x125.png\",\"caption\":\"Telinha\"},\"sameAs\":[\"https:\/\/portaltela.pt\/\"],\"url\":\"https:\/\/portaltela.pt\/por\/367410592786\/\"}]}<\/script>\n<!-- \/ Yoast SEO plugin. -->","yoast_head_json":{"title":"Vereadora do Chega renuncia ao mandato na C\u00e2mara de Our\u00e9m - Portal Tela Portugal","robots":{"index":"index","follow":"follow","max-snippet":"max-snippet:-1","max-image-preview":"max-image-preview:large","max-video-preview":"max-video-preview:-1"},"og_locale":"pt_PT","og_type":"article","og_title":"Vereadora do Chega renuncia ao mandato na C\u00e2mara de Our\u00e9m - Portal Tela Portugal","og_description":"A vereadora Rita Sousa, do Chega, renunciou ao mandato na C\u00e2mara de Our\u00e9m por raz\u00f5es pessoais, com a comunica\u00e7\u00e3o da ren\u00fancia a chegar \u00e0 c\u00e2mara a 4 de Mar\u00e7o. A segunda da lista, Natalina Vieira, tamb\u00e9m renunciou, tendo o munic\u00edpio j\u00e1 convocado o terceiro elemento, Lu\u00eds Alves, para integrar o executivo. Rita Sousa era cabe\u00e7a de lista do Chega nas aut\u00e1rquicas de 12 de Outubro, em Our\u00e9m; na altura, afirmou querer contribuir para mudan\u00e7as e ajudar a popula\u00e7\u00e3o. Em Outubro de 2025, o presidente da c\u00e2mara, Lu\u00eds Albuquerque (PSD\/CDS-PP), foi eleito para o terceiro e \u00faltimo mandato; o Chega ficou em segundo lugar, com dois mandatos a distribuir. A C\u00e2mara de Our\u00e9m fica agora sem dois vereadores do Chega e com o terceiro elemento convocado para o executivo.","og_url":"https:\/\/portaltela.pt\/noticias\/2026\/03\/11\/vereadora-do-chega-renuncia-ao-mandato-na-camara-de-ourem-2\/","og_site_name":"Portal Tela Portugal","article_published_time":"2026-03-11T13:20:00+00:00","author":"Telinha","twitter_card":"summary_large_image","twitter_misc":{"Escrito por":"Telinha","Tempo estimado de leitura":"1 minuto"},"schema":{"@context":"https:\/\/schema.org","@graph":[{"@type":"Article","@id":"https:\/\/portaltela.pt\/noticias\/2026\/03\/11\/vereadora-do-chega-renuncia-ao-mandato-na-camara-de-ourem-2\/#article","isPartOf":{"@id":"https:\/\/portaltela.pt\/noticias\/2026\/03\/11\/vereadora-do-chega-renuncia-ao-mandato-na-camara-de-ourem-2\/"},"author":{"name":"Telinha","@id":"https:\/\/portaltela.pt\/#\/schema\/person\/c4278d4a6028830caff9ee44b42d32ed"},"headline":"Vereadora do Chega renuncia ao mandato na C\u00e2mara de Our\u00e9m","datePublished":"2026-03-11T13:20:00+00:00","mainEntityOfPage":{"@id":"https:\/\/portaltela.pt\/noticias\/2026\/03\/11\/vereadora-do-chega-renuncia-ao-mandato-na-camara-de-ourem-2\/"},"wordCount":274,"image":{"@id":"https:\/\/portaltela.pt\/noticias\/2026\/03\/11\/vereadora-do-chega-renuncia-ao-mandato-na-camara-de-ourem-2\/#primaryimage"},"thumbnailUrl":"https:\/\/portaltela.pt\/s.01k8rhncp4jt1\/2026\/03\/2073324.jpg","keywords":["autarquias","C\u00e2mara Municipal","CHEGA","Our\u00e9m","pol\u00edtica","ren\u00fancias"],"articleSection":["Not\u00edcias","Pol\u00edtica"],"inLanguage":"pt-PT"},{"@type":"WebPage","@id":"https:\/\/portaltela.pt\/noticias\/2026\/03\/11\/vereadora-do-chega-renuncia-ao-mandato-na-camara-de-ourem-2\/","url":"https:\/\/portaltela.pt\/noticias\/2026\/03\/11\/vereadora-do-chega-renuncia-ao-mandato-na-camara-de-ourem-2\/","name":"Vereadora do Chega renuncia ao mandato na C\u00e2mara de Our\u00e9m - Portal Tela Portugal","isPartOf":{"@id":"https:\/\/portaltela.pt\/#website"},"primaryImageOfPage":{"@id":"https:\/\/portaltela.pt\/noticias\/2026\/03\/11\/vereadora-do-chega-renuncia-ao-mandato-na-camara-de-ourem-2\/#primaryimage"},"image":{"@id":"https:\/\/portaltela.pt\/noticias\/2026\/03\/11\/vereadora-do-chega-renuncia-ao-mandato-na-camara-de-ourem-2\/#primaryimage"},"thumbnailUrl":"https:\/\/portaltela.pt\/s.01k8rhncp4jt1\/2026\/03\/2073324.jpg","datePublished":"2026-03-11T13:20:00+00:00","author":{"@id":"https:\/\/portaltela.pt\/#\/schema\/person\/c4278d4a6028830caff9ee44b42d32ed"},"breadcrumb":{"@id":"https:\/\/portaltela.pt\/noticias\/2026\/03\/11\/vereadora-do-chega-renuncia-ao-mandato-na-camara-de-ourem-2\/#breadcrumb"},"inLanguage":"pt-PT","potentialAction":[{"@type":"ReadAction","target":["https:\/\/portaltela.pt\/noticias\/2026\/03\/11\/vereadora-do-chega-renuncia-ao-mandato-na-camara-de-ourem-2\/"]}]},{"@type":"ImageObject","inLanguage":"pt-PT","@id":"https:\/\/portaltela.pt\/noticias\/2026\/03\/11\/vereadora-do-chega-renuncia-ao-mandato-na-camara-de-ourem-2\/#primaryimage","url":"https:\/\/portaltela.pt\/s.01k8rhncp4jt1\/2026\/03\/2073324.jpg","contentUrl":"https:\/\/portaltela.pt\/s.01k8rhncp4jt1\/2026\/03\/2073324.jpg","width":796,"height":448,"caption":"Chega ficou em segundo lugar em Our\u00e9m"},{"@type":"BreadcrumbList","@id":"https:\/\/portaltela.pt\/noticias\/2026\/03\/11\/vereadora-do-chega-renuncia-ao-mandato-na-camara-de-ourem-2\/#breadcrumb","itemListElement":[{"@type":"ListItem","position":1,"name":"In\u00edcio","item":"https:\/\/portaltela.pt\/"},{"@type":"ListItem","position":2,"name":"Vereadora do Chega renuncia ao mandato na C\u00e2mara de Our\u00e9m"}]},{"@type":"WebSite","@id":"https:\/\/portaltela.pt\/#website","url":"https:\/\/portaltela.pt\/","name":"Portal Tela Portugal","description":"","potentialAction":[{"@type":"SearchAction","target":{"@type":"EntryPoint","urlTemplate":"https:\/\/portaltela.pt\/?s={search_term_string}"},"query-input":{"@type":"PropertyValueSpecification","valueRequired":true,"valueName":"search_term_string"}}],"inLanguage":"pt-PT"},{"@type":"Person","@id":"https:\/\/portaltela.pt\/#\/schema\/person\/c4278d4a6028830caff9ee44b42d32ed","name":"Telinha","image":{"@type":"ImageObject","inLanguage":"pt-PT","@id":"https:\/\/portaltela.pt\/s.01k8rhncp4jt1\/2025\/11\/talking-bot-125x125.png","url":"https:\/\/portaltela.pt\/s.01k8rhncp4jt1\/2025\/11\/talking-bot-125x125.png","contentUrl":"https:\/\/portaltela.pt\/s.01k8rhncp4jt1\/2025\/11\/talking-bot-125x125.png","caption":"Telinha"},"sameAs":["https:\/\/portaltela.pt\/"],"url":"https:\/\/portaltela.pt\/por\/367410592786\/"}]}},"_links":{"self":[{"href":"https:\/\/portaltela.pt\/api\/wp\/v2\/posts\/405981","targetHints":{"allow":["GET"]}}],"collection":[{"href":"https:\/\/portaltela.pt\/api\/wp\/v2\/posts"}],"about":[{"href":"https:\/\/portaltela.pt\/api\/wp\/v2\/types\/post"}],"author":[{"embeddable":true,"href":"https:\/\/portaltela.pt\/api\/wp\/v2\/users\/2"}],"replies":[{"embeddable":true,"href":"https:\/\/portaltela.pt\/api\/wp\/v2\/comments?post=405981"}],"version-history":[{"count":0,"href":"https:\/\/portaltela.pt\/api\/wp\/v2\/posts\/405981\/revisions"}],"wp:featuredmedia":[{"embeddable":true,"href":"https:\/\/portaltela.pt\/api\/wp\/v2\/media\/405983"}],"wp:attachment":[{"href":"https:\/\/portaltela.pt\/api\/wp\/v2\/media?parent=405981"}],"wp:term":[{"taxonomy":"category","embeddable":true,"href":"https:\/\/portaltela.pt\/api\/wp\/v2\/categories?post=405981"},{"taxonomy":"post_tag","embeddable":true,"href":"https:\/\/portaltela.pt\/api\/wp\/v2\/tags?post=405981"}],"curies":[{"name":"wp","href":"https:\/\/api.w.org\/{rel}","templated":true}]}}