{"id":405937,"date":"2026-03-11T10:09:54","date_gmt":"2026-03-11T13:09:54","guid":{"rendered":"https:\/\/portaltela.pt\/noticias\/2026\/03\/11\/ex-conselheiro-especial-do-pm-sao-tomense-detido-pela-interpol\/"},"modified":"2026-03-11T10:09:54","modified_gmt":"2026-03-11T13:09:54","slug":"ex-conselheiro-especial-do-pm-sao-tomense-detido-pela-interpol","status":"publish","type":"post","link":"https:\/\/portaltela.pt\/policia\/2026\/03\/11\/ex-conselheiro-especial-do-pm-sao-tomense-detido-pela-interpol\/","title":{"rendered":"Ex-conselheiro especial do PM s\u00e3o-tomense detido pela Interpol"},"content":{"rendered":"<p>A Pol\u00edcia Judici\u00e1ria de S\u00e3o Tom\u00e9 e Pr\u00edncipe deteve um cidad\u00e3o chileno procurado pela Interpol, que exerceu fun\u00e7\u00f5es de conselheiro especial do primeiro-ministro at\u00e9 ao m\u00eas passado. A deten\u00e7\u00e3o ocorreu na ter\u00e7a-feira, tendo o suspeito sido entregue ao Minist\u00e9rio P\u00fablico na quarta-feira, conforme fonte judici\u00e1ria.<\/p>\n<p>Ignacio Purcell Mena, 54 anos, tamb\u00e9m ter\u00e1 sido nomeado conselheiro da ex-presidente da Assembleia Nacional, Celmira Sacramento, em agosto do ano passado. O seu pedido de emiss\u00e3o de passaporte diplom\u00e1tico foi recusado pelo Minist\u00e9rio dos Neg\u00f3cios Estrangeiros, o que ter\u00e1 levado \u00e0 sua exonera\u00e7\u00e3o de fun\u00e7\u00f5es.<\/p>\n<h3>Ind\u00edcios e contexto internacional<\/h3>\n<p>A Procuradoria-Geral indica que o detido est\u00e1 indiciado por crimes que incluem organiza\u00e7\u00e3o criminosa, burla, crime contra a fazenda p\u00fablica, branqueamento de capitais e falsifica\u00e7\u00e3o de documento comercial. A deten\u00e7\u00e3o surge na sequ\u00eancia de um mandado internacional emitido pela Espanha e divulgado pela Interpol.<\/p>\n<h3>Repercuss\u00f5es e casos anteriores<\/h3>\n<p>Segundo fontes parlamentares, Abnildo D\u2019Oliveira, atual presidente da Assembleia Nacional, apresentou o suspeito \u00e0s autoridades. O respons\u00e1vel n\u00e3o confirmou nem desmentiu o melhor momento para se pronunciar. Este \u00e9 o segundo caso de deten\u00e7\u00e3o de estrangeiros que exerciam fun\u00e7\u00f5es de conselheiros de \u00d3rg\u00e3os de Soberania s\u00e3o-tomenses, ap\u00f3s um sueco detido a 22 de fevereiro a pedido da Interpol. Em abril de 2022, um conselheiro alem\u00e3o foi exonerado por alegadas liga\u00e7\u00f5es a casos de tr\u00e1fico de influ\u00eancia.<\/p>\n","protected":false},"excerpt":{"rendered":"<ul>\n<li>Detido em S\u00e3o Tom\u00e9 e Pr\u00edncipe um cidad\u00e3o chileno, Ignacio Purcell Mena, de 54 anos, procurado pela Interpol e que foi conselheiro especial do primeiro-ministro s\u00e3o-tomense at\u00e9 ao m\u00eas passado.<\/li>\n<li>A deten\u00e7\u00e3o ocorreu na ter\u00e7a-feira e o homem foi entregue ao Minist\u00e9rio P\u00fablico na quarta-feira.<\/li>\n<li>Purcell Mena havia sido nomeado conselheiro da ex-presidenta da Assembleia Nacional, Celmira Sacramento, em agosto do ano passado, mas foi exonerado ap\u00f3s o Minist\u00e9rio dos Neg\u00f3cios Estrangeiros recusar emitir-lhe passaporte diplom\u00e1tico.<\/li>\n<li>A Pol\u00edcia Judici\u00e1ria indica que ele est\u00e1 indiciado por v\u00e1rios crimes previstos na lei s\u00e3o-tomense, incluindo organiza\u00e7\u00e3o criminosa, burla, crime contra a fazenda p\u00fablica, branqueamento de capitais e falsifica\u00e7\u00e3o de documento comercial, na sequ\u00eancia de mandado de deten\u00e7\u00e3o internacional\/not\u00edcia vermelha da Interpol.<\/li>\n<li>Este \u00e9 o segundo caso de deten\u00e7\u00e3o de estrangeiros que exerciam fun\u00e7\u00f5es de conselheiros de \u00f3rg\u00e3os de soberania s\u00e3o-tomenses; em fevereiro, um cidad\u00e3o sueco tamb\u00e9m foi detido a pedido da Interpol.<\/li>\n<\/ul>\n","protected":false},"author":2,"featured_media":405942,"comment_status":"closed","ping_status":"closed","sticky":false,"template":"","format":"standard","meta":{"footnotes":""},"categories":[1,6781],"tags":[147,3081,260,2711,217,352],"class_list":["post-405937","post","type-post","status-publish","format-standard","has-post-thumbnail","hentry","category-noticias","category-policia","tag-crime","tag-crimes-internacionais","tag-falsificacao-de-documentos","tag-interpol","tag-investigacao-criminal","tag-organizacao-criminosa"],"yoast_head":"<!-- This site is optimized with the Yoast SEO plugin v27.2 - https:\/\/yoast.com\/product\/yoast-seo-wordpress\/ -->\n<title>Ex-conselheiro especial do PM s\u00e3o-tomense detido pela Interpol - Portal Tela Portugal<\/title>\n<meta name=\"robots\" content=\"index, follow, max-snippet:-1, max-image-preview:large, max-video-preview:-1\" \/>\n<meta property=\"og:locale\" content=\"pt_PT\" \/>\n<meta property=\"og:type\" content=\"article\" \/>\n<meta property=\"og:title\" content=\"Ex-conselheiro especial do PM s\u00e3o-tomense detido pela Interpol - Portal Tela Portugal\" \/>\n<meta property=\"og:description\" content=\"Detido em S\u00e3o Tom\u00e9 e Pr\u00edncipe um cidad\u00e3o chileno, Ignacio Purcell Mena, de 54 anos, procurado pela Interpol e que foi conselheiro especial do primeiro-ministro s\u00e3o-tomense at\u00e9 ao m\u00eas passado. A deten\u00e7\u00e3o ocorreu na ter\u00e7a-feira e o homem foi entregue ao Minist\u00e9rio P\u00fablico na quarta-feira. Purcell Mena havia sido nomeado conselheiro da ex-presidenta da Assembleia Nacional, Celmira Sacramento, em agosto do ano passado, mas foi exonerado ap\u00f3s o Minist\u00e9rio dos Neg\u00f3cios Estrangeiros recusar emitir-lhe passaporte diplom\u00e1tico. A Pol\u00edcia Judici\u00e1ria indica que ele est\u00e1 indiciado por v\u00e1rios crimes previstos na lei s\u00e3o-tomense, incluindo organiza\u00e7\u00e3o criminosa, burla, crime contra a fazenda p\u00fablica, branqueamento de capitais e falsifica\u00e7\u00e3o de documento comercial, na sequ\u00eancia de mandado de deten\u00e7\u00e3o internacional\/not\u00edcia vermelha da Interpol. Este \u00e9 o segundo caso de deten\u00e7\u00e3o de estrangeiros que exerciam fun\u00e7\u00f5es de conselheiros de \u00f3rg\u00e3os de soberania s\u00e3o-tomenses; em fevereiro, um cidad\u00e3o sueco tamb\u00e9m foi detido a pedido da Interpol.\" \/>\n<meta property=\"og:url\" content=\"https:\/\/portaltela.pt\/noticias\/2026\/03\/11\/ex-conselheiro-especial-do-pm-sao-tomense-detido-pela-interpol\/\" \/>\n<meta property=\"og:site_name\" content=\"Portal Tela Portugal\" \/>\n<meta property=\"article:published_time\" content=\"2026-03-11T13:09:54+00:00\" \/>\n<meta name=\"author\" content=\"Telinha\" \/>\n<meta name=\"twitter:card\" content=\"summary_large_image\" \/>\n<meta name=\"twitter:label1\" content=\"Escrito por\" \/>\n\t<meta name=\"twitter:data1\" content=\"Telinha\" \/>\n\t<meta name=\"twitter:label2\" content=\"Tempo estimado de leitura\" \/>\n\t<meta name=\"twitter:data2\" content=\"1 minuto\" \/>\n<script type=\"application\/ld+json\" class=\"yoast-schema-graph\">{\"@context\":\"https:\/\/schema.org\",\"@graph\":[{\"@type\":\"Article\",\"@id\":\"https:\/\/portaltela.pt\/noticias\/2026\/03\/11\/ex-conselheiro-especial-do-pm-sao-tomense-detido-pela-interpol\/#article\",\"isPartOf\":{\"@id\":\"https:\/\/portaltela.pt\/noticias\/2026\/03\/11\/ex-conselheiro-especial-do-pm-sao-tomense-detido-pela-interpol\/\"},\"author\":{\"name\":\"Telinha\",\"@id\":\"https:\/\/portaltela.pt\/#\/schema\/person\/c4278d4a6028830caff9ee44b42d32ed\"},\"headline\":\"Ex-conselheiro especial do PM s\u00e3o-tomense detido pela Interpol\",\"datePublished\":\"2026-03-11T13:09:54+00:00\",\"mainEntityOfPage\":{\"@id\":\"https:\/\/portaltela.pt\/noticias\/2026\/03\/11\/ex-conselheiro-especial-do-pm-sao-tomense-detido-pela-interpol\/\"},\"wordCount\":261,\"image\":{\"@id\":\"https:\/\/portaltela.pt\/noticias\/2026\/03\/11\/ex-conselheiro-especial-do-pm-sao-tomense-detido-pela-interpol\/#primaryimage\"},\"thumbnailUrl\":\"https:\/\/portaltela.pt\/s.01k8rhncp4jt1\/2026\/03\/img_1500x1000uu2024-11-06-11-00-43-2175738.jpg\",\"keywords\":[\"crime\",\"crimes internacionais\",\"falsifica\u00e7\u00e3o de documentos\",\"Interpol\",\"investiga\u00e7\u00e3o criminal\",\"organiza\u00e7\u00e3o criminosa\"],\"articleSection\":[\"Not\u00edcias\",\"Pol\u00edcia\"],\"inLanguage\":\"pt-PT\"},{\"@type\":\"WebPage\",\"@id\":\"https:\/\/portaltela.pt\/noticias\/2026\/03\/11\/ex-conselheiro-especial-do-pm-sao-tomense-detido-pela-interpol\/\",\"url\":\"https:\/\/portaltela.pt\/noticias\/2026\/03\/11\/ex-conselheiro-especial-do-pm-sao-tomense-detido-pela-interpol\/\",\"name\":\"Ex-conselheiro especial do PM s\u00e3o-tomense detido pela Interpol - Portal Tela Portugal\",\"isPartOf\":{\"@id\":\"https:\/\/portaltela.pt\/#website\"},\"primaryImageOfPage\":{\"@id\":\"https:\/\/portaltela.pt\/noticias\/2026\/03\/11\/ex-conselheiro-especial-do-pm-sao-tomense-detido-pela-interpol\/#primaryimage\"},\"image\":{\"@id\":\"https:\/\/portaltela.pt\/noticias\/2026\/03\/11\/ex-conselheiro-especial-do-pm-sao-tomense-detido-pela-interpol\/#primaryimage\"},\"thumbnailUrl\":\"https:\/\/portaltela.pt\/s.01k8rhncp4jt1\/2026\/03\/img_1500x1000uu2024-11-06-11-00-43-2175738.jpg\",\"datePublished\":\"2026-03-11T13:09:54+00:00\",\"author\":{\"@id\":\"https:\/\/portaltela.pt\/#\/schema\/person\/c4278d4a6028830caff9ee44b42d32ed\"},\"breadcrumb\":{\"@id\":\"https:\/\/portaltela.pt\/noticias\/2026\/03\/11\/ex-conselheiro-especial-do-pm-sao-tomense-detido-pela-interpol\/#breadcrumb\"},\"inLanguage\":\"pt-PT\",\"potentialAction\":[{\"@type\":\"ReadAction\",\"target\":[\"https:\/\/portaltela.pt\/noticias\/2026\/03\/11\/ex-conselheiro-especial-do-pm-sao-tomense-detido-pela-interpol\/\"]}]},{\"@type\":\"ImageObject\",\"inLanguage\":\"pt-PT\",\"@id\":\"https:\/\/portaltela.pt\/noticias\/2026\/03\/11\/ex-conselheiro-especial-do-pm-sao-tomense-detido-pela-interpol\/#primaryimage\",\"url\":\"https:\/\/portaltela.pt\/s.01k8rhncp4jt1\/2026\/03\/img_1500x1000uu2024-11-06-11-00-43-2175738.jpg\",\"contentUrl\":\"https:\/\/portaltela.pt\/s.01k8rhncp4jt1\/2026\/03\/img_1500x1000uu2024-11-06-11-00-43-2175738.jpg\",\"width\":796,\"height\":448,\"caption\":\"Detido ex-conselheiro especial do PM s\u00e3o-tomense procurado pela Interpol\"},{\"@type\":\"BreadcrumbList\",\"@id\":\"https:\/\/portaltela.pt\/noticias\/2026\/03\/11\/ex-conselheiro-especial-do-pm-sao-tomense-detido-pela-interpol\/#breadcrumb\",\"itemListElement\":[{\"@type\":\"ListItem\",\"position\":1,\"name\":\"In\u00edcio\",\"item\":\"https:\/\/portaltela.pt\/\"},{\"@type\":\"ListItem\",\"position\":2,\"name\":\"Ex-conselheiro especial do PM s\u00e3o-tomense detido pela Interpol\"}]},{\"@type\":\"WebSite\",\"@id\":\"https:\/\/portaltela.pt\/#website\",\"url\":\"https:\/\/portaltela.pt\/\",\"name\":\"Portal Tela Portugal\",\"description\":\"\",\"potentialAction\":[{\"@type\":\"SearchAction\",\"target\":{\"@type\":\"EntryPoint\",\"urlTemplate\":\"https:\/\/portaltela.pt\/?s={search_term_string}\"},\"query-input\":{\"@type\":\"PropertyValueSpecification\",\"valueRequired\":true,\"valueName\":\"search_term_string\"}}],\"inLanguage\":\"pt-PT\"},{\"@type\":\"Person\",\"@id\":\"https:\/\/portaltela.pt\/#\/schema\/person\/c4278d4a6028830caff9ee44b42d32ed\",\"name\":\"Telinha\",\"image\":{\"@type\":\"ImageObject\",\"inLanguage\":\"pt-PT\",\"@id\":\"https:\/\/portaltela.pt\/s.01k8rhncp4jt1\/2025\/11\/talking-bot-125x125.png\",\"url\":\"https:\/\/portaltela.pt\/s.01k8rhncp4jt1\/2025\/11\/talking-bot-125x125.png\",\"contentUrl\":\"https:\/\/portaltela.pt\/s.01k8rhncp4jt1\/2025\/11\/talking-bot-125x125.png\",\"caption\":\"Telinha\"},\"sameAs\":[\"https:\/\/portaltela.pt\/\"],\"url\":\"https:\/\/portaltela.pt\/por\/367410592786\/\"}]}<\/script>\n<!-- \/ Yoast SEO plugin. -->","yoast_head_json":{"title":"Ex-conselheiro especial do PM s\u00e3o-tomense detido pela Interpol - Portal Tela Portugal","robots":{"index":"index","follow":"follow","max-snippet":"max-snippet:-1","max-image-preview":"max-image-preview:large","max-video-preview":"max-video-preview:-1"},"og_locale":"pt_PT","og_type":"article","og_title":"Ex-conselheiro especial do PM s\u00e3o-tomense detido pela Interpol - Portal Tela Portugal","og_description":"Detido em S\u00e3o Tom\u00e9 e Pr\u00edncipe um cidad\u00e3o chileno, Ignacio Purcell Mena, de 54 anos, procurado pela Interpol e que foi conselheiro especial do primeiro-ministro s\u00e3o-tomense at\u00e9 ao m\u00eas passado. A deten\u00e7\u00e3o ocorreu na ter\u00e7a-feira e o homem foi entregue ao Minist\u00e9rio P\u00fablico na quarta-feira. Purcell Mena havia sido nomeado conselheiro da ex-presidenta da Assembleia Nacional, Celmira Sacramento, em agosto do ano passado, mas foi exonerado ap\u00f3s o Minist\u00e9rio dos Neg\u00f3cios Estrangeiros recusar emitir-lhe passaporte diplom\u00e1tico. A Pol\u00edcia Judici\u00e1ria indica que ele est\u00e1 indiciado por v\u00e1rios crimes previstos na lei s\u00e3o-tomense, incluindo organiza\u00e7\u00e3o criminosa, burla, crime contra a fazenda p\u00fablica, branqueamento de capitais e falsifica\u00e7\u00e3o de documento comercial, na sequ\u00eancia de mandado de deten\u00e7\u00e3o internacional\/not\u00edcia vermelha da Interpol. Este \u00e9 o segundo caso de deten\u00e7\u00e3o de estrangeiros que exerciam fun\u00e7\u00f5es de conselheiros de \u00f3rg\u00e3os de soberania s\u00e3o-tomenses; em fevereiro, um cidad\u00e3o sueco tamb\u00e9m foi detido a pedido da Interpol.","og_url":"https:\/\/portaltela.pt\/noticias\/2026\/03\/11\/ex-conselheiro-especial-do-pm-sao-tomense-detido-pela-interpol\/","og_site_name":"Portal Tela Portugal","article_published_time":"2026-03-11T13:09:54+00:00","author":"Telinha","twitter_card":"summary_large_image","twitter_misc":{"Escrito por":"Telinha","Tempo estimado de leitura":"1 minuto"},"schema":{"@context":"https:\/\/schema.org","@graph":[{"@type":"Article","@id":"https:\/\/portaltela.pt\/noticias\/2026\/03\/11\/ex-conselheiro-especial-do-pm-sao-tomense-detido-pela-interpol\/#article","isPartOf":{"@id":"https:\/\/portaltela.pt\/noticias\/2026\/03\/11\/ex-conselheiro-especial-do-pm-sao-tomense-detido-pela-interpol\/"},"author":{"name":"Telinha","@id":"https:\/\/portaltela.pt\/#\/schema\/person\/c4278d4a6028830caff9ee44b42d32ed"},"headline":"Ex-conselheiro especial do PM s\u00e3o-tomense detido pela Interpol","datePublished":"2026-03-11T13:09:54+00:00","mainEntityOfPage":{"@id":"https:\/\/portaltela.pt\/noticias\/2026\/03\/11\/ex-conselheiro-especial-do-pm-sao-tomense-detido-pela-interpol\/"},"wordCount":261,"image":{"@id":"https:\/\/portaltela.pt\/noticias\/2026\/03\/11\/ex-conselheiro-especial-do-pm-sao-tomense-detido-pela-interpol\/#primaryimage"},"thumbnailUrl":"https:\/\/portaltela.pt\/s.01k8rhncp4jt1\/2026\/03\/img_1500x1000uu2024-11-06-11-00-43-2175738.jpg","keywords":["crime","crimes internacionais","falsifica\u00e7\u00e3o de documentos","Interpol","investiga\u00e7\u00e3o criminal","organiza\u00e7\u00e3o criminosa"],"articleSection":["Not\u00edcias","Pol\u00edcia"],"inLanguage":"pt-PT"},{"@type":"WebPage","@id":"https:\/\/portaltela.pt\/noticias\/2026\/03\/11\/ex-conselheiro-especial-do-pm-sao-tomense-detido-pela-interpol\/","url":"https:\/\/portaltela.pt\/noticias\/2026\/03\/11\/ex-conselheiro-especial-do-pm-sao-tomense-detido-pela-interpol\/","name":"Ex-conselheiro especial do PM s\u00e3o-tomense detido pela Interpol - Portal Tela Portugal","isPartOf":{"@id":"https:\/\/portaltela.pt\/#website"},"primaryImageOfPage":{"@id":"https:\/\/portaltela.pt\/noticias\/2026\/03\/11\/ex-conselheiro-especial-do-pm-sao-tomense-detido-pela-interpol\/#primaryimage"},"image":{"@id":"https:\/\/portaltela.pt\/noticias\/2026\/03\/11\/ex-conselheiro-especial-do-pm-sao-tomense-detido-pela-interpol\/#primaryimage"},"thumbnailUrl":"https:\/\/portaltela.pt\/s.01k8rhncp4jt1\/2026\/03\/img_1500x1000uu2024-11-06-11-00-43-2175738.jpg","datePublished":"2026-03-11T13:09:54+00:00","author":{"@id":"https:\/\/portaltela.pt\/#\/schema\/person\/c4278d4a6028830caff9ee44b42d32ed"},"breadcrumb":{"@id":"https:\/\/portaltela.pt\/noticias\/2026\/03\/11\/ex-conselheiro-especial-do-pm-sao-tomense-detido-pela-interpol\/#breadcrumb"},"inLanguage":"pt-PT","potentialAction":[{"@type":"ReadAction","target":["https:\/\/portaltela.pt\/noticias\/2026\/03\/11\/ex-conselheiro-especial-do-pm-sao-tomense-detido-pela-interpol\/"]}]},{"@type":"ImageObject","inLanguage":"pt-PT","@id":"https:\/\/portaltela.pt\/noticias\/2026\/03\/11\/ex-conselheiro-especial-do-pm-sao-tomense-detido-pela-interpol\/#primaryimage","url":"https:\/\/portaltela.pt\/s.01k8rhncp4jt1\/2026\/03\/img_1500x1000uu2024-11-06-11-00-43-2175738.jpg","contentUrl":"https:\/\/portaltela.pt\/s.01k8rhncp4jt1\/2026\/03\/img_1500x1000uu2024-11-06-11-00-43-2175738.jpg","width":796,"height":448,"caption":"Detido ex-conselheiro especial do PM s\u00e3o-tomense procurado pela Interpol"},{"@type":"BreadcrumbList","@id":"https:\/\/portaltela.pt\/noticias\/2026\/03\/11\/ex-conselheiro-especial-do-pm-sao-tomense-detido-pela-interpol\/#breadcrumb","itemListElement":[{"@type":"ListItem","position":1,"name":"In\u00edcio","item":"https:\/\/portaltela.pt\/"},{"@type":"ListItem","position":2,"name":"Ex-conselheiro especial do PM s\u00e3o-tomense detido pela Interpol"}]},{"@type":"WebSite","@id":"https:\/\/portaltela.pt\/#website","url":"https:\/\/portaltela.pt\/","name":"Portal Tela Portugal","description":"","potentialAction":[{"@type":"SearchAction","target":{"@type":"EntryPoint","urlTemplate":"https:\/\/portaltela.pt\/?s={search_term_string}"},"query-input":{"@type":"PropertyValueSpecification","valueRequired":true,"valueName":"search_term_string"}}],"inLanguage":"pt-PT"},{"@type":"Person","@id":"https:\/\/portaltela.pt\/#\/schema\/person\/c4278d4a6028830caff9ee44b42d32ed","name":"Telinha","image":{"@type":"ImageObject","inLanguage":"pt-PT","@id":"https:\/\/portaltela.pt\/s.01k8rhncp4jt1\/2025\/11\/talking-bot-125x125.png","url":"https:\/\/portaltela.pt\/s.01k8rhncp4jt1\/2025\/11\/talking-bot-125x125.png","contentUrl":"https:\/\/portaltela.pt\/s.01k8rhncp4jt1\/2025\/11\/talking-bot-125x125.png","caption":"Telinha"},"sameAs":["https:\/\/portaltela.pt\/"],"url":"https:\/\/portaltela.pt\/por\/367410592786\/"}]}},"_links":{"self":[{"href":"https:\/\/portaltela.pt\/api\/wp\/v2\/posts\/405937","targetHints":{"allow":["GET"]}}],"collection":[{"href":"https:\/\/portaltela.pt\/api\/wp\/v2\/posts"}],"about":[{"href":"https:\/\/portaltela.pt\/api\/wp\/v2\/types\/post"}],"author":[{"embeddable":true,"href":"https:\/\/portaltela.pt\/api\/wp\/v2\/users\/2"}],"replies":[{"embeddable":true,"href":"https:\/\/portaltela.pt\/api\/wp\/v2\/comments?post=405937"}],"version-history":[{"count":0,"href":"https:\/\/portaltela.pt\/api\/wp\/v2\/posts\/405937\/revisions"}],"wp:featuredmedia":[{"embeddable":true,"href":"https:\/\/portaltela.pt\/api\/wp\/v2\/media\/405942"}],"wp:attachment":[{"href":"https:\/\/portaltela.pt\/api\/wp\/v2\/media?parent=405937"}],"wp:term":[{"taxonomy":"category","embeddable":true,"href":"https:\/\/portaltela.pt\/api\/wp\/v2\/categories?post=405937"},{"taxonomy":"post_tag","embeddable":true,"href":"https:\/\/portaltela.pt\/api\/wp\/v2\/tags?post=405937"}],"curies":[{"name":"wp","href":"https:\/\/api.w.org\/{rel}","templated":true}]}}